{"id":64018,"date":"2025-03-21T15:11:36","date_gmt":"2025-03-21T21:11:36","guid":{"rendered":"https:\/\/mexicocodigorojo.com.mx\/?p=64018"},"modified":"2025-03-21T15:11:36","modified_gmt":"2025-03-21T21:11:36","slug":"chiapas-avanza-hacia-la-paz-con-reduccion-drastica-de-delitos","status":"publish","type":"post","link":"https:\/\/mexicocodigorojo.com.mx\/?p=64018","title":{"rendered":"Chiapas Avanza hacia la Paz con Reducci\u00f3n Dr\u00e1stica de Delitos"},"content":{"rendered":"<p data-start=\"269\" data-end=\"678\"><strong>Chiapas.-<\/strong> En los \u00faltimos a\u00f1os, Chiapas ha enfrentado retos significativos relacionados con la violencia y la inseguridad, atribuidos a la disputa territorial entre bandas criminales. Sin embargo, desde la toma de posesi\u00f3n del gobernador Eduardo Ram\u00edrez Aguilar y el secretario de Seguridad P\u00fablica \u00d3scar Aparicio Avenda\u00f1o en diciembre de 2024, se ha observado un cambio notable en la din\u00e1mica de seguridad en el estado.<\/p>\n<p data-start=\"680\" data-end=\"1040\"><strong data-start=\"680\" data-end=\"712\">Contexto de violencia previa<\/strong><br data-start=\"712\" data-end=\"715\" \/>Antes de esta administraci\u00f3n, Chiapas experimentaba un aumento en delitos de alto impacto como homicidios, extorsiones y robos carreteros. Organizaciones como InSight Crime reportaban incrementos en desplazamientos forzados y enfrentamientos entre c\u00e1rteles, lo que exacerbaba la sensaci\u00f3n de inseguridad entre los ciudadanos.<\/p>\n<p data-start=\"1042\" data-end=\"1501\"><strong data-start=\"1042\" data-end=\"1089\">Transformaci\u00f3n bajo la nueva administraci\u00f3n<\/strong><br data-start=\"1089\" data-end=\"1092\" \/>La llegada de Ram\u00edrez Aguilar al gobierno y la designaci\u00f3n de Aparicio Avenda\u00f1o como secretario de Seguridad P\u00fablica marcaron un punto de inflexi\u00f3n. En los primeros 100 d\u00edas, ambos funcionarios implementaron pol\u00edticas que han generado resultados alentadores. Durante su reciente informe, el gobernador proclam\u00f3 que Chiapas estaba en paz y destac\u00f3 que no permitir\u00eda que el estado fuera cooptado por criminales.<\/p>\n<p data-start=\"1042\" data-end=\"1501\"><img data-recalc-dims=\"1\" loading=\"lazy\" decoding=\"async\" data-attachment-id=\"64019\" data-permalink=\"https:\/\/mexicocodigorojo.com.mx\/?attachment_id=64019\" data-orig-file=\"https:\/\/i0.wp.com\/mexicocodigorojo.com.mx\/wp-content\/uploads\/2025\/03\/Captura-de-pantalla-2025-03-21-143349.jpg?fit=784%2C228&amp;ssl=1\" data-orig-size=\"784,228\" data-comments-opened=\"1\" data-image-meta=\"{&quot;aperture&quot;:&quot;0&quot;,&quot;credit&quot;:&quot;&quot;,&quot;camera&quot;:&quot;&quot;,&quot;caption&quot;:&quot;&quot;,&quot;created_timestamp&quot;:&quot;0&quot;,&quot;copyright&quot;:&quot;&quot;,&quot;focal_length&quot;:&quot;0&quot;,&quot;iso&quot;:&quot;0&quot;,&quot;shutter_speed&quot;:&quot;0&quot;,&quot;title&quot;:&quot;&quot;,&quot;orientation&quot;:&quot;0&quot;}\" data-image-title=\"Captura de pantalla 2025-03-21 143349\" data-image-description=\"\" data-image-caption=\"\" data-large-file=\"https:\/\/i0.wp.com\/mexicocodigorojo.com.mx\/wp-content\/uploads\/2025\/03\/Captura-de-pantalla-2025-03-21-143349.jpg?fit=696%2C202&amp;ssl=1\" class=\"alignnone wp-image-64019 size-full\" src=\"https:\/\/i0.wp.com\/mexicocodigorojo.com.mx\/wp-content\/uploads\/2025\/03\/Captura-de-pantalla-2025-03-21-143349.jpg?resize=696%2C202&#038;ssl=1\" alt=\"\" width=\"696\" height=\"202\" srcset=\"https:\/\/i0.wp.com\/mexicocodigorojo.com.mx\/wp-content\/uploads\/2025\/03\/Captura-de-pantalla-2025-03-21-143349.jpg?w=784&amp;ssl=1 784w, https:\/\/i0.wp.com\/mexicocodigorojo.com.mx\/wp-content\/uploads\/2025\/03\/Captura-de-pantalla-2025-03-21-143349.jpg?resize=300%2C87&amp;ssl=1 300w, https:\/\/i0.wp.com\/mexicocodigorojo.com.mx\/wp-content\/uploads\/2025\/03\/Captura-de-pantalla-2025-03-21-143349.jpg?resize=768%2C223&amp;ssl=1 768w, https:\/\/i0.wp.com\/mexicocodigorojo.com.mx\/wp-content\/uploads\/2025\/03\/Captura-de-pantalla-2025-03-21-143349.jpg?resize=150%2C44&amp;ssl=1 150w, https:\/\/i0.wp.com\/mexicocodigorojo.com.mx\/wp-content\/uploads\/2025\/03\/Captura-de-pantalla-2025-03-21-143349.jpg?resize=696%2C202&amp;ssl=1 696w\" sizes=\"auto, (max-width: 696px) 100vw, 696px\" \/><\/p>\n<p data-start=\"1503\" data-end=\"1917\"><strong data-start=\"1503\" data-end=\"1531\">Estrategias y resultados<\/strong><br data-start=\"1531\" data-end=\"1534\" \/>La \u00abFuerza de Reacci\u00f3n Inmediata Pakal\u00bb, una unidad especial desplegada en 14 municipios estrat\u00e9gicos, ha sido clave en estos logros. Seg\u00fan datos oficiales, los homicidios dolosos han disminuido un 65%, mientras que la extorsi\u00f3n y el cobro de piso han desaparecido. Los robos carreteros y asaltos en carreteras tambi\u00e9n se han reducido a cero gracias al programa \u00abCarreteras Seguras\u00bb.<\/p>\n<p data-start=\"1919\" data-end=\"2346\"><strong data-start=\"1919\" data-end=\"1978\">Innovaci\u00f3n tecnol\u00f3gica y cooperaci\u00f3n interinstitucional<\/strong><br data-start=\"1978\" data-end=\"1981\" \/>El uso de tecnolog\u00eda avanzada y la inteligencia han jugado un papel fundamental en este \u00e9xito. Aparicio Avenda\u00f1o destac\u00f3 la importancia de la coordinaci\u00f3n con el gobierno federal, las Fuerzas Armadas y la Guardia Nacional. La implementaci\u00f3n de 710 elementos de la Fuerza Reacci\u00f3n Met\u00e1lica en municipios clave ha permitido una respuesta r\u00e1pida y eficaz a incidentes.<\/p>\n<p data-start=\"2348\" data-end=\"2686\"><strong data-start=\"2348\" data-end=\"2378\">Percepci\u00f3n y retos futuros<\/strong><br data-start=\"2378\" data-end=\"2381\" \/>Aunque las estad\u00edsticas indican una mejora significativa, la percepci\u00f3n de seguridad entre la poblaci\u00f3n a\u00fan requiere tiempo para alinearse con la realidad. El gobernador Ram\u00edrez ha reiterado su compromiso de apoyo a los presidentes municipales y la aplicaci\u00f3n firme de la ley para continuar este progreso.<\/p>\n<p data-start=\"2348\" data-end=\"2686\">Los primeros 100 d\u00edas de la administraci\u00f3n de Ram\u00edrez Aguilar y \u00d3scar Aparicio han inaugurado una era de esperanza para los habitantes de Chiapas. La notable reducci\u00f3n de delitos y la adopci\u00f3n de estrategias innovadoras han creado un ambiente m\u00e1s seguro. Sin embargo, el camino hacia una paz total sigue siendo un desaf\u00edo que requerir\u00e1 esfuerzos continuos y la colaboraci\u00f3n activa de toda la sociedad. Chiapas est\u00e1 en camino de transformarse en un estado donde la paz y la seguridad no son solo aspiraciones, sino realidades tangibles.<\/p>\n<p data-start=\"2348\" data-end=\"2686\"><img data-recalc-dims=\"1\" loading=\"lazy\" decoding=\"async\" data-attachment-id=\"64020\" data-permalink=\"https:\/\/mexicocodigorojo.com.mx\/?attachment_id=64020\" data-orig-file=\"https:\/\/i0.wp.com\/mexicocodigorojo.com.mx\/wp-content\/uploads\/2025\/03\/WhatsApp-Image-2025-01-31-at-7.51.47-PM-1-768x512-1.jpeg?fit=768%2C512&amp;ssl=1\" data-orig-size=\"768,512\" data-comments-opened=\"1\" data-image-meta=\"{&quot;aperture&quot;:&quot;0&quot;,&quot;credit&quot;:&quot;&quot;,&quot;camera&quot;:&quot;&quot;,&quot;caption&quot;:&quot;&quot;,&quot;created_timestamp&quot;:&quot;0&quot;,&quot;copyright&quot;:&quot;&quot;,&quot;focal_length&quot;:&quot;0&quot;,&quot;iso&quot;:&quot;0&quot;,&quot;shutter_speed&quot;:&quot;0&quot;,&quot;title&quot;:&quot;&quot;,&quot;orientation&quot;:&quot;0&quot;}\" data-image-title=\"WhatsApp-Image-2025-01-31-at-7.51.47-PM-1-768&amp;#215;512\" data-image-description=\"\" data-image-caption=\"\" data-large-file=\"https:\/\/i0.wp.com\/mexicocodigorojo.com.mx\/wp-content\/uploads\/2025\/03\/WhatsApp-Image-2025-01-31-at-7.51.47-PM-1-768x512-1.jpeg?fit=696%2C464&amp;ssl=1\" class=\"alignnone wp-image-64020 size-full\" src=\"https:\/\/i0.wp.com\/mexicocodigorojo.com.mx\/wp-content\/uploads\/2025\/03\/WhatsApp-Image-2025-01-31-at-7.51.47-PM-1-768x512-1.jpeg?resize=696%2C464&#038;ssl=1\" alt=\"\" width=\"696\" height=\"464\" srcset=\"https:\/\/i0.wp.com\/mexicocodigorojo.com.mx\/wp-content\/uploads\/2025\/03\/WhatsApp-Image-2025-01-31-at-7.51.47-PM-1-768x512-1.jpeg?w=768&amp;ssl=1 768w, https:\/\/i0.wp.com\/mexicocodigorojo.com.mx\/wp-content\/uploads\/2025\/03\/WhatsApp-Image-2025-01-31-at-7.51.47-PM-1-768x512-1.jpeg?resize=300%2C200&amp;ssl=1 300w, https:\/\/i0.wp.com\/mexicocodigorojo.com.mx\/wp-content\/uploads\/2025\/03\/WhatsApp-Image-2025-01-31-at-7.51.47-PM-1-768x512-1.jpeg?resize=630%2C420&amp;ssl=1 630w, https:\/\/i0.wp.com\/mexicocodigorojo.com.mx\/wp-content\/uploads\/2025\/03\/WhatsApp-Image-2025-01-31-at-7.51.47-PM-1-768x512-1.jpeg?resize=150%2C100&amp;ssl=1 150w, https:\/\/i0.wp.com\/mexicocodigorojo.com.mx\/wp-content\/uploads\/2025\/03\/WhatsApp-Image-2025-01-31-at-7.51.47-PM-1-768x512-1.jpeg?resize=696%2C464&amp;ssl=1 696w\" sizes=\"auto, (max-width: 696px) 100vw, 696px\" \/><\/p>\n","protected":false},"excerpt":{"rendered":"<p>Chiapas.- En los \u00faltimos a\u00f1os, Chiapas ha enfrentado retos significativos relacionados con la violencia y la inseguridad, atribuidos a la disputa territorial entre bandas criminales. Sin embargo, desde la toma de posesi\u00f3n del gobernador Eduardo Ram\u00edrez Aguilar y el secretario de Seguridad P\u00fablica \u00d3scar Aparicio Avenda\u00f1o en diciembre de 2024, se ha observado un cambio [&hellip;]<\/p>\n","protected":false},"author":21,"featured_media":64020,"comment_status":"open","ping_status":"open","sticky":false,"template":"","format":"standard","meta":{"_uf_show_specific_survey":0,"_uf_disable_surveys":false,"advanced_seo_description":"","jetpack_seo_html_title":"","jetpack_seo_noindex":false,"jetpack_post_was_ever_published":false,"_jetpack_newsletter_access":"","_jetpack_dont_email_post_to_subs":false,"_jetpack_newsletter_tier_id":0,"_jetpack_memberships_contains_paywalled_content":false,"_jetpack_memberships_contains_paid_content":false,"footnotes":"","jetpack_publicize_message":"","jetpack_publicize_feature_enabled":true,"jetpack_social_post_already_shared":true,"jetpack_social_options":{"image_generator_settings":{"template":"highway","default_image_id":0,"font":"","enabled":false},"version":2}},"categories":[75,1724],"tags":[],"class_list":{"0":"post-64018","1":"post","2":"type-post","3":"status-publish","4":"format-standard","5":"has-post-thumbnail","7":"category-chiapas","8":"category-featured"},"jetpack_publicize_connections":[],"jetpack_featured_media_url":"https:\/\/i0.wp.com\/mexicocodigorojo.com.mx\/wp-content\/uploads\/2025\/03\/WhatsApp-Image-2025-01-31-at-7.51.47-PM-1-768x512-1.jpeg?fit=768%2C512&ssl=1","jetpack-related-posts":[{"id":64700,"url":"https:\/\/mexicocodigorojo.com.mx\/?p=64700","url_meta":{"origin":64018,"position":0},"title":"SSP y COPARMEX Costa de Chiapas fortalecen colaboraci\u00f3n en seguridad empresarial","author":"MexicoRojoCvmx","date":"septiembre 5, 2025","format":false,"excerpt":"Chiapas. \u2014 Con el prop\u00f3sito de consolidar la coordinaci\u00f3n entre autoridades y sector privado, el secretario de Seguridad del Pueblo, \u00d3scar Alberto Aparicio Avenda\u00f1o, encabez\u00f3 una reuni\u00f3n de trabajo con integrantes de la COPARMEX Costa de Chiapas, presidida por Martha Yamel Mois\u00e9s Ceja. El encuentro cont\u00f3 con la participaci\u00f3n del\u2026","rel":"","context":"En \u00abChiapas\u00bb","block_context":{"text":"Chiapas","link":"https:\/\/mexicocodigorojo.com.mx\/?cat=75"},"img":{"alt_text":"","src":"https:\/\/i0.wp.com\/mexicocodigorojo.com.mx\/wp-content\/uploads\/2025\/09\/Captura-de-pantalla-2025-09-05-084617.jpg?fit=775%2C534&ssl=1&resize=350%2C200","width":350,"height":200,"srcset":"https:\/\/i0.wp.com\/mexicocodigorojo.com.mx\/wp-content\/uploads\/2025\/09\/Captura-de-pantalla-2025-09-05-084617.jpg?fit=775%2C534&ssl=1&resize=350%2C200 1x, https:\/\/i0.wp.com\/mexicocodigorojo.com.mx\/wp-content\/uploads\/2025\/09\/Captura-de-pantalla-2025-09-05-084617.jpg?fit=775%2C534&ssl=1&resize=525%2C300 1.5x, https:\/\/i0.wp.com\/mexicocodigorojo.com.mx\/wp-content\/uploads\/2025\/09\/Captura-de-pantalla-2025-09-05-084617.jpg?fit=775%2C534&ssl=1&resize=700%2C400 2x"},"classes":[]},{"id":63769,"url":"https:\/\/mexicocodigorojo.com.mx\/?p=63769","url_meta":{"origin":64018,"position":1},"title":"Detenci\u00f3n de Alcaldes en Chiapas: Una Lucha Contra la Corrupci\u00f3n y el Crimen Organizado","author":"MexicoRojoCvmx","date":"enero 30, 2025","format":false,"excerpt":"San Crist\u00f3bal de las Casas.- En un esfuerzo por erradicar la corrupci\u00f3n y los v\u00ednculos con el crimen organizado, la Polic\u00eda Estatal de Chiapas detuvo a Rosember L\u00f3pez Roblero, alcalde del municipio de Bella Vista. La detenci\u00f3n fue anunciada por el gobernador Eduardo Ram\u00edrez Aguilar a trav\u00e9s de un mensaje\u2026","rel":"","context":"En \u00abChiapas\u00bb","block_context":{"text":"Chiapas","link":"https:\/\/mexicocodigorojo.com.mx\/?cat=75"},"img":{"alt_text":"","src":"https:\/\/i0.wp.com\/mexicocodigorojo.com.mx\/wp-content\/uploads\/2025\/01\/Captura-de-pantalla-2025-01-30-150340.png?fit=1085%2C658&ssl=1&resize=350%2C200","width":350,"height":200,"srcset":"https:\/\/i0.wp.com\/mexicocodigorojo.com.mx\/wp-content\/uploads\/2025\/01\/Captura-de-pantalla-2025-01-30-150340.png?fit=1085%2C658&ssl=1&resize=350%2C200 1x, https:\/\/i0.wp.com\/mexicocodigorojo.com.mx\/wp-content\/uploads\/2025\/01\/Captura-de-pantalla-2025-01-30-150340.png?fit=1085%2C658&ssl=1&resize=525%2C300 1.5x, https:\/\/i0.wp.com\/mexicocodigorojo.com.mx\/wp-content\/uploads\/2025\/01\/Captura-de-pantalla-2025-01-30-150340.png?fit=1085%2C658&ssl=1&resize=700%2C400 2x, https:\/\/i0.wp.com\/mexicocodigorojo.com.mx\/wp-content\/uploads\/2025\/01\/Captura-de-pantalla-2025-01-30-150340.png?fit=1085%2C658&ssl=1&resize=1050%2C600 3x"},"classes":[]},{"id":65141,"url":"https:\/\/mexicocodigorojo.com.mx\/?p=65141","url_meta":{"origin":64018,"position":2},"title":"Chiapas se consolida como el estado m\u00e1s seguro de M\u00e9xico: liga dos meses liderando reducci\u00f3n de delitos","author":"Staff","date":"marzo 26, 2026","format":false,"excerpt":"Tuxtla Guti\u00e9rrez, Chiapas; 23 de marzo de 2026.\u2013 Por segundo mes consecutivo, Chiapas se posiciona en el primer lugar nacional en la reducci\u00f3n de delitos de alto impacto, consolid\u00e1ndose como la entidad con la menor incidencia delictiva en todo el pa\u00eds. De acuerdo con el informe m\u00e1s reciente del Secretariado\u2026","rel":"","context":"En \u00abChiapas\u00bb","block_context":{"text":"Chiapas","link":"https:\/\/mexicocodigorojo.com.mx\/?cat=75"},"img":{"alt_text":"","src":"https:\/\/i0.wp.com\/mexicocodigorojo.com.mx\/wp-content\/uploads\/2026\/03\/83a64706-875e-43de-a5fd-62e9a1766a1f.jpg?fit=1200%2C800&ssl=1&resize=350%2C200","width":350,"height":200,"srcset":"https:\/\/i0.wp.com\/mexicocodigorojo.com.mx\/wp-content\/uploads\/2026\/03\/83a64706-875e-43de-a5fd-62e9a1766a1f.jpg?fit=1200%2C800&ssl=1&resize=350%2C200 1x, https:\/\/i0.wp.com\/mexicocodigorojo.com.mx\/wp-content\/uploads\/2026\/03\/83a64706-875e-43de-a5fd-62e9a1766a1f.jpg?fit=1200%2C800&ssl=1&resize=525%2C300 1.5x, https:\/\/i0.wp.com\/mexicocodigorojo.com.mx\/wp-content\/uploads\/2026\/03\/83a64706-875e-43de-a5fd-62e9a1766a1f.jpg?fit=1200%2C800&ssl=1&resize=700%2C400 2x, https:\/\/i0.wp.com\/mexicocodigorojo.com.mx\/wp-content\/uploads\/2026\/03\/83a64706-875e-43de-a5fd-62e9a1766a1f.jpg?fit=1200%2C800&ssl=1&resize=1050%2C600 3x"},"classes":[]},{"id":64029,"url":"https:\/\/mexicocodigorojo.com.mx\/?p=64029","url_meta":{"origin":64018,"position":3},"title":"Chiapas Brilla en Seguridad: Acreditaci\u00f3n Internacional CALEA","author":"MexicoRojoCvmx","date":"marzo 25, 2025","format":false,"excerpt":"Chiapas.- En un notable avance para la seguridad p\u00fablica en Chiapas, la Conferencia Internacional de la Agencia Acreditadora de la Polic\u00eda (CALEA) celebrada en Estados Unidos culmin\u00f3 con el reconocimiento de las agencias de seguridad del estado por su excelencia operativa y compromiso con los est\u00e1ndares internacionales de seguridad. La\u2026","rel":"","context":"En \u00abChiapas\u00bb","block_context":{"text":"Chiapas","link":"https:\/\/mexicocodigorojo.com.mx\/?cat=75"},"img":{"alt_text":"","src":"https:\/\/i0.wp.com\/mexicocodigorojo.com.mx\/wp-content\/uploads\/2025\/03\/486400159_1173273674173772_7912157770271487941_n.jpg?fit=1113%2C1200&ssl=1&resize=350%2C200","width":350,"height":200,"srcset":"https:\/\/i0.wp.com\/mexicocodigorojo.com.mx\/wp-content\/uploads\/2025\/03\/486400159_1173273674173772_7912157770271487941_n.jpg?fit=1113%2C1200&ssl=1&resize=350%2C200 1x, https:\/\/i0.wp.com\/mexicocodigorojo.com.mx\/wp-content\/uploads\/2025\/03\/486400159_1173273674173772_7912157770271487941_n.jpg?fit=1113%2C1200&ssl=1&resize=525%2C300 1.5x, https:\/\/i0.wp.com\/mexicocodigorojo.com.mx\/wp-content\/uploads\/2025\/03\/486400159_1173273674173772_7912157770271487941_n.jpg?fit=1113%2C1200&ssl=1&resize=700%2C400 2x, https:\/\/i0.wp.com\/mexicocodigorojo.com.mx\/wp-content\/uploads\/2025\/03\/486400159_1173273674173772_7912157770271487941_n.jpg?fit=1113%2C1200&ssl=1&resize=1050%2C600 3x"},"classes":[]},{"id":63909,"url":"https:\/\/mexicocodigorojo.com.mx\/?p=63909","url_meta":{"origin":64018,"position":4},"title":"Detienen a l\u00edder criminal \u2018La Cabra\u2019 en operativo conjunto Chiapas-Tabasco","author":"Staff","date":"febrero 28, 2025","format":false,"excerpt":"Tuxtla Guti\u00e9rrez.- En las \u00faltimas horas, elementos de seguridad lograron la detenci\u00f3n de\u00a0Cabrero \u201cN\u201d, alias \u201cLa Cabra\u201c, se\u00f1alado como el presunto principal generador de violencia en la regi\u00f3n de la\u00a0Selva Lacandona, as\u00ed lo inform\u00f3 la\u00a0Fiscal\u00eda General del Estado de Chiapas. La captura se realiz\u00f3 en la ciudad de\u00a0Villahermosa,\u00a0Tabasco, en un\u2026","rel":"","context":"En \u00abChiapas\u00bb","block_context":{"text":"Chiapas","link":"https:\/\/mexicocodigorojo.com.mx\/?cat=75"},"img":{"alt_text":"","src":"","width":0,"height":0},"classes":[]},{"id":22299,"url":"https:\/\/mexicocodigorojo.com.mx\/?p=22299","url_meta":{"origin":64018,"position":5},"title":"Con huellas de violencia sexual, localizan muerta a menor desaparecida en Chiapas","author":"Staff","date":"agosto 20, 2019","format":false,"excerpt":"TUXTLA GUTI\u00c9RREZ, Chis.- Entre matorrales, con huellas de haber sufrido violencia sexual, la ni\u00f1a de 12 a\u00f1os Patricia Feliciano Miranda, desaparecida desde el s\u00e1bado 17 en el municipio de Chil\u00f3n, fue hallada muerta este lunes. Los padres de la menor, Miguel Feliciano y Mar\u00eda Miranda, se\u00f1alaron que, tras denunciar la\u2026","rel":"","context":"En \u00abChiapas\u00bb","block_context":{"text":"Chiapas","link":"https:\/\/mexicocodigorojo.com.mx\/?cat=75"},"img":{"alt_text":"","src":"https:\/\/i0.wp.com\/mexicocodigorojo.com.mx\/wp-content\/uploads\/2019\/08\/WhatsApp-Image-2019-08-19-at-17.jpg?fit=702%2C493&ssl=1&resize=350%2C200","width":350,"height":200,"srcset":"https:\/\/i0.wp.com\/mexicocodigorojo.com.mx\/wp-content\/uploads\/2019\/08\/WhatsApp-Image-2019-08-19-at-17.jpg?fit=702%2C493&ssl=1&resize=350%2C200 1x, https:\/\/i0.wp.com\/mexicocodigorojo.com.mx\/wp-content\/uploads\/2019\/08\/WhatsApp-Image-2019-08-19-at-17.jpg?fit=702%2C493&ssl=1&resize=525%2C300 1.5x, https:\/\/i0.wp.com\/mexicocodigorojo.com.mx\/wp-content\/uploads\/2019\/08\/WhatsApp-Image-2019-08-19-at-17.jpg?fit=702%2C493&ssl=1&resize=700%2C400 2x"},"classes":[]}],"jetpack_sharing_enabled":true,"jetpack_likes_enabled":true,"jetpack_shortlink":"https:\/\/wp.me\/p9TedA-gEy","_links":{"self":[{"href":"https:\/\/mexicocodigorojo.com.mx\/index.php?rest_route=\/wp\/v2\/posts\/64018","targetHints":{"allow":["GET"]}}],"collection":[{"href":"https:\/\/mexicocodigorojo.com.mx\/index.php?rest_route=\/wp\/v2\/posts"}],"about":[{"href":"https:\/\/mexicocodigorojo.com.mx\/index.php?rest_route=\/wp\/v2\/types\/post"}],"author":[{"embeddable":true,"href":"https:\/\/mexicocodigorojo.com.mx\/index.php?rest_route=\/wp\/v2\/users\/21"}],"replies":[{"embeddable":true,"href":"https:\/\/mexicocodigorojo.com.mx\/index.php?rest_route=%2Fwp%2Fv2%2Fcomments&post=64018"}],"version-history":[{"count":1,"href":"https:\/\/mexicocodigorojo.com.mx\/index.php?rest_route=\/wp\/v2\/posts\/64018\/revisions"}],"predecessor-version":[{"id":64022,"href":"https:\/\/mexicocodigorojo.com.mx\/index.php?rest_route=\/wp\/v2\/posts\/64018\/revisions\/64022"}],"wp:featuredmedia":[{"embeddable":true,"href":"https:\/\/mexicocodigorojo.com.mx\/index.php?rest_route=\/wp\/v2\/media\/64020"}],"wp:attachment":[{"href":"https:\/\/mexicocodigorojo.com.mx\/index.php?rest_route=%2Fwp%2Fv2%2Fmedia&parent=64018"}],"wp:term":[{"taxonomy":"category","embeddable":true,"href":"https:\/\/mexicocodigorojo.com.mx\/index.php?rest_route=%2Fwp%2Fv2%2Fcategories&post=64018"},{"taxonomy":"post_tag","embeddable":true,"href":"https:\/\/mexicocodigorojo.com.mx\/index.php?rest_route=%2Fwp%2Fv2%2Ftags&post=64018"}],"curies":[{"name":"wp","href":"https:\/\/api.w.org\/{rel}","templated":true}]}}