{"id":64011,"date":"2025-03-14T20:21:21","date_gmt":"2025-03-15T02:21:21","guid":{"rendered":"https:\/\/mexicocodigorojo.com.mx\/?p=64011"},"modified":"2025-03-14T20:21:21","modified_gmt":"2025-03-15T02:21:21","slug":"detienen-a-seis-secuestradores-en-reynosa","status":"publish","type":"post","link":"https:\/\/mexicocodigorojo.com.mx\/?p=64011","title":{"rendered":"Detienen a seis secuestradores en Reynosa"},"content":{"rendered":"\n<p>Reynosa, Tamaulipas \u2013 La Fiscal\u00eda General de Justicia de Tamaulipas (FGJT) inform\u00f3 el d\u00eda de hoy, 14 de marzo de 2025, que, como resultado de los trabajos de investigaci\u00f3n realizados por elementos de la Polic\u00eda Investigadora de la Unidad Especializada en Combate al Secuestro, se logr\u00f3 la detenci\u00f3n de seis personas presuntamente relacionadas con un caso de secuestro agravado ocurrido el pasado 4 de marzo en la colonia Las Fuentes.<\/p>\n\n\n\n<p>Los detenidos fueron identificados como Billy Antonio \u201cA\u201d y\/o Luis Enrique \u201cG\u201d, Jos\u00e9 Armando \u201cG\u201d, Jos\u00e9 Camilo \u201cM\u201d, Ricardo \u201cM\u201d, Emanuel \u201cC\u201d y Jos\u00e9 Alberto \u201cC\u201d. Tras su aprehensi\u00f3n, los imputados fueron presentados ante un Juez de Control, quien dict\u00f3 la vinculaci\u00f3n a proceso por el delito de Secuestro Agravado.<\/p>\n\n\n\n<p>La Fiscal\u00eda present\u00f3 elementos de prueba que implican a los detenidos en el crimen, lo que permiti\u00f3 que la autoridad judicial dictara seis meses de investigaci\u00f3n complementaria, adem\u00e1s de imponer la medida cautelar de prisi\u00f3n preventiva para los acusados.<\/p>\n\n\n\n<p>Este operativo forma parte de los esfuerzos continuos de la Fiscal\u00eda General de Justicia de Tamaulipas para combatir el delito de secuestro en la regi\u00f3n y garantizar la seguridad de los ciudadanos. Con estas acciones, la instituci\u00f3n reitera su compromiso de utilizar todos los medios legales a su alcance para llevar ante la justicia a quienes atenten contra el bienestar y la integridad de los tamaulipecos.<\/p>\n\n\n\n<p>La investigaci\u00f3n sigue en curso y las autoridades han asegurado que continuar\u00e1n trabajando para esclarecer otros posibles casos relacionados con estos individuos.<\/p>\n","protected":false},"excerpt":{"rendered":"<p>Reynosa, Tamaulipas \u2013 La Fiscal\u00eda General de Justicia de Tamaulipas (FGJT) inform\u00f3 el d\u00eda de hoy, 14 de marzo de 2025, que, como resultado de los trabajos de investigaci\u00f3n realizados por elementos de la Polic\u00eda Investigadora de la Unidad Especializada en Combate al Secuestro, se logr\u00f3 la detenci\u00f3n de seis personas presuntamente relacionadas con un [&hellip;]<\/p>\n","protected":false},"author":5,"featured_media":64010,"comment_status":"open","ping_status":"open","sticky":false,"template":"","format":"standard","meta":{"_uf_show_specific_survey":0,"_uf_disable_surveys":false,"advanced_seo_description":"","jetpack_seo_html_title":"","jetpack_seo_noindex":false,"jetpack_post_was_ever_published":false,"_jetpack_newsletter_access":"","_jetpack_dont_email_post_to_subs":false,"_jetpack_newsletter_tier_id":0,"_jetpack_memberships_contains_paywalled_content":false,"_jetpack_memberships_contains_paid_content":false,"footnotes":"","jetpack_publicize_message":"","jetpack_publicize_feature_enabled":true,"jetpack_social_post_already_shared":true,"jetpack_social_options":{"image_generator_settings":{"template":"highway","default_image_id":0,"font":"","enabled":false},"version":2}},"categories":[1724,2],"tags":[58,30],"class_list":{"0":"post-64011","1":"post","2":"type-post","3":"status-publish","4":"format-standard","5":"has-post-thumbnail","7":"category-featured","8":"category-tamaulipas","9":"tag-frontera","10":"tag-secuestro"},"jetpack_publicize_connections":[],"jetpack_featured_media_url":"https:\/\/i0.wp.com\/mexicocodigorojo.com.mx\/wp-content\/uploads\/2025\/03\/767b5ee1-2f2d-46cd-b930-9cac3084ecf1-1.jpg?fit=2000%2C2000&ssl=1","jetpack-related-posts":[{"id":50253,"url":"https:\/\/mexicocodigorojo.com.mx\/?p=50253","url_meta":{"origin":64011,"position":0},"title":"Detenidos por secuestro y veh\u00edculo robado en Reynosa","author":"Staff","date":"julio 15, 2021","format":false,"excerpt":"Reynosa, Tamaulipas.- El Representante Social, de la Fiscal\u00eda General de Justicia del Estado de Tamaulipas, obtuvo vinculaci\u00f3n a proceso en contra de C\u00e9sar P\u00e9rez \u201cR\u201d, Jorge de Jes\u00fas \u201cC\u201d y Mario \u201cG\u201d, por los delitos de Secuestro Agravado, Pandillerismo, Utilizaci\u00f3n de un veh\u00edculo robado para cometer un delito y Posesi\u00f3n\u2026","rel":"","context":"En \u00abFeatured\u00bb","block_context":{"text":"Featured","link":"https:\/\/mexicocodigorojo.com.mx\/?cat=1724"},"img":{"alt_text":"","src":"https:\/\/i0.wp.com\/mexicocodigorojo.com.mx\/wp-content\/uploads\/2021\/07\/IMG_20210715_220738.png?fit=1042%2C623&ssl=1&resize=350%2C200","width":350,"height":200,"srcset":"https:\/\/i0.wp.com\/mexicocodigorojo.com.mx\/wp-content\/uploads\/2021\/07\/IMG_20210715_220738.png?fit=1042%2C623&ssl=1&resize=350%2C200 1x, https:\/\/i0.wp.com\/mexicocodigorojo.com.mx\/wp-content\/uploads\/2021\/07\/IMG_20210715_220738.png?fit=1042%2C623&ssl=1&resize=525%2C300 1.5x, https:\/\/i0.wp.com\/mexicocodigorojo.com.mx\/wp-content\/uploads\/2021\/07\/IMG_20210715_220738.png?fit=1042%2C623&ssl=1&resize=700%2C400 2x"},"classes":[]},{"id":17163,"url":"https:\/\/mexicocodigorojo.com.mx\/?p=17163","url_meta":{"origin":64011,"position":1},"title":"DETIENEN A JOS\u00c9 LUIS, NESTOR DANIEL Y FRANCISCO ARTURO POR SECUESTRO EN REYNOSA","author":"Staff","date":"mayo 10, 2019","format":false,"excerpt":"Mayo 09 de 2019 PGJE-128-2019 Ciudad Victoria, Tamaulipas.- La Procuradur\u00eda General de Justicia de Tamaulipas informa que fueron vinculado a proceso Jos\u00e9 Luis \"N\", \"N\u00e9stor Daniel \"N\" y Francisco Arturo \"N\" por el delito de secuestro agravado. Un Juez de Control vincul\u00f3 a proceso a los imputados, despu\u00e9s de que\u2026","rel":"","context":"En \u00abTamaulipas\u00bb","block_context":{"text":"Tamaulipas","link":"https:\/\/mexicocodigorojo.com.mx\/?cat=2"},"img":{"alt_text":"","src":"","width":0,"height":0},"classes":[]},{"id":11058,"url":"https:\/\/mexicocodigorojo.com.mx\/?p=11058","url_meta":{"origin":64011,"position":2},"title":"Vinculan a proceso a 4 sujetos que cometieron secuestro agravado en Reynosa","author":"Staff","date":"diciembre 21, 2018","format":false,"excerpt":"Reynosa, Tamaulipas.- La Procuradur\u00eda General de Justicia de Tamaulipas informa que fueron vinculados a proceso tres menores de edad por los delitos de secuestro agravado, atentados a la seguridad de la comunidad y portaci\u00f3n de arma de uso exclusivo del Ej\u00e9rcito, Armada y Fuerza \u00c1rea. Un Juez de Control Vincul\u00f3\u2026","rel":"","context":"En \u00abTamaulipas\u00bb","block_context":{"text":"Tamaulipas","link":"https:\/\/mexicocodigorojo.com.mx\/?cat=2"},"img":{"alt_text":"","src":"https:\/\/i0.wp.com\/mexicocodigorojo.com.mx\/wp-content\/uploads\/2018\/12\/2debc7073beb495a8823f2904ae41209_1-focus-033809449433243949405339658036876044401.jpg?resize=350%2C200&ssl=1","width":350,"height":200,"srcset":"https:\/\/i0.wp.com\/mexicocodigorojo.com.mx\/wp-content\/uploads\/2018\/12\/2debc7073beb495a8823f2904ae41209_1-focus-033809449433243949405339658036876044401.jpg?resize=350%2C200&ssl=1 1x, https:\/\/i0.wp.com\/mexicocodigorojo.com.mx\/wp-content\/uploads\/2018\/12\/2debc7073beb495a8823f2904ae41209_1-focus-033809449433243949405339658036876044401.jpg?resize=525%2C300&ssl=1 1.5x"},"classes":[]},{"id":11106,"url":"https:\/\/mexicocodigorojo.com.mx\/?p=11106","url_meta":{"origin":64011,"position":3},"title":"Vinculan a sujeto que cometi\u00f3 secuestro agravado en Reynosa","author":"Staff","date":"diciembre 23, 2018","format":false,"excerpt":"Reynosa, Tamaulipas.- La Procuradur\u00eda General de Justicia de Tamaulipas informa que fue vinculado a proceso Jes\u00fas \u201cN\u201d por el delito de secuestro agravado. El agente del Ministerio P\u00fablico especializado en el combate al secuestro present\u00f3 ante la autoridad judicial elementos suficientes que muestran la probable responsabilidad del imputado en el\u2026","rel":"","context":"En \u00abTamaulipas\u00bb","block_context":{"text":"Tamaulipas","link":"https:\/\/mexicocodigorojo.com.mx\/?cat=2"},"img":{"alt_text":"","src":"https:\/\/i0.wp.com\/mexicocodigorojo.com.mx\/wp-content\/uploads\/2018\/12\/img-20181221-wa00648161937896027763171.jpg?resize=350%2C200&ssl=1","width":350,"height":200},"classes":[]},{"id":18228,"url":"https:\/\/mexicocodigorojo.com.mx\/?p=18228","url_meta":{"origin":64011,"position":4},"title":"VINCULAN A JACINTA Y JES\u00daS POR EL DELITO DE SECUESTRO AGRAVADO EN REYNOSA","author":"Staff","date":"junio 12, 2019","format":false,"excerpt":"Junio 11 de 2019 PGJE-172-2019 Reynosa, Tamaulipas.- La Procuradur\u00eda General de Justicia de Tamaulipas informa que fueron vinculados a procesos Jacinta Arlette \u201cN\u201d y Jes\u00fas Antonio por el delito de secuestro agravado. Un Juez de Control decret\u00f3 la vinculaci\u00f3n a proceso, despu\u00e9s de que el agente del Ministerio P\u00fablico presentara\u2026","rel":"","context":"En \u00abTamaulipas\u00bb","block_context":{"text":"Tamaulipas","link":"https:\/\/mexicocodigorojo.com.mx\/?cat=2"},"img":{"alt_text":"","src":"","width":0,"height":0},"classes":[]},{"id":35406,"url":"https:\/\/mexicocodigorojo.com.mx\/?p=35406","url_meta":{"origin":64011,"position":5},"title":"Detenidos por secuestro y robo de veh\u00edculo en Nuevo Laredo","author":"Staff","date":"marzo 24, 2020","format":false,"excerpt":"Nuevo Laredo, Tamaulipas. - La Fiscal\u00eda General de Justicia del Estado de Tamaulipas informa que fueron vinculados a proceso Saraid \u201cV\u201d y Juan de dios \u201cT\u201d, alias \u201cEl Copetes\u201d, por los delitos de secuestro agravado y robo de veh\u00edculo con violencia. Un Juez de Control decret\u00f3 la medida ante los\u2026","rel":"","context":"En \u00abTamaulipas\u00bb","block_context":{"text":"Tamaulipas","link":"https:\/\/mexicocodigorojo.com.mx\/?cat=2"},"img":{"alt_text":"","src":"https:\/\/i0.wp.com\/secureservercdn.net\/166.62.108.22\/cg1.af3.myftpupload.com\/wp-content\/uploads\/2020\/03\/3367a395-506c-4e57-ab73-e3d675d35a63.jpg?resize=350%2C200&ssl=1","width":350,"height":200},"classes":[]}],"jetpack_sharing_enabled":true,"jetpack_likes_enabled":true,"jetpack_shortlink":"https:\/\/wp.me\/p9TedA-gEr","_links":{"self":[{"href":"https:\/\/mexicocodigorojo.com.mx\/index.php?rest_route=\/wp\/v2\/posts\/64011","targetHints":{"allow":["GET"]}}],"collection":[{"href":"https:\/\/mexicocodigorojo.com.mx\/index.php?rest_route=\/wp\/v2\/posts"}],"about":[{"href":"https:\/\/mexicocodigorojo.com.mx\/index.php?rest_route=\/wp\/v2\/types\/post"}],"author":[{"embeddable":true,"href":"https:\/\/mexicocodigorojo.com.mx\/index.php?rest_route=\/wp\/v2\/users\/5"}],"replies":[{"embeddable":true,"href":"https:\/\/mexicocodigorojo.com.mx\/index.php?rest_route=%2Fwp%2Fv2%2Fcomments&post=64011"}],"version-history":[{"count":0,"href":"https:\/\/mexicocodigorojo.com.mx\/index.php?rest_route=\/wp\/v2\/posts\/64011\/revisions"}],"wp:featuredmedia":[{"embeddable":true,"href":"https:\/\/mexicocodigorojo.com.mx\/index.php?rest_route=\/wp\/v2\/media\/64010"}],"wp:attachment":[{"href":"https:\/\/mexicocodigorojo.com.mx\/index.php?rest_route=%2Fwp%2Fv2%2Fmedia&parent=64011"}],"wp:term":[{"taxonomy":"category","embeddable":true,"href":"https:\/\/mexicocodigorojo.com.mx\/index.php?rest_route=%2Fwp%2Fv2%2Fcategories&post=64011"},{"taxonomy":"post_tag","embeddable":true,"href":"https:\/\/mexicocodigorojo.com.mx\/index.php?rest_route=%2Fwp%2Fv2%2Ftags&post=64011"}],"curies":[{"name":"wp","href":"https:\/\/api.w.org\/{rel}","templated":true}]}}