{"id":63939,"date":"2025-03-04T13:32:50","date_gmt":"2025-03-04T19:32:50","guid":{"rendered":"https:\/\/mexicocodigorojo.com.mx\/?p=63939"},"modified":"2025-03-04T13:32:50","modified_gmt":"2025-03-04T19:32:50","slug":"investigan-en-oaxaca-y-puebla-si-cuerpos-son-de-7-jovenes-de-tlaxcala-desaparecidos","status":"publish","type":"post","link":"https:\/\/mexicocodigorojo.com.mx\/?p=63939","title":{"rendered":"Investigan en Oaxaca y Puebla si cuerpos son de 7 j\u00f3venes de Tlaxcala desaparecidos"},"content":{"rendered":"<p class=\"sc__font-paragraph\">Siete j\u00f3venes, hombres y mujeres originarios de\u00a0<b>Tlaxcala<\/b>, desaparecieron la semana pasada. La \u00faltima vez que se les vio fue en la costa de\u00a0<b>Oaxaca<\/b>. Ayer las\u00a0<b>autoridades de ambas entidades<\/b>, junto a las de\u00a0<b>Puebla<\/b>, investigaban si sus identidades corresponden a varios\u00a0<b>cuerpos localizados<\/b><b>\u00a0<\/b>en este \u00faltimo estado, mientras las familias empezaban a publicar esquelas en<b>\u00a0redes sociales<\/b>.<\/p>\n<p class=\"sc__font-paragraph\">Brenda Mariel, Lesly Noya, Angie Lizeth, Jacqueline Ailet, Noem\u00ed Yamileth, Ra\u00fal Emmanuel, Rub\u00e9n Antonio y Rolando Armando, todos originarios de Apizaco, Tzompantepec y Yauhquemehcan, Tlaxcala, fueron vistos por \u00faltima vez en\u00a0<b>Huatulco\u00a0<\/b>y\u00a0<b>Zipolite<\/b>. Hasta ayer, s\u00f3lo Brenda se hab\u00eda encontrado con vida.<\/p>\n<h2 class=\"sc__header\">La desaparici\u00f3n<\/h2>\n<p class=\"sc__font-paragraph\">El fin de semana familiares de las v\u00edctimas difundieron en redes sociales mensajes para localizarlos y algunas\u00a0<b>fichas de b\u00fasqueda<\/b>.<\/p>\n<p class=\"sc__font-paragraph\">\u201cAy\u00fadenme a compartir, es mi hija\u201d, public\u00f3 el padre de Lesly Noya. Relat\u00f3 que lo \u00faltimo que supo de ella fue que estaba \u201cen San Pedro Pochutla, plaza Zipolite, Oaxaca\u201d, y aproximadamente a las 11:00 horas del 28 de febrero\u00a0<b>perdi\u00f3 comunicaci\u00f3n con ella<\/b>.<\/p>\n<p class=\"sc__font-paragraph\">Andrea C\u00e1zares Garc\u00eda, madre de Jacqueline Ailet Meza C\u00e1zares, denunci\u00f3 en redes sociales que su hija, de 23 a\u00f1os, desapareci\u00f3 cuando cenaba en un restaurante de Zipolite; afirm\u00f3 que la joven fue \u201c<b>levantada<\/b>\u201d por personas desconocidas.<\/p>\n<p class=\"sc__font-paragraph\">\u201cLes pido de su ayuda desapareci\u00f3 la noche de ayer en una playa llamada Zipolite la levantaron y hasta el momento no sabemos nada. Usa anteojos, lleva un vestido, shorts azul marino con flores, fue levantada en un local de comida cerca de la misma playa, la esperan dos peque\u00f1os de 5 y 3 a\u00f1os de edad y solo pido me ayuden a compartir\u201d, pidi\u00f3 la madre.<\/p>\n<h2 class=\"sc__header\">Los muertos<\/h2>\n<p class=\"sc__font-paragraph\">La noche del domingo se inform\u00f3 de la localizaci\u00f3n de un n\u00famero indeterminado de cuerpos, con signos de\u00a0<b>violencia extrema<\/b>, en un veh\u00edculo compacto con placas de circulaci\u00f3n de Tlaxcala, abandonado a la orilla de la<b>\u00a0supercarretera Cuacnopalan-Oaxaca<\/b>, a la altura del municipio de San Jos\u00e9 Miahuatl\u00e1n, en el estado de Puebla.<\/p>\n<p class=\"sc__font-paragraph\">Los reportes policiales se\u00f1alan que algunas de las v\u00edctimas fueron abandonadas en el interior del auto y otras alrededor del mismo.<\/p>\n<p class=\"sc__font-paragraph\">Extraoficialmente se inform\u00f3 que los cuerpos son de cinco hombres y cuatro mujeres. En el lugar hab\u00eda identificaciones con los nombres de Lesly Noya y Angie Lizeth. Al sitio<b>\u00a0acudieron elementos\u00a0<\/b>del Ej\u00e9rcito Mexicano, Guardia Nacional, Polic\u00eda Estatal y la Fiscal\u00eda de Oaxaca.<\/p>\n<p class=\"sc__font-paragraph\">El gobierno de Tlaxcala, tras conocer del hallazgo del veh\u00edculo con los cuerpos, solicit\u00f3 a la<b>\u00a0fiscal\u00eda estatal\u00a0<\/b>que activara los mecanismos de colaboraci\u00f3n con sus similares de Puebla y Oaxaca para hacer las<b>\u00a0investigaciones correspondientes<\/b>\u00a0relacionadas con la desaparici\u00f3n de los j\u00f3venes.<\/p>\n<p class=\"sc__font-paragraph\">Por su parte, las fiscal\u00edas de Oaxaca y Puebla informaron que iniciaron investigaciones para determinar lo sucedido con los j\u00f3venes, as\u00ed como para identificar a los cad\u00e1veres hallados y saber si\u00a0<b>corresponden a las personas reportadas como desaparecidas<\/b>.<\/p>\n<p class=\"sc__font-paragraph\">La Fiscal\u00eda de Oaxaca precis\u00f3 que fueron recibidas s\u00f3lo cuatro denuncias por desaparici\u00f3n y que se logr\u00f3 localizar con vida a Brenda Mariel en\u00a0<b>Tehuac\u00e1n<\/b>, Puebla.<\/p>\n<p class=\"sc__font-paragraph\">Las personas desaparecidas que reconoce la\u00a0<b>Fiscal\u00eda General de Oaxaca<\/b>\u00a0son Ra\u00fal Emmanuel Gonz\u00e1lez Lozano, de 28 a\u00f1os de edad; Angie Lizeth P\u00e9rez Garc\u00eda, de 29 a\u00f1os; Noem\u00ed Yamileth L\u00f3pez Moratilla, de 28 a\u00f1os, y Brenda Mariel Salas Moya, de 19 a\u00f1os, quien fue localizada con vida en Tehuac\u00e1n, Puebla.<\/p>\n<p class=\"sc__font-paragraph\">Sin embargo, la familia de Jacqueline Ailet Meza C\u00e1zares tambi\u00e9n difundi\u00f3 ficha de b\u00fasqueda. Lesly Noya Trejo, de 21 a\u00f1os, tiene ficha de b\u00fasqueda emitida por el gobierno de Tlaxcala.<\/p>\n<p class=\"sc__font-paragraph\">En tanto, el secretario de Gobierno de Oaxaca, Jes\u00fas Romero, dijo que no se puede confirmar si los j\u00f3venes desaparecidos fueron \u201csustra\u00eddos\u201d en la zona de Huatulco.<\/p>\n<p class=\"sc__font-paragraph\">Agreg\u00f3 que tampoco\u00a0<b>hay certeza<\/b>\u00a0de que los cuerpos encontrados en Puebla sean de los j\u00f3venes.<\/p>\n<h2 class=\"sc__header\">El luto<\/h2>\n<p class=\"sc__font-paragraph\">La ma\u00f1ana del lunes, la titular de la Comisi\u00f3n Estatal de B\u00fasqueda de Personas Desaparecidas de Oaxaca, Michel Juli\u00e1n L\u00f3pez, inform\u00f3 que Jacqueline Ailet Meza C\u00e1zares fue localizada en Puebla, pero no precis\u00f3 si fue hallada con vida; sin embargo, la hermana de la v\u00edctima dio a conocer en Facebook que fue encontrada muerta.<\/p>\n<p class=\"sc__font-paragraph\">Posteriormente, su madre inform\u00f3 en redes sociales sobre el fallecimiento de la joven: \u201cMi ni\u00f1a hermosa, nos har\u00e1s mucha falta a tus hijos y a m\u00ed. No merec\u00edas morir as\u00ed. Mi ni\u00f1a hermosa, ella ten\u00eda que enterrarme a m\u00ed. Los pap\u00e1s no debemos enterrar a nuestros hijos\u201d.<\/p>\n<p class=\"sc__font-paragraph\">Hasta anoche,\u00a0<b>ninguna autoridad hab\u00eda confirmado los decesos<\/b>.<\/p>\n","protected":false},"excerpt":{"rendered":"<p>Siete j\u00f3venes, hombres y mujeres originarios de\u00a0Tlaxcala, desaparecieron la semana pasada. La \u00faltima vez que se les vio fue en la costa de\u00a0Oaxaca. Ayer las\u00a0autoridades de ambas entidades, junto a las de\u00a0Puebla, investigaban si sus identidades corresponden a varios\u00a0cuerpos localizados\u00a0en este \u00faltimo estado, mientras las familias empezaban a publicar esquelas en\u00a0redes sociales. Brenda Mariel, Lesly [&hellip;]<\/p>\n","protected":false},"author":5,"featured_media":63940,"comment_status":"open","ping_status":"open","sticky":false,"template":"","format":"standard","meta":{"_uf_show_specific_survey":0,"_uf_disable_surveys":false,"advanced_seo_description":"","jetpack_seo_html_title":"","jetpack_seo_noindex":false,"jetpack_post_was_ever_published":false,"_jetpack_newsletter_access":"","_jetpack_dont_email_post_to_subs":false,"_jetpack_newsletter_tier_id":0,"_jetpack_memberships_contains_paywalled_content":false,"_jetpack_memberships_contains_paid_content":false,"footnotes":"","jetpack_publicize_message":"","jetpack_publicize_feature_enabled":true,"jetpack_social_post_already_shared":true,"jetpack_social_options":{"image_generator_settings":{"template":"highway","default_image_id":0,"font":"","enabled":false},"version":2}},"categories":[1724,36],"tags":[858,1329],"class_list":{"0":"post-63939","1":"post","2":"type-post","3":"status-publish","4":"format-standard","5":"has-post-thumbnail","7":"category-featured","8":"category-oaxaca","9":"tag-homicidio","10":"tag-masacre"},"jetpack_publicize_connections":[],"jetpack_featured_media_url":"https:\/\/mexicocodigorojo.com.mx\/wp-content\/uploads\/2025\/03\/4RD6SJBMCBGSXBF3AQKPIQUSQU.avif","jetpack-related-posts":[{"id":5881,"url":"https:\/\/mexicocodigorojo.com.mx\/?p=5881","url_meta":{"origin":63939,"position":0},"title":"Desgarradoras palabras de la madre de joven asesinado por sus &#8216;amigos&#8217; en Puebla","author":"Staff","date":"octubre 11, 2018","format":false,"excerpt":"Lorena Canalizo, la madre de Jos\u00e9 Andr\u00e9s Larra\u00f1aga dedic\u00f3 una carta a trav\u00e9s de Facebook donde agradeci\u00f3 a la ciudadan\u00eda de Tuxtepec, Oaxaca, y de Puebla el apoyo para la localizaci\u00f3n del joven asesinado. A una semana de que se viera con vida por \u00faltima vez al joven asesinado por\u2026","rel":"","context":"En \u00abPuebla\u00bb","block_context":{"text":"Puebla","link":"https:\/\/mexicocodigorojo.com.mx\/?cat=46"},"img":{"alt_text":"","src":"https:\/\/i0.wp.com\/mexicocodigorojo.com.mx\/wp-content\/uploads\/2018\/10\/desgarradora_carta-2.jpg_1835716012-2.jpg?resize=350%2C200&ssl=1","width":350,"height":200},"classes":[]},{"id":44915,"url":"https:\/\/mexicocodigorojo.com.mx\/?p=44915","url_meta":{"origin":63939,"position":1},"title":"Rescatan 74 mujeres v\u00edctimas de explotaci\u00f3n sexual en Puebla","author":"Staff","date":"noviembre 5, 2020","format":false,"excerpt":"La Fiscal\u00eda General de Puebla comunic\u00f3 que elementos de la corporaci\u00f3n rescataron a 74 mujeres v\u00edctimas de explotaci\u00f3n sexual en tres puntos donde se presum\u00eda operaban narcomenudistas en la capital poblana y como consecuencia hay cinco detenidos. En un inmueble de la avenida 14 Poniente entre 3 y 5 sur,\u2026","rel":"","context":"En \u00abFeatured\u00bb","block_context":{"text":"Featured","link":"https:\/\/mexicocodigorojo.com.mx\/?cat=1724"},"img":{"alt_text":"","src":"https:\/\/i0.wp.com\/mexicocodigorojo.com.mx\/wp-content\/uploads\/2020\/11\/a01903890e6880f0a422c94a0b60be22.jpg?fit=900%2C507&ssl=1&resize=350%2C200","width":350,"height":200,"srcset":"https:\/\/i0.wp.com\/mexicocodigorojo.com.mx\/wp-content\/uploads\/2020\/11\/a01903890e6880f0a422c94a0b60be22.jpg?fit=900%2C507&ssl=1&resize=350%2C200 1x, https:\/\/i0.wp.com\/mexicocodigorojo.com.mx\/wp-content\/uploads\/2020\/11\/a01903890e6880f0a422c94a0b60be22.jpg?fit=900%2C507&ssl=1&resize=525%2C300 1.5x, https:\/\/i0.wp.com\/mexicocodigorojo.com.mx\/wp-content\/uploads\/2020\/11\/a01903890e6880f0a422c94a0b60be22.jpg?fit=900%2C507&ssl=1&resize=700%2C400 2x"},"classes":[]},{"id":55331,"url":"https:\/\/mexicocodigorojo.com.mx\/?p=55331","url_meta":{"origin":63939,"position":2},"title":"\u00a1Arde Colima en inseguridad! Gobernadora de MORENA no puede","author":"MexicoRojoCvmx","date":"enero 17, 2023","format":false,"excerpt":"La violencia en el pa\u00eds sigue incrementando, y durante los primeros d\u00edas de este 2023 el homicidio doloso se incrementa, as\u00ed como los registros s\u00e9 su incremento durante 2022 en siete entidades federativas gobernadas por MORENA en comparaci\u00f3n con 2021, aunque descendi\u00f3 7.1 por ciento a nivel nacional. De acuerdo\u2026","rel":"","context":"En \u00abFeatured\u00bb","block_context":{"text":"Featured","link":"https:\/\/mexicocodigorojo.com.mx\/?cat=1724"},"img":{"alt_text":"","src":"https:\/\/i0.wp.com\/mexicocodigorojo.com.mx\/wp-content\/uploads\/2023\/01\/TPMKOHO25RFB7GMQH3BYQ2KNOQ.jpeg?fit=800%2C447&ssl=1&resize=350%2C200","width":350,"height":200,"srcset":"https:\/\/i0.wp.com\/mexicocodigorojo.com.mx\/wp-content\/uploads\/2023\/01\/TPMKOHO25RFB7GMQH3BYQ2KNOQ.jpeg?fit=800%2C447&ssl=1&resize=350%2C200 1x, https:\/\/i0.wp.com\/mexicocodigorojo.com.mx\/wp-content\/uploads\/2023\/01\/TPMKOHO25RFB7GMQH3BYQ2KNOQ.jpeg?fit=800%2C447&ssl=1&resize=525%2C300 1.5x, https:\/\/i0.wp.com\/mexicocodigorojo.com.mx\/wp-content\/uploads\/2023\/01\/TPMKOHO25RFB7GMQH3BYQ2KNOQ.jpeg?fit=800%2C447&ssl=1&resize=700%2C400 2x"},"classes":[]},{"id":4063,"url":"https:\/\/mexicocodigorojo.com.mx\/?p=4063","url_meta":{"origin":63939,"position":3},"title":"ERA EL CUERPO DE PAOLO PRATO, ITALIANO DESAPARECIDO EN PUEBLA","author":"Staff","date":"septiembre 25, 2018","format":false,"excerpt":"cad\u00e1ver hallado la semana pasada en la zona lim\u00edtrofe de Puebla y Tlaxcala corresponde al del italiano Paolo Prato, joven reportado como desaparecido desde el pasado 19 de septiembre en la zona del mercado Uni\u00f3n. De acuerdo a los primeros reportes, los familiares del tambi\u00e9n mexicano de nacionalidad identificaron el\u2026","rel":"","context":"En \u00abPuebla\u00bb","block_context":{"text":"Puebla","link":"https:\/\/mexicocodigorojo.com.mx\/?cat=46"},"img":{"alt_text":"","src":"https:\/\/i0.wp.com\/mexicocodigorojo.com.mx\/wp-content\/uploads\/2018\/09\/IMG_20180924_235931_598.jpg?resize=350%2C200&ssl=1","width":350,"height":200},"classes":[]},{"id":19691,"url":"https:\/\/mexicocodigorojo.com.mx\/?p=19691","url_meta":{"origin":63939,"position":4},"title":"Golpe de la Guardia Nacional a red de trata en Tlaxcala","author":"Staff","date":"julio 6, 2019","format":false,"excerpt":"CIUDAD DE M\u00c9XICO.- A cinco d\u00edas de entrar en operaci\u00f3n, elementos de la Guardia Nacional asestaron su primer golpe en Tlaxcala, con la detenci\u00f3n de ocho personas vinculadas a una red internacional de trata de personas con fines de explotaci\u00f3n sexual y el rescate de siete migrantes de nacionalidad hondure\u00f1a.\u2026","rel":"","context":"En \u00abCiudad de M\u00e9xico\u00bb","block_context":{"text":"Ciudad de M\u00e9xico","link":"https:\/\/mexicocodigorojo.com.mx\/?cat=101"},"img":{"alt_text":"","src":"https:\/\/i0.wp.com\/mexicocodigorojo.com.mx\/wp-content\/uploads\/2019\/06\/Reten_GN-Chiapas3_Fotor-696x465.jpg?fit=696%2C465&ssl=1&resize=350%2C200","width":350,"height":200,"srcset":"https:\/\/i0.wp.com\/mexicocodigorojo.com.mx\/wp-content\/uploads\/2019\/06\/Reten_GN-Chiapas3_Fotor-696x465.jpg?fit=696%2C465&ssl=1&resize=350%2C200 1x, https:\/\/i0.wp.com\/mexicocodigorojo.com.mx\/wp-content\/uploads\/2019\/06\/Reten_GN-Chiapas3_Fotor-696x465.jpg?fit=696%2C465&ssl=1&resize=525%2C300 1.5x"},"classes":[]},{"id":21076,"url":"https:\/\/mexicocodigorojo.com.mx\/?p=21076","url_meta":{"origin":63939,"position":5},"title":"Oaxaca; Localizan cuatro ejecutados, buscaban moto que les hab\u00edan robado","author":"Staff","date":"agosto 2, 2019","format":false,"excerpt":"Cuatro hombres originarios del municipio coste\u00f1o de Tonal\u00e1, fueron hallados ejecutados en Tapanatepec, en el vecino estado de Oaxaca, entre ellos uno joven de 18 a\u00f1os y un adolescente de 14. La ma\u00f1ana de hoy viernes, en la carretera federal 200, en el istmo oaxaque\u00f1o, fue hallado el taxi Nissan\u2026","rel":"","context":"En \u00abOaxaca\u00bb","block_context":{"text":"Oaxaca","link":"https:\/\/mexicocodigorojo.com.mx\/?cat=36"},"img":{"alt_text":"","src":"https:\/\/i0.wp.com\/mexicocodigorojo.com.mx\/wp-content\/uploads\/2019\/08\/New-Project-5-2-1078x750.jpg?fit=1078%2C750&ssl=1&resize=350%2C200","width":350,"height":200,"srcset":"https:\/\/i0.wp.com\/mexicocodigorojo.com.mx\/wp-content\/uploads\/2019\/08\/New-Project-5-2-1078x750.jpg?fit=1078%2C750&ssl=1&resize=350%2C200 1x, https:\/\/i0.wp.com\/mexicocodigorojo.com.mx\/wp-content\/uploads\/2019\/08\/New-Project-5-2-1078x750.jpg?fit=1078%2C750&ssl=1&resize=525%2C300 1.5x, https:\/\/i0.wp.com\/mexicocodigorojo.com.mx\/wp-content\/uploads\/2019\/08\/New-Project-5-2-1078x750.jpg?fit=1078%2C750&ssl=1&resize=700%2C400 2x, https:\/\/i0.wp.com\/mexicocodigorojo.com.mx\/wp-content\/uploads\/2019\/08\/New-Project-5-2-1078x750.jpg?fit=1078%2C750&ssl=1&resize=1050%2C600 3x"},"classes":[]}],"jetpack_sharing_enabled":true,"jetpack_likes_enabled":true,"jetpack_shortlink":"https:\/\/wp.me\/p9TedA-gDh","_links":{"self":[{"href":"https:\/\/mexicocodigorojo.com.mx\/index.php?rest_route=\/wp\/v2\/posts\/63939","targetHints":{"allow":["GET"]}}],"collection":[{"href":"https:\/\/mexicocodigorojo.com.mx\/index.php?rest_route=\/wp\/v2\/posts"}],"about":[{"href":"https:\/\/mexicocodigorojo.com.mx\/index.php?rest_route=\/wp\/v2\/types\/post"}],"author":[{"embeddable":true,"href":"https:\/\/mexicocodigorojo.com.mx\/index.php?rest_route=\/wp\/v2\/users\/5"}],"replies":[{"embeddable":true,"href":"https:\/\/mexicocodigorojo.com.mx\/index.php?rest_route=%2Fwp%2Fv2%2Fcomments&post=63939"}],"version-history":[{"count":1,"href":"https:\/\/mexicocodigorojo.com.mx\/index.php?rest_route=\/wp\/v2\/posts\/63939\/revisions"}],"predecessor-version":[{"id":63941,"href":"https:\/\/mexicocodigorojo.com.mx\/index.php?rest_route=\/wp\/v2\/posts\/63939\/revisions\/63941"}],"wp:featuredmedia":[{"embeddable":true,"href":"https:\/\/mexicocodigorojo.com.mx\/index.php?rest_route=\/wp\/v2\/media\/63940"}],"wp:attachment":[{"href":"https:\/\/mexicocodigorojo.com.mx\/index.php?rest_route=%2Fwp%2Fv2%2Fmedia&parent=63939"}],"wp:term":[{"taxonomy":"category","embeddable":true,"href":"https:\/\/mexicocodigorojo.com.mx\/index.php?rest_route=%2Fwp%2Fv2%2Fcategories&post=63939"},{"taxonomy":"post_tag","embeddable":true,"href":"https:\/\/mexicocodigorojo.com.mx\/index.php?rest_route=%2Fwp%2Fv2%2Ftags&post=63939"}],"curies":[{"name":"wp","href":"https:\/\/api.w.org\/{rel}","templated":true}]}}