{"id":63936,"date":"2025-02-28T16:58:02","date_gmt":"2025-02-28T22:58:02","guid":{"rendered":"https:\/\/mexicocodigorojo.com.mx\/?p=63936"},"modified":"2025-03-03T17:03:22","modified_gmt":"2025-03-03T23:03:22","slug":"asi-fue-el-traslado-de-caro-quintero-y-28-narcotraficantes-a-eu-fotos","status":"publish","type":"post","link":"https:\/\/mexicocodigorojo.com.mx\/?p=63936","title":{"rendered":"As\u00ed fue el traslado de Caro Quintero y 28 narcotraficantes a EU (Fotos)"},"content":{"rendered":"<p>Las autoridades mexicanas traslad\u00f3\u00a0ayer a Estados Unidos a 29 miembros del narcotr\u00e1fico, quienes est\u00e1n\u00a0requeridos por sus v\u00ednculos con el crimen organizado, entre ellas el hist\u00f3rico capo Rafael Caro Quintero, que fue apresado hace casi tres a\u00f1os y quien es reclamado por el asesinato en 1985 del\u00a0agente de la DEA, Enrique \u00abKiki\u00bb Camarena.<\/p>\n<p>Durante una conferencia de prensa de este viernes dedicada al operativo llevado a cabo ayer, el Gabinete de Seguridad revel\u00f3 las fotograf\u00edas del momento en que fueron trasladados en un avi\u00f3n de la Fuerza A\u00e9rea Mexicana, el operativo estuvo a cargo de las fuerzas especiales.<\/p>\n<p>La Fiscal\u00eda General de M\u00e9xico y la Secretar\u00eda de Seguridad y Protecci\u00f3n Ciudadana anunciaron en un comunicado conjunto que los reclusos fueron trasladados en la ma\u00f1ana del jueves desde varios centros carcelarios al Aeropuerto Internacional Felipe \u00c1ngeles.<\/p>\n<p>El env\u00edo a Estados Unidos de Caro Quintero y los dos l\u00edderes de Los Zetas coincidi\u00f3 con la visita que realizaban el jueves a Washington el canciller Juan Ram\u00f3n de la Fuente y los secretarios de Econom\u00eda, Seguridad, Defensa y Marina, Marcelo Ebrard, Omar Garc\u00eda Harfuch, el general Ricardo Trevilla Trejo y el almirante Raymundo Morales, respectivamente, para avanzar en las discusiones con sus pares estadounidenses sobre posibles acuerdos en materia comercial y de seguridad.<\/p>\n<p>Con el traslado de los cabecillas de Los Zetas se pone fin a un largo proceso que se inici\u00f3 tras la captura en el 2013 de Miguel Trevi\u00f1o Morales y dos a\u00f1os despu\u00e9s de su hermano, Omar Trevi\u00f1o Morales. El tr\u00e1mite se hab\u00eda postergado por a\u00f1os, algo que el propio fiscal general de M\u00e9xico, Alejandro Gertz Manero, calific\u00f3 como \u201cverdaderamente vergonzoso\u201d.<\/p>\n<h3>Cadena perpetua<\/h3>\n<p>Estos es la lista de enviados a EU, los distritos en los que tienen cargos y para quienes se solicitar\u00eda cadena perpetua de acuerdo con la jurisdicci\u00f3n.<\/p>\n<ol>\n<li>Jos\u00e9 \u00c1ngel Canobbio-Inzunza (Distrito Norte de Illinois): Hasta cadena perpetua<\/li>\n<li>Norberto Valencia Gonz\u00e1lez (Distrito Norte de Illinois): Hasta cadena perpetua<\/li>\n<li>Evaristo Cruz S\u00e1nchez (Distrito Sur de Texas): Hasta cadena perpetua<\/li>\n<li>Garc\u00eda Villano, tambi\u00e9n conocido como \u201cLa Kena\u201d, \u201c19\u201d y \u201cCiclone 19\u201d (Distrito Sur de Texas): Hasta cadena perpetua<\/li>\n<li>Lucio Hern\u00e1ndez Lechuga (Distrito Este de Texas): Hasta cadena perpetua<\/li>\n<li>Ramiro P\u00e9rez Moreno (Distrito Este de Texas): Hasta cadena perpetua<\/li>\n<li>Miguel \u00c1ngel Rodr\u00edguez D\u00edaz, tambi\u00e9n conocido como \u00abMetro\u00bb (Distrito Este de Texas): Hasta cadena perpetua<\/li>\n<li>Jos\u00e9 Bibiano Cabrera Cabrera (Distrito de Arizona): Hasta cadena perpetua<\/li>\n<li>H\u00e9ctor Eduardo Infante (Distrito Central de California): Hasta cadena perpetua<\/li>\n<li>Jes\u00fas Humberto Lim\u00f3n L\u00f3pez (Distrito de Arizona): Hasta cadena perpetua<\/li>\n<li>Jos\u00e9 Guadalupe Tapia Quintero (Distrito de Arizona): Hasta cadena perpetua<\/li>\n<li>Inez Enrique Torres Acosta (Distrito Sur de California): Hasta cadena perpetua<\/li>\n<li>Jes\u00fas Galaviz Vega (Distrito Oeste de Texas): Hasta cadena perpetua<\/li>\n<li>Carlos Alberto Monsivais Trevi\u00f1o (Distrito Oeste de Texas): Hasta cadena perpetua<\/li>\n<li>Carlos Algredo V\u00e1zquez (Distrito de Columbia): Hasta cadena perpetua<\/li>\n<li>Rodolfo L\u00f3pez Ibarra (Distrito de Columbia): Hasta cadena perpetua<\/li>\n<li>Antonio Oseguera Cervantes (Distrito de Columbia): Hasta cadena perpetua<\/li>\n<li>Alfredo Rangel Buend\u00eda (Distrito de Columbia) Hasta cadena perpetua<\/li>\n<li>Miguel \u00c1ngel Trevi\u00f1o Morales, tambi\u00e9n conocido como \u00abZ-40\u00bb (Distrito de Columbia): Hasta cadena perpetua<\/li>\n<li>Omar Trevi\u00f1o Morales, tambi\u00e9n conocido como \u00abZ-42\u00bb (Distrito de Columbia): Hasta cadena perpetua<\/li>\n<li>Erick Valencia Salazar (Distrito de Columbia): Hasta cadena perpetua<\/li>\n<li>Jes\u00fas M\u00e9ndez Vargas (Distrito Sur de Nueva York): Hasta cadena perpetua<\/li>\n<li>Itiel Palacios Garc\u00eda (Distrito Sur de Nueva York): Hasta cadena perpetua<\/li>\n<\/ol>\n<h3>Pena de muerte<\/h3>\n<p>En estos casos se buscar\u00eda la pena capital, de acuerdo con el Departamento de Justicia:<\/p>\n<ul>\n<li>Alder Mart\u00edn Sotelo, tambi\u00e9n conocido como \u201cAlder Martin-Sotelo\u201d y \u201cAlder Alfonso Mar\u00edn (Distrito Medio de Carolina del Norte, Tribunal Estatal de Carolina del Norte): \u00a0Federal: M\u00e1ximo 10 a\u00f1os de prisi\u00f3n; estatal: M\u00e1ximo de cadena perpetua o muerte<\/li>\n<li>Jos\u00e9 Rodolfo Villarreal Hern\u00e1ndez \u00a0(Distrito Norte de Texas): Muerte o cadena perpetua<\/li>\n<li>Rafael Caro Quintero (Distrito Este de Nueva York): Muerte o cadena perpetua<\/li>\n<li>Vicente Carrillo Fuentes (Distrito Este de Nueva York Muerte o cadena perpetua<\/li>\n<li>Andrew Clark (Distrito Central de California): Muerte o cadena perpetua<\/li>\n<li>Luis Geraldo M\u00e9ndez Estevane (Distrito Oeste de Texas): Muerte o cadena perpetua.<\/li>\n<\/ul>\n<div><img data-recalc-dims=\"1\" decoding=\"async\" src=\"https:\/\/i0.wp.com\/www.proceso.com.mx\/u\/fotografias\/m\/2025\/2\/28\/f685x385-217921_255614_5050.jpeg?w=696&#038;ssl=1\" alt=\"As\u00ed fue el traslado de Rafael Caro Quintero y 28 narcotraficantes a EU (Fotogaler\u00eda)\" \/><\/div>\n<div><img data-recalc-dims=\"1\" decoding=\"async\" src=\"https:\/\/i0.wp.com\/www.proceso.com.mx\/u\/fotografias\/m\/2025\/2\/28\/f768x400-217949_261852_15.jpeg?w=696&#038;ssl=1\" \/><\/div>\n<div><img data-recalc-dims=\"1\" decoding=\"async\" src=\"https:\/\/i0.wp.com\/www.proceso.com.mx\/u\/fotografias\/m\/2025\/2\/28\/f768x400-217962_261865_5050.jpeg?w=696&#038;ssl=1\" \/><\/div>\n<div><img data-recalc-dims=\"1\" decoding=\"async\" src=\"https:\/\/i0.wp.com\/www.proceso.com.mx\/u\/fotografias\/m\/2025\/2\/28\/f768x400-217957_261860_5050.jpeg?w=696&#038;ssl=1\" \/><\/div>\n<div><img data-recalc-dims=\"1\" decoding=\"async\" src=\"https:\/\/i0.wp.com\/www.proceso.com.mx\/u\/fotografias\/m\/2025\/2\/28\/f768x400-217959_261862_5050.jpeg?w=696&#038;ssl=1\" \/><\/div>\n<div><img data-recalc-dims=\"1\" decoding=\"async\" src=\"https:\/\/i0.wp.com\/www.proceso.com.mx\/u\/fotografias\/m\/2025\/2\/28\/f768x400-217951_261854_5050.jpeg?w=696&#038;ssl=1\" \/><\/div>\n<div><img data-recalc-dims=\"1\" decoding=\"async\" src=\"https:\/\/i0.wp.com\/www.proceso.com.mx\/u\/fotografias\/m\/2025\/2\/28\/f768x400-217947_261850_5050.jpeg?w=696&#038;ssl=1\" \/><\/div>\n<div><img data-recalc-dims=\"1\" decoding=\"async\" src=\"https:\/\/i0.wp.com\/www.proceso.com.mx\/u\/fotografias\/m\/2025\/2\/28\/f768x400-217924_261827_5050.jpeg?w=696&#038;ssl=1\" \/><\/div>\n<div><img data-recalc-dims=\"1\" decoding=\"async\" src=\"https:\/\/i0.wp.com\/www.proceso.com.mx\/u\/fotografias\/m\/2025\/2\/28\/f768x400-217951_261854_5050.jpeg?w=696&#038;ssl=1\" \/><\/div>\n<div><img data-recalc-dims=\"1\" decoding=\"async\" src=\"https:\/\/i0.wp.com\/www.proceso.com.mx\/u\/fotografias\/m\/2025\/2\/28\/f768x400-217940_261843_5050.jpeg?w=696&#038;ssl=1\" \/><\/div>\n<div><img data-recalc-dims=\"1\" decoding=\"async\" src=\"https:\/\/i0.wp.com\/www.proceso.com.mx\/u\/fotografias\/m\/2025\/2\/28\/f768x400-217938_261841_5050.jpeg?w=696&#038;ssl=1\" \/><\/div>\n<div><img data-recalc-dims=\"1\" decoding=\"async\" src=\"https:\/\/i0.wp.com\/www.proceso.com.mx\/u\/fotografias\/m\/2025\/2\/28\/f768x400-217924_261827_5050.jpeg?w=696&#038;ssl=1\" \/><\/div>\n<div><img data-recalc-dims=\"1\" decoding=\"async\" src=\"https:\/\/i0.wp.com\/www.proceso.com.mx\/u\/fotografias\/m\/2025\/2\/28\/f768x400-217958_261861_5050.jpeg?w=696&#038;ssl=1\" \/><\/div>\n<div><img data-recalc-dims=\"1\" decoding=\"async\" src=\"https:\/\/i0.wp.com\/www.proceso.com.mx\/u\/fotografias\/m\/2025\/2\/28\/f768x400-217954_261857_5050.jpeg?w=696&#038;ssl=1\" \/><\/div>\n<div><\/div>\n","protected":false},"excerpt":{"rendered":"<p>Las autoridades mexicanas traslad\u00f3\u00a0ayer a Estados Unidos a 29 miembros del narcotr\u00e1fico, quienes est\u00e1n\u00a0requeridos por sus v\u00ednculos con el crimen organizado, entre ellas el hist\u00f3rico capo Rafael Caro Quintero, que fue apresado hace casi tres a\u00f1os y quien es reclamado por el asesinato en 1985 del\u00a0agente de la DEA, Enrique \u00abKiki\u00bb Camarena. Durante una conferencia [&hellip;]<\/p>\n","protected":false},"author":5,"featured_media":63937,"comment_status":"open","ping_status":"open","sticky":false,"template":"","format":"standard","meta":{"_uf_show_specific_survey":0,"_uf_disable_surveys":false,"advanced_seo_description":"","jetpack_seo_html_title":"","jetpack_seo_noindex":false,"jetpack_post_was_ever_published":false,"_jetpack_newsletter_access":"","_jetpack_dont_email_post_to_subs":false,"_jetpack_newsletter_tier_id":0,"_jetpack_memberships_contains_paywalled_content":false,"_jetpack_memberships_contains_paid_content":false,"footnotes":"","jetpack_publicize_message":"","jetpack_publicize_feature_enabled":true,"jetpack_social_post_already_shared":true,"jetpack_social_options":{"image_generator_settings":{"template":"highway","default_image_id":0,"font":"","enabled":false},"version":2}},"categories":[101,1724],"tags":[2173,73],"class_list":{"0":"post-63936","1":"post","2":"type-post","3":"status-publish","4":"format-standard","5":"has-post-thumbnail","7":"category-ciudad-de-mexico","8":"category-featured","9":"tag-narcotrafico-2","10":"tag-extradicion"},"jetpack_publicize_connections":[],"jetpack_featured_media_url":"https:\/\/i0.wp.com\/mexicocodigorojo.com.mx\/wp-content\/uploads\/2025\/03\/f768x400-217922_261825_5050.webp?fit=768%2C400&ssl=1","jetpack-related-posts":[{"id":63234,"url":"https:\/\/mexicocodigorojo.com.mx\/?p=63234","url_meta":{"origin":63936,"position":0},"title":"Operan a Caro Quintero fuera de prisi\u00f3n","author":"Staff","date":"noviembre 14, 2024","format":false,"excerpt":"El exfundador del C\u00e1rtel de Guadalajara,\u00a0Rafael Caro Quintero,\u00a0fue sacado del penal federal de alta seguridad \u201cAltiplano\u201d para ser intervenido quir\u00fargicamente, confirm\u00f3 la Secretar\u00eda de Seguridad y Protecci\u00f3n Ciudadana (SSPC). Tras darse por concluida la operaci\u00f3n ambulatoria y cerciorarse de que su estado de salud no corr\u00eda peligro, Caro Quintero fue\u2026","rel":"","context":"En \u00abEstado de M\u00e9xico\u00bb","block_context":{"text":"Estado de M\u00e9xico","link":"https:\/\/mexicocodigorojo.com.mx\/?cat=53"},"img":{"alt_text":"","src":"https:\/\/i0.wp.com\/mexicocodigorojo.com.mx\/wp-content\/uploads\/2024\/11\/Operan-a-Caro-Quintero-en-Toluca.jpeg?fit=1200%2C750&ssl=1&resize=350%2C200","width":350,"height":200,"srcset":"https:\/\/i0.wp.com\/mexicocodigorojo.com.mx\/wp-content\/uploads\/2024\/11\/Operan-a-Caro-Quintero-en-Toluca.jpeg?fit=1200%2C750&ssl=1&resize=350%2C200 1x, https:\/\/i0.wp.com\/mexicocodigorojo.com.mx\/wp-content\/uploads\/2024\/11\/Operan-a-Caro-Quintero-en-Toluca.jpeg?fit=1200%2C750&ssl=1&resize=525%2C300 1.5x, https:\/\/i0.wp.com\/mexicocodigorojo.com.mx\/wp-content\/uploads\/2024\/11\/Operan-a-Caro-Quintero-en-Toluca.jpeg?fit=1200%2C750&ssl=1&resize=700%2C400 2x, https:\/\/i0.wp.com\/mexicocodigorojo.com.mx\/wp-content\/uploads\/2024\/11\/Operan-a-Caro-Quintero-en-Toluca.jpeg?fit=1200%2C750&ssl=1&resize=1050%2C600 3x"},"classes":[]},{"id":53395,"url":"https:\/\/mexicocodigorojo.com.mx\/?p=53395","url_meta":{"origin":63936,"position":1},"title":"SEMAR se\u00f1ala que helic\u00f3ptero no fue derribado tras captura de Caro Quintero; fue un accidente","author":"MexicoRojoCvmx","date":"julio 18, 2022","format":false,"excerpt":"El helic\u00f3ptero Black Hawk de la Marina, que particip\u00f3 en el operativo para la detenci\u00f3n de Rafael Caro Quintero, no fue derribado confirmaron fuentes de la propia dependencia. De acuerdo con la Marina la aeronave, donde viajaban 15 elementos de las Fuerzas Armadas cay\u00f3 pero no fue derribado, sino se\u2026","rel":"","context":"En \u00abFeatured\u00bb","block_context":{"text":"Featured","link":"https:\/\/mexicocodigorojo.com.mx\/?cat=1724"},"img":{"alt_text":"","src":"https:\/\/i0.wp.com\/mexicocodigorojo.com.mx\/wp-content\/uploads\/2022\/07\/Captura-de-pantalla-2022-07-18-104948.jpg?fit=1171%2C716&ssl=1&resize=350%2C200","width":350,"height":200,"srcset":"https:\/\/i0.wp.com\/mexicocodigorojo.com.mx\/wp-content\/uploads\/2022\/07\/Captura-de-pantalla-2022-07-18-104948.jpg?fit=1171%2C716&ssl=1&resize=350%2C200 1x, https:\/\/i0.wp.com\/mexicocodigorojo.com.mx\/wp-content\/uploads\/2022\/07\/Captura-de-pantalla-2022-07-18-104948.jpg?fit=1171%2C716&ssl=1&resize=525%2C300 1.5x, https:\/\/i0.wp.com\/mexicocodigorojo.com.mx\/wp-content\/uploads\/2022\/07\/Captura-de-pantalla-2022-07-18-104948.jpg?fit=1171%2C716&ssl=1&resize=700%2C400 2x, https:\/\/i0.wp.com\/mexicocodigorojo.com.mx\/wp-content\/uploads\/2022\/07\/Captura-de-pantalla-2022-07-18-104948.jpg?fit=1171%2C716&ssl=1&resize=1050%2C600 3x"},"classes":[]},{"id":53416,"url":"https:\/\/mexicocodigorojo.com.mx\/?p=53416","url_meta":{"origin":63936,"position":2},"title":"Juez frena la extradici\u00f3n de Rafael Caro Quintero a EE.UU.","author":"Staff","date":"julio 18, 2022","format":false,"excerpt":"Un juez de M\u00e9xico suspendi\u00f3 la extradici\u00f3n a Estados Unidos de Rafael Caro Quintero, uno de los hombres m\u00e1s buscados por el FBI y quien fue detenido el pasado 15 de julio, seg\u00fan un fallo que conoci\u00f3 CNN. En su contra pesaba una orden para extraditarlo. La decisi\u00f3n judicial responde\u2026","rel":"","context":"En \u00abFeatured\u00bb","block_context":{"text":"Featured","link":"https:\/\/mexicocodigorojo.com.mx\/?cat=1724"},"img":{"alt_text":"","src":"","width":0,"height":0},"classes":[]},{"id":53385,"url":"https:\/\/mexicocodigorojo.com.mx\/?p=53385","url_meta":{"origin":63936,"position":3},"title":"EU emite alerta de viaje a M\u00e9xico tras captura de Caro Quintero","author":"Staff","date":"julio 17, 2022","format":false,"excerpt":"La embajada y consulados de Estados Unidos emitieron una alerta de seguridad en Sinaloa y Sonora, ante posibles enfentamientos con grupos criminales La embajada y consulados de Estados Unidos emitieron una alerta de viaje a Sinaloa y Sonora ante posibles enfentamientos con grupos criminales tras la detenci\u00f3n del narcotraficante Caro\u2026","rel":"","context":"En \u00abFeatured\u00bb","block_context":{"text":"Featured","link":"https:\/\/mexicocodigorojo.com.mx\/?cat=1724"},"img":{"alt_text":"","src":"https:\/\/i0.wp.com\/mexicocodigorojo.com.mx\/wp-content\/uploads\/2022\/07\/img_6633.jpg?fit=867%2C1156&ssl=1&resize=350%2C200","width":350,"height":200,"srcset":"https:\/\/i0.wp.com\/mexicocodigorojo.com.mx\/wp-content\/uploads\/2022\/07\/img_6633.jpg?fit=867%2C1156&ssl=1&resize=350%2C200 1x, https:\/\/i0.wp.com\/mexicocodigorojo.com.mx\/wp-content\/uploads\/2022\/07\/img_6633.jpg?fit=867%2C1156&ssl=1&resize=525%2C300 1.5x, https:\/\/i0.wp.com\/mexicocodigorojo.com.mx\/wp-content\/uploads\/2022\/07\/img_6633.jpg?fit=867%2C1156&ssl=1&resize=700%2C400 2x"},"classes":[]},{"id":53422,"url":"https:\/\/mexicocodigorojo.com.mx\/?p=53422","url_meta":{"origin":63936,"position":4},"title":"La directora de la DEA adjudica la detenci\u00f3n de Caro Quintero","author":"Staff","date":"julio 18, 2022","format":false,"excerpt":"Anne Milgram, directora de la Administraci\u00f3n de Control de Drogas de Estados Unidos (DEA, por sus siglas en ingl\u00e9s), celebr\u00f3 la participaci\u00f3n de sus agentes en la detenci\u00f3n de Rafael Caro Quintero, acusado de, entre otros cr\u00edmenes, por el asesinato del agente Enrique \u201cKiki\u201d Camarena. \u201cNuestro incre\u00edble equipo de la\u2026","rel":"","context":"En \u00abFeatured\u00bb","block_context":{"text":"Featured","link":"https:\/\/mexicocodigorojo.com.mx\/?cat=1724"},"img":{"alt_text":"","src":"https:\/\/i0.wp.com\/mexicocodigorojo.com.mx\/wp-content\/uploads\/2022\/07\/img_6811.jpg?fit=768%2C397&ssl=1&resize=350%2C200","width":350,"height":200,"srcset":"https:\/\/i0.wp.com\/mexicocodigorojo.com.mx\/wp-content\/uploads\/2022\/07\/img_6811.jpg?fit=768%2C397&ssl=1&resize=350%2C200 1x, https:\/\/i0.wp.com\/mexicocodigorojo.com.mx\/wp-content\/uploads\/2022\/07\/img_6811.jpg?fit=768%2C397&ssl=1&resize=525%2C300 1.5x, https:\/\/i0.wp.com\/mexicocodigorojo.com.mx\/wp-content\/uploads\/2022\/07\/img_6811.jpg?fit=768%2C397&ssl=1&resize=700%2C400 2x"},"classes":[]},{"id":20713,"url":"https:\/\/mexicocodigorojo.com.mx\/?p=20713","url_meta":{"origin":63936,"position":5},"title":"Caro Quintero, \u00abDon Neto\u00bb y F\u00e9lix Gallardo","author":"Staff","date":"julio 28, 2019","format":false,"excerpt":"Fueron socios fundadores del Cartel de Guadalajara y, adem\u00e1s de los negocios,\u00a0compart\u00edan muchas cosas Guadalajara, Jal.- En los 80, Rafael Caro Quintero, Ernesto Fonseca \u201cDon Neto\u201d y Miguel \u00c1ngel F\u00e9lix Gallardo ganaron notoriedad como socios fundadores de uno de los primeros carteles de la droga surgidos en M\u00e9xico, el de\u2026","rel":"","context":"En \u00abJalisco\u00bb","block_context":{"text":"Jalisco","link":"https:\/\/mexicocodigorojo.com.mx\/?cat=8"},"img":{"alt_text":"","src":"https:\/\/i0.wp.com\/mexicocodigorojo.com.mx\/wp-content\/uploads\/2019\/07\/el_unicamarena.jpg_219914347.jpg?fit=960%2C540&ssl=1&resize=350%2C200","width":350,"height":200,"srcset":"https:\/\/i0.wp.com\/mexicocodigorojo.com.mx\/wp-content\/uploads\/2019\/07\/el_unicamarena.jpg_219914347.jpg?fit=960%2C540&ssl=1&resize=350%2C200 1x, https:\/\/i0.wp.com\/mexicocodigorojo.com.mx\/wp-content\/uploads\/2019\/07\/el_unicamarena.jpg_219914347.jpg?fit=960%2C540&ssl=1&resize=525%2C300 1.5x, https:\/\/i0.wp.com\/mexicocodigorojo.com.mx\/wp-content\/uploads\/2019\/07\/el_unicamarena.jpg_219914347.jpg?fit=960%2C540&ssl=1&resize=700%2C400 2x"},"classes":[]}],"jetpack_sharing_enabled":true,"jetpack_likes_enabled":true,"jetpack_shortlink":"https:\/\/wp.me\/p9TedA-gDe","_links":{"self":[{"href":"https:\/\/mexicocodigorojo.com.mx\/index.php?rest_route=\/wp\/v2\/posts\/63936","targetHints":{"allow":["GET"]}}],"collection":[{"href":"https:\/\/mexicocodigorojo.com.mx\/index.php?rest_route=\/wp\/v2\/posts"}],"about":[{"href":"https:\/\/mexicocodigorojo.com.mx\/index.php?rest_route=\/wp\/v2\/types\/post"}],"author":[{"embeddable":true,"href":"https:\/\/mexicocodigorojo.com.mx\/index.php?rest_route=\/wp\/v2\/users\/5"}],"replies":[{"embeddable":true,"href":"https:\/\/mexicocodigorojo.com.mx\/index.php?rest_route=%2Fwp%2Fv2%2Fcomments&post=63936"}],"version-history":[{"count":1,"href":"https:\/\/mexicocodigorojo.com.mx\/index.php?rest_route=\/wp\/v2\/posts\/63936\/revisions"}],"predecessor-version":[{"id":63938,"href":"https:\/\/mexicocodigorojo.com.mx\/index.php?rest_route=\/wp\/v2\/posts\/63936\/revisions\/63938"}],"wp:featuredmedia":[{"embeddable":true,"href":"https:\/\/mexicocodigorojo.com.mx\/index.php?rest_route=\/wp\/v2\/media\/63937"}],"wp:attachment":[{"href":"https:\/\/mexicocodigorojo.com.mx\/index.php?rest_route=%2Fwp%2Fv2%2Fmedia&parent=63936"}],"wp:term":[{"taxonomy":"category","embeddable":true,"href":"https:\/\/mexicocodigorojo.com.mx\/index.php?rest_route=%2Fwp%2Fv2%2Fcategories&post=63936"},{"taxonomy":"post_tag","embeddable":true,"href":"https:\/\/mexicocodigorojo.com.mx\/index.php?rest_route=%2Fwp%2Fv2%2Ftags&post=63936"}],"curies":[{"name":"wp","href":"https:\/\/api.w.org\/{rel}","templated":true}]}}