{"id":63905,"date":"2025-02-28T20:08:47","date_gmt":"2025-03-01T02:08:47","guid":{"rendered":"https:\/\/mexicocodigorojo.com.mx\/?p=63905"},"modified":"2025-02-28T20:08:47","modified_gmt":"2025-03-01T02:08:47","slug":"caen-las-garras-de-la-cabra-lider-del-cartel-lacandon-capturado-en-chiapas","status":"publish","type":"post","link":"https:\/\/mexicocodigorojo.com.mx\/?p=63905","title":{"rendered":"Caen las Garras de &#8216;La Cabra&#8217;: L\u00edder del C\u00e1rtel Lacand\u00f3n Capturado en Chiapas"},"content":{"rendered":"<div>\n<div class=\"css-146c3p1 r-bcqeeo r-1ttztb7 r-qvutc0 r-37j5jr r-a023e6 r-16dba41 r-1adg3ll r-1b5gpbm r-a8ghvy\" dir=\"ltr\"><span class=\"css-1jxf684 r-bcqeeo r-1ttztb7 r-qvutc0 r-poiln3\"><span class=\"css-1jxf684 r-bcqeeo r-1ttztb7 r-qvutc0 r-poiln3 r-a8ghvy\">En una operaci\u00f3n que marca un antes y un despu\u00e9s en la lucha contra el crimen organizado en el sureste de M\u00e9xico, las autoridades lograron la captura de Cabrera \u00abN\u00bb, alias \u00abLa Cabra\u00bb, l\u00edder del temido C\u00e1rtel Lacand\u00f3n, en Villahermosa, Tabasco. Este individuo, considerado el principal generador de violencia en la regi\u00f3n norte de la Selva Lacandona, en Chiapas, fue detenido apenas hace unas horas gracias a la estrecha colaboraci\u00f3n entre la Fiscal\u00eda General del Estado de Chiapas, la Fiscal\u00eda de Tabasco y las Secretar\u00edas de Seguridad P\u00fablica de ambas entidades.<\/span><\/span><\/div>\n<div dir=\"ltr\"><\/div>\n<div class=\"css-146c3p1 r-bcqeeo r-1ttztb7 r-qvutc0 r-37j5jr r-a023e6 r-16dba41 r-1adg3ll r-1b5gpbm r-a8ghvy\" dir=\"ltr\"><span class=\"css-1jxf684 r-bcqeeo r-1ttztb7 r-qvutc0 r-poiln3\"><span class=\"css-1jxf684 r-bcqeeo r-1ttztb7 r-qvutc0 r-poiln3 r-a8ghvy\">\u00abLa Cabra\u00bb, cuya cabeza ten\u00eda una recompensa de 500,000 d\u00f3lares por su captura, operaba desde las profundidades de la Selva Lacandona, sembrando terror con actividades delictivas que incluyen desapariciones, homicidios y tr\u00e1fico de drogas. Su detenci\u00f3n, anunciada por el periodista Isain Mandujano en redes sociales, representa un duro golpe para las estructuras criminales que han azotado esta regi\u00f3n rica en biodiversidad y culturalmente significativa.<\/span><\/span><\/div>\n<div dir=\"ltr\"><\/div>\n<div class=\"css-146c3p1 r-bcqeeo r-1ttztb7 r-qvutc0 r-37j5jr r-a023e6 r-16dba41 r-1adg3ll r-a8ghvy r-p1pxzi\" dir=\"ltr\"><span class=\"css-1jxf684 r-bcqeeo r-1ttztb7 r-qvutc0 r-poiln3\"><span class=\"css-1jxf684 r-bcqeeo r-1ttztb7 r-qvutc0 r-poiln3 r-a8ghvy\">Las autoridades prometen brindar m\u00e1s detalles sobre esta operaci\u00f3n en las pr\u00f3ximas horas, mientras las comunidades locales celebran un paso hacia la paz y la seguridad. Sin embargo, persiste la expectativa de c\u00f3mo esta captura impactar\u00e1 el equilibrio de poder entre los grupos delictivos en la zona. La Selva Lacandona, cuna de la resistencia zapatista y hogar de comunidades ind\u00edgenas, respira con alivio, aunque sabe que la lucha contra la violencia a\u00fan est\u00e1 lejos de terminar.<\/span><\/span><\/div>\n<\/div>\n","protected":false},"excerpt":{"rendered":"<p>En una operaci\u00f3n que marca un antes y un despu\u00e9s en la lucha contra el crimen organizado en el sureste de M\u00e9xico, las autoridades lograron la captura de Cabrera \u00abN\u00bb, alias \u00abLa Cabra\u00bb, l\u00edder del temido C\u00e1rtel Lacand\u00f3n, en Villahermosa, Tabasco. Este individuo, considerado el principal generador de violencia en la regi\u00f3n norte de la [&hellip;]<\/p>\n","protected":false},"author":21,"featured_media":63906,"comment_status":"open","ping_status":"open","sticky":false,"template":"","format":"standard","meta":{"_uf_show_specific_survey":0,"_uf_disable_surveys":false,"advanced_seo_description":"","jetpack_seo_html_title":"","jetpack_seo_noindex":false,"jetpack_post_was_ever_published":false,"_jetpack_newsletter_access":"","_jetpack_dont_email_post_to_subs":false,"_jetpack_newsletter_tier_id":0,"_jetpack_memberships_contains_paywalled_content":false,"_jetpack_memberships_contains_paid_content":false,"footnotes":"","jetpack_publicize_message":"","jetpack_publicize_feature_enabled":true,"jetpack_social_post_already_shared":true,"jetpack_social_options":{"image_generator_settings":{"template":"highway","default_image_id":0,"font":"","enabled":false},"version":2}},"categories":[75,1724],"tags":[],"class_list":{"0":"post-63905","1":"post","2":"type-post","3":"status-publish","4":"format-standard","5":"has-post-thumbnail","7":"category-chiapas","8":"category-featured"},"jetpack_publicize_connections":[],"jetpack_featured_media_url":"https:\/\/i0.wp.com\/mexicocodigorojo.com.mx\/wp-content\/uploads\/2025\/02\/Captura-de-pantalla-2025-02-28-200814.png?fit=553%2C312&ssl=1","jetpack-related-posts":[{"id":63909,"url":"https:\/\/mexicocodigorojo.com.mx\/?p=63909","url_meta":{"origin":63905,"position":0},"title":"Detienen a l\u00edder criminal \u2018La Cabra\u2019 en operativo conjunto Chiapas-Tabasco","author":"Staff","date":"febrero 28, 2025","format":false,"excerpt":"Tuxtla Guti\u00e9rrez.- En las \u00faltimas horas, elementos de seguridad lograron la detenci\u00f3n de\u00a0Cabrero \u201cN\u201d, alias \u201cLa Cabra\u201c, se\u00f1alado como el presunto principal generador de violencia en la regi\u00f3n de la\u00a0Selva Lacandona, as\u00ed lo inform\u00f3 la\u00a0Fiscal\u00eda General del Estado de Chiapas. La captura se realiz\u00f3 en la ciudad de\u00a0Villahermosa,\u00a0Tabasco, en un\u2026","rel":"","context":"En \u00abChiapas\u00bb","block_context":{"text":"Chiapas","link":"https:\/\/mexicocodigorojo.com.mx\/?cat=75"},"img":{"alt_text":"","src":"","width":0,"height":0},"classes":[]},{"id":64819,"url":"https:\/\/mexicocodigorojo.com.mx\/?p=64819","url_meta":{"origin":63905,"position":1},"title":"Capturan en Guatemala a \u201cEl Peque\u201d y lo entregan a autoridades de Chiapas","author":"Staff","date":"septiembre 30, 2025","format":false,"excerpt":"El presunto l\u00edder del C\u00e1rtel Chiapas\u2013Guatemala, ligado al CJNG, enfrentar\u00e1 cargos por homicidio, secuestro y extorsi\u00f3n. La captura cierra un cap\u00edtulo de violencia en la frontera sur que ha dejado m\u00e1s de 10 mil desplazados. En Guatemala fue capturado Roger Irabier Roblero L\u00f3pez, alias \u201cEl Peque\u201d, se\u00f1alado como presunto cabecilla\u2026","rel":"","context":"En \u00abChiapas\u00bb","block_context":{"text":"Chiapas","link":"https:\/\/mexicocodigorojo.com.mx\/?cat=75"},"img":{"alt_text":"","src":"https:\/\/i0.wp.com\/mexicocodigorojo.com.mx\/wp-content\/uploads\/2025\/09\/3a8ee65e-7ad6-42e0-a444-0bdf6536ee40.jpg?fit=800%2C600&ssl=1&resize=350%2C200","width":350,"height":200,"srcset":"https:\/\/i0.wp.com\/mexicocodigorojo.com.mx\/wp-content\/uploads\/2025\/09\/3a8ee65e-7ad6-42e0-a444-0bdf6536ee40.jpg?fit=800%2C600&ssl=1&resize=350%2C200 1x, https:\/\/i0.wp.com\/mexicocodigorojo.com.mx\/wp-content\/uploads\/2025\/09\/3a8ee65e-7ad6-42e0-a444-0bdf6536ee40.jpg?fit=800%2C600&ssl=1&resize=525%2C300 1.5x, https:\/\/i0.wp.com\/mexicocodigorojo.com.mx\/wp-content\/uploads\/2025\/09\/3a8ee65e-7ad6-42e0-a444-0bdf6536ee40.jpg?fit=800%2C600&ssl=1&resize=700%2C400 2x"},"classes":[]},{"id":13851,"url":"https:\/\/mexicocodigorojo.com.mx\/?p=13851","url_meta":{"origin":63905,"position":2},"title":"Siete cad\u00e1veres tabasque\u00f1os en pueblos de Chiapas","author":"Staff","date":"febrero 8, 2019","format":false,"excerpt":"VILLAHERMOSA, Tab.- Pueblos chiapanecos colindantes con Tabasco se han convertido en dep\u00f3sitos de cad\u00e1veres al encontrarse ayer cuatro ejecutados, entre ellos una mujer, con los que suman siete en menos de dos semanas, todos tabasque\u00f1os. Los cuatro ejecutados fueron levantados en Tabasco el 27 de enero, entre ellos, el joven\u2026","rel":"","context":"En \u00abTabasco\u00bb","block_context":{"text":"Tabasco","link":"https:\/\/mexicocodigorojo.com.mx\/?cat=116"},"img":{"alt_text":"","src":"https:\/\/i0.wp.com\/mexicocodigorojo.com.mx\/wp-content\/uploads\/2019\/02\/cadaver1.jpg?fit=580%2C405&ssl=1&resize=350%2C200","width":350,"height":200,"srcset":"https:\/\/i0.wp.com\/mexicocodigorojo.com.mx\/wp-content\/uploads\/2019\/02\/cadaver1.jpg?fit=580%2C405&ssl=1&resize=350%2C200 1x, https:\/\/i0.wp.com\/mexicocodigorojo.com.mx\/wp-content\/uploads\/2019\/02\/cadaver1.jpg?fit=580%2C405&ssl=1&resize=525%2C300 1.5x"},"classes":[]},{"id":58925,"url":"https:\/\/mexicocodigorojo.com.mx\/?p=58925","url_meta":{"origin":63905,"position":3},"title":"Amenazan a Subsecretario con asesinar a polic\u00edas en Chiapas por nexos con sus rivales","author":"Staff","date":"enero 24, 2024","format":false,"excerpt":"Chiapas, M\u00e9xico.- Presuntos sicarios del C\u00e1rtel de Chiapas amenazaron a Francisco Javier Orantes Abad\u00eda, subsecretario de la Polic\u00eda estatal, con matar a uniformados por presuntamente extorsionar a migrantes y estar coludido con un l\u00edder del C\u00e1rtel de Sinaloa. \"Francisco Orantes Abad\u00eda, alias 'El Panchito', mientras sigas protegiendo al 'G\u00fcero Pulseras'\u2026","rel":"","context":"En \u00abChiapas\u00bb","block_context":{"text":"Chiapas","link":"https:\/\/mexicocodigorojo.com.mx\/?cat=75"},"img":{"alt_text":"","src":"https:\/\/i0.wp.com\/mexicocodigorojo.com.mx\/wp-content\/uploads\/2024\/01\/20240122025840565-0-2144006.jpg?fit=980%2C617&ssl=1&resize=350%2C200","width":350,"height":200,"srcset":"https:\/\/i0.wp.com\/mexicocodigorojo.com.mx\/wp-content\/uploads\/2024\/01\/20240122025840565-0-2144006.jpg?fit=980%2C617&ssl=1&resize=350%2C200 1x, https:\/\/i0.wp.com\/mexicocodigorojo.com.mx\/wp-content\/uploads\/2024\/01\/20240122025840565-0-2144006.jpg?fit=980%2C617&ssl=1&resize=525%2C300 1.5x, https:\/\/i0.wp.com\/mexicocodigorojo.com.mx\/wp-content\/uploads\/2024\/01\/20240122025840565-0-2144006.jpg?fit=980%2C617&ssl=1&resize=700%2C400 2x"},"classes":[]},{"id":50040,"url":"https:\/\/mexicocodigorojo.com.mx\/?p=50040","url_meta":{"origin":63905,"position":4},"title":"CJNG asesina a \u2018El Junior\u2019, hijo de \u201cEl T\u00edo Gil\u2019, lugarteniente del C\u00e1rtel de Sinaloa en Chiapas","author":"Staff","date":"julio 8, 2021","format":false,"excerpt":"La tarde de este mi\u00e9rcoles fue ejecutado \u201cEl Junior\u201d, Gilberto Rivera Maravilla, alias \u201cEl Junior\u201d, hijo de Gilberto Rivera Amarillas, \u201cEl T\u00edo Gil\u201d -ex lugarteniente del del C\u00e1rtel de Sinaloa en Chiapas, que operaba en la frontera de M\u00e9xico con Guatemala hasta su captura, en 2016-, fue asesinado ayer mi\u00e9rcoles\u2026","rel":"","context":"En \u00abChiapas\u00bb","block_context":{"text":"Chiapas","link":"https:\/\/mexicocodigorojo.com.mx\/?cat=75"},"img":{"alt_text":"","src":"https:\/\/i0.wp.com\/mexicocodigorojo.com.mx\/wp-content\/uploads\/2021\/07\/tux.jpg?fit=768%2C432&ssl=1&resize=350%2C200","width":350,"height":200,"srcset":"https:\/\/i0.wp.com\/mexicocodigorojo.com.mx\/wp-content\/uploads\/2021\/07\/tux.jpg?fit=768%2C432&ssl=1&resize=350%2C200 1x, https:\/\/i0.wp.com\/mexicocodigorojo.com.mx\/wp-content\/uploads\/2021\/07\/tux.jpg?fit=768%2C432&ssl=1&resize=525%2C300 1.5x, https:\/\/i0.wp.com\/mexicocodigorojo.com.mx\/wp-content\/uploads\/2021\/07\/tux.jpg?fit=768%2C432&ssl=1&resize=700%2C400 2x"},"classes":[]},{"id":64481,"url":"https:\/\/mexicocodigorojo.com.mx\/?p=64481","url_meta":{"origin":63905,"position":5},"title":"ASEGURAN 8 VEH\u00cdCULOS ROBADOS EN CHIAPAS","author":"Staff","date":"julio 31, 2025","format":false,"excerpt":"En operativos interinstitucionales aseguraron ocho veh\u00edculos con reporte de robo y alteraciones en NIV en el estado de Chiapas La Secretar\u00eda de Seguridad del Pueblo (SSP) a trav\u00e9s de la Fuerza de Reacci\u00f3n Inmediata Pakal (FRIP) en coordinaci\u00f3n con la Agencia de Investigaci\u00f3n e Inteligencia Ministerial (AIIM) de la Fiscal\u00eda\u2026","rel":"","context":"En \u00abChiapas\u00bb","block_context":{"text":"Chiapas","link":"https:\/\/mexicocodigorojo.com.mx\/?cat=75"},"img":{"alt_text":"","src":"https:\/\/i0.wp.com\/mexicocodigorojo.com.mx\/wp-content\/uploads\/2025\/07\/f0349e4a-9e9e-4e09-8bfa-aa17ac042119.jpg?fit=1200%2C914&ssl=1&resize=350%2C200","width":350,"height":200,"srcset":"https:\/\/i0.wp.com\/mexicocodigorojo.com.mx\/wp-content\/uploads\/2025\/07\/f0349e4a-9e9e-4e09-8bfa-aa17ac042119.jpg?fit=1200%2C914&ssl=1&resize=350%2C200 1x, https:\/\/i0.wp.com\/mexicocodigorojo.com.mx\/wp-content\/uploads\/2025\/07\/f0349e4a-9e9e-4e09-8bfa-aa17ac042119.jpg?fit=1200%2C914&ssl=1&resize=525%2C300 1.5x, https:\/\/i0.wp.com\/mexicocodigorojo.com.mx\/wp-content\/uploads\/2025\/07\/f0349e4a-9e9e-4e09-8bfa-aa17ac042119.jpg?fit=1200%2C914&ssl=1&resize=700%2C400 2x, https:\/\/i0.wp.com\/mexicocodigorojo.com.mx\/wp-content\/uploads\/2025\/07\/f0349e4a-9e9e-4e09-8bfa-aa17ac042119.jpg?fit=1200%2C914&ssl=1&resize=1050%2C600 3x"},"classes":[]}],"jetpack_sharing_enabled":true,"jetpack_likes_enabled":true,"jetpack_shortlink":"https:\/\/wp.me\/p9TedA-gCJ","_links":{"self":[{"href":"https:\/\/mexicocodigorojo.com.mx\/index.php?rest_route=\/wp\/v2\/posts\/63905","targetHints":{"allow":["GET"]}}],"collection":[{"href":"https:\/\/mexicocodigorojo.com.mx\/index.php?rest_route=\/wp\/v2\/posts"}],"about":[{"href":"https:\/\/mexicocodigorojo.com.mx\/index.php?rest_route=\/wp\/v2\/types\/post"}],"author":[{"embeddable":true,"href":"https:\/\/mexicocodigorojo.com.mx\/index.php?rest_route=\/wp\/v2\/users\/21"}],"replies":[{"embeddable":true,"href":"https:\/\/mexicocodigorojo.com.mx\/index.php?rest_route=%2Fwp%2Fv2%2Fcomments&post=63905"}],"version-history":[{"count":1,"href":"https:\/\/mexicocodigorojo.com.mx\/index.php?rest_route=\/wp\/v2\/posts\/63905\/revisions"}],"predecessor-version":[{"id":63907,"href":"https:\/\/mexicocodigorojo.com.mx\/index.php?rest_route=\/wp\/v2\/posts\/63905\/revisions\/63907"}],"wp:featuredmedia":[{"embeddable":true,"href":"https:\/\/mexicocodigorojo.com.mx\/index.php?rest_route=\/wp\/v2\/media\/63906"}],"wp:attachment":[{"href":"https:\/\/mexicocodigorojo.com.mx\/index.php?rest_route=%2Fwp%2Fv2%2Fmedia&parent=63905"}],"wp:term":[{"taxonomy":"category","embeddable":true,"href":"https:\/\/mexicocodigorojo.com.mx\/index.php?rest_route=%2Fwp%2Fv2%2Fcategories&post=63905"},{"taxonomy":"post_tag","embeddable":true,"href":"https:\/\/mexicocodigorojo.com.mx\/index.php?rest_route=%2Fwp%2Fv2%2Ftags&post=63905"}],"curies":[{"name":"wp","href":"https:\/\/api.w.org\/{rel}","templated":true}]}}