{"id":63900,"date":"2025-02-27T19:59:23","date_gmt":"2025-02-28T01:59:23","guid":{"rendered":"https:\/\/mexicocodigorojo.com.mx\/?p=63900"},"modified":"2025-02-27T19:59:23","modified_gmt":"2025-02-28T01:59:23","slug":"el-gobierno-de-mexico-avanza-en-la-colaboracion-binacional-en-materia-de-seguridad","status":"publish","type":"post","link":"https:\/\/mexicocodigorojo.com.mx\/?p=63900","title":{"rendered":"El Gobierno de M\u00e9xico avanza en la colaboraci\u00f3n binacional en materia de seguridad"},"content":{"rendered":"\n<p>En el marco del respeto a la soberan\u00eda de nuestros pa\u00edses, as\u00ed como del compromiso de cooperaci\u00f3n en materia de seguridad y protecci\u00f3n a nuestras comunidades, se llev\u00f3 a cabo la primera reuni\u00f3n binacional de alto nivel sobre seguridad en el Departamento de Estado en la ciudad de Washington, D.C. Fue una reuni\u00f3n muy positiva para avanzar en la seguridad de ambos pa\u00edses bajo los principios de responsabilidad compartida, confianza mutua, cooperaci\u00f3n sin subordinaci\u00f3n y respeto a la soberan\u00eda. Se abordaron los temas de tr\u00e1fico de drogas il\u00edcitas, tr\u00e1fico de armas, as\u00ed como el intercambio de informaci\u00f3n en materia de inteligencia e investigaci\u00f3n.<\/p>\n\n\n\n<p>La delegaci\u00f3n mexicana estuvo integrada por el secretario de Relaciones Exteriores, Juan Ram\u00f3n de la Fuente; el secretario de Seguridad y Protecci\u00f3n Ciudadana, Omar Garc\u00eda Harfuch; el secretario de la Defensa Nacional, general Ricardo Trevilla; el secretario de la Marina, almirante Raymundo Pedro Morales; el fiscal general de la Rep\u00fablica, Alejandro Gertz Manero; el embajador de M\u00e9xico en Estados Unidos, Esteban Moctezuma; Marcela Figueroa, secretaria ejecutiva del Sistema Nacional de Seguridad P\u00fablica; y el jefe de Unidad para Am\u00e9rica del Norte, Roberto Velasco.<\/p>\n\n\n\n<p>Por parte del gobierno estadounidense la delegaci\u00f3n fue integrada por el secretario de Estado, Marco Rubio; el secretario de la Defensa, Pete Hegseth; la fiscal general, Pam Bondi; Troy Edgar, consejero principal del Departamento de Seguridad Interior; el embajador Michael Kozak, subsecretario interino para Asuntos del Hemisferio Occidental; Katherine Dueholm, subsecretaria adjunta para M\u00e9xico y Canad\u00e1 del Departamento de Estado; Mauricio Claver-Carone, enviado especial para las Am\u00e9ricas del Departamento de Estado; Mark Johnson, encargado de negocios de la Embajada de Estados Unidos en M\u00e9xico; y Ricardo Pita, asesor principal para Asuntos del Hemisferio Occidental del Departamento de Estado.<\/p>\n","protected":false},"excerpt":{"rendered":"<p>En el marco del respeto a la soberan\u00eda de nuestros pa\u00edses, as\u00ed como del compromiso de cooperaci\u00f3n en materia de seguridad y protecci\u00f3n a nuestras comunidades, se llev\u00f3 a cabo la primera reuni\u00f3n binacional de alto nivel sobre seguridad en el Departamento de Estado en la ciudad de Washington, D.C. Fue una reuni\u00f3n muy positiva [&hellip;]<\/p>\n","protected":false},"author":5,"featured_media":63899,"comment_status":"open","ping_status":"open","sticky":false,"template":"","format":"standard","meta":{"_uf_show_specific_survey":0,"_uf_disable_surveys":false,"advanced_seo_description":"","jetpack_seo_html_title":"","jetpack_seo_noindex":false,"jetpack_post_was_ever_published":false,"_jetpack_newsletter_access":"","_jetpack_dont_email_post_to_subs":false,"_jetpack_newsletter_tier_id":0,"_jetpack_memberships_contains_paywalled_content":false,"_jetpack_memberships_contains_paid_content":false,"footnotes":"","jetpack_publicize_message":"","jetpack_publicize_feature_enabled":true,"jetpack_social_post_already_shared":true,"jetpack_social_options":{"image_generator_settings":{"template":"highway","default_image_id":0,"font":"","enabled":false},"version":2}},"categories":[101,1724],"tags":[58],"class_list":{"0":"post-63900","1":"post","2":"type-post","3":"status-publish","4":"format-standard","5":"has-post-thumbnail","7":"category-ciudad-de-mexico","8":"category-featured","9":"tag-frontera"},"jetpack_publicize_connections":[],"jetpack_featured_media_url":"https:\/\/i0.wp.com\/mexicocodigorojo.com.mx\/wp-content\/uploads\/2025\/02\/img_0512-1.jpg?fit=2000%2C1141&ssl=1","jetpack-related-posts":[{"id":50315,"url":"https:\/\/mexicocodigorojo.com.mx\/?p=50315","url_meta":{"origin":63900,"position":0},"title":"Reuni\u00f3n de Estados Mayores entre la Armada de M\u00e9xico y la Armada de los EE.UU.","author":"Staff","date":"julio 19, 2021","format":false,"excerpt":"Ciudad de M\u00e9xico.- Con el fin de consolidar la cooperaci\u00f3n Naval bilateral entre las Armada de ambos pa\u00edses, del 13 al 15 de julio del 2021 se realiz\u00f3 la Quinta Reuni\u00f3n de Estados Mayores entre la Armada de M\u00e9xico y la Armada de los EE.UU. de Am\u00e9rica, en Norfolk, Virginia,\u2026","rel":"","context":"En \u00abFeatured\u00bb","block_context":{"text":"Featured","link":"https:\/\/mexicocodigorojo.com.mx\/?cat=1724"},"img":{"alt_text":"","src":"https:\/\/i0.wp.com\/mexicocodigorojo.com.mx\/wp-content\/uploads\/2021\/07\/IMG-20210719-WA0065.jpg?fit=853%2C566&ssl=1&resize=350%2C200","width":350,"height":200,"srcset":"https:\/\/i0.wp.com\/mexicocodigorojo.com.mx\/wp-content\/uploads\/2021\/07\/IMG-20210719-WA0065.jpg?fit=853%2C566&ssl=1&resize=350%2C200 1x, https:\/\/i0.wp.com\/mexicocodigorojo.com.mx\/wp-content\/uploads\/2021\/07\/IMG-20210719-WA0065.jpg?fit=853%2C566&ssl=1&resize=525%2C300 1.5x, https:\/\/i0.wp.com\/mexicocodigorojo.com.mx\/wp-content\/uploads\/2021\/07\/IMG-20210719-WA0065.jpg?fit=853%2C566&ssl=1&resize=700%2C400 2x"},"classes":[]},{"id":25779,"url":"https:\/\/mexicocodigorojo.com.mx\/?p=25779","url_meta":{"origin":63900,"position":1},"title":"M\u00e9xico y Estados Unidos lanzan operativo \u2018Frozen\u2019 contra tr\u00e1fico ilegal de armas","author":"Staff","date":"octubre 22, 2019","format":false,"excerpt":"La estrategia pactada entre ambos gobiernos buscar\u00e1 frenar el paso de armas ilegales a M\u00e9xico por la frontera norte, particularmente en cinco cruces CIUDAD DE M\u00c9XICO Los gobiernos de\u00a0M\u00e9xico y Estados Unidos\u00a0acordaron fortalecer la colaboraci\u00f3n a partir del arranque del operativo denominado \u201cFrozen\u201d, con el objetivo de congelar el\u00a0tr\u00e1fico de\u2026","rel":"","context":"En \u00abCiudad de M\u00e9xico\u00bb","block_context":{"text":"Ciudad de M\u00e9xico","link":"https:\/\/mexicocodigorojo.com.mx\/?cat=101"},"img":{"alt_text":"","src":"https:\/\/i0.wp.com\/mexicocodigorojo.com.mx\/wp-content\/uploads\/2019\/10\/436853_imagen_p5eKsvbc.jpg?fit=628%2C390&ssl=1&resize=350%2C200","width":350,"height":200,"srcset":"https:\/\/i0.wp.com\/mexicocodigorojo.com.mx\/wp-content\/uploads\/2019\/10\/436853_imagen_p5eKsvbc.jpg?fit=628%2C390&ssl=1&resize=350%2C200 1x, https:\/\/i0.wp.com\/mexicocodigorojo.com.mx\/wp-content\/uploads\/2019\/10\/436853_imagen_p5eKsvbc.jpg?fit=628%2C390&ssl=1&resize=525%2C300 1.5x"},"classes":[]},{"id":64302,"url":"https:\/\/mexicocodigorojo.com.mx\/?p=64302","url_meta":{"origin":63900,"position":2},"title":"Secretar\u00eda del Pueblo fortalece v\u00ednculos con EUA en acto conmemorativo en M\u00e9rida","author":"MexicoRojoCvmx","date":"junio 28, 2025","format":false,"excerpt":"M\u00e9rida, Yuc.- La Secretar\u00eda de Seguridad del Pueblo, encabezada por el doctor y piloto aviador \u00d3scar Alberto Aparicio Avenda\u00f1o, particip\u00f3 en la celebraci\u00f3n del 249 aniversario de la Independencia de los Estados Unidos, en un acto conmemorativo realizado en el nuevo Consulado General de EE.UU. en M\u00e9rida. En representaci\u00f3n oficial\u2026","rel":"","context":"En \u00abChiapas\u00bb","block_context":{"text":"Chiapas","link":"https:\/\/mexicocodigorojo.com.mx\/?cat=75"},"img":{"alt_text":"","src":"https:\/\/i0.wp.com\/mexicocodigorojo.com.mx\/wp-content\/uploads\/2025\/06\/WhatsApp-Image-2025-06-30-at-7.14.50-AM.jpeg?fit=1200%2C937&ssl=1&resize=350%2C200","width":350,"height":200,"srcset":"https:\/\/i0.wp.com\/mexicocodigorojo.com.mx\/wp-content\/uploads\/2025\/06\/WhatsApp-Image-2025-06-30-at-7.14.50-AM.jpeg?fit=1200%2C937&ssl=1&resize=350%2C200 1x, https:\/\/i0.wp.com\/mexicocodigorojo.com.mx\/wp-content\/uploads\/2025\/06\/WhatsApp-Image-2025-06-30-at-7.14.50-AM.jpeg?fit=1200%2C937&ssl=1&resize=525%2C300 1.5x, https:\/\/i0.wp.com\/mexicocodigorojo.com.mx\/wp-content\/uploads\/2025\/06\/WhatsApp-Image-2025-06-30-at-7.14.50-AM.jpeg?fit=1200%2C937&ssl=1&resize=700%2C400 2x, https:\/\/i0.wp.com\/mexicocodigorojo.com.mx\/wp-content\/uploads\/2025\/06\/WhatsApp-Image-2025-06-30-at-7.14.50-AM.jpeg?fit=1200%2C937&ssl=1&resize=1050%2C600 3x"},"classes":[]},{"id":64603,"url":"https:\/\/mexicocodigorojo.com.mx\/?p=64603","url_meta":{"origin":63900,"position":3},"title":"DEA relanza cooperaci\u00f3n con M\u00e9xico a trav\u00e9s del Proyecto Portero","author":"MexicoRojoCvmx","date":"agosto 19, 2025","format":false,"excerpt":"CIUDAD DE M\u00c9XICO.\u2013 El anuncio de la Agencia Antidrogas de Estados Unidos (DEA) sobre el Proyecto Portero marca un intento por recomponer las tensas relaciones bilaterales en materia de seguridad que se fracturaron durante el sexenio de Andr\u00e9s Manuel L\u00f3pez Obrador. La agencia describi\u00f3 esta operaci\u00f3n como su \u201cprograma insignia\u2026","rel":"","context":"En \u00abCiudad de M\u00e9xico\u00bb","block_context":{"text":"Ciudad de M\u00e9xico","link":"https:\/\/mexicocodigorojo.com.mx\/?cat=101"},"img":{"alt_text":"","src":"https:\/\/i0.wp.com\/mexicocodigorojo.com.mx\/wp-content\/uploads\/2025\/08\/Captura-de-pantalla-2025-08-19-073337.jpg?fit=1092%2C678&ssl=1&resize=350%2C200","width":350,"height":200,"srcset":"https:\/\/i0.wp.com\/mexicocodigorojo.com.mx\/wp-content\/uploads\/2025\/08\/Captura-de-pantalla-2025-08-19-073337.jpg?fit=1092%2C678&ssl=1&resize=350%2C200 1x, https:\/\/i0.wp.com\/mexicocodigorojo.com.mx\/wp-content\/uploads\/2025\/08\/Captura-de-pantalla-2025-08-19-073337.jpg?fit=1092%2C678&ssl=1&resize=525%2C300 1.5x, https:\/\/i0.wp.com\/mexicocodigorojo.com.mx\/wp-content\/uploads\/2025\/08\/Captura-de-pantalla-2025-08-19-073337.jpg?fit=1092%2C678&ssl=1&resize=700%2C400 2x, https:\/\/i0.wp.com\/mexicocodigorojo.com.mx\/wp-content\/uploads\/2025\/08\/Captura-de-pantalla-2025-08-19-073337.jpg?fit=1092%2C678&ssl=1&resize=1050%2C600 3x"},"classes":[]},{"id":26011,"url":"https:\/\/mexicocodigorojo.com.mx\/?p=26011","url_meta":{"origin":63900,"position":4},"title":"Mejor aportaci\u00f3n de EU a M\u00e9xico es frenar tr\u00e1fico de armas: Ebrard","author":"Staff","date":"octubre 25, 2019","format":false,"excerpt":"Marcelo Ebrard dijo que la contribuci\u00f3n m\u00e1s importante que el Gobierno de EE.UU. puede hacer en materia de combate al delito, es frenar el tr\u00e1fico de armas El secretario de Relaciones Exteriores,\u00a0Marcelo Ebrard, confirm\u00f3 la\u00a0reuni\u00f3n de alto nivel de este lunes con autoridades de Estados Unidos por el tema de\u00a0tr\u00e1fico\u2026","rel":"","context":"En \u00abCiudad de M\u00e9xico\u00bb","block_context":{"text":"Ciudad de M\u00e9xico","link":"https:\/\/mexicocodigorojo.com.mx\/?cat=101"},"img":{"alt_text":"","src":"https:\/\/i0.wp.com\/mexicocodigorojo.com.mx\/wp-content\/uploads\/2019\/10\/ebrard-confemigrantes.jpg?fit=980%2C550&ssl=1&resize=350%2C200","width":350,"height":200,"srcset":"https:\/\/i0.wp.com\/mexicocodigorojo.com.mx\/wp-content\/uploads\/2019\/10\/ebrard-confemigrantes.jpg?fit=980%2C550&ssl=1&resize=350%2C200 1x, https:\/\/i0.wp.com\/mexicocodigorojo.com.mx\/wp-content\/uploads\/2019\/10\/ebrard-confemigrantes.jpg?fit=980%2C550&ssl=1&resize=525%2C300 1.5x, https:\/\/i0.wp.com\/mexicocodigorojo.com.mx\/wp-content\/uploads\/2019\/10\/ebrard-confemigrantes.jpg?fit=980%2C550&ssl=1&resize=700%2C400 2x"},"classes":[]},{"id":63987,"url":"https:\/\/mexicocodigorojo.com.mx\/?p=63987","url_meta":{"origin":63900,"position":5},"title":"Aseguran m\u00e1s de una tonelada de metanfetamina en el Puente Internacional Roma","author":"Staff","date":"marzo 10, 2025","format":false,"excerpt":"En un operativo binacional, autoridades de M\u00e9xico y EE.UU. detuvieron a un hombre que transportaba la droga en botellas de agua mineral. Ciudad Miguel Alem\u00e1n, Tamaulipas, 10 de marzo de 2025. Como parte de la cooperaci\u00f3n binacional en el marco de la Operaci\u00f3n Frontera Norte, autoridades de M\u00e9xico y Estados\u2026","rel":"","context":"En \u00abFeatured\u00bb","block_context":{"text":"Featured","link":"https:\/\/mexicocodigorojo.com.mx\/?cat=1724"},"img":{"alt_text":"","src":"https:\/\/i0.wp.com\/mexicocodigorojo.com.mx\/wp-content\/uploads\/2025\/03\/img_2096-1.jpg?fit=897%2C1200&ssl=1&resize=350%2C200","width":350,"height":200,"srcset":"https:\/\/i0.wp.com\/mexicocodigorojo.com.mx\/wp-content\/uploads\/2025\/03\/img_2096-1.jpg?fit=897%2C1200&ssl=1&resize=350%2C200 1x, https:\/\/i0.wp.com\/mexicocodigorojo.com.mx\/wp-content\/uploads\/2025\/03\/img_2096-1.jpg?fit=897%2C1200&ssl=1&resize=525%2C300 1.5x, https:\/\/i0.wp.com\/mexicocodigorojo.com.mx\/wp-content\/uploads\/2025\/03\/img_2096-1.jpg?fit=897%2C1200&ssl=1&resize=700%2C400 2x"},"classes":[]}],"jetpack_sharing_enabled":true,"jetpack_likes_enabled":true,"jetpack_shortlink":"https:\/\/wp.me\/p9TedA-gCE","_links":{"self":[{"href":"https:\/\/mexicocodigorojo.com.mx\/index.php?rest_route=\/wp\/v2\/posts\/63900","targetHints":{"allow":["GET"]}}],"collection":[{"href":"https:\/\/mexicocodigorojo.com.mx\/index.php?rest_route=\/wp\/v2\/posts"}],"about":[{"href":"https:\/\/mexicocodigorojo.com.mx\/index.php?rest_route=\/wp\/v2\/types\/post"}],"author":[{"embeddable":true,"href":"https:\/\/mexicocodigorojo.com.mx\/index.php?rest_route=\/wp\/v2\/users\/5"}],"replies":[{"embeddable":true,"href":"https:\/\/mexicocodigorojo.com.mx\/index.php?rest_route=%2Fwp%2Fv2%2Fcomments&post=63900"}],"version-history":[{"count":0,"href":"https:\/\/mexicocodigorojo.com.mx\/index.php?rest_route=\/wp\/v2\/posts\/63900\/revisions"}],"wp:featuredmedia":[{"embeddable":true,"href":"https:\/\/mexicocodigorojo.com.mx\/index.php?rest_route=\/wp\/v2\/media\/63899"}],"wp:attachment":[{"href":"https:\/\/mexicocodigorojo.com.mx\/index.php?rest_route=%2Fwp%2Fv2%2Fmedia&parent=63900"}],"wp:term":[{"taxonomy":"category","embeddable":true,"href":"https:\/\/mexicocodigorojo.com.mx\/index.php?rest_route=%2Fwp%2Fv2%2Fcategories&post=63900"},{"taxonomy":"post_tag","embeddable":true,"href":"https:\/\/mexicocodigorojo.com.mx\/index.php?rest_route=%2Fwp%2Fv2%2Ftags&post=63900"}],"curies":[{"name":"wp","href":"https:\/\/api.w.org\/{rel}","templated":true}]}}