{"id":63898,"date":"2025-02-27T18:29:34","date_gmt":"2025-02-28T00:29:34","guid":{"rendered":"https:\/\/mexicocodigorojo.com.mx\/?p=63898"},"modified":"2025-02-27T18:29:34","modified_gmt":"2025-02-28T00:29:34","slug":"mexico-realizo-el-traslado-de-29-personas-a-estados-unidos","status":"publish","type":"post","link":"https:\/\/mexicocodigorojo.com.mx\/?p=63898","title":{"rendered":"M\u00c9XICO REALIZ\u00d3 EL TRASLADO DE 29 PERSONAS A ESTADOS UNIDOS"},"content":{"rendered":"\n<p>El d\u00eda de hoy, en un hecho sin precedentes, en el marco de los acuerdos de cooperaci\u00f3n internacional, el Gobierno de M\u00e9xico realiz\u00f3 el traslado a los Estados Unidos de 29 personas que se encontraban privadas de su libertad en diferentes centros penitenciarios del territorio nacional, por lo que se realiz\u00f3 su custodia, traslado y entrega formal ante las autoridades que las requieren en Chicago, Houston, McKinney (Texas), Nueva York, Phoenix, San Antonio, Washington y White Plains (NY).<br>&nbsp;<br>Las 29 Personas Privadas de la Libertad (PPL) proced\u00edan de los siguientes Centros Federales de Reinserci\u00f3n Social:<\/p>\n\n\n\n<p><em>No. 1 Altiplano<\/em> (11)<br \/><em>No. 4 Noroeste, Nayarit<\/em> (2)<br \/><em>No. 8 Nor-poniente, Sinaloa<\/em> (1)<br \/><em>No. 11, CPS Sonora<\/em> (2)<br \/><em>No. 12, CPS Guanajuato<\/em> (3)<br \/><em>No. 13, CPS Oaxaca<\/em> (3)<br \/><em>No. 15, CPS Chiapas<\/em> (1)<br \/><em>No. 17, CPS Michoac\u00e1n<\/em> (1).<\/p>\n\n\n\n<p>Asimismo, se recibieron PPL de la <em>Ciudad de M\u00e9xico<\/em> (3) y del estado de <em>Guerrero<\/em>(1); uno m\u00e1s contaba con arraigo domiciliario.<\/p>\n\n\n\n<p>Todas las PPL fueron trasladados al <em>Aeropuerto Internacional Felipe \u00c1ngeles<\/em>; para despu\u00e9s ser dirigidos a las siguientes sedes en <em>Estados Unidos de Am\u00e9rica<\/em>:<\/p>\n\n\n\n<ul class=\"wp-block-list\">\n<li><em>Chicago, Illinois<\/em>:<\/li>\n\n\n\n<li>Jos\u00e9 \u00c1ngel Canobbio Inzunza, alias \u201cEl G\u00fcerito\u201d y\/o \u201cEl 90\u201d, l\u00edder del grupo armado \u201cLos Chimales\u201d, quien realizaba tareas de protecci\u00f3n de \u201cLos Chapitos\u201d, segundo al mando del grupo delictivo Los Chapitos.<\/li>\n\n\n\n<li>Norberto Valencia Gonz\u00e1lez, alias \u201cSocialitos\u201d, operador financiero para el \u201cC\u00e1rtel de los Beltr\u00e1n Leyva\u201d, a trav\u00e9s de cinco empresas, realizaba operaciones de blanqueo de activos. Motivo (M): Tr\u00e1fico de drogas.<br>.<\/li>\n\n\n\n<li><em>Houston, Texas<\/em>:<\/li>\n\n\n\n<li>Evaristo Cruz S\u00e1nchez, alias \u201cEl Vaquero\u201d, l\u00edder regional del \u201cC\u00e1rtel Golfo\u201d. M: Tr\u00e1fico de drogas.<\/li>\n\n\n\n<li>Jos\u00e9 Alberto Garc\u00eda Vilano, alias \u201cLa Kena\u201d, l\u00edder del grupo de \u201cLos Ciclones\u201d en Matamoros, Tamaulipas, una de las escisiones del C\u00e1rtel del Golfo (CDG). M: Tr\u00e1fico de drogas y lavado de dinero.<\/li>\n\n\n\n<li>Alder Alfonso Mar\u00edn Sotelo, es solicitado por el delito de homicidio, en agravio del oficial Ned Byrd, en el condado de Wake, en Carolina del Norte. M: Homicidio.<\/li>\n\n\n\n<li><em>McKinney, Texas<\/em>:<\/li>\n\n\n\n<li>Lucio Hern\u00e1ndez Lechuga, alias \u201cZ-100\u201d y\/o \u201cEl Lucky\u201d, l\u00edder regional de \u201cLos Zetas\u201d en Veracruz, Oaxaca y Puebla, con actividades delictivas de venta de droga, asaltos a camiones, robo de combustible, acopio de armas y narcomenudeo. M: Tr\u00e1fico de drogas.<\/li>\n\n\n\n<li>Ramiro P\u00e9rez Moreno, alias \u201cEl Rama\u201d, l\u00edder regional del c\u00e1rtel \u201cLos Zetas\u201d. M: Tr\u00e1fico de drogas.<\/li>\n\n\n\n<li>Jos\u00e9 Rodolfo Villareal Hern\u00e1ndez, alias \u201cGato\u201d, jefe operativo del C\u00e1rtel de los Beltr\u00e1n Leyva. M: Conspiraci\u00f3n, acecho interestatal.<\/li>\n\n\n\n<li>Miguel \u00c1ngel Rodr\u00edguez D\u00edaz, alias \u201cAlfa Metro\u201d, l\u00edder regional del c\u00e1rtel \u201cLos Zetas\u201d con zona de operaci\u00f3n en la zona norte de Coahuila. M: Tr\u00e1fico de drogas.<\/li>\n\n\n\n<li><em>Nueva York<\/em>:<\/li>\n\n\n\n<li>Rafael Caro Quintero, alias \u201cDon Rafa\u201d, l\u00edder fundador del \u201cC\u00e1rtel de Guadalajara\u201d. M: Tr\u00e1fico de Drogas.<\/li>\n\n\n\n<li>Vicente Carrillo Fuentes, alias \u201cEl Viceroy\u201d, se convirti\u00f3 en el l\u00edder del \u201cC\u00e1rtel de Ju\u00e1rez\u201d. M: Tr\u00e1fico de drogas.<\/li>\n\n\n\n<li><em>Phoenix, Arizona<\/em>:<\/li>\n\n\n\n<li>Jos\u00e9 Bibiano Cabrera Cabrera, alias \u201cEl Durango\u201d, jefe de plaza del C\u00e1rtel de Sinaloa, vertiente de \u201cLos Chapitos\u201d, en el municipio de Altar, Sonora. M: Tr\u00e1fico de drogas.<\/li>\n\n\n\n<li>Andrew Clark, alias \u201cEl Dictador\u201d, fung\u00eda como enlace log\u00edstico con el CJNG y el C\u00e1rtel del Pac\u00edfico. Motivo (M): Tr\u00e1fico de Drogas y Homicidio.<\/li>\n\n\n\n<li>H\u00e9ctor Eduardo Infante, jefe de plaza de la c\u00e9lula delictiva \u201cLos Rusos\u201d vinculada al \u201cC\u00e1rtel de Sinaloa\u201d, fue fundador de la banda denominada \u201cLos Infantes\u201d. M: Tr\u00e1fico de droga.<\/li>\n\n\n\n<li>In\u00e9s Enrique Torres Acosta, alias \u201cEl Kiki Torres\u201d, jefe de seguridad de \u201cEl Mayo Zambada\u201d. M: Tr\u00e1fico de drogas.<\/li>\n\n\n\n<li>Jos\u00e9 Guadalupe Tapia Quintero, alias \u201cLupe Tapia\u201d, lugarteniente del C\u00e1rtel Sinaloa, operador de alto rango de \u201cEl Mayo Zambada\u201d. M: Tr\u00e1fico de drogas.<\/li>\n\n\n\n<li>Jes\u00fas Humberto Lim\u00f3n L\u00f3pez, alias \u201cEl Chubeto\u201d, l\u00edder fundador de \u201cLos Cazadores-C\u00e1rtel de Sinaloa\u201d, grupo af\u00edn a Los Chapitos. M: Tr\u00e1fico de Drogas.<\/li>\n<\/ul>\n\n\n\n<p>\u2022<em>San Antonio, TX:<\/em><\/p>\n\n\n\n<ul class=\"wp-block-list\">\n<li>Jes\u00fas Alberto Galaviz Vega, alias \u201cZ-13\u201d, L\u00edder del C\u00e1rtel de Los Zetas, quien coordinaba la distribuci\u00f3n de droga en Coahuila y Tamaulipas, M: Tr\u00e1fico de drogas.<\/li>\n\n\n\n<li>Luis Gerardo M\u00e9ndez Estevane, alias \u201cEl T\u00edo\u201d, Perteneci\u00f3 al grupo delictivo \u201cLos Aztecas\u201d, brazo armado de \u201cLa L\u00ednea\u201d, actualmente \u201cLa Empresa\u201d, con operaci\u00f3n en Chihuahua. M: Delincuencia organizada.<\/li>\n\n\n\n<li>Carlos Alberto Monsiv\u00e1is Trevi\u00f1o, alias \u201cLa Bola\u201d, l\u00edder del c\u00e1rtel del Noreste. M: Tr\u00e1fico de drogas, Tr\u00e1fico de armas y Lavado de dinero.<\/li>\n\n\n\n<li><em>Washington, D.C:<\/em><\/li>\n\n\n\n<li>Carlos Algredo V\u00e1zquez, mando operativo del C\u00e1rtel Jalisco Nueva Generaci\u00f3n. M: Tr\u00e1fico de Drogas.<\/li>\n\n\n\n<li>Rodolfo L\u00f3pez Ibarra, alias \u201cNito\u201d, jefe plaza de la c\u00e9lula delictiva \u201cLos Beltr\u00e1n Leyva\u201d en Nuevo Le\u00f3n. M: Tr\u00e1fico de drogas.<\/li>\n\n\n\n<li>Antonio Oseguera Cervantes, alias \u201cTony Montana\u201d, principal operador financiero y log\u00edstico del CJNG. M: Tr\u00e1fico de Drogas.<\/li>\n\n\n\n<li>Alfredo Rangel Buend\u00eda, alias, \u201cEl Chicles\u201d, l\u00edder regional del C\u00e1rtel de Los Zetas. M: Tr\u00e1fico de Drogas.<\/li>\n\n\n\n<li>Miguel \u00c1ngel Trevi\u00f1o Morales, alias \u201cZ-40\u201d, ex l\u00edder de Los Zetas y fundador del C\u00e1rtel del Noreste. M: Tr\u00e1fico de drogas.<\/li>\n\n\n\n<li>Oscar Omar Trevi\u00f1o Morales, alias \u201cZ-42\u201d, considerado uno de los principales generadores de violencia en Coahuila, Nuevo Le\u00f3n y Tamaulipas. M: Tr\u00e1fico de drogas.<\/li>\n\n\n\n<li>Erick Valencia Salazar, alias \u201cEl 85\u201d, l\u00edder de \u201cLos Matazetas\u201d. M: Tr\u00e1fico de Drogas.<\/li>\n<\/ul>\n\n\n\n<p>\u2022<em>White Plains, NY:<\/em><\/p>\n\n\n\n<ul class=\"wp-block-list\">\n<li>Jos\u00e9 Jes\u00fas M\u00e9ndez Vargas, alias \u201cChango\u201d, l\u00edder y fundador de \u201cLa Familia Michoacana\u201d. M: Tr\u00e1fico de drogas.<\/li>\n\n\n\n<li>Itiel Palacios Garc\u00eda, alias \u201cCompa Playa\u201d, l\u00edder regional y operador financiero del CJNG en Oaxaca y Veracruz. M: Tr\u00e1fico de drogas y portaci\u00f3n ilegal de armas de fuego.<\/li>\n<\/ul>\n\n\n\n<p>Cabe se\u00f1alar que durante la operaci\u00f3n no se registraron incidentes.<\/p>\n","protected":false},"excerpt":{"rendered":"<p>El d\u00eda de hoy, en un hecho sin precedentes, en el marco de los acuerdos de cooperaci\u00f3n internacional, el Gobierno de M\u00e9xico realiz\u00f3 el traslado a los Estados Unidos de 29 personas que se encontraban privadas de su libertad en diferentes centros penitenciarios del territorio nacional, por lo que se realiz\u00f3 su custodia, traslado y [&hellip;]<\/p>\n","protected":false},"author":5,"featured_media":63897,"comment_status":"open","ping_status":"open","sticky":false,"template":"","format":"standard","meta":{"_uf_show_specific_survey":0,"_uf_disable_surveys":false,"advanced_seo_description":"","jetpack_seo_html_title":"","jetpack_seo_noindex":false,"jetpack_post_was_ever_published":false,"_jetpack_newsletter_access":"","_jetpack_dont_email_post_to_subs":false,"_jetpack_newsletter_tier_id":0,"_jetpack_memberships_contains_paywalled_content":false,"_jetpack_memberships_contains_paid_content":false,"footnotes":"","jetpack_publicize_message":"","jetpack_publicize_feature_enabled":true,"jetpack_social_post_already_shared":true,"jetpack_social_options":{"image_generator_settings":{"template":"highway","default_image_id":0,"font":"","enabled":false},"version":2}},"categories":[101,1724],"tags":[225],"class_list":{"0":"post-63898","1":"post","2":"type-post","3":"status-publish","4":"format-standard","5":"has-post-thumbnail","7":"category-ciudad-de-mexico","8":"category-featured","9":"tag-narcotrafico"},"jetpack_publicize_connections":[],"jetpack_featured_media_url":"https:\/\/i0.wp.com\/mexicocodigorojo.com.mx\/wp-content\/uploads\/2025\/02\/4703f6aa-ca56-43ae-82e2-144a9e2b2e6a-1.jpg?fit=1343%2C1600&ssl=1","jetpack-related-posts":[{"id":41260,"url":"https:\/\/mexicocodigorojo.com.mx\/?p=41260","url_meta":{"origin":63898,"position":0},"title":"Trasladan a 320 reos del Altiplano a Coahuila","author":"Staff","date":"agosto 6, 2020","format":false,"excerpt":"Los internos fueron trasladados para cumplir con las recomendaciones sanitarias para prevenir contagios de covid-19 Un grupo de 320 internos del Centro Federal de Readaptaci\u00f3n Social (Cefereso) n\u00famero 1,\u00a0Altiplano, fueron reubicados al penal federal n\u00famero 18 \u201cCPS Coahuila\u201d, para cumplir con las recomendaciones sanitarias para prevenir contagios de\u00a0covid-19. La Secretar\u00eda\u2026","rel":"","context":"En \u00abCoahuila\u00bb","block_context":{"text":"Coahuila","link":"https:\/\/mexicocodigorojo.com.mx\/?cat=27"},"img":{"alt_text":"","src":"https:\/\/i0.wp.com\/mexicocodigorojo.com.mx\/wp-content\/uploads\/2020\/08\/2415203.jpg?fit=664%2C498&ssl=1&resize=350%2C200","width":350,"height":200,"srcset":"https:\/\/i0.wp.com\/mexicocodigorojo.com.mx\/wp-content\/uploads\/2020\/08\/2415203.jpg?fit=664%2C498&ssl=1&resize=350%2C200 1x, https:\/\/i0.wp.com\/mexicocodigorojo.com.mx\/wp-content\/uploads\/2020\/08\/2415203.jpg?fit=664%2C498&ssl=1&resize=525%2C300 1.5x"},"classes":[]},{"id":1516,"url":"https:\/\/mexicocodigorojo.com.mx\/?p=1516","url_meta":{"origin":63898,"position":1},"title":"SECRETAR\u00cdA DE SEGURIDAD TRASLADA A M\u00c1S DE 120 PRESOS AL PENAL FEDERAL DE ISLAS MAR\u00cdAS","author":"Staff","date":"agosto 23, 2018","format":false,"excerpt":"*En completo respeto a los derechos humanos y en com\u00fan acuerdo con los PPL, se realiz\u00f3 la reubicaci\u00f3n Toluca, Estado de M\u00e9xico, 23 de agosto de 2018.-Como parte de las acciones de despresurizaci\u00f3n de los Centros de Reinserci\u00f3n Social de la entidad, la Secretar\u00eda de Seguridad (SS) a trav\u00e9s de\u2026","rel":"","context":"En \u00abEstado de M\u00e9xico\u00bb","block_context":{"text":"Estado de M\u00e9xico","link":"https:\/\/mexicocodigorojo.com.mx\/?cat=53"},"img":{"alt_text":"","src":"https:\/\/i0.wp.com\/mexicocodigorojo.com.mx\/wp-content\/uploads\/2018\/08\/95BB1126-206F-4938-8F05-8BF6339095F2.jpeg?fit=551%2C350&ssl=1&resize=350%2C200","width":350,"height":200,"srcset":"https:\/\/i0.wp.com\/mexicocodigorojo.com.mx\/wp-content\/uploads\/2018\/08\/95BB1126-206F-4938-8F05-8BF6339095F2.jpeg?fit=551%2C350&ssl=1&resize=350%2C200 1x, https:\/\/i0.wp.com\/mexicocodigorojo.com.mx\/wp-content\/uploads\/2018\/08\/95BB1126-206F-4938-8F05-8BF6339095F2.jpeg?fit=551%2C350&ssl=1&resize=525%2C300 1.5x"},"classes":[]},{"id":55858,"url":"https:\/\/mexicocodigorojo.com.mx\/?p=55858","url_meta":{"origin":63898,"position":2},"title":"Raymundo Ramos exigi\u00f3 mejorar las condiciones del penal donde esta el Z40","author":"Staff","date":"julio 18, 2022","format":false,"excerpt":"Chiapas. 18 de julio 2022.- El representante del Comit\u00e9 de Derechos Humanos de Nuevo Laredo, Tamaulipas envi\u00f3 una carta en car\u00e1cter de urgente para denunciar acciones dentro del Cefereso 15 en Chiapas. La carta cita: El Comit\u00e9 de Derechos Humanos de Nuevo Laredo A.C. se dirige a Ustedes de manera\u2026","rel":"","context":"En \u00abChiapas\u00bb","block_context":{"text":"Chiapas","link":"https:\/\/mexicocodigorojo.com.mx\/?cat=75"},"img":{"alt_text":"","src":"https:\/\/i0.wp.com\/mexicocodigorojo.com.mx\/wp-content\/uploads\/2023\/04\/ramos-jul-2022.jpg?fit=1200%2C811&ssl=1&resize=350%2C200","width":350,"height":200,"srcset":"https:\/\/i0.wp.com\/mexicocodigorojo.com.mx\/wp-content\/uploads\/2023\/04\/ramos-jul-2022.jpg?fit=1200%2C811&ssl=1&resize=350%2C200 1x, https:\/\/i0.wp.com\/mexicocodigorojo.com.mx\/wp-content\/uploads\/2023\/04\/ramos-jul-2022.jpg?fit=1200%2C811&ssl=1&resize=525%2C300 1.5x, https:\/\/i0.wp.com\/mexicocodigorojo.com.mx\/wp-content\/uploads\/2023\/04\/ramos-jul-2022.jpg?fit=1200%2C811&ssl=1&resize=700%2C400 2x, https:\/\/i0.wp.com\/mexicocodigorojo.com.mx\/wp-content\/uploads\/2023\/04\/ramos-jul-2022.jpg?fit=1200%2C811&ssl=1&resize=1050%2C600 3x"},"classes":[]},{"id":62475,"url":"https:\/\/mexicocodigorojo.com.mx\/?p=62475","url_meta":{"origin":63898,"position":3},"title":"Trasladan desde CEDES de Tamaulipas a 68 personas privadas de la libertad a CEFERESOS","author":"Staff","date":"agosto 2, 2024","format":false,"excerpt":"Ciudad Victoria, Tamaulipas.- Teniendo como principio b\u00e1sico el respeto a los Derechos Humanos, la Secretar\u00eda de Seguridad P\u00fablica de Tamaulipas (SSPT) efectu\u00f3 el traslado de 68 personas privadas de la libertad (PPLs) desde los Centros de Ejecuci\u00f3n de Sanciones (CEDES) de esta entidad hacia diferentes Centros Federales de Readaptaci\u00f3n Social\u2026","rel":"","context":"En \u00abFeatured\u00bb","block_context":{"text":"Featured","link":"https:\/\/mexicocodigorojo.com.mx\/?cat=1724"},"img":{"alt_text":"","src":"https:\/\/i0.wp.com\/mexicocodigorojo.com.mx\/wp-content\/uploads\/2024\/08\/a5ddb392-b96e-4835-856c-efd3e0c310ab-1.jpg?fit=1200%2C900&ssl=1&resize=350%2C200","width":350,"height":200,"srcset":"https:\/\/i0.wp.com\/mexicocodigorojo.com.mx\/wp-content\/uploads\/2024\/08\/a5ddb392-b96e-4835-856c-efd3e0c310ab-1.jpg?fit=1200%2C900&ssl=1&resize=350%2C200 1x, https:\/\/i0.wp.com\/mexicocodigorojo.com.mx\/wp-content\/uploads\/2024\/08\/a5ddb392-b96e-4835-856c-efd3e0c310ab-1.jpg?fit=1200%2C900&ssl=1&resize=525%2C300 1.5x, https:\/\/i0.wp.com\/mexicocodigorojo.com.mx\/wp-content\/uploads\/2024\/08\/a5ddb392-b96e-4835-856c-efd3e0c310ab-1.jpg?fit=1200%2C900&ssl=1&resize=700%2C400 2x, https:\/\/i0.wp.com\/mexicocodigorojo.com.mx\/wp-content\/uploads\/2024\/08\/a5ddb392-b96e-4835-856c-efd3e0c310ab-1.jpg?fit=1200%2C900&ssl=1&resize=1050%2C600 3x"},"classes":[]},{"id":47996,"url":"https:\/\/mexicocodigorojo.com.mx\/?p=47996","url_meta":{"origin":63898,"position":4},"title":"Trasladan a 398 internos de Cieneguillas a penales federales","author":"Staff","date":"marzo 30, 2021","format":false,"excerpt":"\u25a0 Se registr\u00f3 una ri\u00f1a la noche de este lunes por dicha acci\u00f3n \u25a0 Fueron llevados a sitios de internamiento en Michoac\u00e1n, Chiapas, Coahuila, Durango y Oaxaca \u25a0 El Gobierno de M\u00e9xico atendi\u00f3 la solicitud y se dio cumplimiento a la Estrategia de Seguridad P\u00fablica Integral para Zacatecas En atenci\u00f3n\u2026","rel":"","context":"En \u00abFeatured\u00bb","block_context":{"text":"Featured","link":"https:\/\/mexicocodigorojo.com.mx\/?cat=1724"},"img":{"alt_text":"Guardia Nacional traslada a 398 internos de Cieneguillas a penales federales","src":"https:\/\/i0.wp.com\/ljz.mx\/wp-content\/uploads\/2021\/03\/REOS-1-copia.png?resize=350%2C200&ssl=1","width":350,"height":200,"srcset":"https:\/\/i0.wp.com\/ljz.mx\/wp-content\/uploads\/2021\/03\/REOS-1-copia.png?resize=350%2C200&ssl=1 1x, https:\/\/i0.wp.com\/ljz.mx\/wp-content\/uploads\/2021\/03\/REOS-1-copia.png?resize=525%2C300&ssl=1 1.5x, https:\/\/i0.wp.com\/ljz.mx\/wp-content\/uploads\/2021\/03\/REOS-1-copia.png?resize=700%2C400&ssl=1 2x"},"classes":[]},{"id":13466,"url":"https:\/\/mexicocodigorojo.com.mx\/?p=13466","url_meta":{"origin":63898,"position":5},"title":"Trasladan a 29 reos de CEDES fuera de Tamaulipas","author":"Staff","date":"febrero 1, 2019","format":false,"excerpt":"Ciudad Victoria, Tamaulipas.- La Secretar\u00eda de Seguridad P\u00fablica informa que la ma\u00f1ana de este viernes 1 de febrero se realiz\u00f3 la excarcelaci\u00f3n de 29 Personas Privadas de su Libertad (PPLs) de los Centros de Ejecuci\u00f3n de Sanciones (CEDES) de Ciudad Victoria, Matamoros, Reynosa, Nuevo Laredo y Altamira, para su traslado\u2026","rel":"","context":"En \u00abTamaulipas\u00bb","block_context":{"text":"Tamaulipas","link":"https:\/\/mexicocodigorojo.com.mx\/?cat=2"},"img":{"alt_text":"","src":"https:\/\/i0.wp.com\/mexicocodigorojo.com.mx\/wp-content\/uploads\/2019\/02\/img-20190201-wa01005166872980266025983.jpg?resize=350%2C200&ssl=1","width":350,"height":200,"srcset":"https:\/\/i0.wp.com\/mexicocodigorojo.com.mx\/wp-content\/uploads\/2019\/02\/img-20190201-wa01005166872980266025983.jpg?resize=350%2C200&ssl=1 1x, https:\/\/i0.wp.com\/mexicocodigorojo.com.mx\/wp-content\/uploads\/2019\/02\/img-20190201-wa01005166872980266025983.jpg?resize=525%2C300&ssl=1 1.5x, https:\/\/i0.wp.com\/mexicocodigorojo.com.mx\/wp-content\/uploads\/2019\/02\/img-20190201-wa01005166872980266025983.jpg?resize=700%2C400&ssl=1 2x, https:\/\/i0.wp.com\/mexicocodigorojo.com.mx\/wp-content\/uploads\/2019\/02\/img-20190201-wa01005166872980266025983.jpg?resize=1050%2C600&ssl=1 3x"},"classes":[]}],"jetpack_sharing_enabled":true,"jetpack_likes_enabled":true,"jetpack_shortlink":"https:\/\/wp.me\/p9TedA-gCC","_links":{"self":[{"href":"https:\/\/mexicocodigorojo.com.mx\/index.php?rest_route=\/wp\/v2\/posts\/63898","targetHints":{"allow":["GET"]}}],"collection":[{"href":"https:\/\/mexicocodigorojo.com.mx\/index.php?rest_route=\/wp\/v2\/posts"}],"about":[{"href":"https:\/\/mexicocodigorojo.com.mx\/index.php?rest_route=\/wp\/v2\/types\/post"}],"author":[{"embeddable":true,"href":"https:\/\/mexicocodigorojo.com.mx\/index.php?rest_route=\/wp\/v2\/users\/5"}],"replies":[{"embeddable":true,"href":"https:\/\/mexicocodigorojo.com.mx\/index.php?rest_route=%2Fwp%2Fv2%2Fcomments&post=63898"}],"version-history":[{"count":0,"href":"https:\/\/mexicocodigorojo.com.mx\/index.php?rest_route=\/wp\/v2\/posts\/63898\/revisions"}],"wp:featuredmedia":[{"embeddable":true,"href":"https:\/\/mexicocodigorojo.com.mx\/index.php?rest_route=\/wp\/v2\/media\/63897"}],"wp:attachment":[{"href":"https:\/\/mexicocodigorojo.com.mx\/index.php?rest_route=%2Fwp%2Fv2%2Fmedia&parent=63898"}],"wp:term":[{"taxonomy":"category","embeddable":true,"href":"https:\/\/mexicocodigorojo.com.mx\/index.php?rest_route=%2Fwp%2Fv2%2Fcategories&post=63898"},{"taxonomy":"post_tag","embeddable":true,"href":"https:\/\/mexicocodigorojo.com.mx\/index.php?rest_route=%2Fwp%2Fv2%2Ftags&post=63898"}],"curies":[{"name":"wp","href":"https:\/\/api.w.org\/{rel}","templated":true}]}}