{"id":63880,"date":"2025-02-25T05:54:35","date_gmt":"2025-02-25T11:54:35","guid":{"rendered":"https:\/\/mexicocodigorojo.com.mx\/?p=63880"},"modified":"2025-02-25T05:54:35","modified_gmt":"2025-02-25T11:54:35","slug":"tragedia-en-culiacan-ataque-en-autolavado-deja-dos-muertos-y-un-menor-herido","status":"publish","type":"post","link":"https:\/\/mexicocodigorojo.com.mx\/?p=63880","title":{"rendered":"Tragedia en Culiac\u00e1n: Ataque en Autolavado Deja Dos Muertos y un Menor Herido"},"content":{"rendered":"<p data-start=\"305\" data-end=\"646\">La violencia ha tocado nuevamente las puertas de Culiac\u00e1n, Sinaloa, esta vez con un saldo tr\u00e1gico de dos personas fallecidas y un menor herido en un ataque armado en un autolavado de la colonia Ruiz Cortines. El incidente ocurri\u00f3 cerca de las 13:30 horas del d\u00eda, destacando la vulnerabilidad de los j\u00f3venes en contextos de violencia urbana.<\/p>\n<p data-start=\"648\" data-end=\"683\"><strong data-start=\"648\" data-end=\"683\">\u00a0Detalles del Incidente<\/strong><\/p>\n<p data-start=\"685\" data-end=\"1132\">El ataque se llev\u00f3 a cabo por individuos armados que irrumpieron en el autolavado ubicado en la calle Rosendo Rodr\u00edguez, esquina con la avenida Fernando Cu\u00e9n. Los atacantes abrieron fuego repetidas veces, impactando a varios de los presentes. Entre las v\u00edctimas mortales se encontraba un adolescente de 14 a\u00f1os, identificado como Carlos \u2018N\u2019, y un joven de 22 a\u00f1os, Juan Carlos \u2018N\u2019. Un segundo menor, Kevin Alejandro \u2018N\u2019 de 16 a\u00f1os, result\u00f3 herido.<\/p>\n<p data-start=\"1134\" data-end=\"1186\"><strong data-start=\"1134\" data-end=\"1186\">\u00a0Consecuencias y Reacciones Comunitarias<\/strong><\/p>\n<p data-start=\"1188\" data-end=\"1473\">La comunidad de Culiac\u00e1n ha quedado conmocionada ante este nuevo episodio de violencia que afecta directamente a sus j\u00f3venes. La frecuencia de estos sucesos plantea interrogantes sobre las medidas de seguridad y protecci\u00f3n civil en \u00e1reas propensas a la violencia del crimen organizado.<\/p>\n<p data-start=\"1475\" data-end=\"1512\"><strong data-start=\"1475\" data-end=\"1512\">\u00a0Investigaciones en Curso<\/strong><\/p>\n<p data-start=\"1514\" data-end=\"1893\">Aunque se rumora la posible privaci\u00f3n de la libertad de otro individuo apodado \u201cEl Gordito\u201d durante el mismo incidente, las autoridades a\u00fan no han confirmado esta informaci\u00f3n. La investigaci\u00f3n sigue en curso, con las autoridades trabajando para clarificar los motivos detr\u00e1s del ataque y para dar con los responsables de este acto criminal que ha alterado la paz de la comunidad.<\/p>\n<p data-start=\"1895\" data-end=\"2210\" data-is-last-node=\"\" data-is-only-node=\"\">Este tr\u00e1gico evento subraya la necesidad urgente de estrategias m\u00e1s efectivas para combatir el crimen y proteger a los ciudadanos, especialmente a los m\u00e1s j\u00f3venes, en Culiac\u00e1n. La sociedad civil y las autoridades deben unirse para crear un ambiente m\u00e1s seguro y resiliente frente a la violencia que asola la regi\u00f3n.<\/p>\n<p><img data-recalc-dims=\"1\" loading=\"lazy\" decoding=\"async\" data-attachment-id=\"63882\" data-permalink=\"https:\/\/mexicocodigorojo.com.mx\/?attachment_id=63882\" data-orig-file=\"https:\/\/i0.wp.com\/mexicocodigorojo.com.mx\/wp-content\/uploads\/2025\/02\/Captura-de-pantalla-2025-02-25-055349.png?fit=1260%2C811&amp;ssl=1\" data-orig-size=\"1260,811\" data-comments-opened=\"1\" data-image-meta=\"{&quot;aperture&quot;:&quot;0&quot;,&quot;credit&quot;:&quot;&quot;,&quot;camera&quot;:&quot;&quot;,&quot;caption&quot;:&quot;&quot;,&quot;created_timestamp&quot;:&quot;0&quot;,&quot;copyright&quot;:&quot;&quot;,&quot;focal_length&quot;:&quot;0&quot;,&quot;iso&quot;:&quot;0&quot;,&quot;shutter_speed&quot;:&quot;0&quot;,&quot;title&quot;:&quot;&quot;,&quot;orientation&quot;:&quot;0&quot;}\" data-image-title=\"Captura de pantalla 2025-02-25 055349\" data-image-description=\"\" data-image-caption=\"\" data-large-file=\"https:\/\/i0.wp.com\/mexicocodigorojo.com.mx\/wp-content\/uploads\/2025\/02\/Captura-de-pantalla-2025-02-25-055349.png?fit=696%2C448&amp;ssl=1\" class=\"alignnone wp-image-63882 size-full\" src=\"https:\/\/i0.wp.com\/mexicocodigorojo.com.mx\/wp-content\/uploads\/2025\/02\/Captura-de-pantalla-2025-02-25-055349.png?resize=696%2C448&#038;ssl=1\" alt=\"\" width=\"696\" height=\"448\" srcset=\"https:\/\/i0.wp.com\/mexicocodigorojo.com.mx\/wp-content\/uploads\/2025\/02\/Captura-de-pantalla-2025-02-25-055349.png?w=1260&amp;ssl=1 1260w, https:\/\/i0.wp.com\/mexicocodigorojo.com.mx\/wp-content\/uploads\/2025\/02\/Captura-de-pantalla-2025-02-25-055349.png?resize=300%2C193&amp;ssl=1 300w, https:\/\/i0.wp.com\/mexicocodigorojo.com.mx\/wp-content\/uploads\/2025\/02\/Captura-de-pantalla-2025-02-25-055349.png?resize=1024%2C659&amp;ssl=1 1024w, https:\/\/i0.wp.com\/mexicocodigorojo.com.mx\/wp-content\/uploads\/2025\/02\/Captura-de-pantalla-2025-02-25-055349.png?resize=768%2C494&amp;ssl=1 768w, https:\/\/i0.wp.com\/mexicocodigorojo.com.mx\/wp-content\/uploads\/2025\/02\/Captura-de-pantalla-2025-02-25-055349.png?resize=653%2C420&amp;ssl=1 653w, https:\/\/i0.wp.com\/mexicocodigorojo.com.mx\/wp-content\/uploads\/2025\/02\/Captura-de-pantalla-2025-02-25-055349.png?resize=150%2C97&amp;ssl=1 150w, https:\/\/i0.wp.com\/mexicocodigorojo.com.mx\/wp-content\/uploads\/2025\/02\/Captura-de-pantalla-2025-02-25-055349.png?resize=696%2C448&amp;ssl=1 696w, https:\/\/i0.wp.com\/mexicocodigorojo.com.mx\/wp-content\/uploads\/2025\/02\/Captura-de-pantalla-2025-02-25-055349.png?resize=1068%2C687&amp;ssl=1 1068w\" sizes=\"auto, (max-width: 696px) 100vw, 696px\" \/><\/p>\n","protected":false},"excerpt":{"rendered":"<p>La violencia ha tocado nuevamente las puertas de Culiac\u00e1n, Sinaloa, esta vez con un saldo tr\u00e1gico de dos personas fallecidas y un menor herido en un ataque armado en un autolavado de la colonia Ruiz Cortines. El incidente ocurri\u00f3 cerca de las 13:30 horas del d\u00eda, destacando la vulnerabilidad de los j\u00f3venes en contextos de [&hellip;]<\/p>\n","protected":false},"author":21,"featured_media":63881,"comment_status":"open","ping_status":"open","sticky":false,"template":"","format":"standard","meta":{"_uf_show_specific_survey":0,"_uf_disable_surveys":false,"advanced_seo_description":"","jetpack_seo_html_title":"","jetpack_seo_noindex":false,"jetpack_post_was_ever_published":false,"_jetpack_newsletter_access":"","_jetpack_dont_email_post_to_subs":false,"_jetpack_newsletter_tier_id":0,"_jetpack_memberships_contains_paywalled_content":false,"_jetpack_memberships_contains_paid_content":false,"footnotes":"","jetpack_publicize_message":"","jetpack_publicize_feature_enabled":true,"jetpack_social_post_already_shared":true,"jetpack_social_options":{"image_generator_settings":{"template":"highway","default_image_id":0,"font":"","enabled":false},"version":2}},"categories":[1724,41],"tags":[],"class_list":{"0":"post-63880","1":"post","2":"type-post","3":"status-publish","4":"format-standard","5":"has-post-thumbnail","7":"category-featured","8":"category-sinaloa"},"jetpack_publicize_connections":[],"jetpack_featured_media_url":"https:\/\/i0.wp.com\/mexicocodigorojo.com.mx\/wp-content\/uploads\/2025\/02\/Captura-de-pantalla-2025-02-25-055231.png?fit=1181%2C632&ssl=1","jetpack-related-posts":[{"id":63539,"url":"https:\/\/mexicocodigorojo.com.mx\/?p=63539","url_meta":{"origin":63880,"position":0},"title":"Ni\u00f1o Herido en Ataque Armado en Culiac\u00e1n: Comunidad Exige Respuestas","author":"MexicoRojoCvmx","date":"enero 9, 2025","format":false,"excerpt":"En un violento ataque a una vivienda en la colonia Sim\u00f3n Bolivar al sur de Culiac\u00e1n, Sinaloa, un ni\u00f1o de 12 a\u00f1os sufri\u00f3 la amputaci\u00f3n de un dedo despu\u00e9s de ser alcanzado por una bala perdida. El incidente ocurri\u00f3 el jueves 9 de enero, dejando al menor, identificado como Alan\u2026","rel":"","context":"En \u00abFeatured\u00bb","block_context":{"text":"Featured","link":"https:\/\/mexicocodigorojo.com.mx\/?cat=1724"},"img":{"alt_text":"","src":"https:\/\/i0.wp.com\/mexicocodigorojo.com.mx\/wp-content\/uploads\/2025\/01\/Captura-de-pantalla-2025-01-09-193518.png?fit=1181%2C664&ssl=1&resize=350%2C200","width":350,"height":200,"srcset":"https:\/\/i0.wp.com\/mexicocodigorojo.com.mx\/wp-content\/uploads\/2025\/01\/Captura-de-pantalla-2025-01-09-193518.png?fit=1181%2C664&ssl=1&resize=350%2C200 1x, https:\/\/i0.wp.com\/mexicocodigorojo.com.mx\/wp-content\/uploads\/2025\/01\/Captura-de-pantalla-2025-01-09-193518.png?fit=1181%2C664&ssl=1&resize=525%2C300 1.5x, https:\/\/i0.wp.com\/mexicocodigorojo.com.mx\/wp-content\/uploads\/2025\/01\/Captura-de-pantalla-2025-01-09-193518.png?fit=1181%2C664&ssl=1&resize=700%2C400 2x, https:\/\/i0.wp.com\/mexicocodigorojo.com.mx\/wp-content\/uploads\/2025\/01\/Captura-de-pantalla-2025-01-09-193518.png?fit=1181%2C664&ssl=1&resize=1050%2C600 3x"},"classes":[]},{"id":59651,"url":"https:\/\/mexicocodigorojo.com.mx\/?p=59651","url_meta":{"origin":63880,"position":1},"title":"CHIAPAS | VIDEO EJECUTAN A TRES PERSONAS Y DEJAN TRES HERIDOS EN UN ATAQUE ARMADO EN TUXTLA GUTI\u00c9RREZ","author":"MexicoRojo","date":"abril 13, 2024","format":false,"excerpt":"Ataque armado en un autolavado de Tuxtla Guti\u00e9rrez, Chiapas, dejo como saldo tres hombres muertos y tres heridos. Al menos dos Sicarios llegaron al autolavado ubicado sobre la Calzada del Sumidero y comenzaron a disparar indiscriminadamente contra todas las personas que se encontraban en el lugar. Como saldo de esta\u2026","rel":"","context":"En \u00abChiapas\u00bb","block_context":{"text":"Chiapas","link":"https:\/\/mexicocodigorojo.com.mx\/?cat=75"},"img":{"alt_text":"","src":"https:\/\/i0.wp.com\/mexicocodigorojo.com.mx\/wp-content\/uploads\/2024\/04\/20240413_125149.jpg?fit=358%2C580&ssl=1&resize=350%2C200","width":350,"height":200},"classes":[]},{"id":57962,"url":"https:\/\/mexicocodigorojo.com.mx\/?p=57962","url_meta":{"origin":63880,"position":2},"title":"ATAQUE ARMADO EN CELAYA GUANAJUATO DEJA TRES PERSONAS SIN VIDA","author":"MexicoRojo","date":"noviembre 1, 2023","format":false,"excerpt":"\"Este d\u00eda un grupo de sujetos armados lleg\u00f3 hasta un autolavado de la ciudad de Celaya, Guanajuato y realiz\u00f3 un ataque armado que dej\u00f3 tres muertos. \u00a0 \u00a0 Al Autolavado Chupacabras ubicado en el cruce de las calles Ruise\u00f1or y Pericos de la colonia \u00c1lamos lleg\u00f3 un grupo armado aproximadamente\u2026","rel":"","context":"En \u00abFeatured\u00bb","block_context":{"text":"Featured","link":"https:\/\/mexicocodigorojo.com.mx\/?cat=1724"},"img":{"alt_text":"","src":"https:\/\/i0.wp.com\/mexicocodigorojo.com.mx\/wp-content\/uploads\/2023\/11\/Polish_20231101_190516862.jpg?fit=1200%2C960&ssl=1&resize=350%2C200","width":350,"height":200,"srcset":"https:\/\/i0.wp.com\/mexicocodigorojo.com.mx\/wp-content\/uploads\/2023\/11\/Polish_20231101_190516862.jpg?fit=1200%2C960&ssl=1&resize=350%2C200 1x, https:\/\/i0.wp.com\/mexicocodigorojo.com.mx\/wp-content\/uploads\/2023\/11\/Polish_20231101_190516862.jpg?fit=1200%2C960&ssl=1&resize=525%2C300 1.5x, https:\/\/i0.wp.com\/mexicocodigorojo.com.mx\/wp-content\/uploads\/2023\/11\/Polish_20231101_190516862.jpg?fit=1200%2C960&ssl=1&resize=700%2C400 2x, https:\/\/i0.wp.com\/mexicocodigorojo.com.mx\/wp-content\/uploads\/2023\/11\/Polish_20231101_190516862.jpg?fit=1200%2C960&ssl=1&resize=1050%2C600 3x"},"classes":[]},{"id":32910,"url":"https:\/\/mexicocodigorojo.com.mx\/?p=32910","url_meta":{"origin":63880,"position":3},"title":"Sicarios lo levantan,golpean &#038; ejecutan ala vista de todos en Culiacan Sinaloa","author":"MexicoRojo","date":"febrero 14, 2020","format":false,"excerpt":"Culiac\u00e1n, Sin.- Cuando intentaba huir de sus captores que lo llevaban privado su libertad en un veh\u00edculo del que se desconocen caracter\u00edsticas, un hombre fue ejecutado con armas largas y cortas la tarde de este mi\u00e9rcoles en la colonia Guadalupe. Las autoridades informaron que hasta el momento la v\u00edctima permanece\u2026","rel":"","context":"En \u00abSinaloa\u00bb","block_context":{"text":"Sinaloa","link":"https:\/\/mexicocodigorojo.com.mx\/?cat=41"},"img":{"alt_text":"","src":"https:\/\/i0.wp.com\/secureservercdn.net\/166.62.108.22\/cg1.af3.myftpupload.com\/wp-content\/uploads\/2020\/02\/8e40919f-f61a-4466-a6c0-322bfa837493-1024x576813269992-1.jpg?resize=350%2C200&ssl=1","width":350,"height":200,"srcset":"https:\/\/i0.wp.com\/secureservercdn.net\/166.62.108.22\/cg1.af3.myftpupload.com\/wp-content\/uploads\/2020\/02\/8e40919f-f61a-4466-a6c0-322bfa837493-1024x576813269992-1.jpg?resize=350%2C200&ssl=1 1x, https:\/\/i0.wp.com\/secureservercdn.net\/166.62.108.22\/cg1.af3.myftpupload.com\/wp-content\/uploads\/2020\/02\/8e40919f-f61a-4466-a6c0-322bfa837493-1024x576813269992-1.jpg?resize=525%2C300&ssl=1 1.5x, https:\/\/i0.wp.com\/secureservercdn.net\/166.62.108.22\/cg1.af3.myftpupload.com\/wp-content\/uploads\/2020\/02\/8e40919f-f61a-4466-a6c0-322bfa837493-1024x576813269992-1.jpg?resize=700%2C400&ssl=1 2x"},"classes":[]},{"id":63567,"url":"https:\/\/mexicocodigorojo.com.mx\/?p=63567","url_meta":{"origin":63880,"position":4},"title":"Violencia en Culiac\u00e1n: Padre secuestrado bajo la mirada de su hijo menor en el Boulevard Maqu\u00edo Clouthier","author":"MexicoRojoCvmx","date":"enero 14, 2025","format":false,"excerpt":"Culiac\u00e1n, Sinaloa. En un evento que ha sacudido a la comunidad del sector de Ca\u00f1adas en Culiac\u00e1n, un hombre fue secuestrado frente a su hijo de tan solo 10 a\u00f1os de edad, la noche de este domingo. Anselmo 'N', de 58 a\u00f1os, se convirti\u00f3 en v\u00edctima de un levant\u00f3n mientras\u2026","rel":"","context":"En \u00abFeatured\u00bb","block_context":{"text":"Featured","link":"https:\/\/mexicocodigorojo.com.mx\/?cat=1724"},"img":{"alt_text":"","src":"https:\/\/i0.wp.com\/mexicocodigorojo.com.mx\/wp-content\/uploads\/2025\/01\/Captura-de-pantalla-2025-01-14-060105.png?fit=1187%2C662&ssl=1&resize=350%2C200","width":350,"height":200,"srcset":"https:\/\/i0.wp.com\/mexicocodigorojo.com.mx\/wp-content\/uploads\/2025\/01\/Captura-de-pantalla-2025-01-14-060105.png?fit=1187%2C662&ssl=1&resize=350%2C200 1x, https:\/\/i0.wp.com\/mexicocodigorojo.com.mx\/wp-content\/uploads\/2025\/01\/Captura-de-pantalla-2025-01-14-060105.png?fit=1187%2C662&ssl=1&resize=525%2C300 1.5x, https:\/\/i0.wp.com\/mexicocodigorojo.com.mx\/wp-content\/uploads\/2025\/01\/Captura-de-pantalla-2025-01-14-060105.png?fit=1187%2C662&ssl=1&resize=700%2C400 2x, https:\/\/i0.wp.com\/mexicocodigorojo.com.mx\/wp-content\/uploads\/2025\/01\/Captura-de-pantalla-2025-01-14-060105.png?fit=1187%2C662&ssl=1&resize=1050%2C600 3x"},"classes":[]},{"id":20670,"url":"https:\/\/mexicocodigorojo.com.mx\/?p=20670","url_meta":{"origin":63880,"position":5},"title":"Balacera frente a cl\u00ednica en Culiac\u00e1n deja 1 muerto y 1 lesionado","author":"Staff","date":"julio 28, 2019","format":false,"excerpt":"En el lugar fueron hallados varios casquillos de armas cortas as\u00ed como de cuerno de chivo; los agresores contin\u00faan pr\u00f3fugos de la justicia y las v\u00edctimas en calidad de desconocidas. Un muerto y un herido fue el saldo de una balacera registrada frente a la Cl\u00ednica Santa Mar\u00eda, ubicado en\u2026","rel":"","context":"En \u00abSinaloa\u00bb","block_context":{"text":"Sinaloa","link":"https:\/\/mexicocodigorojo.com.mx\/?cat=41"},"img":{"alt_text":"","src":"https:\/\/i0.wp.com\/mexicocodigorojo.com.mx\/wp-content\/uploads\/2019\/07\/balacera_culiacan.jpg_793492074.jpg?fit=718%2C452&ssl=1&resize=350%2C200","width":350,"height":200,"srcset":"https:\/\/i0.wp.com\/mexicocodigorojo.com.mx\/wp-content\/uploads\/2019\/07\/balacera_culiacan.jpg_793492074.jpg?fit=718%2C452&ssl=1&resize=350%2C200 1x, https:\/\/i0.wp.com\/mexicocodigorojo.com.mx\/wp-content\/uploads\/2019\/07\/balacera_culiacan.jpg_793492074.jpg?fit=718%2C452&ssl=1&resize=525%2C300 1.5x, https:\/\/i0.wp.com\/mexicocodigorojo.com.mx\/wp-content\/uploads\/2019\/07\/balacera_culiacan.jpg_793492074.jpg?fit=718%2C452&ssl=1&resize=700%2C400 2x"},"classes":[]}],"jetpack_sharing_enabled":true,"jetpack_likes_enabled":true,"jetpack_shortlink":"https:\/\/wp.me\/p9TedA-gCk","_links":{"self":[{"href":"https:\/\/mexicocodigorojo.com.mx\/index.php?rest_route=\/wp\/v2\/posts\/63880","targetHints":{"allow":["GET"]}}],"collection":[{"href":"https:\/\/mexicocodigorojo.com.mx\/index.php?rest_route=\/wp\/v2\/posts"}],"about":[{"href":"https:\/\/mexicocodigorojo.com.mx\/index.php?rest_route=\/wp\/v2\/types\/post"}],"author":[{"embeddable":true,"href":"https:\/\/mexicocodigorojo.com.mx\/index.php?rest_route=\/wp\/v2\/users\/21"}],"replies":[{"embeddable":true,"href":"https:\/\/mexicocodigorojo.com.mx\/index.php?rest_route=%2Fwp%2Fv2%2Fcomments&post=63880"}],"version-history":[{"count":1,"href":"https:\/\/mexicocodigorojo.com.mx\/index.php?rest_route=\/wp\/v2\/posts\/63880\/revisions"}],"predecessor-version":[{"id":63883,"href":"https:\/\/mexicocodigorojo.com.mx\/index.php?rest_route=\/wp\/v2\/posts\/63880\/revisions\/63883"}],"wp:featuredmedia":[{"embeddable":true,"href":"https:\/\/mexicocodigorojo.com.mx\/index.php?rest_route=\/wp\/v2\/media\/63881"}],"wp:attachment":[{"href":"https:\/\/mexicocodigorojo.com.mx\/index.php?rest_route=%2Fwp%2Fv2%2Fmedia&parent=63880"}],"wp:term":[{"taxonomy":"category","embeddable":true,"href":"https:\/\/mexicocodigorojo.com.mx\/index.php?rest_route=%2Fwp%2Fv2%2Fcategories&post=63880"},{"taxonomy":"post_tag","embeddable":true,"href":"https:\/\/mexicocodigorojo.com.mx\/index.php?rest_route=%2Fwp%2Fv2%2Ftags&post=63880"}],"curies":[{"name":"wp","href":"https:\/\/api.w.org\/{rel}","templated":true}]}}