{"id":63834,"date":"2025-02-18T12:17:18","date_gmt":"2025-02-18T18:17:18","guid":{"rendered":"https:\/\/mexicocodigorojo.com.mx\/?p=63834"},"modified":"2025-02-18T12:17:18","modified_gmt":"2025-02-18T18:17:18","slug":"sujeto-disfrazado-de-repartidor-de-aplicacion-habria-asesinado-a-empresario-en-hermosillo","status":"publish","type":"post","link":"https:\/\/mexicocodigorojo.com.mx\/?p=63834","title":{"rendered":"Sujeto disfrazado de repartidor de aplicaci\u00f3n habr\u00eda asesinado a empresario en Hermosillo"},"content":{"rendered":"<p>La Fiscal\u00eda General de Justicia del Estado (FGE) de Sonora inform\u00f3 que un<strong>\u00a0sujeto disfrazado\u00a0<\/strong>como<strong>\u00a0repartidor de\u00a0aplicaci\u00f3n<\/strong>\u00a0habr\u00eda<strong>\u00a0asesinado<\/strong>\u00a0al empresario restaurantero\u00a0<strong>Carlos Tirado\u00a0<\/strong>el pasado domingo en Hermosillo.<\/p>\n<p>\u201cTenemos localizada\u00a0la motocicleta que fue utilizada, esta persona iba caracterizada o disfrazada como<strong>\u00a0repartidor<\/strong>, se localiz\u00f3 en el lugar un casco y una mochila de una plataforma digital\u201d, declar\u00f3 en una entrevista a medios Carlos Alberto Flores titular de la Agencia Ministerial de Investigaci\u00f3n Criminal (AMIC).<\/p>\n<p>El funcionario descart\u00f3 que el homicidio del empresario se haya debido a alg\u00fan tipo de\u00a0<strong>extorsi\u00f3n\u00a0<\/strong>o cobro de derecho de piso.<\/p>\n<p>De acuerdo con familiares de\u00a0Carlos Tirado, el empresario ser\u00e1 velado este martes en una funeraria de Hermosillo.<\/p>\n<p>Medios locales se\u00f1alaron que el empresario\u00a0<strong>fue asesinado en un restaurante de mariscos de su propiedad<\/strong>, ubicado en la calle Luis Donaldo Colosio y Bulevar Cameros, en la colonia La Rioja.<\/p>\n<p>Por otra parte, el domingo la FGE inform\u00f3 que empez\u00f3 una<strong>\u00a0investigaci\u00f3n\u00a0<\/strong>para esclarecer este hecho y seg\u00fan los primeros datos recabados, se trat\u00f3 de una agresi\u00f3n\u00a0directa y perpetrada con disparos de arma de fuego.<\/p>\n<p>Ante esta situaci\u00f3n, el Consulado de<strong>\u00a0Estados Unidos<\/strong>\u00a0en Hermosillo emiti\u00f3 una\u00a0<strong>alerta de seguridad\u00a0<\/strong>al registrarse la agresi\u00f3n armada en la referida colonia.<\/p>\n<p>\u201cCiudadanos estadounidenses presentes en Hermosillo o con planes de viajar all\u00ed deben ejercer precauci\u00f3n y evitar la zona si es posible\u201d, solicitaron\u00a0las autoridades estadounidenses.<\/p>\n","protected":false},"excerpt":{"rendered":"<p>La Fiscal\u00eda General de Justicia del Estado (FGE) de Sonora inform\u00f3 que un\u00a0sujeto disfrazado\u00a0como\u00a0repartidor de\u00a0aplicaci\u00f3n\u00a0habr\u00eda\u00a0asesinado\u00a0al empresario restaurantero\u00a0Carlos Tirado\u00a0el pasado domingo en Hermosillo. \u201cTenemos localizada\u00a0la motocicleta que fue utilizada, esta persona iba caracterizada o disfrazada como\u00a0repartidor, se localiz\u00f3 en el lugar un casco y una mochila de una plataforma digital\u201d, declar\u00f3 en una entrevista a medios [&hellip;]<\/p>\n","protected":false},"author":5,"featured_media":63835,"comment_status":"open","ping_status":"open","sticky":false,"template":"","format":"standard","meta":{"_uf_show_specific_survey":0,"_uf_disable_surveys":false,"advanced_seo_description":"","jetpack_seo_html_title":"","jetpack_seo_noindex":false,"jetpack_post_was_ever_published":false,"_jetpack_newsletter_access":"","_jetpack_dont_email_post_to_subs":false,"_jetpack_newsletter_tier_id":0,"_jetpack_memberships_contains_paywalled_content":false,"_jetpack_memberships_contains_paid_content":false,"footnotes":"","jetpack_publicize_message":"","jetpack_publicize_feature_enabled":true,"jetpack_social_post_already_shared":true,"jetpack_social_options":{"image_generator_settings":{"template":"highway","default_image_id":0,"font":"","enabled":false},"version":2}},"categories":[1724,115],"tags":[858],"class_list":{"0":"post-63834","1":"post","2":"type-post","3":"status-publish","4":"format-standard","5":"has-post-thumbnail","7":"category-featured","8":"category-sonora","9":"tag-homicidio"},"jetpack_publicize_connections":[],"jetpack_featured_media_url":"https:\/\/i0.wp.com\/mexicocodigorojo.com.mx\/wp-content\/uploads\/2025\/02\/f960x540-108594_182669_5243.webp?fit=960%2C540&ssl=1","jetpack-related-posts":[{"id":60612,"url":"https:\/\/mexicocodigorojo.com.mx\/?p=60612","url_meta":{"origin":63834,"position":0},"title":"El empresario Alan Bejarano ASESINADO a un mes de su \u201csecuestro express\u201d","author":"MCR","date":"mayo 13, 2024","format":false,"excerpt":"Sonora.- El empresario e influenser Alan Bejarano de 44 a\u00f1os fue asesinado en la avenida Revoluci\u00f3n, en San Luis R\u00edo Colorado. En la tarde del s\u00e1bado 12 de mayo, el empresario Alan Bejarano fue brutalmente sesinado por arma de fuego mientras se encontraba en una de sus casas, localizada en\u2026","rel":"","context":"En \u00abFeatured\u00bb","block_context":{"text":"Featured","link":"https:\/\/mexicocodigorojo.com.mx\/?cat=1724"},"img":{"alt_text":"","src":"https:\/\/i0.wp.com\/mexicocodigorojo.com.mx\/wp-content\/uploads\/2024\/05\/images-5-2-scaled.jpeg?fit=1200%2C673&ssl=1&resize=350%2C200","width":350,"height":200,"srcset":"https:\/\/i0.wp.com\/mexicocodigorojo.com.mx\/wp-content\/uploads\/2024\/05\/images-5-2-scaled.jpeg?fit=1200%2C673&ssl=1&resize=350%2C200 1x, https:\/\/i0.wp.com\/mexicocodigorojo.com.mx\/wp-content\/uploads\/2024\/05\/images-5-2-scaled.jpeg?fit=1200%2C673&ssl=1&resize=525%2C300 1.5x, https:\/\/i0.wp.com\/mexicocodigorojo.com.mx\/wp-content\/uploads\/2024\/05\/images-5-2-scaled.jpeg?fit=1200%2C673&ssl=1&resize=700%2C400 2x, https:\/\/i0.wp.com\/mexicocodigorojo.com.mx\/wp-content\/uploads\/2024\/05\/images-5-2-scaled.jpeg?fit=1200%2C673&ssl=1&resize=1050%2C600 3x"},"classes":[]},{"id":55729,"url":"https:\/\/mexicocodigorojo.com.mx\/?p=55729","url_meta":{"origin":63834,"position":1},"title":"Se registran 11 muertos en una semana en Hermosillo","author":"Staff","date":"marzo 23, 2023","format":false,"excerpt":"Los casos de violencia en la capital de Sonora incrementaron visiblemente, alcanzando un total de 11 fallecidos en una semana, de los cuales uno podr\u00eda tratarse de feminicidio, de acuerdo a las autoridades del Estado. Durante el martes se registr\u00f3 el hallazgo de tres cuerpos con signos de violencia en\u2026","rel":"","context":"En \u00abFeatured\u00bb","block_context":{"text":"Featured","link":"https:\/\/mexicocodigorojo.com.mx\/?cat=1724"},"img":{"alt_text":"","src":"https:\/\/i0.wp.com\/mexicocodigorojo.com.mx\/wp-content\/uploads\/2023\/03\/171015.webp?fit=1200%2C900&ssl=1&resize=350%2C200","width":350,"height":200,"srcset":"https:\/\/i0.wp.com\/mexicocodigorojo.com.mx\/wp-content\/uploads\/2023\/03\/171015.webp?fit=1200%2C900&ssl=1&resize=350%2C200 1x, https:\/\/i0.wp.com\/mexicocodigorojo.com.mx\/wp-content\/uploads\/2023\/03\/171015.webp?fit=1200%2C900&ssl=1&resize=525%2C300 1.5x, https:\/\/i0.wp.com\/mexicocodigorojo.com.mx\/wp-content\/uploads\/2023\/03\/171015.webp?fit=1200%2C900&ssl=1&resize=700%2C400 2x, https:\/\/i0.wp.com\/mexicocodigorojo.com.mx\/wp-content\/uploads\/2023\/03\/171015.webp?fit=1200%2C900&ssl=1&resize=1050%2C600 3x"},"classes":[]},{"id":53851,"url":"https:\/\/mexicocodigorojo.com.mx\/?p=53851","url_meta":{"origin":63834,"position":2},"title":"Asesinan a empresario y excandidato a la alcald\u00eda de Cuautla, tras un ataque armado","author":"Staff","date":"agosto 26, 2022","format":false,"excerpt":"Carlos Ben\u00edtez S\u00e1nchez, empresario y excandidato a la alcald\u00eda de\u00a0Cuautla,\u00a0falleci\u00f3 esta madrugada tras un\u00a0ataque armado\u00a0ocurrido la tarde de este jueves, inform\u00f3 la Fiscal\u00eda de\u00a0Morelos. Luego de la agresi\u00f3n armada, param\u00e9dicos trasladaron a un centro hospitalario a\u00a0Carlos Ben\u00edtez, de 36 a\u00f1os, tambi\u00e9n conocido como\u00a0Carlos Bildmart, quien present\u00f3 lesiones; a su hija\u2026","rel":"","context":"En \u00abFeatured\u00bb","block_context":{"text":"Featured","link":"https:\/\/mexicocodigorojo.com.mx\/?cat=1724"},"img":{"alt_text":"","src":"https:\/\/i0.wp.com\/mexicocodigorojo.com.mx\/wp-content\/uploads\/2022\/08\/whatsapp-image-2022-08-26-at-10.41.37-am-112046.jpeg?fit=1200%2C675&ssl=1&resize=350%2C200","width":350,"height":200,"srcset":"https:\/\/i0.wp.com\/mexicocodigorojo.com.mx\/wp-content\/uploads\/2022\/08\/whatsapp-image-2022-08-26-at-10.41.37-am-112046.jpeg?fit=1200%2C675&ssl=1&resize=350%2C200 1x, https:\/\/i0.wp.com\/mexicocodigorojo.com.mx\/wp-content\/uploads\/2022\/08\/whatsapp-image-2022-08-26-at-10.41.37-am-112046.jpeg?fit=1200%2C675&ssl=1&resize=525%2C300 1.5x, https:\/\/i0.wp.com\/mexicocodigorojo.com.mx\/wp-content\/uploads\/2022\/08\/whatsapp-image-2022-08-26-at-10.41.37-am-112046.jpeg?fit=1200%2C675&ssl=1&resize=700%2C400 2x, https:\/\/i0.wp.com\/mexicocodigorojo.com.mx\/wp-content\/uploads\/2022\/08\/whatsapp-image-2022-08-26-at-10.41.37-am-112046.jpeg?fit=1200%2C675&ssl=1&resize=1050%2C600 3x"},"classes":[]},{"id":21682,"url":"https:\/\/mexicocodigorojo.com.mx\/?p=21682","url_meta":{"origin":63834,"position":3},"title":"VIDEO LE DIERON EL \u00daLTIMO ADI\u00d3S A \u00abEL NAPOLEON\u00bb LUGARTENIENTE DE LA GENTE NUEVA","author":"Staff","date":"agosto 9, 2019","format":false,"excerpt":"El derroche que caracteriza a los capos de la droga en M\u00e9xico llega hasta sus tumbas. En medio de un cortejo de autos de lujo, decenas de coronas, arreglos florales, m\u00fasica de banda, cerveza y una ostentosa carroza, fue despedido Sergio Alberto del Villar Su\u00e1rez, alias \"El Napole\u00f3n\", quien fue\u2026","rel":"","context":"En \u00abFeatured\u00bb","block_context":{"text":"Featured","link":"https:\/\/mexicocodigorojo.com.mx\/?cat=1724"},"img":{"alt_text":"","src":"https:\/\/i0.wp.com\/mexicocodigorojo.com.mx\/wp-content\/uploads\/2019\/08\/photoeditor_20190805_014132698525782514-768x1024-1.jpg?resize=350%2C200&ssl=1","width":350,"height":200,"srcset":"https:\/\/i0.wp.com\/mexicocodigorojo.com.mx\/wp-content\/uploads\/2019\/08\/photoeditor_20190805_014132698525782514-768x1024-1.jpg?resize=350%2C200&ssl=1 1x, https:\/\/i0.wp.com\/mexicocodigorojo.com.mx\/wp-content\/uploads\/2019\/08\/photoeditor_20190805_014132698525782514-768x1024-1.jpg?resize=525%2C300&ssl=1 1.5x, https:\/\/i0.wp.com\/mexicocodigorojo.com.mx\/wp-content\/uploads\/2019\/08\/photoeditor_20190805_014132698525782514-768x1024-1.jpg?resize=700%2C400&ssl=1 2x"},"classes":[]},{"id":63243,"url":"https:\/\/mexicocodigorojo.com.mx\/?p=63243","url_meta":{"origin":63834,"position":4},"title":"Asesinan a empresario gasolinero Javier Garc\u00eda Gonz\u00e1lez","author":"Staff","date":"noviembre 14, 2024","format":false,"excerpt":"El empresario\u00a0Javier Garc\u00eda Sandoval,\u00a0al\u00edas \u2018El Paletero\u2019, fue asesinado el pasado 13 de noviembre en el municipio de Villa de \u00c1lvarez. A trav\u00e9s de sus redes sociales, la C\u00e1mara Nacional de la Industria de Restaurantes y Alimentos Condimentados (CANIRAC) de Colima confirm\u00f3 el fallecimiento del empresario reconocido en el estado por\u2026","rel":"","context":"En \u00abColima\u00bb","block_context":{"text":"Colima","link":"https:\/\/mexicocodigorojo.com.mx\/?cat=104"},"img":{"alt_text":"","src":"https:\/\/i0.wp.com\/mexicocodigorojo.com.mx\/wp-content\/uploads\/2024\/11\/1349181xeu20241114092200.webp?fit=1024%2C683&ssl=1&resize=350%2C200","width":350,"height":200,"srcset":"https:\/\/i0.wp.com\/mexicocodigorojo.com.mx\/wp-content\/uploads\/2024\/11\/1349181xeu20241114092200.webp?fit=1024%2C683&ssl=1&resize=350%2C200 1x, https:\/\/i0.wp.com\/mexicocodigorojo.com.mx\/wp-content\/uploads\/2024\/11\/1349181xeu20241114092200.webp?fit=1024%2C683&ssl=1&resize=525%2C300 1.5x, https:\/\/i0.wp.com\/mexicocodigorojo.com.mx\/wp-content\/uploads\/2024\/11\/1349181xeu20241114092200.webp?fit=1024%2C683&ssl=1&resize=700%2C400 2x"},"classes":[]},{"id":58972,"url":"https:\/\/mexicocodigorojo.com.mx\/?p=58972","url_meta":{"origin":63834,"position":5},"title":"Asesinato del m\u00e9dico cirujano Carlos L\u00f3pez","author":"Staff","date":"febrero 6, 2024","format":false,"excerpt":"La Fiscal\u00eda de Sonora inform\u00f3 que detuvo a un joven de 24 a\u00f1os como probable responsable de la muerte violenta del m\u00e9dico cirujano Carlos L\u00f3pez Carrillo, ultimado de un balazo en la cabeza el pasado 21 de enero de 2024. Tras dos semanas de pesquisas, la dependencia estatal logr\u00f3 la\u2026","rel":"","context":"En \u00abFeatured\u00bb","block_context":{"text":"Featured","link":"https:\/\/mexicocodigorojo.com.mx\/?cat=1724"},"img":{"alt_text":"","src":"https:\/\/i0.wp.com\/mexicocodigorojo.com.mx\/wp-content\/uploads\/2024\/02\/hd8994343d6f5378ae3671a3a2c4df9fbb2ee70215.webp?fit=1200%2C800&ssl=1&resize=350%2C200","width":350,"height":200,"srcset":"https:\/\/i0.wp.com\/mexicocodigorojo.com.mx\/wp-content\/uploads\/2024\/02\/hd8994343d6f5378ae3671a3a2c4df9fbb2ee70215.webp?fit=1200%2C800&ssl=1&resize=350%2C200 1x, https:\/\/i0.wp.com\/mexicocodigorojo.com.mx\/wp-content\/uploads\/2024\/02\/hd8994343d6f5378ae3671a3a2c4df9fbb2ee70215.webp?fit=1200%2C800&ssl=1&resize=525%2C300 1.5x, https:\/\/i0.wp.com\/mexicocodigorojo.com.mx\/wp-content\/uploads\/2024\/02\/hd8994343d6f5378ae3671a3a2c4df9fbb2ee70215.webp?fit=1200%2C800&ssl=1&resize=700%2C400 2x, https:\/\/i0.wp.com\/mexicocodigorojo.com.mx\/wp-content\/uploads\/2024\/02\/hd8994343d6f5378ae3671a3a2c4df9fbb2ee70215.webp?fit=1200%2C800&ssl=1&resize=1050%2C600 3x"},"classes":[]}],"jetpack_sharing_enabled":true,"jetpack_likes_enabled":true,"jetpack_shortlink":"https:\/\/wp.me\/p9TedA-gBA","_links":{"self":[{"href":"https:\/\/mexicocodigorojo.com.mx\/index.php?rest_route=\/wp\/v2\/posts\/63834","targetHints":{"allow":["GET"]}}],"collection":[{"href":"https:\/\/mexicocodigorojo.com.mx\/index.php?rest_route=\/wp\/v2\/posts"}],"about":[{"href":"https:\/\/mexicocodigorojo.com.mx\/index.php?rest_route=\/wp\/v2\/types\/post"}],"author":[{"embeddable":true,"href":"https:\/\/mexicocodigorojo.com.mx\/index.php?rest_route=\/wp\/v2\/users\/5"}],"replies":[{"embeddable":true,"href":"https:\/\/mexicocodigorojo.com.mx\/index.php?rest_route=%2Fwp%2Fv2%2Fcomments&post=63834"}],"version-history":[{"count":1,"href":"https:\/\/mexicocodigorojo.com.mx\/index.php?rest_route=\/wp\/v2\/posts\/63834\/revisions"}],"predecessor-version":[{"id":63836,"href":"https:\/\/mexicocodigorojo.com.mx\/index.php?rest_route=\/wp\/v2\/posts\/63834\/revisions\/63836"}],"wp:featuredmedia":[{"embeddable":true,"href":"https:\/\/mexicocodigorojo.com.mx\/index.php?rest_route=\/wp\/v2\/media\/63835"}],"wp:attachment":[{"href":"https:\/\/mexicocodigorojo.com.mx\/index.php?rest_route=%2Fwp%2Fv2%2Fmedia&parent=63834"}],"wp:term":[{"taxonomy":"category","embeddable":true,"href":"https:\/\/mexicocodigorojo.com.mx\/index.php?rest_route=%2Fwp%2Fv2%2Fcategories&post=63834"},{"taxonomy":"post_tag","embeddable":true,"href":"https:\/\/mexicocodigorojo.com.mx\/index.php?rest_route=%2Fwp%2Fv2%2Ftags&post=63834"}],"curies":[{"name":"wp","href":"https:\/\/api.w.org\/{rel}","templated":true}]}}