{"id":63716,"date":"2025-01-26T16:24:28","date_gmt":"2025-01-26T22:24:28","guid":{"rendered":"https:\/\/mexicocodigorojo.com.mx\/?p=63716"},"modified":"2025-01-26T16:24:28","modified_gmt":"2025-01-26T22:24:28","slug":"congelan-tramites-de-visas-en-colombia","status":"publish","type":"post","link":"https:\/\/mexicocodigorojo.com.mx\/?p=63716","title":{"rendered":"Congelan tr\u00e1mites de visas en Colombia"},"content":{"rendered":"\n<p>Estados Unidos acaba de congelar todos los tr\u00e1mites de visas en Colombia tras negativa del presidente Petro de recibir deportados.<\/p>\n\n\n\n<p>Embajada de Estados Unidos en Colombia cerrar\u00eda la secci\u00f3n de visas a partir del 27 de enero.<\/p>\n\n\n\n<p>La Secretar\u00eda de Estado responde con una medida sin precedentes a la decisi\u00f3n de Colombia de rechazar vuelos militares con colombianos deportados.<\/p>\n\n\n\n<p>El mandatario sudamericano ha anunciado en la madrugada de este domingo que no permitir\u00e1 el ingreso de vuelos militares norteamericanos con colombianos deportados, a lo que la Secretar\u00eda de Estado ha respondido horas despu\u00e9s con la suspensi\u00f3n por tiempo indeterminado el trabajo de la secci\u00f3n de visas de su embajada en Bogot\u00e1.<\/p>\n","protected":false},"excerpt":{"rendered":"<p>Estados Unidos acaba de congelar todos los tr\u00e1mites de visas en Colombia tras negativa del presidente Petro de recibir deportados. Embajada de Estados Unidos en Colombia cerrar\u00eda la secci\u00f3n de visas a partir del 27 de enero. La Secretar\u00eda de Estado responde con una medida sin precedentes a la decisi\u00f3n de Colombia de rechazar vuelos [&hellip;]<\/p>\n","protected":false},"author":5,"featured_media":63715,"comment_status":"open","ping_status":"open","sticky":false,"template":"","format":"standard","meta":{"_uf_show_specific_survey":0,"_uf_disable_surveys":false,"advanced_seo_description":"","jetpack_seo_html_title":"","jetpack_seo_noindex":false,"jetpack_post_was_ever_published":false,"_jetpack_newsletter_access":"","_jetpack_dont_email_post_to_subs":false,"_jetpack_newsletter_tier_id":0,"_jetpack_memberships_contains_paywalled_content":false,"_jetpack_memberships_contains_paid_content":false,"footnotes":"","jetpack_publicize_message":"","jetpack_publicize_feature_enabled":true,"jetpack_social_post_already_shared":true,"jetpack_social_options":{"image_generator_settings":{"template":"highway","default_image_id":0,"font":"","enabled":false},"version":2}},"categories":[1724,14],"tags":[58,17],"class_list":{"0":"post-63716","1":"post","2":"type-post","3":"status-publish","4":"format-standard","5":"has-post-thumbnail","7":"category-featured","8":"category-internacional","9":"tag-frontera","10":"tag-migrantes"},"jetpack_publicize_connections":[],"jetpack_featured_media_url":"https:\/\/i0.wp.com\/mexicocodigorojo.com.mx\/wp-content\/uploads\/2025\/01\/img_6623-1.jpg?fit=1125%2C1066&ssl=1","jetpack-related-posts":[{"id":60520,"url":"https:\/\/mexicocodigorojo.com.mx\/?p=60520","url_meta":{"origin":63716,"position":0},"title":"\u00a1Estados Unidos ya no har\u00e1 entrevista para la VISA! Revisa los requisitos","author":"MCR","date":"febrero 20, 2023","format":false,"excerpt":"Si siempre has querido visitar Estados Unidos, pero temes no poder hacerlo algun dia por todos los tr\u00e1mites que conlleva, no te preocupes si cumples estos requisitos, ya no tendr\u00e1s que pasar por todo el proceso y la famosa entrevista para que te den el pase al pa\u00eds. La visa\u2026","rel":"","context":"En \u00abFeatured\u00bb","block_context":{"text":"Featured","link":"https:\/\/mexicocodigorojo.com.mx\/?cat=1724"},"img":{"alt_text":"","src":"","width":0,"height":0},"classes":[]},{"id":34232,"url":"https:\/\/mexicocodigorojo.com.mx\/?p=34232","url_meta":{"origin":63716,"position":1},"title":"Rescatan a dos hombres originarios de Colombia en Tamaulipas y aseguran cami\u00f3n modificado","author":"Staff","date":"marzo 5, 2020","format":false,"excerpt":"LA COLABORACI\u00d3N INTERNACIONAL PERMITE A CONASE, GUARDIA NACIONAL Y UECS TAMAULIPAS LOCALIZAR A DOS CIUDADANOS COLOMBIANOS PRIVADOS DE LA LIBERTAD Elementos de la Coordinaci\u00f3n Nacional Antisecuestro (CONASE), dependiente de la Secretar\u00eda de Seguridad y Protecci\u00f3n Ciudadana (SSPC), con elementos de la Guardia Nacional en coordinaci\u00f3n con la Unidad Especializada de\u2026","rel":"","context":"En \u00abTamaulipas\u00bb","block_context":{"text":"Tamaulipas","link":"https:\/\/mexicocodigorojo.com.mx\/?cat=2"},"img":{"alt_text":"","src":"https:\/\/i0.wp.com\/secureservercdn.net\/166.62.108.22\/cg1.af3.myftpupload.com\/wp-content\/uploads\/2020\/03\/848ff114-e52d-4797-927b-2c7e8cf76be7.jpg?resize=350%2C200&ssl=1","width":350,"height":200,"srcset":"https:\/\/i0.wp.com\/secureservercdn.net\/166.62.108.22\/cg1.af3.myftpupload.com\/wp-content\/uploads\/2020\/03\/848ff114-e52d-4797-927b-2c7e8cf76be7.jpg?resize=350%2C200&ssl=1 1x, https:\/\/i0.wp.com\/secureservercdn.net\/166.62.108.22\/cg1.af3.myftpupload.com\/wp-content\/uploads\/2020\/03\/848ff114-e52d-4797-927b-2c7e8cf76be7.jpg?resize=525%2C300&ssl=1 1.5x, https:\/\/i0.wp.com\/secureservercdn.net\/166.62.108.22\/cg1.af3.myftpupload.com\/wp-content\/uploads\/2020\/03\/848ff114-e52d-4797-927b-2c7e8cf76be7.jpg?resize=700%2C400&ssl=1 2x"},"classes":[]},{"id":12241,"url":"https:\/\/mexicocodigorojo.com.mx\/?p=12241","url_meta":{"origin":63716,"position":2},"title":"Tamaulipas como Irak; peligran deportados","author":"Staff","date":"enero 14, 2019","format":false,"excerpt":"EU regresa a miles de migrantes cada mes por las fronteras de Tamaulipas; advierten riesgos. El peri\u00f3dico Washington Post public\u00f3 que EU est\u00e1 deportando a migrantes a una de las zonas m\u00e1s peligrosas del mundo, comparable a Irak o Afganist\u00e1n: es el Estado de Tamaulipas. \u201cMuchos de los deportados, todos\u2026","rel":"","context":"En \u00abTamaulipas\u00bb","block_context":{"text":"Tamaulipas","link":"https:\/\/mexicocodigorojo.com.mx\/?cat=2"},"img":{"alt_text":"","src":"https:\/\/i0.wp.com\/mexicocodigorojo.com.mx\/wp-content\/uploads\/2019\/01\/010521-suben-deportaciones-por-tamaulipas.jpg?fit=565%2C336&ssl=1&resize=350%2C200","width":350,"height":200,"srcset":"https:\/\/i0.wp.com\/mexicocodigorojo.com.mx\/wp-content\/uploads\/2019\/01\/010521-suben-deportaciones-por-tamaulipas.jpg?fit=565%2C336&ssl=1&resize=350%2C200 1x, https:\/\/i0.wp.com\/mexicocodigorojo.com.mx\/wp-content\/uploads\/2019\/01\/010521-suben-deportaciones-por-tamaulipas.jpg?fit=565%2C336&ssl=1&resize=525%2C300 1.5x"},"classes":[]},{"id":28619,"url":"https:\/\/mexicocodigorojo.com.mx\/?p=28619","url_meta":{"origin":63716,"position":3},"title":"Quiere Tamaulipas polic\u00edas con patrones semimilitares parecidos a Colombia y Chile","author":"Staff","date":"diciembre 12, 2019","format":false,"excerpt":"Por Lupita \u00c1lvarez Cd. Victoria, Tamaulipas.- El pr\u00f3ximo a\u00f1o los aspirantes a polic\u00edas estatales ser\u00e1n reclutados bajo un r\u00e9gimen semi-militar, debido a que la Universidad de Seguridad y Justicia de Tamaulipas trabajar\u00e1 con Colombia, Honduras, Chile, Argentina, Per\u00fa y otros pa\u00edses. \u201cEst\u00e1bamos trabajando mucho con la embajada de Estados Unidos,\u2026","rel":"","context":"En \u00abTamaulipas\u00bb","block_context":{"text":"Tamaulipas","link":"https:\/\/mexicocodigorojo.com.mx\/?cat=2"},"img":{"alt_text":"","src":"https:\/\/i0.wp.com\/mexicocodigorojo.com.mx\/wp-content\/uploads\/2019\/12\/jesus-antonio-lara-mata-usjt-780x405.jpg?fit=780%2C405&ssl=1&resize=350%2C200","width":350,"height":200,"srcset":"https:\/\/i0.wp.com\/mexicocodigorojo.com.mx\/wp-content\/uploads\/2019\/12\/jesus-antonio-lara-mata-usjt-780x405.jpg?fit=780%2C405&ssl=1&resize=350%2C200 1x, https:\/\/i0.wp.com\/mexicocodigorojo.com.mx\/wp-content\/uploads\/2019\/12\/jesus-antonio-lara-mata-usjt-780x405.jpg?fit=780%2C405&ssl=1&resize=525%2C300 1.5x, https:\/\/i0.wp.com\/mexicocodigorojo.com.mx\/wp-content\/uploads\/2019\/12\/jesus-antonio-lara-mata-usjt-780x405.jpg?fit=780%2C405&ssl=1&resize=700%2C400 2x"},"classes":[]},{"id":57936,"url":"https:\/\/mexicocodigorojo.com.mx\/?p=57936","url_meta":{"origin":63716,"position":4},"title":"Parte de Chiapas otra caravana migrante","author":"Staff","date":"octubre 31, 2023","format":false,"excerpt":"Una caravana de miles de migrantes, en su mayor\u00eda centroamericanos y venezolanos, parti\u00f3 este lunes del sur de M\u00e9xico con la intenci\u00f3n de llegar a Estados Unidos, en momentos en que Washington lidia con grandes n\u00fameros de migrantes que buscan ingresar al pa\u00eds. Con sus pocas pertenencias e hijos a\u2026","rel":"","context":"En \u00abChiapas\u00bb","block_context":{"text":"Chiapas","link":"https:\/\/mexicocodigorojo.com.mx\/?cat=75"},"img":{"alt_text":"","src":"https:\/\/i0.wp.com\/mexicocodigorojo.com.mx\/wp-content\/uploads\/2023\/10\/caravanamigrante.webp?fit=960%2C640&ssl=1&resize=350%2C200","width":350,"height":200,"srcset":"https:\/\/i0.wp.com\/mexicocodigorojo.com.mx\/wp-content\/uploads\/2023\/10\/caravanamigrante.webp?fit=960%2C640&ssl=1&resize=350%2C200 1x, https:\/\/i0.wp.com\/mexicocodigorojo.com.mx\/wp-content\/uploads\/2023\/10\/caravanamigrante.webp?fit=960%2C640&ssl=1&resize=525%2C300 1.5x, https:\/\/i0.wp.com\/mexicocodigorojo.com.mx\/wp-content\/uploads\/2023\/10\/caravanamigrante.webp?fit=960%2C640&ssl=1&resize=700%2C400 2x"},"classes":[]},{"id":23407,"url":"https:\/\/mexicocodigorojo.com.mx\/?p=23407","url_meta":{"origin":63716,"position":5},"title":"Venezuela amenaza con empezar Tercera Guerra Mundial","author":"Staff","date":"septiembre 10, 2019","format":false,"excerpt":"El lanzamiento de misiles de Venezuela a Colombia podr\u00eda iniciar la Tercera Guerra Mundial cuando los poderosos aliados se unan a la batalla. El\u00a0presidente de Venezuela, Nicol\u00e1s Maduro, anunci\u00f3 que lanzar\u00e1 misiles a Colombia, acci\u00f3n que podr\u00eda significar el inicio de la Tercera Guerra Mundial en caso de que los\u2026","rel":"","context":"En \u00abInternacional\u00bb","block_context":{"text":"Internacional","link":"https:\/\/mexicocodigorojo.com.mx\/?cat=14"},"img":{"alt_text":"","src":"https:\/\/i0.wp.com\/mexicocodigorojo.com.mx\/wp-content\/uploads\/2019\/09\/venezuela_amenaza_con_empezar_tercera_guerra_mundial_lanzando_misiles_a_colombia.jpg_793492074.jpg?fit=718%2C452&ssl=1&resize=350%2C200","width":350,"height":200,"srcset":"https:\/\/i0.wp.com\/mexicocodigorojo.com.mx\/wp-content\/uploads\/2019\/09\/venezuela_amenaza_con_empezar_tercera_guerra_mundial_lanzando_misiles_a_colombia.jpg_793492074.jpg?fit=718%2C452&ssl=1&resize=350%2C200 1x, https:\/\/i0.wp.com\/mexicocodigorojo.com.mx\/wp-content\/uploads\/2019\/09\/venezuela_amenaza_con_empezar_tercera_guerra_mundial_lanzando_misiles_a_colombia.jpg_793492074.jpg?fit=718%2C452&ssl=1&resize=525%2C300 1.5x, https:\/\/i0.wp.com\/mexicocodigorojo.com.mx\/wp-content\/uploads\/2019\/09\/venezuela_amenaza_con_empezar_tercera_guerra_mundial_lanzando_misiles_a_colombia.jpg_793492074.jpg?fit=718%2C452&ssl=1&resize=700%2C400 2x"},"classes":[]}],"jetpack_sharing_enabled":true,"jetpack_likes_enabled":true,"jetpack_shortlink":"https:\/\/wp.me\/p9TedA-gzG","_links":{"self":[{"href":"https:\/\/mexicocodigorojo.com.mx\/index.php?rest_route=\/wp\/v2\/posts\/63716","targetHints":{"allow":["GET"]}}],"collection":[{"href":"https:\/\/mexicocodigorojo.com.mx\/index.php?rest_route=\/wp\/v2\/posts"}],"about":[{"href":"https:\/\/mexicocodigorojo.com.mx\/index.php?rest_route=\/wp\/v2\/types\/post"}],"author":[{"embeddable":true,"href":"https:\/\/mexicocodigorojo.com.mx\/index.php?rest_route=\/wp\/v2\/users\/5"}],"replies":[{"embeddable":true,"href":"https:\/\/mexicocodigorojo.com.mx\/index.php?rest_route=%2Fwp%2Fv2%2Fcomments&post=63716"}],"version-history":[{"count":0,"href":"https:\/\/mexicocodigorojo.com.mx\/index.php?rest_route=\/wp\/v2\/posts\/63716\/revisions"}],"wp:featuredmedia":[{"embeddable":true,"href":"https:\/\/mexicocodigorojo.com.mx\/index.php?rest_route=\/wp\/v2\/media\/63715"}],"wp:attachment":[{"href":"https:\/\/mexicocodigorojo.com.mx\/index.php?rest_route=%2Fwp%2Fv2%2Fmedia&parent=63716"}],"wp:term":[{"taxonomy":"category","embeddable":true,"href":"https:\/\/mexicocodigorojo.com.mx\/index.php?rest_route=%2Fwp%2Fv2%2Fcategories&post=63716"},{"taxonomy":"post_tag","embeddable":true,"href":"https:\/\/mexicocodigorojo.com.mx\/index.php?rest_route=%2Fwp%2Fv2%2Ftags&post=63716"}],"curies":[{"name":"wp","href":"https:\/\/api.w.org\/{rel}","templated":true}]}}