{"id":63653,"date":"2025-01-03T16:43:58","date_gmt":"2025-01-03T22:43:58","guid":{"rendered":"https:\/\/mexicocodigorojo.com.mx\/?p=63653"},"modified":"2025-01-23T16:47:01","modified_gmt":"2025-01-23T22:47:01","slug":"asesinan-a-cuatro-hombres-en-mazatlan-dejan-narcomanta","status":"publish","type":"post","link":"https:\/\/mexicocodigorojo.com.mx\/?p=63653","title":{"rendered":"Asesinan a cuatro hombres en Mazatl\u00e1n; dejan narcomanta"},"content":{"rendered":"<p>La ma\u00f1ana de este viernes, las autoridades de Mazatl\u00e1n recibieron un reporte que alertaba sobre el hallazgo de cuatro cuerpos sin vida, abandonados en un terreno bald\u00edo del poblado El Walamo. Los cuerpos presentaban signos de tortura y ten\u00edan sombreros con las iniciales \u201cMF\u201d sobre sus cabezas, lo que sugiere que las v\u00edctimas fueron ejecutadas por miembros de la facci\u00f3n MF-Cabrera.<\/p>\n<p><strong>Tensi\u00f3n en Mazatl\u00e1n: amenazas entre carteles<\/strong><br \/>\nEl mensaje dejado por los asesinos en una narcomanta contiene una clara amenaza dirigida a Los Mayos, espec\u00edficamente a la facci\u00f3n MF-Cabrera, haciendo referencia a la alianza entre Ismael Zambada Sicairos (conocido como Mayito Flaco) y los hermanos Jos\u00e9 Luis y Alejandro Cabrera Sarabia. Este grupo criminal ha tenido una relaci\u00f3n estrecha con Ismael \u201cEl Mayo\u201d Zambada, y su centro de operaciones se encuentra en el estado de Durango.<\/p>\n<p>El texto en la manta advierte que el destino de los cuatro ejecutados servir\u00e1 como lecci\u00f3n para aquellos que \u201calucinen\u201d pasar informaci\u00f3n, reclutar personas o \u201ccalentar la plaza\u201d, en referencia al control de territorio entre carteles. Mazatl\u00e1n, actualmente bajo el control de Los Chapitos, mantiene una compleja conexi\u00f3n con Durango, lo que lo convierte en uno de los puntos clave en la guerra entre la facci\u00f3n La Mayiza y Los Cabrera Sarabia.<\/p>\n<h2 class=\"article-sub-heading\">Detalles de las v\u00edctimas y el hallazgo<\/h2>\n<p data-t=\"{&quot;n&quot;:&quot;blueLinks&quot;}\">De acuerdo con las autoridades locales, los cuerpos eran todos masculinos. Dos de ellos estaban recargados contra el tronco de un \u00e1rbol, mientras que los otros dos se encontraban sentados sobre un mont\u00edculo de tierra. Todos ten\u00edan las manos atadas con cinta gris y los sombreros con las iniciales MF. La presencia de estos sombreros sugiere una relaci\u00f3n directa con la facci\u00f3n de Mayito Flaco, conocido en el mundo criminal por ser parte de la\u00a0<b>lucha por el control en Sinaloa.<\/b><\/p>\n<p data-t=\"{&quot;n&quot;:&quot;blueLinks&quot;}\">El reporte de los cuerpos fue recibido por la Polic\u00eda Municipal alrededor de las 06:00 horas. A la escena se unieron elementos de la Guardia Nacional y el Ej\u00e9rcito Mexicano, quienes implementaron un cerco de seguridad en la zona.\u00a0<b>Hasta el momento, las autoridades no han logrado identificar a los responsables de este crimen.<\/b><\/p>\n<p data-t=\"{&quot;n&quot;:&quot;blueLinks&quot;}\"><img data-recalc-dims=\"1\" decoding=\"async\" src=\"https:\/\/i0.wp.com\/sociedad-noticias.com\/wp-content\/uploads\/2025\/01\/1-16.jpeg?w=696&#038;ssl=1\" \/><\/p>\n","protected":false},"excerpt":{"rendered":"<p>La ma\u00f1ana de este viernes, las autoridades de Mazatl\u00e1n recibieron un reporte que alertaba sobre el hallazgo de cuatro cuerpos sin vida, abandonados en un terreno bald\u00edo del poblado El Walamo. Los cuerpos presentaban signos de tortura y ten\u00edan sombreros con las iniciales \u201cMF\u201d sobre sus cabezas, lo que sugiere que las v\u00edctimas fueron ejecutadas [&hellip;]<\/p>\n","protected":false},"author":5,"featured_media":63654,"comment_status":"open","ping_status":"open","sticky":false,"template":"","format":"standard","meta":{"_uf_show_specific_survey":0,"_uf_disable_surveys":false,"advanced_seo_description":"","jetpack_seo_html_title":"","jetpack_seo_noindex":false,"jetpack_post_was_ever_published":false,"_jetpack_newsletter_access":"","_jetpack_dont_email_post_to_subs":false,"_jetpack_newsletter_tier_id":0,"_jetpack_memberships_contains_paywalled_content":false,"_jetpack_memberships_contains_paid_content":false,"footnotes":"","jetpack_publicize_message":"","jetpack_publicize_feature_enabled":true,"jetpack_social_post_already_shared":true,"jetpack_social_options":{"image_generator_settings":{"template":"highway","default_image_id":0,"font":"","enabled":false},"version":2}},"categories":[1724,41],"tags":[1329],"class_list":{"0":"post-63653","1":"post","2":"type-post","3":"status-publish","4":"format-standard","5":"has-post-thumbnail","7":"category-featured","8":"category-sinaloa","9":"tag-masacre"},"jetpack_publicize_connections":[],"jetpack_featured_media_url":"https:\/\/i0.wp.com\/mexicocodigorojo.com.mx\/wp-content\/uploads\/2025\/01\/AA1wWrXW.jpg?fit=768%2C428&ssl=1","jetpack-related-posts":[{"id":62579,"url":"https:\/\/mexicocodigorojo.com.mx\/?p=62579","url_meta":{"origin":63653,"position":0},"title":"El infierno en Durango y Zacatecas: La Sombra de Alejandro Cabrera Sarabia \u00abEl 02\u00bb","author":"MexicoRojoCvmx","date":"agosto 18, 2024","format":false,"excerpt":"La reciente informaci\u00f3n revelada por la DEA y fuentes locales describe un escenario alarmante en las monta\u00f1as de Durango y las regiones de Zacatecas, donde Alejandro Cabrera Sarabia, alias \"El 02\", ha consolidado un reinado de terror bajo la bandera del C\u00e1rtel de Sinaloa, espec\u00edficamente de la facci\u00f3n de Ismael\u2026","rel":"","context":"En \u00abCiudad de M\u00e9xico\u00bb","block_context":{"text":"Ciudad de M\u00e9xico","link":"https:\/\/mexicocodigorojo.com.mx\/?cat=101"},"img":{"alt_text":"","src":"https:\/\/i0.wp.com\/mexicocodigorojo.com.mx\/wp-content\/uploads\/2024\/08\/Captura-de-pantalla-2024-08-18-100728.jpg?fit=1097%2C636&ssl=1&resize=350%2C200","width":350,"height":200,"srcset":"https:\/\/i0.wp.com\/mexicocodigorojo.com.mx\/wp-content\/uploads\/2024\/08\/Captura-de-pantalla-2024-08-18-100728.jpg?fit=1097%2C636&ssl=1&resize=350%2C200 1x, https:\/\/i0.wp.com\/mexicocodigorojo.com.mx\/wp-content\/uploads\/2024\/08\/Captura-de-pantalla-2024-08-18-100728.jpg?fit=1097%2C636&ssl=1&resize=525%2C300 1.5x, https:\/\/i0.wp.com\/mexicocodigorojo.com.mx\/wp-content\/uploads\/2024\/08\/Captura-de-pantalla-2024-08-18-100728.jpg?fit=1097%2C636&ssl=1&resize=700%2C400 2x, https:\/\/i0.wp.com\/mexicocodigorojo.com.mx\/wp-content\/uploads\/2024\/08\/Captura-de-pantalla-2024-08-18-100728.jpg?fit=1097%2C636&ssl=1&resize=1050%2C600 3x"},"classes":[]},{"id":49403,"url":"https:\/\/mexicocodigorojo.com.mx\/?p=49403","url_meta":{"origin":63653,"position":1},"title":"Muere Agueda Zambada, hermana de \u2018El Mayo\u2019 Zambada","author":"Staff","date":"junio 1, 2021","format":false,"excerpt":"Agueda Zambada Garc\u00eda, hermana mayor del narcotraficante mexicano\u00a0Ismael\u00a0\u2018El Mayo\u2018\u00a0Zambada, muri\u00f3 el domingo 30 de mayo. De acuerdo con reportes, Agueda muri\u00f3 en una cl\u00ednica en el puerto de Mazatl\u00e1n, Sinaloa, a causa de un derrame cerebral y el velatorio se realiz\u00f3 en la funeraria San Mart\u00edn Montebello en la ciudad\u2026","rel":"","context":"En \u00abFeatured\u00bb","block_context":{"text":"Featured","link":"https:\/\/mexicocodigorojo.com.mx\/?cat=1724"},"img":{"alt_text":"","src":"https:\/\/i0.wp.com\/mexicocodigorojo.com.mx\/wp-content\/uploads\/2021\/05\/194982312_4064049916967144_4124782352713473294_n-e1623092369351.jpg?fit=578%2C645&ssl=1&resize=350%2C200","width":350,"height":200,"srcset":"https:\/\/i0.wp.com\/mexicocodigorojo.com.mx\/wp-content\/uploads\/2021\/05\/194982312_4064049916967144_4124782352713473294_n-e1623092369351.jpg?fit=578%2C645&ssl=1&resize=350%2C200 1x, https:\/\/i0.wp.com\/mexicocodigorojo.com.mx\/wp-content\/uploads\/2021\/05\/194982312_4064049916967144_4124782352713473294_n-e1623092369351.jpg?fit=578%2C645&ssl=1&resize=525%2C300 1.5x"},"classes":[]},{"id":62950,"url":"https:\/\/mexicocodigorojo.com.mx\/?p=62950","url_meta":{"origin":63653,"position":2},"title":"En Culiac\u00e1n \u2018La Chapiza\u2019 deja mantas para presidenta Claudia Sheinbaum","author":"Staff","date":"octubre 3, 2024","format":false,"excerpt":"Mantas con un mensaje a la Presidenta Claudia Sheinbaum sobre l\u00edderes criminales aparecieron en diversos puntos de Culiac\u00e1n. En el escrito, se\u00f1alan a la banda Los Cabrera de ser responsable de diversos delitos en Durango y Zacatecas, adem\u00e1s de denunciar que ahora quieren expandirse a municipios de Sinaloa. \"Presidenta: estos\u2026","rel":"","context":"En \u00abFeatured\u00bb","block_context":{"text":"Featured","link":"https:\/\/mexicocodigorojo.com.mx\/?cat=1724"},"img":{"alt_text":"","src":"https:\/\/i0.wp.com\/mexicocodigorojo.com.mx\/wp-content\/uploads\/2024\/10\/img_7318.jpg?fit=440%2C248&ssl=1&resize=350%2C200","width":350,"height":200},"classes":[]},{"id":63153,"url":"https:\/\/mexicocodigorojo.com.mx\/?p=63153","url_meta":{"origin":63653,"position":3},"title":"DETENCION DEL MAYO ZAMBADA POR EU DESATO VIOLENCIA EN SINALOA: SEDENA","author":"Staff","date":"octubre 29, 2024","format":false,"excerpt":"Tras la detenci\u00f3n de Ismael \u201cEl Mayo\u201d Zambada por agencias de Estados Unidos, los grupos delincuenciales en Culiac\u00e1n y, en especial, los escoltas de los l\u00edderes de las fracciones del C\u00e1rtel de Sinaloa se han vuelto m\u00e1s violentos, afirm\u00f3 el secretario de la Defensa Nacional, Ricardo Trevilla. \u201cEn el caso\u2026","rel":"","context":"En \u00abFeatured\u00bb","block_context":{"text":"Featured","link":"https:\/\/mexicocodigorojo.com.mx\/?cat=1724"},"img":{"alt_text":"","src":"https:\/\/i0.wp.com\/mexicocodigorojo.com.mx\/wp-content\/uploads\/2024\/10\/210092.jpg?fit=1200%2C653&ssl=1&resize=350%2C200","width":350,"height":200,"srcset":"https:\/\/i0.wp.com\/mexicocodigorojo.com.mx\/wp-content\/uploads\/2024\/10\/210092.jpg?fit=1200%2C653&ssl=1&resize=350%2C200 1x, https:\/\/i0.wp.com\/mexicocodigorojo.com.mx\/wp-content\/uploads\/2024\/10\/210092.jpg?fit=1200%2C653&ssl=1&resize=525%2C300 1.5x, https:\/\/i0.wp.com\/mexicocodigorojo.com.mx\/wp-content\/uploads\/2024\/10\/210092.jpg?fit=1200%2C653&ssl=1&resize=700%2C400 2x, https:\/\/i0.wp.com\/mexicocodigorojo.com.mx\/wp-content\/uploads\/2024\/10\/210092.jpg?fit=1200%2C653&ssl=1&resize=1050%2C600 3x"},"classes":[]},{"id":63643,"url":"https:\/\/mexicocodigorojo.com.mx\/?p=63643","url_meta":{"origin":63653,"position":4},"title":"Detienen en Sinaloa a &#8216;El Chavo F\u00e9lix&#8217;, yerno de &#8216;El Mayo&#8217;","author":"Staff","date":"enero 18, 2025","format":false,"excerpt":"Efectivos del Ej\u00e9rcito Mexicano y de la Guardia Nacional detuvieron en Sinaloa a Juan Carlos F\u00e9lix Gast\u00e9lum,\u00a0El Chavo F\u00e9lix,\u00a0yerno de ismael\u00a0El Mayo\u00a0Zambada Garc\u00eda. Fuentes del Gabinete de Seguridad confirmaron la captura de\u00a0El Chavo F\u00e9lix, identificado como uno de los operadores del C\u00e1rtel de Sinaloa, por parte de la facci\u00f3n que\u2026","rel":"","context":"En \u00abFeatured\u00bb","block_context":{"text":"Featured","link":"https:\/\/mexicocodigorojo.com.mx\/?cat=1724"},"img":{"alt_text":"","src":"https:\/\/i0.wp.com\/mexicocodigorojo.com.mx\/wp-content\/uploads\/2025\/01\/Capturan-al-WEB-WEB-Chavo-Felix-lugarteniente-de-el-Mayo-Zambada-1-860x597-1.webp?fit=860%2C597&ssl=1&resize=350%2C200","width":350,"height":200,"srcset":"https:\/\/i0.wp.com\/mexicocodigorojo.com.mx\/wp-content\/uploads\/2025\/01\/Capturan-al-WEB-WEB-Chavo-Felix-lugarteniente-de-el-Mayo-Zambada-1-860x597-1.webp?fit=860%2C597&ssl=1&resize=350%2C200 1x, https:\/\/i0.wp.com\/mexicocodigorojo.com.mx\/wp-content\/uploads\/2025\/01\/Capturan-al-WEB-WEB-Chavo-Felix-lugarteniente-de-el-Mayo-Zambada-1-860x597-1.webp?fit=860%2C597&ssl=1&resize=525%2C300 1.5x, https:\/\/i0.wp.com\/mexicocodigorojo.com.mx\/wp-content\/uploads\/2025\/01\/Capturan-al-WEB-WEB-Chavo-Felix-lugarteniente-de-el-Mayo-Zambada-1-860x597-1.webp?fit=860%2C597&ssl=1&resize=700%2C400 2x"},"classes":[]},{"id":57994,"url":"https:\/\/mexicocodigorojo.com.mx\/?p=57994","url_meta":{"origin":63653,"position":5},"title":"En una narcomanta grupo armado se deslinda de la emboscada ala SEDENA y a la Polic\u00eda Estatal en Oquitoa,Sonora","author":"MexicoRojo","date":"noviembre 4, 2023","format":false,"excerpt":"Esta acusaci\u00f3n hacia el Grupo Delta y\/o Durangos se hace a pesar de que una de las camionetas del comando armado que participo y que fue abandonada ten\u00eda los logotipos de otro grupo armado al que se le conoce como\u00a0\u00a0\"Los Fantasmas\" y\/o \"Los Alfas\" \u00a0 \u00a0 Brazo armado de Los\u2026","rel":"","context":"En \u00abFeatured\u00bb","block_context":{"text":"Featured","link":"https:\/\/mexicocodigorojo.com.mx\/?cat=1724"},"img":{"alt_text":"","src":"https:\/\/i0.wp.com\/mexicocodigorojo.com.mx\/wp-content\/uploads\/2023\/11\/Polish_20231104_121056573.jpg?fit=1200%2C900&ssl=1&resize=350%2C200","width":350,"height":200,"srcset":"https:\/\/i0.wp.com\/mexicocodigorojo.com.mx\/wp-content\/uploads\/2023\/11\/Polish_20231104_121056573.jpg?fit=1200%2C900&ssl=1&resize=350%2C200 1x, https:\/\/i0.wp.com\/mexicocodigorojo.com.mx\/wp-content\/uploads\/2023\/11\/Polish_20231104_121056573.jpg?fit=1200%2C900&ssl=1&resize=525%2C300 1.5x, https:\/\/i0.wp.com\/mexicocodigorojo.com.mx\/wp-content\/uploads\/2023\/11\/Polish_20231104_121056573.jpg?fit=1200%2C900&ssl=1&resize=700%2C400 2x, https:\/\/i0.wp.com\/mexicocodigorojo.com.mx\/wp-content\/uploads\/2023\/11\/Polish_20231104_121056573.jpg?fit=1200%2C900&ssl=1&resize=1050%2C600 3x"},"classes":[]}],"jetpack_sharing_enabled":true,"jetpack_likes_enabled":true,"jetpack_shortlink":"https:\/\/wp.me\/p9TedA-gyF","_links":{"self":[{"href":"https:\/\/mexicocodigorojo.com.mx\/index.php?rest_route=\/wp\/v2\/posts\/63653","targetHints":{"allow":["GET"]}}],"collection":[{"href":"https:\/\/mexicocodigorojo.com.mx\/index.php?rest_route=\/wp\/v2\/posts"}],"about":[{"href":"https:\/\/mexicocodigorojo.com.mx\/index.php?rest_route=\/wp\/v2\/types\/post"}],"author":[{"embeddable":true,"href":"https:\/\/mexicocodigorojo.com.mx\/index.php?rest_route=\/wp\/v2\/users\/5"}],"replies":[{"embeddable":true,"href":"https:\/\/mexicocodigorojo.com.mx\/index.php?rest_route=%2Fwp%2Fv2%2Fcomments&post=63653"}],"version-history":[{"count":1,"href":"https:\/\/mexicocodigorojo.com.mx\/index.php?rest_route=\/wp\/v2\/posts\/63653\/revisions"}],"predecessor-version":[{"id":63655,"href":"https:\/\/mexicocodigorojo.com.mx\/index.php?rest_route=\/wp\/v2\/posts\/63653\/revisions\/63655"}],"wp:featuredmedia":[{"embeddable":true,"href":"https:\/\/mexicocodigorojo.com.mx\/index.php?rest_route=\/wp\/v2\/media\/63654"}],"wp:attachment":[{"href":"https:\/\/mexicocodigorojo.com.mx\/index.php?rest_route=%2Fwp%2Fv2%2Fmedia&parent=63653"}],"wp:term":[{"taxonomy":"category","embeddable":true,"href":"https:\/\/mexicocodigorojo.com.mx\/index.php?rest_route=%2Fwp%2Fv2%2Fcategories&post=63653"},{"taxonomy":"post_tag","embeddable":true,"href":"https:\/\/mexicocodigorojo.com.mx\/index.php?rest_route=%2Fwp%2Fv2%2Ftags&post=63653"}],"curies":[{"name":"wp","href":"https:\/\/api.w.org\/{rel}","templated":true}]}}