{"id":63607,"date":"2025-01-20T16:15:29","date_gmt":"2025-01-20T22:15:29","guid":{"rendered":"https:\/\/mexicocodigorojo.com.mx\/?p=63607"},"modified":"2025-01-20T16:17:12","modified_gmt":"2025-01-20T22:17:12","slug":"desmantelan-celulas-de-pandilleros-tzotziles-y-combate-el-narcomenudeo-en-chiapas","status":"publish","type":"post","link":"https:\/\/mexicocodigorojo.com.mx\/?p=63607","title":{"rendered":"Desmantelan c\u00e9lulas de pandilleros tzotziles y combate el narcomenudeo en Chiapas"},"content":{"rendered":"<p>Un operativo del Ej\u00e9rcito, Guardia Nacional, el grupo Fuerza y Reacci\u00f3n Inmediata Pakal (FRIP) de la Polic\u00eda Estatal, en colonias donde operan c\u00e9lulas de pandilleros tzotziles, que desde el 2015 mantuvieron atemorizada a la poblaci\u00f3n local y visitantes nacionales y extranjeros, se lleva a cabo este domingo.<\/p>\n<p>En la madrugada de este domingo, cientos de elementos del Ej\u00e9rcito, Guardia Nacional y Polic\u00eda Estatal, tomaron varias colonias donde operan los pandilleros tzotziles que se dedican al narcomenudeo en tiendas establecidas de varios puntos de la localidad, as\u00ed como en mercados, donde se puede adquirir todo tipo de estupefaciente, cigarros electr\u00f3nicos, pipas y otros productos.<\/p>\n<p>Como parte de las operaciones, la Polic\u00eda Estatal realiza revisi\u00f3n en negocios establecidos en el mercado Jos\u00e9 Castillo Tielemans, donde podr\u00edan vender estupefacientes, mientas que varios hombres sospechosos han sido interceptados en las inmediaciones del centro de abastos que se ubica en el centro hist\u00f3rico de la ciudad, para realizarles revisiones de rutina.<\/p>\n<figure id=\"attachment_63610\" aria-describedby=\"caption-attachment-63610\" style=\"width: 1005px\" class=\"wp-caption aligncenter\"><img loading=\"lazy\" decoding=\"async\" data-attachment-id=\"63610\" data-permalink=\"https:\/\/mexicocodigorojo.com.mx\/?attachment_id=63610\" data-orig-file=\"https:\/\/mexicocodigorojo.com.mx\/wp-content\/uploads\/2025\/01\/FPB3D7GWFVGHLO3HKNVD3RAM44.avif\" data-orig-size=\"1005,620\" data-comments-opened=\"1\" data-image-meta=\"{&quot;aperture&quot;:&quot;0&quot;,&quot;credit&quot;:&quot;&quot;,&quot;camera&quot;:&quot;&quot;,&quot;caption&quot;:&quot;&quot;,&quot;created_timestamp&quot;:&quot;0&quot;,&quot;copyright&quot;:&quot;&quot;,&quot;focal_length&quot;:&quot;0&quot;,&quot;iso&quot;:&quot;0&quot;,&quot;shutter_speed&quot;:&quot;0&quot;,&quot;title&quot;:&quot;&quot;,&quot;orientation&quot;:&quot;0&quot;}\" data-image-title=\"FPB3D7GWFVGHLO3HKNVD3RAM44\" data-image-description=\"\" data-image-caption=\"\" data-large-file=\"https:\/\/mexicocodigorojo.com.mx\/wp-content\/uploads\/2025\/01\/FPB3D7GWFVGHLO3HKNVD3RAM44.avif\" class=\"wp-image-63610 size-full\" src=\"https:\/\/mexicocodigorojo.com.mx\/wp-content\/uploads\/2025\/01\/FPB3D7GWFVGHLO3HKNVD3RAM44.avif\" alt=\"Mega operativo en San Crist\u00f3bal. Foto: Especial\" width=\"1005\" height=\"620\" srcset=\"https:\/\/mexicocodigorojo.com.mx\/wp-content\/uploads\/2025\/01\/FPB3D7GWFVGHLO3HKNVD3RAM44.avif 1005w, https:\/\/mexicocodigorojo.com.mx\/wp-content\/uploads\/2025\/01\/FPB3D7GWFVGHLO3HKNVD3RAM44-300x185.avif 300w, https:\/\/mexicocodigorojo.com.mx\/wp-content\/uploads\/2025\/01\/FPB3D7GWFVGHLO3HKNVD3RAM44-768x474.avif 768w, https:\/\/mexicocodigorojo.com.mx\/wp-content\/uploads\/2025\/01\/FPB3D7GWFVGHLO3HKNVD3RAM44-681x420.avif 681w, https:\/\/mexicocodigorojo.com.mx\/wp-content\/uploads\/2025\/01\/FPB3D7GWFVGHLO3HKNVD3RAM44-150x93.avif 150w, https:\/\/mexicocodigorojo.com.mx\/wp-content\/uploads\/2025\/01\/FPB3D7GWFVGHLO3HKNVD3RAM44-696x429.avif 696w, https:\/\/mexicocodigorojo.com.mx\/wp-content\/uploads\/2025\/01\/FPB3D7GWFVGHLO3HKNVD3RAM44-356x220.avif 356w\" sizes=\"auto, (max-width: 696px) 100vw, 696px\" \/><figcaption id=\"caption-attachment-63610\" class=\"wp-caption-text\">Mega operativo en San Crist\u00f3bal. Foto: Especial<\/figcaption><\/figure>\n<p>Algunos tzotziles manifestaron su agrado por el operativo, pero se molestaron por la detenci\u00f3n de algunos hombres, entre ellos, menores de edad, que fueron sometidos para un chequeo de rutina. \u201cAqu\u00ed no vendemos nada malo\u201d. \u201cEs bueno los operativos, pero a veces se pasan (los polic\u00edas)\u201d, dijo un comerciante al que le revisaron su negociaci\u00f3n.<\/p>\n<p>Los cateos se llevaron a cabo en la colonia 11 Cuartos y en otros puntos, en talleres mec\u00e1nicos donde se venden piezas usadas de autom\u00f3viles de todas las marcas.<\/p>\n<p>En estos puntos, el Fiscal de Chiapas y el Secretario de Seguridad P\u00fablica, Jorge Luis Llaven y \u00d3scar Aparicio Avenda\u00f1o, encabezan los cateos en los negocios dedicados a la venta de piezas usadas para veh\u00edculos, donde fueron hallados decenas de motores, veh\u00edculos desmantelados e infinidad de piezas como marchas, puertas, cofres, llantas, rines y otras.<\/p>\n<p>Reporteros pudieron ver que en los operativos fueron detenidos hasta una decena de hombres, presuntamente vinculados a las organizaciones dedicadas al robo de veh\u00edculos y desmantelamiento de unidades. En otros puntos de la ciudad, han sido detenidos varios tzotziles en posesi\u00f3n de drogas y armas de fuego.<\/p>\n<p>A las 19:00 horas las autoridades dar\u00e1n a conocer los resultados de este operativo en contra de c\u00e9lulas de pandilleros tzotziles mantuvieron el control de la ciudad, con ejecuciones de adversarios, balaceras y enfrentamientos en varios punto Adem\u00e1s, fueron desactivadas c\u00e1maras de vigilancia en varios puntos de la ciudad, que manten\u00edan los grupos criminales que operan en la ciudad, como parte del control de sus actividades.<\/p>\n<p>El gobernador Eduardo Ram\u00edrez Aguilar dio a conocer sobre los operativos que se llevaron a cabo en contra de presuntos criminales que operan en la ciudad, donde los grupos combinados dieron \u201cduros golpes en contra de grupos delincuenciales que manten\u00edan en vio la tranquilidad y la seguridad de las familias\u201d, dijo en redes sociales y anunci\u00f3 que en municipio de Mapastepec, fueron desmanteladas c\u00e1maras de seguridad que manten\u00edan grupos criminales.<\/p>\n<p>En la administraci\u00f3n del alcalde Marco Antonio Cancino (2015-2018) fueron creadas organizaciones de choque para mantener el control de los mercados p\u00fablicos y plazas, que luego se convirtieron en varias c\u00e9lulas, que adem\u00e1s de disputarse el control de los espacios comerciales, tambi\u00e9n est\u00e1n enfrentadas por la venta de estupefacientes, robo de motocicletas, asaltos y otros negocios ilegales.<\/p>\n<p>Con informacion del Universal<\/p>\n","protected":false},"excerpt":{"rendered":"<p>Un operativo del Ej\u00e9rcito, Guardia Nacional, el grupo Fuerza y Reacci\u00f3n Inmediata Pakal (FRIP) de la Polic\u00eda Estatal, en colonias donde operan c\u00e9lulas de pandilleros tzotziles, que desde el 2015 mantuvieron atemorizada a la poblaci\u00f3n local y visitantes nacionales y extranjeros, se lleva a cabo este domingo. En la madrugada de este domingo, cientos de [&hellip;]<\/p>\n","protected":false},"author":5,"featured_media":63608,"comment_status":"open","ping_status":"open","sticky":false,"template":"","format":"standard","meta":{"_uf_show_specific_survey":0,"_uf_disable_surveys":false,"advanced_seo_description":"","jetpack_seo_html_title":"","jetpack_seo_noindex":false,"jetpack_post_was_ever_published":false,"_jetpack_newsletter_access":"","_jetpack_dont_email_post_to_subs":false,"_jetpack_newsletter_tier_id":0,"_jetpack_memberships_contains_paywalled_content":false,"_jetpack_memberships_contains_paid_content":false,"footnotes":"","jetpack_publicize_message":"","jetpack_publicize_feature_enabled":true,"jetpack_social_post_already_shared":true,"jetpack_social_options":{"image_generator_settings":{"template":"highway","default_image_id":0,"font":"","enabled":false},"version":2}},"categories":[75,1724],"tags":[906,2589],"class_list":{"0":"post-63607","1":"post","2":"type-post","3":"status-publish","4":"format-standard","5":"has-post-thumbnail","7":"category-chiapas","8":"category-featured","9":"tag-crimenorganizado","10":"tag-pakal"},"jetpack_publicize_connections":[],"jetpack_featured_media_url":"https:\/\/mexicocodigorojo.com.mx\/wp-content\/uploads\/2025\/01\/S2C5N56Q6ZH7PCNZLTMJ2UFRGE.avif","jetpack-related-posts":[{"id":64056,"url":"https:\/\/mexicocodigorojo.com.mx\/?p=64056","url_meta":{"origin":63607,"position":0},"title":"San Juan Chamula: operativo de seguridad resguarda asamblea con 158 comunidades","author":"MexicoRojoCvmx","date":"abril 1, 2025","format":false,"excerpt":"San Juan Chamula, Chiapas. Un amplio operativo de seguridad fue desplegado este fin de semana en el municipio ind\u00edgena de San Juan Chamula, con el fin de garantizar la paz social durante una asamblea comunitaria que reuni\u00f3 a representantes de 158 comunidades tzotziles. El dispositivo fue encabezado por la Secretar\u00eda\u2026","rel":"","context":"En \u00abChiapas\u00bb","block_context":{"text":"Chiapas","link":"https:\/\/mexicocodigorojo.com.mx\/?cat=75"},"img":{"alt_text":"","src":"https:\/\/i0.wp.com\/mexicocodigorojo.com.mx\/wp-content\/uploads\/2025\/04\/Captura-de-pantalla-2025-04-01-170624.jpg?fit=977%2C546&ssl=1&resize=350%2C200","width":350,"height":200,"srcset":"https:\/\/i0.wp.com\/mexicocodigorojo.com.mx\/wp-content\/uploads\/2025\/04\/Captura-de-pantalla-2025-04-01-170624.jpg?fit=977%2C546&ssl=1&resize=350%2C200 1x, https:\/\/i0.wp.com\/mexicocodigorojo.com.mx\/wp-content\/uploads\/2025\/04\/Captura-de-pantalla-2025-04-01-170624.jpg?fit=977%2C546&ssl=1&resize=525%2C300 1.5x, https:\/\/i0.wp.com\/mexicocodigorojo.com.mx\/wp-content\/uploads\/2025\/04\/Captura-de-pantalla-2025-04-01-170624.jpg?fit=977%2C546&ssl=1&resize=700%2C400 2x"},"classes":[]},{"id":64234,"url":"https:\/\/mexicocodigorojo.com.mx\/?p=64234","url_meta":{"origin":63607,"position":1},"title":"Operativo interinstitucional libera a 23 migrantes en Chiapas","author":"MexicoRojoCvmx","date":"mayo 2, 2025","format":false,"excerpt":"En un operativo coordinado de alto impacto, autoridades estatales y federales rescataron a 23 migrantes en el municipio de Tuxtla Chico, Chiapas, como parte de las acciones para combatir el tr\u00e1fico de personas y proteger los derechos humanos de quienes transitan por territorio mexicano. La acci\u00f3n fue liderada por la\u2026","rel":"","context":"En \u00abChiapas\u00bb","block_context":{"text":"Chiapas","link":"https:\/\/mexicocodigorojo.com.mx\/?cat=75"},"img":{"alt_text":"","src":"https:\/\/i0.wp.com\/mexicocodigorojo.com.mx\/wp-content\/uploads\/2025\/06\/nn113.jpg?fit=1200%2C628&ssl=1&resize=350%2C200","width":350,"height":200,"srcset":"https:\/\/i0.wp.com\/mexicocodigorojo.com.mx\/wp-content\/uploads\/2025\/06\/nn113.jpg?fit=1200%2C628&ssl=1&resize=350%2C200 1x, https:\/\/i0.wp.com\/mexicocodigorojo.com.mx\/wp-content\/uploads\/2025\/06\/nn113.jpg?fit=1200%2C628&ssl=1&resize=525%2C300 1.5x, https:\/\/i0.wp.com\/mexicocodigorojo.com.mx\/wp-content\/uploads\/2025\/06\/nn113.jpg?fit=1200%2C628&ssl=1&resize=700%2C400 2x, https:\/\/i0.wp.com\/mexicocodigorojo.com.mx\/wp-content\/uploads\/2025\/06\/nn113.jpg?fit=1200%2C628&ssl=1&resize=1050%2C600 3x"},"classes":[]},{"id":63619,"url":"https:\/\/mexicocodigorojo.com.mx\/?p=63619","url_meta":{"origin":63607,"position":2},"title":"Detienen al alcalde de Frontera Comalapa acusado de homicidio y desaparici\u00f3n forzada","author":"Staff","date":"enero 5, 2025","format":false,"excerpt":"El presidente municipal interino de Frontera Comalapa, Jos\u00e9 Antonio Villatoro Herrera, fue detenido en un operativo de la Fuerza de Reacci\u00f3n Inmediata Pakal (FRIP) junto a dos sujetos m\u00e1s. A los detenidos se les asegur\u00f3 un veh\u00edculo Volkswagen Amarok 4x4 y dos fusiles, uno calibre .223 y otro calibre 7.62,\u2026","rel":"","context":"En \u00abChiapas\u00bb","block_context":{"text":"Chiapas","link":"https:\/\/mexicocodigorojo.com.mx\/?cat=75"},"img":{"alt_text":"","src":"https:\/\/i0.wp.com\/mexicocodigorojo.com.mx\/wp-content\/uploads\/2025\/01\/214474.webp?fit=1200%2C900&ssl=1&resize=350%2C200","width":350,"height":200,"srcset":"https:\/\/i0.wp.com\/mexicocodigorojo.com.mx\/wp-content\/uploads\/2025\/01\/214474.webp?fit=1200%2C900&ssl=1&resize=350%2C200 1x, https:\/\/i0.wp.com\/mexicocodigorojo.com.mx\/wp-content\/uploads\/2025\/01\/214474.webp?fit=1200%2C900&ssl=1&resize=525%2C300 1.5x, https:\/\/i0.wp.com\/mexicocodigorojo.com.mx\/wp-content\/uploads\/2025\/01\/214474.webp?fit=1200%2C900&ssl=1&resize=700%2C400 2x, https:\/\/i0.wp.com\/mexicocodigorojo.com.mx\/wp-content\/uploads\/2025\/01\/214474.webp?fit=1200%2C900&ssl=1&resize=1050%2C600 3x"},"classes":[]},{"id":64791,"url":"https:\/\/mexicocodigorojo.com.mx\/?p=64791","url_meta":{"origin":63607,"position":3},"title":"Detienen a hombre armado por usurpaci\u00f3n de funciones y presuntos delitos contra la salud en Tuxtla Chico","author":"MexicoRojoCvmx","date":"septiembre 22, 2025","format":false,"excerpt":"Tuxtla Chico, Chiapas. \u2013 En un operativo interinstitucional, elementos de la Guardia Estatal Fronteriza, la Guardia Estatal Preventiva y la Fuerza de Reacci\u00f3n Inmediata Pakal (FRIP), en coordinaci\u00f3n con la Fiscal\u00eda General del Estado (FGE) y la Polic\u00eda Municipal, detuvieron a un hombre se\u00f1alado por los probables delitos de portaci\u00f3n\u2026","rel":"","context":"En \u00abChiapas\u00bb","block_context":{"text":"Chiapas","link":"https:\/\/mexicocodigorojo.com.mx\/?cat=75"},"img":{"alt_text":"","src":"https:\/\/i0.wp.com\/mexicocodigorojo.com.mx\/wp-content\/uploads\/2025\/09\/WhatsApp-Image-2025-09-22-at-6.55.09-AM.jpeg?fit=1200%2C675&ssl=1&resize=350%2C200","width":350,"height":200,"srcset":"https:\/\/i0.wp.com\/mexicocodigorojo.com.mx\/wp-content\/uploads\/2025\/09\/WhatsApp-Image-2025-09-22-at-6.55.09-AM.jpeg?fit=1200%2C675&ssl=1&resize=350%2C200 1x, https:\/\/i0.wp.com\/mexicocodigorojo.com.mx\/wp-content\/uploads\/2025\/09\/WhatsApp-Image-2025-09-22-at-6.55.09-AM.jpeg?fit=1200%2C675&ssl=1&resize=525%2C300 1.5x, https:\/\/i0.wp.com\/mexicocodigorojo.com.mx\/wp-content\/uploads\/2025\/09\/WhatsApp-Image-2025-09-22-at-6.55.09-AM.jpeg?fit=1200%2C675&ssl=1&resize=700%2C400 2x, https:\/\/i0.wp.com\/mexicocodigorojo.com.mx\/wp-content\/uploads\/2025\/09\/WhatsApp-Image-2025-09-22-at-6.55.09-AM.jpeg?fit=1200%2C675&ssl=1&resize=1050%2C600 3x"},"classes":[]},{"id":50319,"url":"https:\/\/mexicocodigorojo.com.mx\/?p=50319","url_meta":{"origin":63607,"position":4},"title":"ALTOS DE CHIAPAS PRESENTA AL EJERCITO MACHETE de AUTODEFENSAS VS NARCO","author":"Staff","date":"julio 19, 2021","format":false,"excerpt":"19 DE JULIO 2021 ANTECEDENTES CHIAPAS ESTADO QUE VIO NACER AL EJERCITO ZAPATISTA DE LIBERACION NACIONAL \"EZLN\" EL 1 DE ENERO DE 1994 FU\u00c8 ORGANIZADO POR UN TAMAULIPECO LLAMADO RAFAEL SEBASTIAN GUILLEN ORIUNDO DE TAMPICO TAMAULIPAS ALIAS ...EL SUBCOMANDANTE MARCOS, SUBCOMANDANTE GALEANO Y SUBCOMANDANTE ZERO ERA UNA ORGANIZACION POLITICO MILITAR\u2026","rel":"","context":"En \u00abFeatured\u00bb","block_context":{"text":"Featured","link":"https:\/\/mexicocodigorojo.com.mx\/?cat=1724"},"img":{"alt_text":"","src":"https:\/\/i0.wp.com\/mexicocodigorojo.com.mx\/wp-content\/uploads\/2021\/07\/IMG-20210719-WA0088-1.jpg?fit=720%2C481&ssl=1&resize=350%2C200","width":350,"height":200,"srcset":"https:\/\/i0.wp.com\/mexicocodigorojo.com.mx\/wp-content\/uploads\/2021\/07\/IMG-20210719-WA0088-1.jpg?fit=720%2C481&ssl=1&resize=350%2C200 1x, https:\/\/i0.wp.com\/mexicocodigorojo.com.mx\/wp-content\/uploads\/2021\/07\/IMG-20210719-WA0088-1.jpg?fit=720%2C481&ssl=1&resize=525%2C300 1.5x, https:\/\/i0.wp.com\/mexicocodigorojo.com.mx\/wp-content\/uploads\/2021\/07\/IMG-20210719-WA0088-1.jpg?fit=720%2C481&ssl=1&resize=700%2C400 2x"},"classes":[]},{"id":61344,"url":"https:\/\/mexicocodigorojo.com.mx\/?p=61344","url_meta":{"origin":63607,"position":5},"title":"Chiapas | Fotos Emboscan y asesinan a 4 miembros del grupo de El Machete en Pantelho","author":"MexicoRojo","date":"junio 3, 2024","format":false,"excerpt":"Un grupo de Sicarios contrario embosc\u00f3 a miembros del grupo delictivo que se hace pasar por autodefensas en Chiapas autodenominado, Machete. \u00a0 \u00a0 En este ataque armado cuatro miembros de Machete fueron asesinados cuando circulaban en una camioneta\u00a0en el tramo carretero El Roblar-Las Limas del municipio de Pantelh\u00f3 durante la\u2026","rel":"","context":"En \u00abChiapas\u00bb","block_context":{"text":"Chiapas","link":"https:\/\/mexicocodigorojo.com.mx\/?cat=75"},"img":{"alt_text":"","src":"https:\/\/i0.wp.com\/mexicocodigorojo.com.mx\/wp-content\/uploads\/2024\/06\/20240603_112853.jpg?fit=1040%2C780&ssl=1&resize=350%2C200","width":350,"height":200,"srcset":"https:\/\/i0.wp.com\/mexicocodigorojo.com.mx\/wp-content\/uploads\/2024\/06\/20240603_112853.jpg?fit=1040%2C780&ssl=1&resize=350%2C200 1x, https:\/\/i0.wp.com\/mexicocodigorojo.com.mx\/wp-content\/uploads\/2024\/06\/20240603_112853.jpg?fit=1040%2C780&ssl=1&resize=525%2C300 1.5x, https:\/\/i0.wp.com\/mexicocodigorojo.com.mx\/wp-content\/uploads\/2024\/06\/20240603_112853.jpg?fit=1040%2C780&ssl=1&resize=700%2C400 2x"},"classes":[]}],"jetpack_sharing_enabled":true,"jetpack_likes_enabled":true,"jetpack_shortlink":"https:\/\/wp.me\/p9TedA-gxV","_links":{"self":[{"href":"https:\/\/mexicocodigorojo.com.mx\/index.php?rest_route=\/wp\/v2\/posts\/63607","targetHints":{"allow":["GET"]}}],"collection":[{"href":"https:\/\/mexicocodigorojo.com.mx\/index.php?rest_route=\/wp\/v2\/posts"}],"about":[{"href":"https:\/\/mexicocodigorojo.com.mx\/index.php?rest_route=\/wp\/v2\/types\/post"}],"author":[{"embeddable":true,"href":"https:\/\/mexicocodigorojo.com.mx\/index.php?rest_route=\/wp\/v2\/users\/5"}],"replies":[{"embeddable":true,"href":"https:\/\/mexicocodigorojo.com.mx\/index.php?rest_route=%2Fwp%2Fv2%2Fcomments&post=63607"}],"version-history":[{"count":3,"href":"https:\/\/mexicocodigorojo.com.mx\/index.php?rest_route=\/wp\/v2\/posts\/63607\/revisions"}],"predecessor-version":[{"id":63612,"href":"https:\/\/mexicocodigorojo.com.mx\/index.php?rest_route=\/wp\/v2\/posts\/63607\/revisions\/63612"}],"wp:featuredmedia":[{"embeddable":true,"href":"https:\/\/mexicocodigorojo.com.mx\/index.php?rest_route=\/wp\/v2\/media\/63608"}],"wp:attachment":[{"href":"https:\/\/mexicocodigorojo.com.mx\/index.php?rest_route=%2Fwp%2Fv2%2Fmedia&parent=63607"}],"wp:term":[{"taxonomy":"category","embeddable":true,"href":"https:\/\/mexicocodigorojo.com.mx\/index.php?rest_route=%2Fwp%2Fv2%2Fcategories&post=63607"},{"taxonomy":"post_tag","embeddable":true,"href":"https:\/\/mexicocodigorojo.com.mx\/index.php?rest_route=%2Fwp%2Fv2%2Ftags&post=63607"}],"curies":[{"name":"wp","href":"https:\/\/api.w.org\/{rel}","templated":true}]}}