{"id":63588,"date":"2025-01-17T15:05:04","date_gmt":"2025-01-17T21:05:04","guid":{"rendered":"https:\/\/mexicocodigorojo.com.mx\/?p=63588"},"modified":"2025-01-17T15:05:04","modified_gmt":"2025-01-17T21:05:04","slug":"garcia-harfuch-asegura-que-la-mayiza-y-los-chapitos-se-han-debilitado","status":"publish","type":"post","link":"https:\/\/mexicocodigorojo.com.mx\/?p=63588","title":{"rendered":"Garc\u00eda Harfuch asegura que La Mayiza y Los Chapitos se han debilitado"},"content":{"rendered":"<p class=\"\">Las facciones que se disputan el control del Cartel de Sinaloa acusan el desgaste tras cuatro meses de conflicto. As\u00ed lo asegur\u00f3\u00a0Omar Garc\u00eda Harfuch\u00a0en La Ma\u00f1anera de este viernes. El zar de Seguridad de Claudia Sheinbaum defendi\u00f3 los resultados de la estrategia contra la crisis de violencia en el noroeste de M\u00e9xico y sostuvo que en los \u00faltimos d\u00edas se ha logrado inhibir\u00a0los enfrentamientos entre Los Chapitos y La Mayiza, el grupo leal a\u00a0Ismael\u00a0<i>El Mayo<\/i>\u00a0Zambada. \u201cSe ha debilitado a las c\u00e9lulas delictivas que generan m\u00e1s violencia\u201d, afirm\u00f3 el secretario y agreg\u00f3 que \u201cdefinitivamente ha habido un avance\u201d. El funcionario anunci\u00f3 que se ha logrado detener a casi 50 objetivos prioritarios desde la llegada del nuevo Gobierno, al tiempo que la guerra de carteles ha dejado 692 asesinatos, seg\u00fan cifras oficiales.<\/p>\n<p class=\"\">\u201cLa cantidad de homicidios que hab\u00eda al inicio no es la misma de ahora\u201d, asegur\u00f3 Garc\u00eda Harfuch, que se desplaz\u00f3 en diciembre a Sinaloa para coordinar la estrategia del Gobierno de Sheinbaum sobre el terreno y avanzar en los esfuerzos de pacificaci\u00f3n. Despu\u00e9s de ser capturado a finales de julio, Zambada acus\u00f3 a\u00a0Joaqu\u00edn Guzm\u00e1n L\u00f3pez, su ahijado e hijo de\u00a0Joaqu\u00edn\u00a0<i>El Chapo<\/i>\u00a0Guzm\u00e1n, de traicionarlo y entregarlo a las autoridades de Estados Unidos. Tras un mes y medio de pugnas de poder y temores de una venganza, la guerra abierta entre La Mayiza y Los Chapitos estall\u00f3 el pasado 9 de septiembre. El conflicto ha sembrado el p\u00e1nico entre la poblaci\u00f3n civil y el caos en\u00a0Culiac\u00e1n, la capital de Sinaloa y basti\u00f3n hist\u00f3rico de la organizaci\u00f3n criminal. Se trata de la peor fractura dentro del cartel, una de las fuerzas criminales m\u00e1s poderosas del mundo, en casi 15 a\u00f1os.<\/p>\n<div id=\"elpais_gpt-INTEXT\" data-google-query-id=\"CNGwptrT_YoDFfKEpgQdAqINzQ\">\n<div id=\"google_ads_iframe_7811748\/elpais_mexico_web_3__container__\"><iframe id=\"google_ads_iframe_7811748\/elpais_mexico_web_3\" tabindex=\"0\" title=\"3rd party ad content\" name=\"google_ads_iframe_7811748\/elpais_mexico_web_3\" width=\"1\" height=\"1\" frameborder=\"0\" marginwidth=\"0\" marginheight=\"0\" scrolling=\"no\" aria-label=\"Advertisement\" data-load-complete=\"true\" data-google-container-id=\"4\" data-mce-fragment=\"1\"><\/iframe><\/div>\n<\/div>\n<p class=\"\">Las autoridades fincan su optimismo en que ha habido d\u00edas en los que no se ha registrado ning\u00fan asesinato en los registros gubernamentales. La \u00faltima vez que no hubo asesinatos fue el pasado 16 de diciembre, hace un mes. Garc\u00eda Harfuch se\u00f1al\u00f3 expl\u00edcitamente que uno de los objetivos de la intervenci\u00f3n del Gobierno era debilitar a las facciones en disputa y disuadir la formaci\u00f3n de convoyes que utiliza cada grupo para atacar a sus rivales y antiguos socios. Destac\u00f3 tambi\u00e9n el aseguramiento de alrededor de 400 veh\u00edculos y m\u00e1s de 600 armas de alto poder en acciones contra los grupos criminales en el arranque de esta Administraci\u00f3n.<\/p>\n<p class=\"\">El secretario sostuvo que hay se\u00f1ales de que el conflicto ha perdido intensidad. En diciembre hubo cinco d\u00edas distintos en los que se registraron m\u00e1s de una decena de homicidios, pero desde inicios de este a\u00f1o no se han superado los dos d\u00edgitos en el recuento diario de muertes violentas, de acuerdo con un seguimiento de EL PA\u00cdS a partir de los datos oficiales. \u201cLa estrategia de Seguridad va a funcionar\u201d, afirm\u00f3 Sheinbaum al presentar el informe por los primeros 100 d\u00edas de su Gobierno el pasado domingo. M\u00e9xico trabaja a marchas forzadas en dos frentes: atender la crisis interna en los principales focos rojos del pa\u00eds y responder a las presiones de Donald Trump, que el lunes tomar\u00e1 posesi\u00f3n como presidente de Estados Unidos.<\/p>\n<p class=\"\">La guerra ha dejado su huella en Sinaloa, con cientos de secuestros, robos de veh\u00edculos, ataques a comercios, decapitaciones en plena calle y narcomensajes de las facciones en disputa para intimidar al Gobierno y a sus rivales. El gobernador de Sinaloa, Rub\u00e9n Rocha Moya, ha sido duramente cuestionado por minimizar la violencia y ha recibido reclamos de la oposici\u00f3n y los empresarios por la falta de resultados ante la crisis.<\/p>\n<p class=\"\">En medio del esc\u00e1ndalo por la captura de Zambada en Estados Unidos y el asesinato de\u00a0H\u00e9ctor Cu\u00e9n, un influyente pol\u00edtico local, el conflicto ha detonado la renuncia de la fiscal estatal, Sara Bruna Qui\u00f1\u00f3nez, y del secretario de Seguridad P\u00fablica, Gerardo M\u00e9rida. \u201cEn Sinaloa se vive perfectamente bien\u201d, declar\u00f3 Rocha Moya el jueves, en una visita de trabajo al vecino Estado de Sonora. El gobernador, salpicado en la carta donde El Mayo expone su propia versi\u00f3n de su captura, ha descartado que vaya a renunciar y ha negado tener v\u00ednculos con el crimen organizado.<\/p>\n<p class=\"\">Esta misma semana, Zambada compareci\u00f3 por segunda ocasi\u00f3n en una corte de Nueva York, la misma que conden\u00f3 al Chapo a cadena perpetua en 2019. Los abogados del capo\u00a0reconocieron p\u00fablicamente por primera vez que la justicia estadounidense ha puesto sobre la mesa un acuerdo de culpabilidad\u00a0para evitar que el caso criminal en su contra llegue a juicio, aunque no ha habido avances en la negociaci\u00f3n.<\/p>\n<p class=\"\">Joaqu\u00edn y Ovidio Guzm\u00e1n L\u00f3pez, los l\u00edderes de Los Chapitos que est\u00e1n bajo custodia de Estados Unidos, est\u00e1n desde hace meses en conversaciones para declararse culpables. En una audiencia en Chicago la semana pasada, la Fiscal\u00eda se mostr\u00f3 confiada y asever\u00f3 que pod\u00eda ser cuesti\u00f3n de tiempo para que alcancen un pacto con los herederos del Chapo. Ovidio Guzm\u00e1n, alias\u00a0<i>El Rat\u00f3n<\/i>, tiene su pr\u00f3xima audiencia el 27 de febrero, mientras que su hermano mayor est\u00e1 llamado a presentarse ante los tribunales el 19 de marzo. El Mayo tiene su pr\u00f3xima audiencia el 22 de abril. Mientras los casos avanzan en Estados Unidos, M\u00e9xico exige respuestas sobre la detenci\u00f3n que agit\u00f3 el avispero en Sinaloa. \u201cLo vamos a solicitar al presidente Trump tambi\u00e9n porque es algo que tienen que aclarar\u201d, dijo Sheinbaum esta semana.<\/p>\n<p>Con informaci\u00f3n del Pais.<\/p>\n","protected":false},"excerpt":{"rendered":"<p>Las facciones que se disputan el control del Cartel de Sinaloa acusan el desgaste tras cuatro meses de conflicto. As\u00ed lo asegur\u00f3\u00a0Omar Garc\u00eda Harfuch\u00a0en La Ma\u00f1anera de este viernes. El zar de Seguridad de Claudia Sheinbaum defendi\u00f3 los resultados de la estrategia contra la crisis de violencia en el noroeste de M\u00e9xico y sostuvo que [&hellip;]<\/p>\n","protected":false},"author":5,"featured_media":63589,"comment_status":"open","ping_status":"open","sticky":false,"template":"","format":"standard","meta":{"_uf_show_specific_survey":0,"_uf_disable_surveys":false,"advanced_seo_description":"","jetpack_seo_html_title":"","jetpack_seo_noindex":false,"jetpack_post_was_ever_published":false,"_jetpack_newsletter_access":"","_jetpack_dont_email_post_to_subs":false,"_jetpack_newsletter_tier_id":0,"_jetpack_memberships_contains_paywalled_content":false,"_jetpack_memberships_contains_paid_content":false,"footnotes":"","jetpack_publicize_message":"","jetpack_publicize_feature_enabled":true,"jetpack_social_post_already_shared":true,"jetpack_social_options":{"image_generator_settings":{"template":"highway","default_image_id":0,"font":"","enabled":false},"version":2}},"categories":[1724,41],"tags":[2173],"class_list":{"0":"post-63588","1":"post","2":"type-post","3":"status-publish","4":"format-standard","5":"has-post-thumbnail","7":"category-featured","8":"category-sinaloa","9":"tag-narcotrafico-2"},"jetpack_publicize_connections":[],"jetpack_featured_media_url":"https:\/\/mexicocodigorojo.com.mx\/wp-content\/uploads\/2025\/01\/RRE6A6PI2VGI7IGOMTNQ6SMJJI.avif","jetpack-related-posts":[{"id":63390,"url":"https:\/\/mexicocodigorojo.com.mx\/?p=63390","url_meta":{"origin":63588,"position":0},"title":"Guerra en Sinaloa: 400 muertos y un estado al borde del colapso","author":"MexicoRojoCvmx","date":"diciembre 2, 2024","format":false,"excerpt":"La feroz lucha por el control del C\u00e1rtel de Sinaloa entre \u201cLos Chapitos\u201d y \u201cLa Mayiza\u201d ha llevado al estado a una crisis de violencia sin precedentes. Este conflicto, que combina traiciones, estrategias de guerrilla urbana y una disputa por rutas de tr\u00e1fico y laboratorios de drogas sint\u00e9ticas, muestra el\u2026","rel":"","context":"En \u00abFeatured\u00bb","block_context":{"text":"Featured","link":"https:\/\/mexicocodigorojo.com.mx\/?cat=1724"},"img":{"alt_text":"","src":"https:\/\/i0.wp.com\/mexicocodigorojo.com.mx\/wp-content\/uploads\/2024\/12\/Sinaloa.jpg?fit=1200%2C672&ssl=1&resize=350%2C200","width":350,"height":200,"srcset":"https:\/\/i0.wp.com\/mexicocodigorojo.com.mx\/wp-content\/uploads\/2024\/12\/Sinaloa.jpg?fit=1200%2C672&ssl=1&resize=350%2C200 1x, https:\/\/i0.wp.com\/mexicocodigorojo.com.mx\/wp-content\/uploads\/2024\/12\/Sinaloa.jpg?fit=1200%2C672&ssl=1&resize=525%2C300 1.5x, https:\/\/i0.wp.com\/mexicocodigorojo.com.mx\/wp-content\/uploads\/2024\/12\/Sinaloa.jpg?fit=1200%2C672&ssl=1&resize=700%2C400 2x, https:\/\/i0.wp.com\/mexicocodigorojo.com.mx\/wp-content\/uploads\/2024\/12\/Sinaloa.jpg?fit=1200%2C672&ssl=1&resize=1050%2C600 3x"},"classes":[]},{"id":63302,"url":"https:\/\/mexicocodigorojo.com.mx\/?p=63302","url_meta":{"origin":63588,"position":1},"title":"&#8216;Ha habido encuentros entre los grupos criminales directamente con la autoridad&#8217;: Rub\u00e9n Rocha Moya","author":"Staff","date":"noviembre 25, 2024","format":false,"excerpt":"Rub\u00e9n Rocha Moya, gobernador de Sinaloa, acept\u00f3 que en su entidad los grupos delincuenciales mantienen encuentros con los elementos de los diferentes cuerpos de seguridad desplegados para contener la\u00a0guerra\u00a0entre\u00a0Los Chapitos\u00a0y\u00a0La Mayiza. Reconoci\u00f3 que son acciones que retan a la autoridad. \u201cS\u00ed, definitivamente. Tienes que darte cuenta de eso, de que\u2026","rel":"","context":"En \u00abFeatured\u00bb","block_context":{"text":"Featured","link":"https:\/\/mexicocodigorojo.com.mx\/?cat=1724"},"img":{"alt_text":"","src":"https:\/\/i0.wp.com\/mexicocodigorojo.com.mx\/wp-content\/uploads\/2024\/11\/f960x540-102054_176129_5050.webp?fit=960%2C540&ssl=1&resize=350%2C200","width":350,"height":200,"srcset":"https:\/\/i0.wp.com\/mexicocodigorojo.com.mx\/wp-content\/uploads\/2024\/11\/f960x540-102054_176129_5050.webp?fit=960%2C540&ssl=1&resize=350%2C200 1x, https:\/\/i0.wp.com\/mexicocodigorojo.com.mx\/wp-content\/uploads\/2024\/11\/f960x540-102054_176129_5050.webp?fit=960%2C540&ssl=1&resize=525%2C300 1.5x, https:\/\/i0.wp.com\/mexicocodigorojo.com.mx\/wp-content\/uploads\/2024\/11\/f960x540-102054_176129_5050.webp?fit=960%2C540&ssl=1&resize=700%2C400 2x"},"classes":[]},{"id":62887,"url":"https:\/\/mexicocodigorojo.com.mx\/?p=62887","url_meta":{"origin":63588,"position":2},"title":"Capturan a \u2018El Piyi\u2019 en Culiac\u00e1n: l\u00edder de Los Chapitos y presunto traidor","author":"MexicoRojoCvmx","date":"septiembre 21, 2024","format":false,"excerpt":"En un operativo conjunto entre el Ej\u00e9rcito y la Guardia Nacional, fue detenido Mario Alexander G\u00e1mez Cuevas, alias \u201cEl Piyi\u201d, un l\u00edder dentro de la facci\u00f3n del C\u00e1rtel de Sinaloa dirigida por Los Chapitos. La captura tuvo lugar en la colonia Santa Fe, al norte de Culiac\u00e1n, tras once d\u00edas\u2026","rel":"","context":"En \u00abFeatured\u00bb","block_context":{"text":"Featured","link":"https:\/\/mexicocodigorojo.com.mx\/?cat=1724"},"img":{"alt_text":"","src":"https:\/\/i0.wp.com\/mexicocodigorojo.com.mx\/wp-content\/uploads\/2024\/09\/Captura-de-pantalla-2024-09-21-085017.png?fit=905%2C498&ssl=1&resize=350%2C200","width":350,"height":200,"srcset":"https:\/\/i0.wp.com\/mexicocodigorojo.com.mx\/wp-content\/uploads\/2024\/09\/Captura-de-pantalla-2024-09-21-085017.png?fit=905%2C498&ssl=1&resize=350%2C200 1x, https:\/\/i0.wp.com\/mexicocodigorojo.com.mx\/wp-content\/uploads\/2024\/09\/Captura-de-pantalla-2024-09-21-085017.png?fit=905%2C498&ssl=1&resize=525%2C300 1.5x, https:\/\/i0.wp.com\/mexicocodigorojo.com.mx\/wp-content\/uploads\/2024\/09\/Captura-de-pantalla-2024-09-21-085017.png?fit=905%2C498&ssl=1&resize=700%2C400 2x"},"classes":[]},{"id":57860,"url":"https:\/\/mexicocodigorojo.com.mx\/?p=57860","url_meta":{"origin":63588,"position":3},"title":"FOTOS REAPARECE EL \u00abMINI LIC\u00bb Y SE\u00d1ALA A GARCIA HARFUCH DE HABER COLABORADO CON EL CDS","author":"MexicoRojo","date":"octubre 26, 2023","format":false,"excerpt":"Revelan im\u00e1genes in\u00e9ditas de D\u00e1maso L\u00f3pez Serrano, el Minilic, identificado por la Fiscal\u00eda Especial para la Atenci\u00f3n de Delitos cometidos contra de la Libertad de Expresi\u00f3n (FEADLE) como autor intelectual del asesinato del periodista Javier Valdez C\u00e1rdenas. \u00a0 \u00a0 Por su cooperaci\u00f3n con Estados Unidos y su acuerdo de culpabilidad,\u2026","rel":"","context":"En \u00abFeatured\u00bb","block_context":{"text":"Featured","link":"https:\/\/mexicocodigorojo.com.mx\/?cat=1724"},"img":{"alt_text":"","src":"https:\/\/i0.wp.com\/mexicocodigorojo.com.mx\/wp-content\/uploads\/2023\/10\/20231026_191204.jpg?fit=1171%2C1200&ssl=1&resize=350%2C200","width":350,"height":200,"srcset":"https:\/\/i0.wp.com\/mexicocodigorojo.com.mx\/wp-content\/uploads\/2023\/10\/20231026_191204.jpg?fit=1171%2C1200&ssl=1&resize=350%2C200 1x, https:\/\/i0.wp.com\/mexicocodigorojo.com.mx\/wp-content\/uploads\/2023\/10\/20231026_191204.jpg?fit=1171%2C1200&ssl=1&resize=525%2C300 1.5x, https:\/\/i0.wp.com\/mexicocodigorojo.com.mx\/wp-content\/uploads\/2023\/10\/20231026_191204.jpg?fit=1171%2C1200&ssl=1&resize=700%2C400 2x, https:\/\/i0.wp.com\/mexicocodigorojo.com.mx\/wp-content\/uploads\/2023\/10\/20231026_191204.jpg?fit=1171%2C1200&ssl=1&resize=1050%2C600 3x"},"classes":[]},{"id":64215,"url":"https:\/\/mexicocodigorojo.com.mx\/?p=64215","url_meta":{"origin":63588,"position":4},"title":"Abatido en enfrentamiento \u201cEl Perris\u201d, operador y jefe de seguridad de Los Chapitos","author":"Staff","date":"mayo 26, 2025","format":false,"excerpt":"Jorge Humberto Figueroa Ben\u00edtez, alias \u201cEl Perris\u201d y\/o \u201cEl 27\u201d fue\u00a0abatido\u00a0la tarde de este viernes 23 de mayo por Fuerzas Especiales del Ej\u00e9rcito Mexicano, tras un\u00a0enfrentamiento\u00a0con elementos del Ej\u00e9rcito Mexicano en el municipio de Navolato, Sinaloa. A trav\u00e9s de sus redes sociales, Omar Garc\u00eda Harfuch, confirm\u00f3 que \"El Perris\" hab\u00eda\u2026","rel":"","context":"En \u00abFeatured\u00bb","block_context":{"text":"Featured","link":"https:\/\/mexicocodigorojo.com.mx\/?cat=1724"},"img":{"alt_text":"","src":"https:\/\/i0.wp.com\/mexicocodigorojo.com.mx\/wp-content\/uploads\/2025\/05\/img_0665-1.jpg?fit=1200%2C675&ssl=1&resize=350%2C200","width":350,"height":200,"srcset":"https:\/\/i0.wp.com\/mexicocodigorojo.com.mx\/wp-content\/uploads\/2025\/05\/img_0665-1.jpg?fit=1200%2C675&ssl=1&resize=350%2C200 1x, https:\/\/i0.wp.com\/mexicocodigorojo.com.mx\/wp-content\/uploads\/2025\/05\/img_0665-1.jpg?fit=1200%2C675&ssl=1&resize=525%2C300 1.5x, https:\/\/i0.wp.com\/mexicocodigorojo.com.mx\/wp-content\/uploads\/2025\/05\/img_0665-1.jpg?fit=1200%2C675&ssl=1&resize=700%2C400 2x, https:\/\/i0.wp.com\/mexicocodigorojo.com.mx\/wp-content\/uploads\/2025\/05\/img_0665-1.jpg?fit=1200%2C675&ssl=1&resize=1050%2C600 3x"},"classes":[]},{"id":63733,"url":"https:\/\/mexicocodigorojo.com.mx\/?p=63733","url_meta":{"origin":63588,"position":5},"title":"Gobierno Federal Intensifica Acciones Contra la Violencia en Sinaloa; Desarticulan Operativo de &#8216;Los Chapitos","author":"MexicoRojoCvmx","date":"enero 28, 2025","format":false,"excerpt":"Durante la reciente presentaci\u00f3n del informe de seguridad, la presidenta Claudia Sheinbaum resalt\u00f3 la continua coordinaci\u00f3n con los gobiernos estatales para combatir la violencia en Sinaloa, sin entrar en detalles sobre el apoyo al gobernador Rub\u00e9n Rocha, ante las acusaciones de nexos previos con criminales. El secretario de Seguridad P\u00fablica\u2026","rel":"","context":"En \u00abCiudad de M\u00e9xico\u00bb","block_context":{"text":"Ciudad de M\u00e9xico","link":"https:\/\/mexicocodigorojo.com.mx\/?cat=101"},"img":{"alt_text":"","src":"https:\/\/i0.wp.com\/mexicocodigorojo.com.mx\/wp-content\/uploads\/2025\/01\/AA1y0V7j.jpg?fit=768%2C512&ssl=1&resize=350%2C200","width":350,"height":200,"srcset":"https:\/\/i0.wp.com\/mexicocodigorojo.com.mx\/wp-content\/uploads\/2025\/01\/AA1y0V7j.jpg?fit=768%2C512&ssl=1&resize=350%2C200 1x, https:\/\/i0.wp.com\/mexicocodigorojo.com.mx\/wp-content\/uploads\/2025\/01\/AA1y0V7j.jpg?fit=768%2C512&ssl=1&resize=525%2C300 1.5x, https:\/\/i0.wp.com\/mexicocodigorojo.com.mx\/wp-content\/uploads\/2025\/01\/AA1y0V7j.jpg?fit=768%2C512&ssl=1&resize=700%2C400 2x"},"classes":[]}],"jetpack_sharing_enabled":true,"jetpack_likes_enabled":true,"jetpack_shortlink":"https:\/\/wp.me\/p9TedA-gxC","_links":{"self":[{"href":"https:\/\/mexicocodigorojo.com.mx\/index.php?rest_route=\/wp\/v2\/posts\/63588","targetHints":{"allow":["GET"]}}],"collection":[{"href":"https:\/\/mexicocodigorojo.com.mx\/index.php?rest_route=\/wp\/v2\/posts"}],"about":[{"href":"https:\/\/mexicocodigorojo.com.mx\/index.php?rest_route=\/wp\/v2\/types\/post"}],"author":[{"embeddable":true,"href":"https:\/\/mexicocodigorojo.com.mx\/index.php?rest_route=\/wp\/v2\/users\/5"}],"replies":[{"embeddable":true,"href":"https:\/\/mexicocodigorojo.com.mx\/index.php?rest_route=%2Fwp%2Fv2%2Fcomments&post=63588"}],"version-history":[{"count":1,"href":"https:\/\/mexicocodigorojo.com.mx\/index.php?rest_route=\/wp\/v2\/posts\/63588\/revisions"}],"predecessor-version":[{"id":63590,"href":"https:\/\/mexicocodigorojo.com.mx\/index.php?rest_route=\/wp\/v2\/posts\/63588\/revisions\/63590"}],"wp:featuredmedia":[{"embeddable":true,"href":"https:\/\/mexicocodigorojo.com.mx\/index.php?rest_route=\/wp\/v2\/media\/63589"}],"wp:attachment":[{"href":"https:\/\/mexicocodigorojo.com.mx\/index.php?rest_route=%2Fwp%2Fv2%2Fmedia&parent=63588"}],"wp:term":[{"taxonomy":"category","embeddable":true,"href":"https:\/\/mexicocodigorojo.com.mx\/index.php?rest_route=%2Fwp%2Fv2%2Fcategories&post=63588"},{"taxonomy":"post_tag","embeddable":true,"href":"https:\/\/mexicocodigorojo.com.mx\/index.php?rest_route=%2Fwp%2Fv2%2Ftags&post=63588"}],"curies":[{"name":"wp","href":"https:\/\/api.w.org\/{rel}","templated":true}]}}