{"id":63570,"date":"2025-01-14T06:04:52","date_gmt":"2025-01-14T12:04:52","guid":{"rendered":"https:\/\/mexicocodigorojo.com.mx\/?p=63570"},"modified":"2025-01-14T06:04:52","modified_gmt":"2025-01-14T12:04:52","slug":"cardinale-pizza-en-culiacan-cierra-sus-puertas-ante-ola-de-violencia","status":"publish","type":"post","link":"https:\/\/mexicocodigorojo.com.mx\/?p=63570","title":{"rendered":"Cardinale Pizza en Culiac\u00e1n cierra sus puertas ante ola de violencia"},"content":{"rendered":"<p><strong>Culiac\u00e1n, Sinaloa.<\/strong> La inseguridad en Culiac\u00e1n cobra una nueva v\u00edctima en el sector gastron\u00f3mico: Cardinale Pizza, un restaurante conocido por sus pizzas de masa madre y sabor artesanal, anunci\u00f3 su cierre definitivo. La pizzer\u00eda, situada en la zona de Montebello, atribuye su decisi\u00f3n al aumento de la violencia y a la necesidad de ajustar los horarios de vida social en la ciudad, fen\u00f3menos que han impactado gravemente su operaci\u00f3n.<\/p>\n<p>El \u00faltimo servicio al p\u00fablico de Cardinale Pizza ser\u00e1 el domingo 19 de enero de 2025. A trav\u00e9s de un emotivo comunicado, la gerencia expres\u00f3 su pesar por tener que cerrar sus puertas y agradeci\u00f3 profundamente el apoyo recibido desde su inauguraci\u00f3n: \u201cCon mucha tristeza les informamos del cierre definitivo de Cardinale Pizza. Debido a la ola de violencia y la &#8216;nueva normalidad&#8217; a la que somos forzados, nos vemos en la necesidad de cerrar nuestras puertas, no sin antes agradecer con todo el coraz\u00f3n a la familia, amigos y clientes que nos han acompa\u00f1ado desde el inicio.\u201d<\/p>\n<p>El mensaje tambi\u00e9n extendi\u00f3 un aliento a otros emprendedores de la localidad, expresando solidaridad y esperanza en un futuro m\u00e1s seguro y pac\u00edfico para la ciudad: \u201cA nuestros colegas emprendedores, les enviamos un gran abrazo y deseamos que contin\u00faen con el sue\u00f1o y pronto llegue la tranquilidad que tanto anhelamos todos.\u201d<\/p>\n<p>Este cierre se suma a una serie de negocios que han tenido que terminar operaciones debido al clima de inseguridad, lo que pone de manifiesto la creciente preocupaci\u00f3n entre los comerciantes y habitantes de Culiac\u00e1n por la situaci\u00f3n de violencia que afecta la vida diaria y el desarrollo econ\u00f3mico de la regi\u00f3n.<\/p>\n<p><img data-recalc-dims=\"1\" loading=\"lazy\" decoding=\"async\" data-attachment-id=\"63572\" data-permalink=\"https:\/\/mexicocodigorojo.com.mx\/?attachment_id=63572\" data-orig-file=\"https:\/\/i0.wp.com\/mexicocodigorojo.com.mx\/wp-content\/uploads\/2025\/01\/cardinale-pizza-anuncia-su-cierre-definitivo.jpeg?fit=1200%2C675&amp;ssl=1\" data-orig-size=\"1200,675\" data-comments-opened=\"1\" data-image-meta=\"{&quot;aperture&quot;:&quot;0&quot;,&quot;credit&quot;:&quot;&quot;,&quot;camera&quot;:&quot;&quot;,&quot;caption&quot;:&quot;&quot;,&quot;created_timestamp&quot;:&quot;0&quot;,&quot;copyright&quot;:&quot;&quot;,&quot;focal_length&quot;:&quot;0&quot;,&quot;iso&quot;:&quot;0&quot;,&quot;shutter_speed&quot;:&quot;0&quot;,&quot;title&quot;:&quot;&quot;,&quot;orientation&quot;:&quot;0&quot;}\" data-image-title=\"cardinale-pizza-anuncia-su-cierre-definitivo\" data-image-description=\"\" data-image-caption=\"\" data-large-file=\"https:\/\/i0.wp.com\/mexicocodigorojo.com.mx\/wp-content\/uploads\/2025\/01\/cardinale-pizza-anuncia-su-cierre-definitivo.jpeg?fit=696%2C392&amp;ssl=1\" class=\"alignnone wp-image-63572 size-full\" src=\"https:\/\/i0.wp.com\/mexicocodigorojo.com.mx\/wp-content\/uploads\/2025\/01\/cardinale-pizza-anuncia-su-cierre-definitivo.jpeg?resize=696%2C392&#038;ssl=1\" alt=\"\" width=\"696\" height=\"392\" srcset=\"https:\/\/i0.wp.com\/mexicocodigorojo.com.mx\/wp-content\/uploads\/2025\/01\/cardinale-pizza-anuncia-su-cierre-definitivo.jpeg?w=1200&amp;ssl=1 1200w, https:\/\/i0.wp.com\/mexicocodigorojo.com.mx\/wp-content\/uploads\/2025\/01\/cardinale-pizza-anuncia-su-cierre-definitivo.jpeg?resize=300%2C169&amp;ssl=1 300w, https:\/\/i0.wp.com\/mexicocodigorojo.com.mx\/wp-content\/uploads\/2025\/01\/cardinale-pizza-anuncia-su-cierre-definitivo.jpeg?resize=1024%2C576&amp;ssl=1 1024w, https:\/\/i0.wp.com\/mexicocodigorojo.com.mx\/wp-content\/uploads\/2025\/01\/cardinale-pizza-anuncia-su-cierre-definitivo.jpeg?resize=768%2C432&amp;ssl=1 768w, https:\/\/i0.wp.com\/mexicocodigorojo.com.mx\/wp-content\/uploads\/2025\/01\/cardinale-pizza-anuncia-su-cierre-definitivo.jpeg?resize=747%2C420&amp;ssl=1 747w, https:\/\/i0.wp.com\/mexicocodigorojo.com.mx\/wp-content\/uploads\/2025\/01\/cardinale-pizza-anuncia-su-cierre-definitivo.jpeg?resize=150%2C84&amp;ssl=1 150w, https:\/\/i0.wp.com\/mexicocodigorojo.com.mx\/wp-content\/uploads\/2025\/01\/cardinale-pizza-anuncia-su-cierre-definitivo.jpeg?resize=696%2C392&amp;ssl=1 696w, https:\/\/i0.wp.com\/mexicocodigorojo.com.mx\/wp-content\/uploads\/2025\/01\/cardinale-pizza-anuncia-su-cierre-definitivo.jpeg?resize=1068%2C601&amp;ssl=1 1068w\" sizes=\"auto, (max-width: 696px) 100vw, 696px\" \/><\/p>\n","protected":false},"excerpt":{"rendered":"<p>Culiac\u00e1n, Sinaloa. La inseguridad en Culiac\u00e1n cobra una nueva v\u00edctima en el sector gastron\u00f3mico: Cardinale Pizza, un restaurante conocido por sus pizzas de masa madre y sabor artesanal, anunci\u00f3 su cierre definitivo. La pizzer\u00eda, situada en la zona de Montebello, atribuye su decisi\u00f3n al aumento de la violencia y a la necesidad de ajustar los [&hellip;]<\/p>\n","protected":false},"author":21,"featured_media":63571,"comment_status":"open","ping_status":"open","sticky":false,"template":"","format":"standard","meta":{"_uf_show_specific_survey":0,"_uf_disable_surveys":false,"advanced_seo_description":"","jetpack_seo_html_title":"","jetpack_seo_noindex":false,"jetpack_post_was_ever_published":false,"_jetpack_newsletter_access":"","_jetpack_dont_email_post_to_subs":false,"_jetpack_newsletter_tier_id":0,"_jetpack_memberships_contains_paywalled_content":false,"_jetpack_memberships_contains_paid_content":false,"footnotes":"","jetpack_publicize_message":"","jetpack_publicize_feature_enabled":true,"jetpack_social_post_already_shared":true,"jetpack_social_options":{"image_generator_settings":{"template":"highway","default_image_id":0,"font":"","enabled":false},"version":2}},"categories":[1724,41],"tags":[],"class_list":{"0":"post-63570","1":"post","2":"type-post","3":"status-publish","4":"format-standard","5":"has-post-thumbnail","7":"category-featured","8":"category-sinaloa"},"jetpack_publicize_connections":[],"jetpack_featured_media_url":"https:\/\/i0.wp.com\/mexicocodigorojo.com.mx\/wp-content\/uploads\/2025\/01\/cardinale-pizza-anuncia-su-cierre-definitivo-2.jpeg?fit=1200%2C675&ssl=1","jetpack-related-posts":[{"id":62971,"url":"https:\/\/mexicocodigorojo.com.mx\/?p=62971","url_meta":{"origin":63570,"position":0},"title":"Sinaloa en Llamas: 159 Asesinatos en 28 D\u00edas y Negocios Destruidos en la Ola de Violencia","author":"MexicoRojoCvmx","date":"octubre 7, 2024","format":false,"excerpt":"Culiac\u00e1n, Sinaloa. En un mes marcado por la violencia descontrolada, Sinaloa enfrenta un panorama aterrador, con 159 asesinatos reportados en solo 28 d\u00edas, de los cuales tres v\u00edctimas eran mujeres. Los municipios de Culiac\u00e1n, Concordia, Elota y San Ignacio han sido los m\u00e1s afectados, revelando un patr\u00f3n de brutalidad y\u2026","rel":"","context":"En \u00abFeatured\u00bb","block_context":{"text":"Featured","link":"https:\/\/mexicocodigorojo.com.mx\/?cat=1724"},"img":{"alt_text":"","src":"https:\/\/i0.wp.com\/mexicocodigorojo.com.mx\/wp-content\/uploads\/2024\/10\/Captura-de-pantalla-2024-10-07-201642.png?fit=773%2C428&ssl=1&resize=350%2C200","width":350,"height":200,"srcset":"https:\/\/i0.wp.com\/mexicocodigorojo.com.mx\/wp-content\/uploads\/2024\/10\/Captura-de-pantalla-2024-10-07-201642.png?fit=773%2C428&ssl=1&resize=350%2C200 1x, https:\/\/i0.wp.com\/mexicocodigorojo.com.mx\/wp-content\/uploads\/2024\/10\/Captura-de-pantalla-2024-10-07-201642.png?fit=773%2C428&ssl=1&resize=525%2C300 1.5x, https:\/\/i0.wp.com\/mexicocodigorojo.com.mx\/wp-content\/uploads\/2024\/10\/Captura-de-pantalla-2024-10-07-201642.png?fit=773%2C428&ssl=1&resize=700%2C400 2x"},"classes":[]},{"id":62854,"url":"https:\/\/mexicocodigorojo.com.mx\/?p=62854","url_meta":{"origin":63570,"position":1},"title":"Hallan cinco hombres y a una mujer ejecutados en Culiac\u00e1n","author":"Staff","date":"septiembre 18, 2024","format":false,"excerpt":"La madrugada de este mi\u00e9rcoles las autoridades confirmaron el hallazgo de cuatro personas asesinadas con huellas de violencia. Se trata de cuerpos correspondientes a tres personas de sexo masculino que se encuentran tirados bajo el puente del cruce donde se unen la calzada Heroico Colegio Militar y la carretera M\u00e9xico\u2026","rel":"","context":"En \u00abFeatured\u00bb","block_context":{"text":"Featured","link":"https:\/\/mexicocodigorojo.com.mx\/?cat=1724"},"img":{"alt_text":"","src":"https:\/\/i0.wp.com\/mexicocodigorojo.com.mx\/wp-content\/uploads\/2024\/09\/costerita.jpg?fit=1182%2C673&ssl=1&resize=350%2C200","width":350,"height":200,"srcset":"https:\/\/i0.wp.com\/mexicocodigorojo.com.mx\/wp-content\/uploads\/2024\/09\/costerita.jpg?fit=1182%2C673&ssl=1&resize=350%2C200 1x, https:\/\/i0.wp.com\/mexicocodigorojo.com.mx\/wp-content\/uploads\/2024\/09\/costerita.jpg?fit=1182%2C673&ssl=1&resize=525%2C300 1.5x, https:\/\/i0.wp.com\/mexicocodigorojo.com.mx\/wp-content\/uploads\/2024\/09\/costerita.jpg?fit=1182%2C673&ssl=1&resize=700%2C400 2x, https:\/\/i0.wp.com\/mexicocodigorojo.com.mx\/wp-content\/uploads\/2024\/09\/costerita.jpg?fit=1182%2C673&ssl=1&resize=1050%2C600 3x"},"classes":[]},{"id":62262,"url":"https:\/\/mexicocodigorojo.com.mx\/?p=62262","url_meta":{"origin":63570,"position":2},"title":"Incrementa la violencia en Culiac\u00e1n por disputa entre \u201cEl Guano\u201d y \u201cLos Chapitos\u201d","author":"Staff","date":"julio 15, 2024","format":false,"excerpt":"En Culiac\u00e1n, a solo cien d\u00edas de la muerte de Consuelo Loera, la madre de Joaqu\u00edn \u201cEl Chapo\u201d Guzm\u00e1n, la disputa entre su hijo Aureliano Guzm\u00e1n, alias \u201cEl Guano,\u201d y sus nietos \u201cLos Chapitos,\u201d ha alcanzado niveles de violencia alarmantes por el control del Tri\u00e1ngulo Dorado del narcotr\u00e1fico. La tensi\u00f3n\u2026","rel":"","context":"En \u00abFeatured\u00bb","block_context":{"text":"Featured","link":"https:\/\/mexicocodigorojo.com.mx\/?cat=1724"},"img":{"alt_text":"","src":"https:\/\/i0.wp.com\/mexicocodigorojo.com.mx\/wp-content\/uploads\/2024\/07\/culiacanguanochapitos.jpg?fit=1200%2C813&ssl=1&resize=350%2C200","width":350,"height":200,"srcset":"https:\/\/i0.wp.com\/mexicocodigorojo.com.mx\/wp-content\/uploads\/2024\/07\/culiacanguanochapitos.jpg?fit=1200%2C813&ssl=1&resize=350%2C200 1x, https:\/\/i0.wp.com\/mexicocodigorojo.com.mx\/wp-content\/uploads\/2024\/07\/culiacanguanochapitos.jpg?fit=1200%2C813&ssl=1&resize=525%2C300 1.5x, https:\/\/i0.wp.com\/mexicocodigorojo.com.mx\/wp-content\/uploads\/2024\/07\/culiacanguanochapitos.jpg?fit=1200%2C813&ssl=1&resize=700%2C400 2x, https:\/\/i0.wp.com\/mexicocodigorojo.com.mx\/wp-content\/uploads\/2024\/07\/culiacanguanochapitos.jpg?fit=1200%2C813&ssl=1&resize=1050%2C600 3x"},"classes":[]},{"id":25662,"url":"https:\/\/mexicocodigorojo.com.mx\/?p=25662","url_meta":{"origin":63570,"position":3},"title":"Familia de Ovidio Guzm\u00e1n L\u00f3pez da gracias por su liberaci\u00f3n","author":"Staff","date":"octubre 18, 2019","format":false,"excerpt":"La familia del hijo del Chapo Guzm\u00e1n, Ovidio, da las gracias p\u00fablicamente al presidente de M\u00e9xico, Andr\u00e9s Manuel L\u00f3pez Obrador por su liberaci\u00f3n tras su detenci\u00f3n ayer en Culiac\u00e1n Tal y como lo hab\u00eda se\u00f1alado el abogado del Chapo, Jos\u00e9 Luis Gonz\u00e1lez Meza, la familia de Ovidio Guzm\u00e1n se encuentra\u2026","rel":"","context":"En \u00abSinaloa\u00bb","block_context":{"text":"Sinaloa","link":"https:\/\/mexicocodigorojo.com.mx\/?cat=41"},"img":{"alt_text":"","src":"https:\/\/i0.wp.com\/mexicocodigorojo.com.mx\/wp-content\/uploads\/2019\/10\/mama_del_chapo_crop1571425173676.jpg_219914347.jpg?fit=960%2C540&ssl=1&resize=350%2C200","width":350,"height":200,"srcset":"https:\/\/i0.wp.com\/mexicocodigorojo.com.mx\/wp-content\/uploads\/2019\/10\/mama_del_chapo_crop1571425173676.jpg_219914347.jpg?fit=960%2C540&ssl=1&resize=350%2C200 1x, https:\/\/i0.wp.com\/mexicocodigorojo.com.mx\/wp-content\/uploads\/2019\/10\/mama_del_chapo_crop1571425173676.jpg_219914347.jpg?fit=960%2C540&ssl=1&resize=525%2C300 1.5x, https:\/\/i0.wp.com\/mexicocodigorojo.com.mx\/wp-content\/uploads\/2019\/10\/mama_del_chapo_crop1571425173676.jpg_219914347.jpg?fit=960%2C540&ssl=1&resize=700%2C400 2x"},"classes":[]},{"id":63527,"url":"https:\/\/mexicocodigorojo.com.mx\/?p=63527","url_meta":{"origin":63570,"position":4},"title":"Balean Casa De Los Pap\u00e1s De Markitos Toys En Culiac\u00e1n, violencia no para!","author":"Staff","date":"enero 9, 2025","format":false,"excerpt":"Este 8 de enero, se dio a conocer que\u00a0balearon\u00a0la casa de los padres del pol\u00e9mico\u00a0influencer\u00a0Marco Eduardo Castro C\u00e1rdenas, mejor conocido como \u201cMarkitos Toys\u201d, quien en las \u00faltimas semanas comparti\u00f3 fotos fuera del pa\u00eds, visitando lugares como Cuba, Espa\u00f1a y Francia. De acuerdo con informes preliminares, se conoce que este acto\u2026","rel":"","context":"En \u00abFeatured\u00bb","block_context":{"text":"Featured","link":"https:\/\/mexicocodigorojo.com.mx\/?cat=1724"},"img":{"alt_text":"","src":"https:\/\/mexicocodigorojo.com.mx\/wp-content\/uploads\/2025\/01\/B2I5TJR2JVGPLOV35AXC6HDM7A.avif","width":350,"height":200,"srcset":"https:\/\/mexicocodigorojo.com.mx\/wp-content\/uploads\/2025\/01\/B2I5TJR2JVGPLOV35AXC6HDM7A.avif 1x, https:\/\/mexicocodigorojo.com.mx\/wp-content\/uploads\/2025\/01\/B2I5TJR2JVGPLOV35AXC6HDM7A.avif 1.5x, https:\/\/mexicocodigorojo.com.mx\/wp-content\/uploads\/2025\/01\/B2I5TJR2JVGPLOV35AXC6HDM7A.avif 2x"},"classes":[]},{"id":53620,"url":"https:\/\/mexicocodigorojo.com.mx\/?p=53620","url_meta":{"origin":63570,"position":5},"title":"Fin de semana violento en Sinaloa: reportan 7 asesinatos y dos lesionados en varios hechos","author":"MexicoRojoCvmx","date":"agosto 9, 2022","format":false,"excerpt":"Culiac\u00e1n, Sin.- En el estado se volvi\u00f3 a vivir un nuevo fin de semana violento, con siete asesinatos y dos personas heridas, entre las v\u00edctimas, se encuentra el reci\u00e9n nombrado subdirector de la Polic\u00eda Municipal de Culiac\u00e1n, Juan Armando Silva Alvarado, el cual fue acribillado, por un grupo armado que\u2026","rel":"","context":"En \u00abFeatured\u00bb","block_context":{"text":"Featured","link":"https:\/\/mexicocodigorojo.com.mx\/?cat=1724"},"img":{"alt_text":"","src":"https:\/\/i0.wp.com\/mexicocodigorojo.com.mx\/wp-content\/uploads\/2022\/08\/Captura-de-pantalla-2022-08-09-111237.jpg?fit=1176%2C720&ssl=1&resize=350%2C200","width":350,"height":200,"srcset":"https:\/\/i0.wp.com\/mexicocodigorojo.com.mx\/wp-content\/uploads\/2022\/08\/Captura-de-pantalla-2022-08-09-111237.jpg?fit=1176%2C720&ssl=1&resize=350%2C200 1x, https:\/\/i0.wp.com\/mexicocodigorojo.com.mx\/wp-content\/uploads\/2022\/08\/Captura-de-pantalla-2022-08-09-111237.jpg?fit=1176%2C720&ssl=1&resize=525%2C300 1.5x, https:\/\/i0.wp.com\/mexicocodigorojo.com.mx\/wp-content\/uploads\/2022\/08\/Captura-de-pantalla-2022-08-09-111237.jpg?fit=1176%2C720&ssl=1&resize=700%2C400 2x, https:\/\/i0.wp.com\/mexicocodigorojo.com.mx\/wp-content\/uploads\/2022\/08\/Captura-de-pantalla-2022-08-09-111237.jpg?fit=1176%2C720&ssl=1&resize=1050%2C600 3x"},"classes":[]}],"jetpack_sharing_enabled":true,"jetpack_likes_enabled":true,"jetpack_shortlink":"https:\/\/wp.me\/p9TedA-gxk","_links":{"self":[{"href":"https:\/\/mexicocodigorojo.com.mx\/index.php?rest_route=\/wp\/v2\/posts\/63570","targetHints":{"allow":["GET"]}}],"collection":[{"href":"https:\/\/mexicocodigorojo.com.mx\/index.php?rest_route=\/wp\/v2\/posts"}],"about":[{"href":"https:\/\/mexicocodigorojo.com.mx\/index.php?rest_route=\/wp\/v2\/types\/post"}],"author":[{"embeddable":true,"href":"https:\/\/mexicocodigorojo.com.mx\/index.php?rest_route=\/wp\/v2\/users\/21"}],"replies":[{"embeddable":true,"href":"https:\/\/mexicocodigorojo.com.mx\/index.php?rest_route=%2Fwp%2Fv2%2Fcomments&post=63570"}],"version-history":[{"count":1,"href":"https:\/\/mexicocodigorojo.com.mx\/index.php?rest_route=\/wp\/v2\/posts\/63570\/revisions"}],"predecessor-version":[{"id":63573,"href":"https:\/\/mexicocodigorojo.com.mx\/index.php?rest_route=\/wp\/v2\/posts\/63570\/revisions\/63573"}],"wp:featuredmedia":[{"embeddable":true,"href":"https:\/\/mexicocodigorojo.com.mx\/index.php?rest_route=\/wp\/v2\/media\/63571"}],"wp:attachment":[{"href":"https:\/\/mexicocodigorojo.com.mx\/index.php?rest_route=%2Fwp%2Fv2%2Fmedia&parent=63570"}],"wp:term":[{"taxonomy":"category","embeddable":true,"href":"https:\/\/mexicocodigorojo.com.mx\/index.php?rest_route=%2Fwp%2Fv2%2Fcategories&post=63570"},{"taxonomy":"post_tag","embeddable":true,"href":"https:\/\/mexicocodigorojo.com.mx\/index.php?rest_route=%2Fwp%2Fv2%2Ftags&post=63570"}],"curies":[{"name":"wp","href":"https:\/\/api.w.org\/{rel}","templated":true}]}}