{"id":63567,"date":"2025-01-14T06:01:42","date_gmt":"2025-01-14T12:01:42","guid":{"rendered":"https:\/\/mexicocodigorojo.com.mx\/?p=63567"},"modified":"2025-01-14T06:01:42","modified_gmt":"2025-01-14T12:01:42","slug":"violencia-en-culiacan-padre-secuestrado-bajo-la-mirada-de-su-hijo-menor-en-el-boulevard-maquio-clouthier","status":"publish","type":"post","link":"https:\/\/mexicocodigorojo.com.mx\/?p=63567","title":{"rendered":"Violencia en Culiac\u00e1n: Padre secuestrado bajo la mirada de su hijo menor en el Boulevard Maqu\u00edo Clouthier"},"content":{"rendered":"<p><strong>Culiac\u00e1n, Sinaloa.<\/strong> En un evento que ha sacudido a la comunidad del sector de Ca\u00f1adas en Culiac\u00e1n, un hombre fue secuestrado frente a su hijo de tan solo 10 a\u00f1os de edad, la noche de este domingo. Anselmo &#8216;N&#8217;, de 58 a\u00f1os, se convirti\u00f3 en v\u00edctima de un levant\u00f3n mientras viajaba en su camioneta Ford Ranger color verde junto con su hijo menor.<\/p>\n<p>Los hechos ocurrieron en el Boulevard Maqu\u00edo Clouthier, cerca de un consultorio m\u00e9dico conocido, cuando una camioneta cerrada intercept\u00f3 abruptamente el veh\u00edculo de Anselmo. Sujetos armados descendieron del veh\u00edculo y, tras detener el tr\u00e1fico, forzaron al hombre a bajar de la camioneta, dejando al ni\u00f1o solo y aterrado en la escena con el veh\u00edculo a\u00fan en marcha.<\/p>\n<p>Las autoridades llegaron poco despu\u00e9s al lugar, donde auxiliaron al menor y comenzaron a recopilar informaci\u00f3n sobre el incidente. A pesar de la pronta respuesta, hasta ahora no se han identificado mayores indicios que lleven a los responsables de este crimen. Este suceso destaca la continua vulnerabilidad a la que est\u00e1n expuestas incluso las familias en \u00e1reas supuestamente seguras de Culiac\u00e1n, subrayando la audacia y la impunidad con la que operan grupos criminales en la regi\u00f3n.<\/p>\n<p>La comunidad y las autoridades locales est\u00e1n bajo presi\u00f3n para responder a este tipo de actos violentos, que no solo afectan a los directamente involucrados sino que tambi\u00e9n siembran el miedo entre la poblaci\u00f3n. La b\u00fasqueda de Anselmo &#8216;N&#8217; contin\u00faa, mientras su familia y vecinos esperan ansiosos cualquier noticia que pueda llevar a su seguro retorno.<\/p>\n","protected":false},"excerpt":{"rendered":"<p>Culiac\u00e1n, Sinaloa. En un evento que ha sacudido a la comunidad del sector de Ca\u00f1adas en Culiac\u00e1n, un hombre fue secuestrado frente a su hijo de tan solo 10 a\u00f1os de edad, la noche de este domingo. Anselmo &#8216;N&#8217;, de 58 a\u00f1os, se convirti\u00f3 en v\u00edctima de un levant\u00f3n mientras viajaba en su camioneta Ford [&hellip;]<\/p>\n","protected":false},"author":21,"featured_media":63568,"comment_status":"open","ping_status":"open","sticky":false,"template":"","format":"standard","meta":{"_uf_show_specific_survey":0,"_uf_disable_surveys":false,"advanced_seo_description":"","jetpack_seo_html_title":"","jetpack_seo_noindex":false,"jetpack_post_was_ever_published":false,"_jetpack_newsletter_access":"","_jetpack_dont_email_post_to_subs":false,"_jetpack_newsletter_tier_id":0,"_jetpack_memberships_contains_paywalled_content":false,"_jetpack_memberships_contains_paid_content":false,"footnotes":"","jetpack_publicize_message":"","jetpack_publicize_feature_enabled":true,"jetpack_social_post_already_shared":true,"jetpack_social_options":{"image_generator_settings":{"template":"highway","default_image_id":0,"font":"","enabled":false},"version":2}},"categories":[1724,41],"tags":[],"class_list":{"0":"post-63567","1":"post","2":"type-post","3":"status-publish","4":"format-standard","5":"has-post-thumbnail","7":"category-featured","8":"category-sinaloa"},"jetpack_publicize_connections":[],"jetpack_featured_media_url":"https:\/\/i0.wp.com\/mexicocodigorojo.com.mx\/wp-content\/uploads\/2025\/01\/Captura-de-pantalla-2025-01-14-060105.png?fit=1187%2C662&ssl=1","jetpack-related-posts":[{"id":63115,"url":"https:\/\/mexicocodigorojo.com.mx\/?p=63115","url_meta":{"origin":63567,"position":0},"title":"Inseguridad en Culiac\u00e1n: Aumento de Casos de Privaci\u00f3n de Libertad entre Funcionarios","author":"MexicoRojoCvmx","date":"octubre 22, 2024","format":false,"excerpt":"Culiac\u00e1n.- H\u00e9ctor Adri\u00e1n Ochoa Espinoza, un nuevo empleado de la Secretar\u00eda de Agricultura y Ganader\u00eda del Gobierno del Estado, fue reportado como desaparecido desde el s\u00e1bado pasado en el fraccionamiento Bugambilias, en la capital de Sinaloa. Las autoridades han emitido su ficha de b\u00fasqueda, que incluye sus datos y fotograf\u00eda,\u2026","rel":"","context":"En \u00abFeatured\u00bb","block_context":{"text":"Featured","link":"https:\/\/mexicocodigorojo.com.mx\/?cat=1724"},"img":{"alt_text":"","src":"https:\/\/i0.wp.com\/mexicocodigorojo.com.mx\/wp-content\/uploads\/2024\/10\/Captura-de-pantalla-2024-10-22-095703.png?fit=821%2C608&ssl=1&resize=350%2C200","width":350,"height":200,"srcset":"https:\/\/i0.wp.com\/mexicocodigorojo.com.mx\/wp-content\/uploads\/2024\/10\/Captura-de-pantalla-2024-10-22-095703.png?fit=821%2C608&ssl=1&resize=350%2C200 1x, https:\/\/i0.wp.com\/mexicocodigorojo.com.mx\/wp-content\/uploads\/2024\/10\/Captura-de-pantalla-2024-10-22-095703.png?fit=821%2C608&ssl=1&resize=525%2C300 1.5x, https:\/\/i0.wp.com\/mexicocodigorojo.com.mx\/wp-content\/uploads\/2024\/10\/Captura-de-pantalla-2024-10-22-095703.png?fit=821%2C608&ssl=1&resize=700%2C400 2x"},"classes":[]},{"id":48688,"url":"https:\/\/mexicocodigorojo.com.mx\/?p=48688","url_meta":{"origin":63567,"position":1},"title":"Grupo Elite de la Polic\u00eda Estatal asegura a un hombre armado en Culiac\u00e1n","author":"Staff","date":"abril 22, 2021","format":false,"excerpt":"Culiac\u00e1n, Sinaloa a 22 de abril del 2021.- La Secretar\u00eda de Seguridad P\u00fablica de Sinaloa informa que, derivado del despliegue operativo implementado en la zona sur de Culiac\u00e1n, se logr\u00f3 el aseguramiento de una persona con un arma durante los \u00faltimos minutos del mi\u00e9rcoles. Fue sobre la avenida Patria en\u2026","rel":"","context":"En \u00abFeatured\u00bb","block_context":{"text":"Featured","link":"https:\/\/mexicocodigorojo.com.mx\/?cat=1724"},"img":{"alt_text":"","src":"https:\/\/i0.wp.com\/secureservercdn.net\/166.62.108.22\/cg1.af3.myftpupload.com\/wp-content\/uploads\/2021\/04\/img-20210422-wa00681275176525.jpg?resize=350%2C200&ssl=1","width":350,"height":200,"srcset":"https:\/\/i0.wp.com\/secureservercdn.net\/166.62.108.22\/cg1.af3.myftpupload.com\/wp-content\/uploads\/2021\/04\/img-20210422-wa00681275176525.jpg?resize=350%2C200&ssl=1 1x, https:\/\/i0.wp.com\/secureservercdn.net\/166.62.108.22\/cg1.af3.myftpupload.com\/wp-content\/uploads\/2021\/04\/img-20210422-wa00681275176525.jpg?resize=525%2C300&ssl=1 1.5x, https:\/\/i0.wp.com\/secureservercdn.net\/166.62.108.22\/cg1.af3.myftpupload.com\/wp-content\/uploads\/2021\/04\/img-20210422-wa00681275176525.jpg?resize=700%2C400&ssl=1 2x"},"classes":[]},{"id":59819,"url":"https:\/\/mexicocodigorojo.com.mx\/?p=59819","url_meta":{"origin":63567,"position":2},"title":"Sinaloa | Video Choca El Chiquete Toys influencer de Culiacan por conducir a exceso de velocidad","author":"MexicoRojo","date":"abril 18, 2024","format":false,"excerpt":"El influencer conocido como \"El chiquete\" se salv\u00f3 \u00fanicamente por que su camioneta est\u00e1 blindada.Accidente de Veh\u00edculo Blindado en Culiac\u00e1n: Influencer \"El Chiquete\" Implicado \u00a0 \u00a0 \"El Chiquete\", conocido creador de contenido digital, sufri\u00f3 un accidente automovil\u00edstico mientras conduc\u00eda una camioneta blindada de lujo por el libramiento a La Primavera,\u2026","rel":"","context":"En \u00abSinaloa\u00bb","block_context":{"text":"Sinaloa","link":"https:\/\/mexicocodigorojo.com.mx\/?cat=41"},"img":{"alt_text":"","src":"https:\/\/i0.wp.com\/mexicocodigorojo.com.mx\/wp-content\/uploads\/2024\/04\/20240418_123157.jpg?fit=912%2C538&ssl=1&resize=350%2C200","width":350,"height":200,"srcset":"https:\/\/i0.wp.com\/mexicocodigorojo.com.mx\/wp-content\/uploads\/2024\/04\/20240418_123157.jpg?fit=912%2C538&ssl=1&resize=350%2C200 1x, https:\/\/i0.wp.com\/mexicocodigorojo.com.mx\/wp-content\/uploads\/2024\/04\/20240418_123157.jpg?fit=912%2C538&ssl=1&resize=525%2C300 1.5x, https:\/\/i0.wp.com\/mexicocodigorojo.com.mx\/wp-content\/uploads\/2024\/04\/20240418_123157.jpg?fit=912%2C538&ssl=1&resize=700%2C400 2x"},"classes":[]},{"id":9364,"url":"https:\/\/mexicocodigorojo.com.mx\/?p=9364","url_meta":{"origin":63567,"position":3},"title":"LO EJECUTAN ENFRENTE DE SU HIJA EN CULIACAN SINALOA","author":"Staff","date":"noviembre 24, 2018","format":false,"excerpt":"Cuando caminaba en compa\u00f1\u00eda de su hija menor de edad en una de las calles de la colonia El Mirador, un hombre joven fue asesinado de varios balazos por un grupo armado que viajaba en un veh\u00edculo compacto la ma\u00f1ana de este viernes en el sector norte de la ciudad.\u2026","rel":"","context":"En \u00abFeatured\u00bb","block_context":{"text":"Featured","link":"https:\/\/mexicocodigorojo.com.mx\/?cat=1724"},"img":{"alt_text":"","src":"https:\/\/i0.wp.com\/mexicocodigorojo.com.mx\/wp-content\/uploads\/2018\/11\/fb_img_1543027928114-736561158.jpg?resize=350%2C200&ssl=1","width":350,"height":200},"classes":[]},{"id":63539,"url":"https:\/\/mexicocodigorojo.com.mx\/?p=63539","url_meta":{"origin":63567,"position":4},"title":"Ni\u00f1o Herido en Ataque Armado en Culiac\u00e1n: Comunidad Exige Respuestas","author":"MexicoRojoCvmx","date":"enero 9, 2025","format":false,"excerpt":"En un violento ataque a una vivienda en la colonia Sim\u00f3n Bolivar al sur de Culiac\u00e1n, Sinaloa, un ni\u00f1o de 12 a\u00f1os sufri\u00f3 la amputaci\u00f3n de un dedo despu\u00e9s de ser alcanzado por una bala perdida. El incidente ocurri\u00f3 el jueves 9 de enero, dejando al menor, identificado como Alan\u2026","rel":"","context":"En \u00abFeatured\u00bb","block_context":{"text":"Featured","link":"https:\/\/mexicocodigorojo.com.mx\/?cat=1724"},"img":{"alt_text":"","src":"https:\/\/i0.wp.com\/mexicocodigorojo.com.mx\/wp-content\/uploads\/2025\/01\/Captura-de-pantalla-2025-01-09-193518.png?fit=1181%2C664&ssl=1&resize=350%2C200","width":350,"height":200,"srcset":"https:\/\/i0.wp.com\/mexicocodigorojo.com.mx\/wp-content\/uploads\/2025\/01\/Captura-de-pantalla-2025-01-09-193518.png?fit=1181%2C664&ssl=1&resize=350%2C200 1x, https:\/\/i0.wp.com\/mexicocodigorojo.com.mx\/wp-content\/uploads\/2025\/01\/Captura-de-pantalla-2025-01-09-193518.png?fit=1181%2C664&ssl=1&resize=525%2C300 1.5x, https:\/\/i0.wp.com\/mexicocodigorojo.com.mx\/wp-content\/uploads\/2025\/01\/Captura-de-pantalla-2025-01-09-193518.png?fit=1181%2C664&ssl=1&resize=700%2C400 2x, https:\/\/i0.wp.com\/mexicocodigorojo.com.mx\/wp-content\/uploads\/2025\/01\/Captura-de-pantalla-2025-01-09-193518.png?fit=1181%2C664&ssl=1&resize=1050%2C600 3x"},"classes":[]},{"id":63650,"url":"https:\/\/mexicocodigorojo.com.mx\/?p=63650","url_meta":{"origin":63567,"position":5},"title":"Asesinan a padre e hijos en Culiac\u00e1n","author":"Staff","date":"enero 23, 2025","format":false,"excerpt":"Poco despu\u00e9s de la 1:00 de la madrugada del pasado domingo,\u00a0Antonio\u00a0circulaba en su autom\u00f3vil con sus dos hijos sobre el Bulevar California, a la altura del Fraccionamiento Los \u00c1ngeles, cuando unos\u00a0hombres lo detuvieron, le quisieron quitar el carro\u00a0y no pudieron, pero\u00a0le dispararon a \u00e9l y sus hijos, Alexander, de 9\u2026","rel":"","context":"En \u00abFeatured\u00bb","block_context":{"text":"Featured","link":"https:\/\/mexicocodigorojo.com.mx\/?cat=1724"},"img":{"alt_text":"","src":"https:\/\/i0.wp.com\/mexicocodigorojo.com.mx\/wp-content\/uploads\/2025\/01\/culiacan-asesinan-ninos-22012025.webp?fit=1200%2C750&ssl=1&resize=350%2C200","width":350,"height":200,"srcset":"https:\/\/i0.wp.com\/mexicocodigorojo.com.mx\/wp-content\/uploads\/2025\/01\/culiacan-asesinan-ninos-22012025.webp?fit=1200%2C750&ssl=1&resize=350%2C200 1x, https:\/\/i0.wp.com\/mexicocodigorojo.com.mx\/wp-content\/uploads\/2025\/01\/culiacan-asesinan-ninos-22012025.webp?fit=1200%2C750&ssl=1&resize=525%2C300 1.5x, https:\/\/i0.wp.com\/mexicocodigorojo.com.mx\/wp-content\/uploads\/2025\/01\/culiacan-asesinan-ninos-22012025.webp?fit=1200%2C750&ssl=1&resize=700%2C400 2x, https:\/\/i0.wp.com\/mexicocodigorojo.com.mx\/wp-content\/uploads\/2025\/01\/culiacan-asesinan-ninos-22012025.webp?fit=1200%2C750&ssl=1&resize=1050%2C600 3x"},"classes":[]}],"jetpack_sharing_enabled":true,"jetpack_likes_enabled":true,"jetpack_shortlink":"https:\/\/wp.me\/p9TedA-gxh","_links":{"self":[{"href":"https:\/\/mexicocodigorojo.com.mx\/index.php?rest_route=\/wp\/v2\/posts\/63567","targetHints":{"allow":["GET"]}}],"collection":[{"href":"https:\/\/mexicocodigorojo.com.mx\/index.php?rest_route=\/wp\/v2\/posts"}],"about":[{"href":"https:\/\/mexicocodigorojo.com.mx\/index.php?rest_route=\/wp\/v2\/types\/post"}],"author":[{"embeddable":true,"href":"https:\/\/mexicocodigorojo.com.mx\/index.php?rest_route=\/wp\/v2\/users\/21"}],"replies":[{"embeddable":true,"href":"https:\/\/mexicocodigorojo.com.mx\/index.php?rest_route=%2Fwp%2Fv2%2Fcomments&post=63567"}],"version-history":[{"count":1,"href":"https:\/\/mexicocodigorojo.com.mx\/index.php?rest_route=\/wp\/v2\/posts\/63567\/revisions"}],"predecessor-version":[{"id":63569,"href":"https:\/\/mexicocodigorojo.com.mx\/index.php?rest_route=\/wp\/v2\/posts\/63567\/revisions\/63569"}],"wp:featuredmedia":[{"embeddable":true,"href":"https:\/\/mexicocodigorojo.com.mx\/index.php?rest_route=\/wp\/v2\/media\/63568"}],"wp:attachment":[{"href":"https:\/\/mexicocodigorojo.com.mx\/index.php?rest_route=%2Fwp%2Fv2%2Fmedia&parent=63567"}],"wp:term":[{"taxonomy":"category","embeddable":true,"href":"https:\/\/mexicocodigorojo.com.mx\/index.php?rest_route=%2Fwp%2Fv2%2Fcategories&post=63567"},{"taxonomy":"post_tag","embeddable":true,"href":"https:\/\/mexicocodigorojo.com.mx\/index.php?rest_route=%2Fwp%2Fv2%2Ftags&post=63567"}],"curies":[{"name":"wp","href":"https:\/\/api.w.org\/{rel}","templated":true}]}}