{"id":63492,"date":"2024-12-26T13:51:16","date_gmt":"2024-12-26T19:51:16","guid":{"rendered":"https:\/\/mexicocodigorojo.com.mx\/?p=63492"},"modified":"2024-12-26T13:51:16","modified_gmt":"2024-12-26T19:51:16","slug":"balacera-en-paseo-mendez-sacude-a-la-comunidad-victorense-en-plena-navidad","status":"publish","type":"post","link":"https:\/\/mexicocodigorojo.com.mx\/?p=63492","title":{"rendered":"Balacera en Paseo M\u00e9ndez sacude a la Comunidad Victorense en plena Navidad"},"content":{"rendered":"<p><strong>Ciudad Victoria.-<\/strong> Hoy por la ma\u00f1ana, un lugar familiar y querido por los victorenses, Paseo M\u00e9ndez, se convirti\u00f3 en el escenario de un tr\u00e1gico suceso. Una balacera a las afueras del Pedregal cobr\u00f3 la vida de una persona, generando una ola de p\u00e1nico y preocupaci\u00f3n entre los presentes.<\/p>\n<p>El tiroteo ocurri\u00f3 alrededor de las 10:30 a.m., interrumpiendo la paz de las familias que disfrutaban de su tiempo libre. La reacci\u00f3n inmediata de los testigos fue de horror y desesperaci\u00f3n, evidenciando la urgencia de respuestas y medidas efectivas por parte de las autoridades municipales.<\/p>\n<p>Este incidente destaca la creciente preocupaci\u00f3n sobre la seguridad p\u00fablica en Ciudad Victoria. El alcalde Lalo Gattas B\u00e1ez enfrenta duras cr\u00edticas y cuestionamientos sobre su capacidad para proteger a los ciudadanos. \u00ab\u00bfQu\u00e9 medidas concretas est\u00e1 tomando Lalo Gattas B\u00e1ez para garantizar nuestra seguridad? \u00bfD\u00f3nde est\u00e1 la prevenci\u00f3n del delito?\u00bb, son algunas de las preguntas que surgen entre los habitantes indignados y preocupados.<\/p>\n<p>Las familias victorenses, que ve\u00edan en Paseo M\u00e9ndez un refugio de tranquilidad, ahora sienten temor. \u00abEs inaceptable que un lugar donde llevamos a nuestros hijos pueda ser escenario de semejante violencia\u00bb, expres\u00f3 una madre visiblemente afectada.<\/p>\n<p>La administraci\u00f3n de Gattas B\u00e1ez deber\u00e1 revisar con urgencia sus pol\u00edticas de seguridad. Los residentes de Ciudad Victoria claman por acciones inmediatas y efectivas que restauren la confianza y aseguren la tranquilidad en sus vidas cotidianas. El alcalde ha anunciado una rueda de prensa para abordar el incidente, pero la comunidad espera acciones m\u00e1s que promesas.<\/p>\n","protected":false},"excerpt":{"rendered":"<p>Ciudad Victoria.- Hoy por la ma\u00f1ana, un lugar familiar y querido por los victorenses, Paseo M\u00e9ndez, se convirti\u00f3 en el escenario de un tr\u00e1gico suceso. Una balacera a las afueras del Pedregal cobr\u00f3 la vida de una persona, generando una ola de p\u00e1nico y preocupaci\u00f3n entre los presentes. El tiroteo ocurri\u00f3 alrededor de las 10:30 [&hellip;]<\/p>\n","protected":false},"author":21,"featured_media":63493,"comment_status":"open","ping_status":"open","sticky":false,"template":"","format":"standard","meta":{"_uf_show_specific_survey":0,"_uf_disable_surveys":false,"advanced_seo_description":"","jetpack_seo_html_title":"","jetpack_seo_noindex":false,"jetpack_post_was_ever_published":false,"_jetpack_newsletter_access":"","_jetpack_dont_email_post_to_subs":false,"_jetpack_newsletter_tier_id":0,"_jetpack_memberships_contains_paywalled_content":false,"_jetpack_memberships_contains_paid_content":false,"footnotes":"","jetpack_publicize_message":"","jetpack_publicize_feature_enabled":true,"jetpack_social_post_already_shared":true,"jetpack_social_options":{"image_generator_settings":{"template":"highway","default_image_id":0,"font":"","enabled":false},"version":2}},"categories":[1724,2],"tags":[],"class_list":{"0":"post-63492","1":"post","2":"type-post","3":"status-publish","4":"format-standard","5":"has-post-thumbnail","7":"category-featured","8":"category-tamaulipas"},"jetpack_publicize_connections":[],"jetpack_featured_media_url":"https:\/\/i0.wp.com\/mexicocodigorojo.com.mx\/wp-content\/uploads\/2024\/12\/WhatsApp-Image-2024-12-26-at-1.10.47-PM-scaled.jpeg?fit=2560%2C1920&ssl=1","jetpack-related-posts":[{"id":40784,"url":"https:\/\/mexicocodigorojo.com.mx\/?p=40784","url_meta":{"origin":63492,"position":0},"title":"Antonio \u201cEl Tony\u201d M\u00e9ndez comanda al cartel &#8216; Los X&#8217; desde G\u00fcemez","author":"Staff","date":"julio 13, 2020","format":false,"excerpt":"Ciudad Victoria, Tamaulipas.-La polic\u00eda de Tamaulipas descubri\u00f3 que uno de los individuos detenido en d\u00edas pasados por quemar varios camiones a la empresa panificadora Bimbo, result\u00f3 ser como uno de los l\u00edderes de la c\u00e9lula criminal conocida como el Cartel X y su influencia es tanto para los pistoleros a\u2026","rel":"","context":"En \u00abTamaulipas\u00bb","block_context":{"text":"Tamaulipas","link":"https:\/\/mexicocodigorojo.com.mx\/?cat=2"},"img":{"alt_text":"","src":"https:\/\/i0.wp.com\/mexicocodigorojo.com.mx\/wp-content\/uploads\/2020\/07\/WhatsApp-Image-2020-07-10-at-18-1.jpg?fit=720%2C507&ssl=1&resize=350%2C200","width":350,"height":200,"srcset":"https:\/\/i0.wp.com\/mexicocodigorojo.com.mx\/wp-content\/uploads\/2020\/07\/WhatsApp-Image-2020-07-10-at-18-1.jpg?fit=720%2C507&ssl=1&resize=350%2C200 1x, https:\/\/i0.wp.com\/mexicocodigorojo.com.mx\/wp-content\/uploads\/2020\/07\/WhatsApp-Image-2020-07-10-at-18-1.jpg?fit=720%2C507&ssl=1&resize=525%2C300 1.5x, https:\/\/i0.wp.com\/mexicocodigorojo.com.mx\/wp-content\/uploads\/2020\/07\/WhatsApp-Image-2020-07-10-at-18-1.jpg?fit=720%2C507&ssl=1&resize=700%2C400 2x"},"classes":[]},{"id":47754,"url":"https:\/\/mexicocodigorojo.com.mx\/?p=47754","url_meta":{"origin":63492,"position":1},"title":"Detenido Mario Othoniel \u201cG\u201d, alias \u201cTony Mendez\u201d y\/o \u201cX19\u201d y\/o \u201cMocho\u201d","author":"Staff","date":"marzo 19, 2021","format":false,"excerpt":"Ciudad Victoria, Tamaulipas.- La Fiscal\u00eda General de Justicia del Estado de Tamaulipas informa que, en colaboraci\u00f3n con la Fiscal\u00eda General de Justicia de Durango, fue cumplimentada una Orden de Aprehensi\u00f3n en contra de Mario Othoniel \u201cG\u201d, alias \u201cTony Mendez\u201d y\/o \u201cX19\u201d y\/o \u201cMocho\u201d, por el delito de Homicidio calificado en\u2026","rel":"","context":"En \u00abFeatured\u00bb","block_context":{"text":"Featured","link":"https:\/\/mexicocodigorojo.com.mx\/?cat=1724"},"img":{"alt_text":"","src":"","width":0,"height":0},"classes":[]},{"id":32500,"url":"https:\/\/mexicocodigorojo.com.mx\/?p=32500","url_meta":{"origin":63492,"position":2},"title":"Balacera en Reynosa deja tres muertos","author":"Staff","date":"febrero 9, 2020","format":false,"excerpt":"La colonia Paseo de las Flores fue el escenario del enfrentamiento entre polic\u00edas estatales y pistoleros que trababan de huir, pero quedaron sin vida dentro de una camioneta, algunas casas del sector fueron da\u00f1adas por impactos de bala. Tras una persecuci\u00f3n y balacera por varios sectores al sur de la\u2026","rel":"","context":"En \u00abTamaulipas\u00bb","block_context":{"text":"Tamaulipas","link":"https:\/\/mexicocodigorojo.com.mx\/?cat=2"},"img":{"alt_text":"","src":"https:\/\/i0.wp.com\/mexicocodigorojo.com.mx\/wp-content\/uploads\/2020\/02\/img_4879.jpg?resize=350%2C200&ssl=1","width":350,"height":200,"srcset":"https:\/\/i0.wp.com\/mexicocodigorojo.com.mx\/wp-content\/uploads\/2020\/02\/img_4879.jpg?resize=350%2C200&ssl=1 1x, https:\/\/i0.wp.com\/mexicocodigorojo.com.mx\/wp-content\/uploads\/2020\/02\/img_4879.jpg?resize=525%2C300&ssl=1 1.5x, https:\/\/i0.wp.com\/mexicocodigorojo.com.mx\/wp-content\/uploads\/2020\/02\/img_4879.jpg?resize=700%2C400&ssl=1 2x"},"classes":[]},{"id":56898,"url":"https:\/\/mexicocodigorojo.com.mx\/?p=56898","url_meta":{"origin":63492,"position":3},"title":"Robo a Comercios en Aumento en Ciudad Victoria, Tamaulipas: Autoridades Municipales Cuestionadas","author":"Staff","date":"agosto 27, 2023","format":false,"excerpt":"En medio de crecientes preocupaciones sobre la seguridad en la capital de Tamaulipas, Ciudad Victoria, los casos de robos a comercios contin\u00faan en aumento, a pesar de los intentos de las autoridades municipales por minimizar las estad\u00edsticas. En un incidente reciente que subraya esta preocupante tendencia, Carlos Jhovanny Garc\u00eda Limas,\u2026","rel":"","context":"En \u00abFeatured\u00bb","block_context":{"text":"Featured","link":"https:\/\/mexicocodigorojo.com.mx\/?cat=1724"},"img":{"alt_text":"","src":"https:\/\/i0.wp.com\/mexicocodigorojo.com.mx\/wp-content\/uploads\/2023\/08\/img_3699.jpg?fit=640%2C480&ssl=1&resize=350%2C200","width":350,"height":200,"srcset":"https:\/\/i0.wp.com\/mexicocodigorojo.com.mx\/wp-content\/uploads\/2023\/08\/img_3699.jpg?fit=640%2C480&ssl=1&resize=350%2C200 1x, https:\/\/i0.wp.com\/mexicocodigorojo.com.mx\/wp-content\/uploads\/2023\/08\/img_3699.jpg?fit=640%2C480&ssl=1&resize=525%2C300 1.5x"},"classes":[]},{"id":53592,"url":"https:\/\/mexicocodigorojo.com.mx\/?p=53592","url_meta":{"origin":63492,"position":4},"title":"BALACERA EN CIUDAD VICTORIA DEJA UN ASALTANTE ABATIDO","author":"Staff","date":"agosto 4, 2022","format":false,"excerpt":"Ciudad Victoria, Tamaulipas.- La Fiscal\u00eda General de Justicia del Estado de Tamaulipas informa que un Polic\u00eda de Investigaci\u00f3n result\u00f3 herido, luego de ser atacado con arma de fuego por un civil que perdi\u00f3 la vida en el lugar de los hechos. Los hechos se registraron en la colonia Obrera de\u2026","rel":"","context":"En \u00abFeatured\u00bb","block_context":{"text":"Featured","link":"https:\/\/mexicocodigorojo.com.mx\/?cat=1724"},"img":{"alt_text":"","src":"https:\/\/i0.wp.com\/mexicocodigorojo.com.mx\/wp-content\/uploads\/2022\/08\/ba5cabb7-c245-4f98-bf44-79b8c4d302da.jpg?fit=1001%2C694&ssl=1&resize=350%2C200","width":350,"height":200,"srcset":"https:\/\/i0.wp.com\/mexicocodigorojo.com.mx\/wp-content\/uploads\/2022\/08\/ba5cabb7-c245-4f98-bf44-79b8c4d302da.jpg?fit=1001%2C694&ssl=1&resize=350%2C200 1x, https:\/\/i0.wp.com\/mexicocodigorojo.com.mx\/wp-content\/uploads\/2022\/08\/ba5cabb7-c245-4f98-bf44-79b8c4d302da.jpg?fit=1001%2C694&ssl=1&resize=525%2C300 1.5x, https:\/\/i0.wp.com\/mexicocodigorojo.com.mx\/wp-content\/uploads\/2022\/08\/ba5cabb7-c245-4f98-bf44-79b8c4d302da.jpg?fit=1001%2C694&ssl=1&resize=700%2C400 2x"},"classes":[]},{"id":59326,"url":"https:\/\/mexicocodigorojo.com.mx\/?p=59326","url_meta":{"origin":63492,"position":5},"title":"Moto sicarios ejecutan a vendedor de jugos y quesos en Ciudad Victoria","author":"Staff","date":"marzo 22, 2024","format":false,"excerpt":"Un\u00a0vendedor de jugos y quesos\u00a0fue ejecutado por dos j\u00f3venes que andaban en una motocicleta al dispararle cuando ofrec\u00eda su mercanc\u00eda sobre la\u00a0carretera Ciudad Victoria a Monterrey\u00a0a una hora al norte de la capital de\u00a0Tamaulipas. La ejecuci\u00f3n fue reportada a las 11:00 horas del jueves, de acuerdo a informaci\u00f3n proporcionada por\u2026","rel":"","context":"En \u00abFeatured\u00bb","block_context":{"text":"Featured","link":"https:\/\/mexicocodigorojo.com.mx\/?cat=1724"},"img":{"alt_text":"","src":"https:\/\/i0.wp.com\/mexicocodigorojo.com.mx\/wp-content\/uploads\/2024\/03\/tamaulipasjugos.jpg?fit=1200%2C702&ssl=1&resize=350%2C200","width":350,"height":200,"srcset":"https:\/\/i0.wp.com\/mexicocodigorojo.com.mx\/wp-content\/uploads\/2024\/03\/tamaulipasjugos.jpg?fit=1200%2C702&ssl=1&resize=350%2C200 1x, https:\/\/i0.wp.com\/mexicocodigorojo.com.mx\/wp-content\/uploads\/2024\/03\/tamaulipasjugos.jpg?fit=1200%2C702&ssl=1&resize=525%2C300 1.5x, https:\/\/i0.wp.com\/mexicocodigorojo.com.mx\/wp-content\/uploads\/2024\/03\/tamaulipasjugos.jpg?fit=1200%2C702&ssl=1&resize=700%2C400 2x, https:\/\/i0.wp.com\/mexicocodigorojo.com.mx\/wp-content\/uploads\/2024\/03\/tamaulipasjugos.jpg?fit=1200%2C702&ssl=1&resize=1050%2C600 3x"},"classes":[]}],"jetpack_sharing_enabled":true,"jetpack_likes_enabled":true,"jetpack_shortlink":"https:\/\/wp.me\/p9TedA-gw4","_links":{"self":[{"href":"https:\/\/mexicocodigorojo.com.mx\/index.php?rest_route=\/wp\/v2\/posts\/63492","targetHints":{"allow":["GET"]}}],"collection":[{"href":"https:\/\/mexicocodigorojo.com.mx\/index.php?rest_route=\/wp\/v2\/posts"}],"about":[{"href":"https:\/\/mexicocodigorojo.com.mx\/index.php?rest_route=\/wp\/v2\/types\/post"}],"author":[{"embeddable":true,"href":"https:\/\/mexicocodigorojo.com.mx\/index.php?rest_route=\/wp\/v2\/users\/21"}],"replies":[{"embeddable":true,"href":"https:\/\/mexicocodigorojo.com.mx\/index.php?rest_route=%2Fwp%2Fv2%2Fcomments&post=63492"}],"version-history":[{"count":1,"href":"https:\/\/mexicocodigorojo.com.mx\/index.php?rest_route=\/wp\/v2\/posts\/63492\/revisions"}],"predecessor-version":[{"id":63494,"href":"https:\/\/mexicocodigorojo.com.mx\/index.php?rest_route=\/wp\/v2\/posts\/63492\/revisions\/63494"}],"wp:featuredmedia":[{"embeddable":true,"href":"https:\/\/mexicocodigorojo.com.mx\/index.php?rest_route=\/wp\/v2\/media\/63493"}],"wp:attachment":[{"href":"https:\/\/mexicocodigorojo.com.mx\/index.php?rest_route=%2Fwp%2Fv2%2Fmedia&parent=63492"}],"wp:term":[{"taxonomy":"category","embeddable":true,"href":"https:\/\/mexicocodigorojo.com.mx\/index.php?rest_route=%2Fwp%2Fv2%2Fcategories&post=63492"},{"taxonomy":"post_tag","embeddable":true,"href":"https:\/\/mexicocodigorojo.com.mx\/index.php?rest_route=%2Fwp%2Fv2%2Ftags&post=63492"}],"curies":[{"name":"wp","href":"https:\/\/api.w.org\/{rel}","templated":true}]}}