{"id":63444,"date":"2024-12-11T20:11:53","date_gmt":"2024-12-12T02:11:53","guid":{"rendered":"https:\/\/mexicocodigorojo.com.mx\/?p=63444"},"modified":"2024-12-11T20:11:53","modified_gmt":"2024-12-12T02:11:53","slug":"iglesia-denuncia-colusion-de-militares-y-el-narco-para-permitir-paso-de-migrantes-en-chiapas","status":"publish","type":"post","link":"https:\/\/mexicocodigorojo.com.mx\/?p=63444","title":{"rendered":"Iglesia denuncia colusi\u00f3n de militares y el narco para permitir paso de migrantes en Chiapas"},"content":{"rendered":"\n<p>Bajo la mirada c\u00f3mplice de la Secretar\u00eda de la Defensa Nacional y la Guardia Nacional, los carteles del narcotr\u00e1fico controlan los flujos migratorios en su ingreso a M\u00e9xico por la frontera sur, afirmaron las di\u00f3cesis de Tapachula, Tuxtla Guti\u00e9rrez y San Crist\u00f3bal de las Casas.<\/p>\n\n\n\n<p>A trav\u00e9s de la Pastoral Social y de Movilidad Humana, las tres di\u00f3cesis denuncian que existe \u201cuna sostenida inseguridad hacia los migrantes en su paso por nuestro pa\u00eds, sobre todo en la frontera sur; el incremento de los secuestros, particularmente de mujeres, as\u00ed como una pol\u00edtica migratoria m\u00e1s compleja que no respeta la dignidad de las personas y los vuelve m\u00e1s vulnerables.<\/p>\n\n\n\n<blockquote class=\"wp-block-quote is-layout-flow wp-block-quote-is-layout-flow\">\n<p>\u201cEl control del territorio por parte de los c\u00e1rteles del narcotr\u00e1fico, ha obligado a familias y comunidades completas a emigrar y desplazarse, causando terror por el reclutamiento y la desaparici\u00f3n forzada, el cobro de piso y el sometimiento para ejecutar acciones il\u00edcitas que convienen a intereses de esos grupos criminales\u201d.<\/p>\n<\/blockquote>\n\n\n\n<p>Por esta situaci\u00f3n, los que m\u00e1s sufren estas terribles situaciones, son las familias que viajan con ni\u00f1os.<\/p>\n\n\n\n<p>La iglesia cat\u00f3lica manifest\u00f3&nbsp;tambi\u00e9n su preocupaci\u00f3n por \u201cel enga\u00f1o del Instituto Nacional de Migraci\u00f3n (INM) a los migrantes, dej\u00e1ndolos varados en diferentes puntos del pa\u00eds, a la deriva, lo que agudiza esta crisis humanitaria, y a pesar de la crisis humanitaria y los riesgos a los que se exponen, no cesa la migraci\u00f3n por esta frontera\u201d.<\/p>\n\n\n\n<p>El pronunciamiento p\u00fablico dado a conocer en el contexto del tercer aniversario de la tragedia ocurrida el 9 de diciembre de 2021 en la carretera Chiapa de Corzo &#8211; Tuxtla Guti\u00e9rrez, al volcarse el tr\u00e1iler en el que eran transportados de manera clandestina m\u00e1s de 160 personas migrantes, con saldo de 57 migrantes fallecidos, la mayor\u00eda ciudadanos de Guatemala.<\/p>\n\n\n\n<p>La Pastoral Social y de Movilidad Humana se\u00f1al\u00f3 sobre el tema que, aunque el Ministerio de Gobernaci\u00f3n de Guatemala anunci\u00f3 este lunes la detenci\u00f3n de una banda criminal en aquel pa\u00eds, dedicada al tr\u00e1fico de migrantes y presuntamente vinculada al accidente de hace tres a\u00f1os, \u201cmiramos con indignaci\u00f3n que la impunidad y la corrupci\u00f3n siguen estando presentes en este lamentable caso y en toda la realidad migratoria, particularmente en la frontera sur\u201d.<\/p>\n\n\n\n<blockquote class=\"wp-block-quote is-layout-flow wp-block-quote-is-layout-flow\">\n<p>\u201cHechos lamentables como ese, no hacen sino mostrarnos, cada vez m\u00e1s, el terrible drama que cotidianamente viven los migrantes en su paso por nuestra tierra\u201d, expresaron.<\/p>\n<\/blockquote>\n\n\n\n<p>Las tres di\u00f3cesis de Chiapas manifiestaron que, desde ese acontecimiento en 2021, \u201cvenimos haciendo llamamientos a las autoridades para que esclarezcan este lamentable hecho y establezcan los mecanismos para que situaciones como estas no se repitan. Es momento para que se creen y pongan en pr\u00e1ctica las condiciones necesarias para la tan anhelada \u2018migraci\u00f3n segura, ordenada y regular\u2019, en medio de esta crisis humanitaria\u201d.<\/p>\n\n\n\n<p>Los 57 migrantes muertos en el mencionado accidente fueron recordados la tarde de ayer lunes con una misa en el lugar del percance, celebrada por el obispo de San Crist\u00f3bal de las Casas, Rodrigo Aguilar Mart\u00ednez, quien se desempe\u00f1a tambi\u00e9n como administrador apost\u00f3lico de la arquidi\u00f3cesis de Tuxtla Guti\u00e9rrez.<\/p>\n\n\n\n<p>La celebraci\u00f3n, a la que asistieron decenas de personas y familiares guatemaltecos de los fallecidos y tuvo lugar en la entrada a la colonia El Refugio, donde se registr\u00f3 una de las tragedias m\u00e1s grandes de migrantes el 9 de diciembre de 2021.<\/p>\n\n\n\n<p>Con informaci\u00f3n de proceso <\/p>\n","protected":false},"excerpt":{"rendered":"<p>Bajo la mirada c\u00f3mplice de la Secretar\u00eda de la Defensa Nacional y la Guardia Nacional, los carteles del narcotr\u00e1fico controlan los flujos migratorios en su ingreso a M\u00e9xico por la frontera sur, afirmaron las di\u00f3cesis de Tapachula, Tuxtla Guti\u00e9rrez y San Crist\u00f3bal de las Casas. A trav\u00e9s de la Pastoral Social y de Movilidad Humana, [&hellip;]<\/p>\n","protected":false},"author":5,"featured_media":63443,"comment_status":"open","ping_status":"open","sticky":false,"template":"","format":"standard","meta":{"_uf_show_specific_survey":0,"_uf_disable_surveys":false,"advanced_seo_description":"","jetpack_seo_html_title":"","jetpack_seo_noindex":false,"jetpack_post_was_ever_published":false,"_jetpack_newsletter_access":"","_jetpack_dont_email_post_to_subs":false,"_jetpack_newsletter_tier_id":0,"_jetpack_memberships_contains_paywalled_content":false,"_jetpack_memberships_contains_paid_content":false,"footnotes":"","jetpack_publicize_message":"","jetpack_publicize_feature_enabled":true,"jetpack_social_post_already_shared":true,"jetpack_social_options":{"image_generator_settings":{"template":"highway","default_image_id":0,"font":"","enabled":false},"version":2}},"categories":[75,1724],"tags":[906,17,20],"class_list":{"0":"post-63444","1":"post","2":"type-post","3":"status-publish","4":"format-standard","5":"has-post-thumbnail","7":"category-chiapas","8":"category-featured","9":"tag-crimenorganizado","10":"tag-migrantes","11":"tag-sedena"},"jetpack_publicize_connections":[],"jetpack_featured_media_url":"https:\/\/i0.wp.com\/mexicocodigorojo.com.mx\/wp-content\/uploads\/2024\/12\/img_2799.jpg?fit=608%2C342&ssl=1","jetpack-related-posts":[{"id":62408,"url":"https:\/\/mexicocodigorojo.com.mx\/?p=62408","url_meta":{"origin":63444,"position":0},"title":"Caravana de migrantes contin\u00faa su recorrido por Chiapas","author":"MCR","date":"julio 25, 2024","format":false,"excerpt":"La caravana de migrantes la conforman hombres y mujeres de Guatemala, Honduras, El Salvador, Nicaragua, Venezuela, Cuba, Ecuador, Colombia y otros pa\u00edses. Migrantes de diferentes nacionalidades integrados en la caravana, que el domingo sali\u00f3 de Suchiate, cruzaron este jueves el Centro de Atenci\u00f3n Integral al Tr\u00e1nsito Fronterizo CAIFT en Huixtla.\u2026","rel":"","context":"En \u00abChiapas\u00bb","block_context":{"text":"Chiapas","link":"https:\/\/mexicocodigorojo.com.mx\/?cat=75"},"img":{"alt_text":"","src":"https:\/\/i0.wp.com\/mexicocodigorojo.com.mx\/wp-content\/uploads\/2024\/07\/Screenshot_20240725_193655_Gallery.jpg?fit=1200%2C710&ssl=1&resize=350%2C200","width":350,"height":200,"srcset":"https:\/\/i0.wp.com\/mexicocodigorojo.com.mx\/wp-content\/uploads\/2024\/07\/Screenshot_20240725_193655_Gallery.jpg?fit=1200%2C710&ssl=1&resize=350%2C200 1x, https:\/\/i0.wp.com\/mexicocodigorojo.com.mx\/wp-content\/uploads\/2024\/07\/Screenshot_20240725_193655_Gallery.jpg?fit=1200%2C710&ssl=1&resize=525%2C300 1.5x, https:\/\/i0.wp.com\/mexicocodigorojo.com.mx\/wp-content\/uploads\/2024\/07\/Screenshot_20240725_193655_Gallery.jpg?fit=1200%2C710&ssl=1&resize=700%2C400 2x, https:\/\/i0.wp.com\/mexicocodigorojo.com.mx\/wp-content\/uploads\/2024\/07\/Screenshot_20240725_193655_Gallery.jpg?fit=1200%2C710&ssl=1&resize=1050%2C600 3x"},"classes":[]},{"id":19148,"url":"https:\/\/mexicocodigorojo.com.mx\/?p=19148","url_meta":{"origin":63444,"position":1},"title":"Despliegan m\u00e1s de 25 mil elementos a las fronteras","author":"Staff","date":"junio 25, 2019","format":false,"excerpt":"Buscan frenar el paso de indocumentados. Las autoridades de EU celebran la medida. Se ha registrado la muerte de al menos 9 migrantes en los \u00faltimos d\u00edas La Secretar\u00eda de la Defensa Nacional inform\u00f3 este lunes que el Gobierno de M\u00e9xico despleg\u00f3 25 mil 500 elementos federales de seguridad a\u2026","rel":"","context":"En \u00abCiudad de M\u00e9xico\u00bb","block_context":{"text":"Ciudad de M\u00e9xico","link":"https:\/\/mexicocodigorojo.com.mx\/?cat=101"},"img":{"alt_text":"","src":"https:\/\/i0.wp.com\/mexicocodigorojo.com.mx\/wp-content\/uploads\/2019\/06\/Patrullaje_Frontera-5_Fotor-696x464.jpg?fit=696%2C464&ssl=1&resize=350%2C200","width":350,"height":200,"srcset":"https:\/\/i0.wp.com\/mexicocodigorojo.com.mx\/wp-content\/uploads\/2019\/06\/Patrullaje_Frontera-5_Fotor-696x464.jpg?fit=696%2C464&ssl=1&resize=350%2C200 1x, https:\/\/i0.wp.com\/mexicocodigorojo.com.mx\/wp-content\/uploads\/2019\/06\/Patrullaje_Frontera-5_Fotor-696x464.jpg?fit=696%2C464&ssl=1&resize=525%2C300 1.5x"},"classes":[]},{"id":18264,"url":"https:\/\/mexicocodigorojo.com.mx\/?p=18264","url_meta":{"origin":63444,"position":2},"title":"Llegan mandos militares a frontera sur de M\u00e9xico","author":"Staff","date":"junio 12, 2019","format":false,"excerpt":"El secretario de la Defensa Nacional, Luis Cresencio Sandoval Gonz\u00e1lez, estuvo en Tapachula, Chiapas, para afinar detalles previos al despliegue de la Guardia Nacional en la frontera sur de M\u00e9xico. CHIAPAS Como lo anunci\u00f3 el presidente de M\u00e9xico esta ma\u00f1ana en su habitual conferencia de prensa, este martes el secretario\u2026","rel":"","context":"En \u00abChiapas\u00bb","block_context":{"text":"Chiapas","link":"https:\/\/mexicocodigorojo.com.mx\/?cat=75"},"img":{"alt_text":"","src":"https:\/\/i0.wp.com\/mexicocodigorojo.com.mx\/wp-content\/uploads\/2019\/06\/2161697.jpg?fit=664%2C498&ssl=1&resize=350%2C200","width":350,"height":200,"srcset":"https:\/\/i0.wp.com\/mexicocodigorojo.com.mx\/wp-content\/uploads\/2019\/06\/2161697.jpg?fit=664%2C498&ssl=1&resize=350%2C200 1x, https:\/\/i0.wp.com\/mexicocodigorojo.com.mx\/wp-content\/uploads\/2019\/06\/2161697.jpg?fit=664%2C498&ssl=1&resize=525%2C300 1.5x"},"classes":[]},{"id":64257,"url":"https:\/\/mexicocodigorojo.com.mx\/?p=64257","url_meta":{"origin":63444,"position":3},"title":"Pakales abatieron a cuatro implicados en la emboscada a polic\u00edas en Chiapas","author":"Staff","date":"junio 9, 2025","format":false,"excerpt":"Polic\u00edas federales y estatales abatieron este domingo en el municipio de Frontera Comalapa, fronterizo con Guatemala, a cuatro presuntos implicados en el ataque en que murieron cinco polic\u00edas el pasado lunes 2, donde el C\u00e1rtel Jalisco Nueva Generaci\u00f3n (CJNG) y el de Sinaloa se disputan la frontera, confirm\u00f3 la Secretar\u00eda\u2026","rel":"","context":"En \u00abChiapas\u00bb","block_context":{"text":"Chiapas","link":"https:\/\/mexicocodigorojo.com.mx\/?cat=75"},"img":{"alt_text":"","src":"https:\/\/i0.wp.com\/mexicocodigorojo.com.mx\/wp-content\/uploads\/2025\/06\/aaa1f1d4-c7f8-4abe-80d3-5cb1e9707f82-1.jpg?fit=1200%2C900&ssl=1&resize=350%2C200","width":350,"height":200,"srcset":"https:\/\/i0.wp.com\/mexicocodigorojo.com.mx\/wp-content\/uploads\/2025\/06\/aaa1f1d4-c7f8-4abe-80d3-5cb1e9707f82-1.jpg?fit=1200%2C900&ssl=1&resize=350%2C200 1x, https:\/\/i0.wp.com\/mexicocodigorojo.com.mx\/wp-content\/uploads\/2025\/06\/aaa1f1d4-c7f8-4abe-80d3-5cb1e9707f82-1.jpg?fit=1200%2C900&ssl=1&resize=525%2C300 1.5x, https:\/\/i0.wp.com\/mexicocodigorojo.com.mx\/wp-content\/uploads\/2025\/06\/aaa1f1d4-c7f8-4abe-80d3-5cb1e9707f82-1.jpg?fit=1200%2C900&ssl=1&resize=700%2C400 2x, https:\/\/i0.wp.com\/mexicocodigorojo.com.mx\/wp-content\/uploads\/2025\/06\/aaa1f1d4-c7f8-4abe-80d3-5cb1e9707f82-1.jpg?fit=1200%2C900&ssl=1&resize=1050%2C600 3x"},"classes":[]},{"id":58808,"url":"https:\/\/mexicocodigorojo.com.mx\/?p=58808","url_meta":{"origin":63444,"position":4},"title":"Los C\u00e1rteles Mexicanos Son Culpados Por El Contrabando De Personas Pero Los Gringos Est\u00e1n Bien Metidos","author":"Staff","date":"enero 10, 2024","format":false,"excerpt":"EL PASO, Texas \u2014 Las organizaciones criminales mexicanas involucradas en el contrabando de personas est\u00e1n recurriendo cada vez m\u00e1s a estadounidenses para mantener el flujo de migrantes que llegan a Estados Unidos. Esta tendencia ha surgido mientras un consorcio de altos funcionarios estadounidenses aterriz\u00f3 en M\u00e9xico esta semana para discutir\u2026","rel":"","context":"En \u00abFeatured\u00bb","block_context":{"text":"Featured","link":"https:\/\/mexicocodigorojo.com.mx\/?cat=1724"},"img":{"alt_text":"","src":"https:\/\/i0.wp.com\/mexicocodigorojo.com.mx\/wp-content\/uploads\/2024\/01\/border-patrol-agents-gty-jc-190701_hpMain_16x9_992.jpg?fit=992%2C558&ssl=1&resize=350%2C200","width":350,"height":200,"srcset":"https:\/\/i0.wp.com\/mexicocodigorojo.com.mx\/wp-content\/uploads\/2024\/01\/border-patrol-agents-gty-jc-190701_hpMain_16x9_992.jpg?fit=992%2C558&ssl=1&resize=350%2C200 1x, https:\/\/i0.wp.com\/mexicocodigorojo.com.mx\/wp-content\/uploads\/2024\/01\/border-patrol-agents-gty-jc-190701_hpMain_16x9_992.jpg?fit=992%2C558&ssl=1&resize=525%2C300 1.5x, https:\/\/i0.wp.com\/mexicocodigorojo.com.mx\/wp-content\/uploads\/2024\/01\/border-patrol-agents-gty-jc-190701_hpMain_16x9_992.jpg?fit=992%2C558&ssl=1&resize=700%2C400 2x"},"classes":[]},{"id":36653,"url":"https:\/\/mexicocodigorojo.com.mx\/?p=36653","url_meta":{"origin":63444,"position":5},"title":"INM abandona a 480 migrantes en la l\u00ednea fronteriza de M\u00e9xico con Guatemala","author":"Staff","date":"abril 10, 2020","format":false,"excerpt":"TUXTLA GUTI\u00c9RREZ, Chis.- M\u00e1s de 480 migrantes de Honduras, Guatemala y El Salvador fueron abandonados por el Instituto Nacional de Migraci\u00f3n (INM) en la l\u00ednea fronteriza de M\u00e9xico con Guatemala, luego de que el gobierno de este \u00faltimo pa\u00eds rechaz\u00f3 el ingreso de los centroamericanos tras sellar su frontera por\u2026","rel":"","context":"En \u00abChiapas\u00bb","block_context":{"text":"Chiapas","link":"https:\/\/mexicocodigorojo.com.mx\/?cat=75"},"img":{"alt_text":"","src":"https:\/\/i0.wp.com\/mexicocodigorojo.com.mx\/wp-content\/uploads\/2020\/04\/mugra-870x522-1.jpeg?fit=870%2C522&ssl=1&resize=350%2C200","width":350,"height":200,"srcset":"https:\/\/i0.wp.com\/mexicocodigorojo.com.mx\/wp-content\/uploads\/2020\/04\/mugra-870x522-1.jpeg?fit=870%2C522&ssl=1&resize=350%2C200 1x, https:\/\/i0.wp.com\/mexicocodigorojo.com.mx\/wp-content\/uploads\/2020\/04\/mugra-870x522-1.jpeg?fit=870%2C522&ssl=1&resize=525%2C300 1.5x, https:\/\/i0.wp.com\/mexicocodigorojo.com.mx\/wp-content\/uploads\/2020\/04\/mugra-870x522-1.jpeg?fit=870%2C522&ssl=1&resize=700%2C400 2x"},"classes":[]}],"jetpack_sharing_enabled":true,"jetpack_likes_enabled":true,"jetpack_shortlink":"https:\/\/wp.me\/p9TedA-gvi","_links":{"self":[{"href":"https:\/\/mexicocodigorojo.com.mx\/index.php?rest_route=\/wp\/v2\/posts\/63444","targetHints":{"allow":["GET"]}}],"collection":[{"href":"https:\/\/mexicocodigorojo.com.mx\/index.php?rest_route=\/wp\/v2\/posts"}],"about":[{"href":"https:\/\/mexicocodigorojo.com.mx\/index.php?rest_route=\/wp\/v2\/types\/post"}],"author":[{"embeddable":true,"href":"https:\/\/mexicocodigorojo.com.mx\/index.php?rest_route=\/wp\/v2\/users\/5"}],"replies":[{"embeddable":true,"href":"https:\/\/mexicocodigorojo.com.mx\/index.php?rest_route=%2Fwp%2Fv2%2Fcomments&post=63444"}],"version-history":[{"count":0,"href":"https:\/\/mexicocodigorojo.com.mx\/index.php?rest_route=\/wp\/v2\/posts\/63444\/revisions"}],"wp:featuredmedia":[{"embeddable":true,"href":"https:\/\/mexicocodigorojo.com.mx\/index.php?rest_route=\/wp\/v2\/media\/63443"}],"wp:attachment":[{"href":"https:\/\/mexicocodigorojo.com.mx\/index.php?rest_route=%2Fwp%2Fv2%2Fmedia&parent=63444"}],"wp:term":[{"taxonomy":"category","embeddable":true,"href":"https:\/\/mexicocodigorojo.com.mx\/index.php?rest_route=%2Fwp%2Fv2%2Fcategories&post=63444"},{"taxonomy":"post_tag","embeddable":true,"href":"https:\/\/mexicocodigorojo.com.mx\/index.php?rest_route=%2Fwp%2Fv2%2Ftags&post=63444"}],"curies":[{"name":"wp","href":"https:\/\/api.w.org\/{rel}","templated":true}]}}