{"id":63434,"date":"2024-12-09T16:19:19","date_gmt":"2024-12-09T22:19:19","guid":{"rendered":"https:\/\/mexicocodigorojo.com.mx\/?p=63434"},"modified":"2024-12-09T16:19:19","modified_gmt":"2024-12-09T22:19:19","slug":"asesinan-al-subdirector-del-cereso-de-manzanillo","status":"publish","type":"post","link":"https:\/\/mexicocodigorojo.com.mx\/?p=63434","title":{"rendered":"Asesinan al subdirector del Cereso de Manzanillo"},"content":{"rendered":"\n<p>Salvador Zaragoza \u00c1lvarez, subdirector del Centro de Reinserci\u00f3n Social (Cereso) de Manzanillo, Colima, fue asesinado a balazos la noche del domingo frente a su domicilio.&nbsp;<\/p>\n\n\n\n<p>De acuerdo con los datos, el atentado contra el funcionario del \u00e1rea penitenciaria, de 44 a\u00f1os, fue perpetrado por varios hombres armados que llegaron hasta su vivienda ubicada por la calle Primavera del Barrio II del Valle de las Garzas y le dispararon para escapar a bordo de un autom\u00f3vil.<\/p>\n\n\n\n<p>Tras la agresi\u00f3n el hombre qued\u00f3 herido de gravedad y muri\u00f3 minutos despu\u00e9s en el lugar de los hechos, antes de la llegada del personal de las instituciones de auxilio m\u00e9dico.<\/p>\n\n\n\n<p>La calle donde se encuentra la escena del crimen fue cerrada a la circulaci\u00f3n vehicular, en tanto que el \u00e1rea circundante del suceso fue resguardada por elementos de las polic\u00edas municipal y estatal, as\u00ed como elementos de la Guardia Nacional y la Secretar\u00eda de Marina.<\/p>\n\n\n\n<p>Los efectivos de diversas corporaciones estatales y federales montaron un operativo de b\u00fasqueda del o los responsables, pero no se hab\u00eda informado de ninguna detenci\u00f3n.<\/p>\n","protected":false},"excerpt":{"rendered":"<p>Salvador Zaragoza \u00c1lvarez, subdirector del Centro de Reinserci\u00f3n Social (Cereso) de Manzanillo, Colima, fue asesinado a balazos la noche del domingo frente a su domicilio.&nbsp; De acuerdo con los datos, el atentado contra el funcionario del \u00e1rea penitenciaria, de 44 a\u00f1os, fue perpetrado por varios hombres armados que llegaron hasta su vivienda ubicada por la [&hellip;]<\/p>\n","protected":false},"author":5,"featured_media":63433,"comment_status":"open","ping_status":"open","sticky":false,"template":"","format":"standard","meta":{"_uf_show_specific_survey":0,"_uf_disable_surveys":false,"advanced_seo_description":"","jetpack_seo_html_title":"","jetpack_seo_noindex":false,"jetpack_post_was_ever_published":false,"_jetpack_newsletter_access":"","_jetpack_dont_email_post_to_subs":false,"_jetpack_newsletter_tier_id":0,"_jetpack_memberships_contains_paywalled_content":false,"_jetpack_memberships_contains_paid_content":false,"footnotes":"","jetpack_publicize_message":"","jetpack_publicize_feature_enabled":true,"jetpack_social_post_already_shared":true,"jetpack_social_options":{"image_generator_settings":{"template":"highway","default_image_id":0,"font":"","enabled":false},"version":2}},"categories":[104,1724],"tags":[858],"class_list":{"0":"post-63434","1":"post","2":"type-post","3":"status-publish","4":"format-standard","5":"has-post-thumbnail","7":"category-colima","8":"category-featured","9":"tag-homicidio"},"jetpack_publicize_connections":[],"jetpack_featured_media_url":"https:\/\/i0.wp.com\/mexicocodigorojo.com.mx\/wp-content\/uploads\/2024\/12\/img_2541.jpg?fit=685%2C385&ssl=1","jetpack-related-posts":[{"id":20676,"url":"https:\/\/mexicocodigorojo.com.mx\/?p=20676","url_meta":{"origin":63434,"position":0},"title":"Ataque a balazos contra alcaldesa de Manzanillo, Colima","author":"Staff","date":"julio 28, 2019","format":false,"excerpt":"La alcaldesa de Manzanillo, Griselda Mart\u00ednez Mart\u00ednez, sufri\u00f3 un atentado, pues el veh\u00edculo en el que viajaba fue atacado a balazos; ella result\u00f3 ilesa. La alcaldesa de Manzanillo, Griselda Mart\u00ednez Mart\u00ednez, sufri\u00f3 un atentado, esto mientras transitaba acompa\u00f1ado de su escolta por la\u00a0 avenida El\u00edas Zamora Verduzco del Barrio IV\u2026","rel":"","context":"En \u00abColima\u00bb","block_context":{"text":"Colima","link":"https:\/\/mexicocodigorojo.com.mx\/?cat=104"},"img":{"alt_text":"","src":"https:\/\/i0.wp.com\/mexicocodigorojo.com.mx\/wp-content\/uploads\/2019\/07\/atentan_a_balazos_contra_alcaldesa_de_manzanillo_x3.jpg_793492074.jpg?fit=718%2C452&ssl=1&resize=350%2C200","width":350,"height":200,"srcset":"https:\/\/i0.wp.com\/mexicocodigorojo.com.mx\/wp-content\/uploads\/2019\/07\/atentan_a_balazos_contra_alcaldesa_de_manzanillo_x3.jpg_793492074.jpg?fit=718%2C452&ssl=1&resize=350%2C200 1x, https:\/\/i0.wp.com\/mexicocodigorojo.com.mx\/wp-content\/uploads\/2019\/07\/atentan_a_balazos_contra_alcaldesa_de_manzanillo_x3.jpg_793492074.jpg?fit=718%2C452&ssl=1&resize=525%2C300 1.5x, https:\/\/i0.wp.com\/mexicocodigorojo.com.mx\/wp-content\/uploads\/2019\/07\/atentan_a_balazos_contra_alcaldesa_de_manzanillo_x3.jpg_793492074.jpg?fit=718%2C452&ssl=1&resize=700%2C400 2x"},"classes":[]},{"id":56173,"url":"https:\/\/mexicocodigorojo.com.mx\/?p=56173","url_meta":{"origin":63434,"position":1},"title":"\u201cLos Mezcales\u201d asesinan a aduanal de Manzanillo por no cumplir","author":"MexicoRojoCvmx","date":"mayo 29, 2023","format":false,"excerpt":"Colima.\u2014 El domingo 28 de mayo, Sergio Emmanuel Mart\u00ednez Covarrubias, quien hab\u00eda sido recientemente designado como subadministrador de Operaci\u00f3n Aduanera en Manzanillo, fue brutalmente asesinado mientras desayunaba en el restaurante Sabor Veracruzano, ubicado en el Boulevard Licenciado Miguel de la Madrid Hurtado 1521, en Playa Azul Salagua, Manzanillo, Colima. De\u2026","rel":"","context":"En \u00abFeatured\u00bb","block_context":{"text":"Featured","link":"https:\/\/mexicocodigorojo.com.mx\/?cat=1724"},"img":{"alt_text":"","src":"https:\/\/i0.wp.com\/mexicocodigorojo.com.mx\/wp-content\/uploads\/2023\/05\/notacolima.jpg?fit=768%2C512&ssl=1&resize=350%2C200","width":350,"height":200,"srcset":"https:\/\/i0.wp.com\/mexicocodigorojo.com.mx\/wp-content\/uploads\/2023\/05\/notacolima.jpg?fit=768%2C512&ssl=1&resize=350%2C200 1x, https:\/\/i0.wp.com\/mexicocodigorojo.com.mx\/wp-content\/uploads\/2023\/05\/notacolima.jpg?fit=768%2C512&ssl=1&resize=525%2C300 1.5x, https:\/\/i0.wp.com\/mexicocodigorojo.com.mx\/wp-content\/uploads\/2023\/05\/notacolima.jpg?fit=768%2C512&ssl=1&resize=700%2C400 2x"},"classes":[]},{"id":23889,"url":"https:\/\/mexicocodigorojo.com.mx\/?p=23889","url_meta":{"origin":63434,"position":2},"title":"Video; As\u00ed qued\u00f3 Colima y Jalisco tras las devastaciones del hurac\u00e1n &#8216;Lorena&#8217;","author":"Staff","date":"septiembre 19, 2019","format":false,"excerpt":"Luego de que el\u00a0hurac\u00e1n 'Lorena' categor\u00eda 1 pasara por los estados de Colima y Jalisco se registraron grandes inundaciones, adem\u00e1s de r\u00edos desbordados El hurac\u00e1n 'Lorena' categor\u00eda\u00a01 toc\u00f3 tierra en los estados de Colima y Jalisco, dejando grandes devastaciones como inundaciones y deslaves. Algunas personas que vivieron el paso de\u2026","rel":"","context":"En \u00abColima\u00bb","block_context":{"text":"Colima","link":"https:\/\/mexicocodigorojo.com.mx\/?cat=104"},"img":{"alt_text":"","src":"https:\/\/i0.wp.com\/mexicocodigorojo.com.mx\/wp-content\/uploads\/2019\/09\/huracan1.jpg_112278454.jpg?fit=1069%2C563&ssl=1&resize=350%2C200","width":350,"height":200,"srcset":"https:\/\/i0.wp.com\/mexicocodigorojo.com.mx\/wp-content\/uploads\/2019\/09\/huracan1.jpg_112278454.jpg?fit=1069%2C563&ssl=1&resize=350%2C200 1x, https:\/\/i0.wp.com\/mexicocodigorojo.com.mx\/wp-content\/uploads\/2019\/09\/huracan1.jpg_112278454.jpg?fit=1069%2C563&ssl=1&resize=525%2C300 1.5x, https:\/\/i0.wp.com\/mexicocodigorojo.com.mx\/wp-content\/uploads\/2019\/09\/huracan1.jpg_112278454.jpg?fit=1069%2C563&ssl=1&resize=700%2C400 2x, https:\/\/i0.wp.com\/mexicocodigorojo.com.mx\/wp-content\/uploads\/2019\/09\/huracan1.jpg_112278454.jpg?fit=1069%2C563&ssl=1&resize=1050%2C600 3x"},"classes":[]},{"id":63181,"url":"https:\/\/mexicocodigorojo.com.mx\/?p=63181","url_meta":{"origin":63434,"position":3},"title":"Continua cacer\u00eda de marinos en Manzanillo; balean a dos","author":"Staff","date":"octubre 30, 2024","format":false,"excerpt":"Un elemento de la Secretar\u00eda de Marina fue asesinado y otro result\u00f3 herido de gravedad la tarde de este martes, como resultado de un ataque a balazos sufrido por ambos en la ciudad de Manzanillo. Seg\u00fan reportes extraoficiales, los hechos se registraron en el cruce de las calles 20 de\u2026","rel":"","context":"En \u00abColima\u00bb","block_context":{"text":"Colima","link":"https:\/\/mexicocodigorojo.com.mx\/?cat=104"},"img":{"alt_text":"","src":"https:\/\/i0.wp.com\/mexicocodigorojo.com.mx\/wp-content\/uploads\/2024\/10\/marinosmanzanillo.jpg?fit=467%2C351&ssl=1&resize=350%2C200","width":350,"height":200},"classes":[]},{"id":39018,"url":"https:\/\/mexicocodigorojo.com.mx\/?p=39018","url_meta":{"origin":63434,"position":4},"title":"Localizan camioneta con polic\u00edas asesinados en Manzanillo","author":"Staff","date":"junio 2, 2020","format":false,"excerpt":"El hallazgo de los restos humanos ocurri\u00f3 junto a la cancha de futbol de la comunidad de Cedros, ubicada al norte del municipio de Manzanillo, Colima COLIMA Este lunes 1 de junio cerca de las 11 de la ma\u00f1ana, fue localizada una\u00a0camioneta con varios cad\u00e1veres\u00a0en su interior. El hecho ocurri\u00f3\u2026","rel":"","context":"En \u00abColima\u00bb","block_context":{"text":"Colima","link":"https:\/\/mexicocodigorojo.com.mx\/?cat=104"},"img":{"alt_text":"","src":"https:\/\/i0.wp.com\/mexicocodigorojo.com.mx\/wp-content\/uploads\/2020\/06\/2371712.jpg?fit=664%2C498&ssl=1&resize=350%2C200","width":350,"height":200,"srcset":"https:\/\/i0.wp.com\/mexicocodigorojo.com.mx\/wp-content\/uploads\/2020\/06\/2371712.jpg?fit=664%2C498&ssl=1&resize=350%2C200 1x, https:\/\/i0.wp.com\/mexicocodigorojo.com.mx\/wp-content\/uploads\/2020\/06\/2371712.jpg?fit=664%2C498&ssl=1&resize=525%2C300 1.5x"},"classes":[]},{"id":63463,"url":"https:\/\/mexicocodigorojo.com.mx\/?p=63463","url_meta":{"origin":63434,"position":5},"title":"La Marina neutraliza al \u2018Chabelo\u2019, l\u00edder del C\u00e1rtel de Sinaloa en Manzanillo","author":"Staff","date":"diciembre 16, 2024","format":false,"excerpt":"Cuatro muertos fue el saldo de una balacera y una persecuci\u00f3n en el municipio de Manzanillo, la tarde de este domingo. La\u00a0Fiscal\u00eda General del Estado de Colima, confirm\u00f3 la muerte de Jos\u00e9 Isabel \u201cN\u201d, alias el \u2018Chabelo\u2019, quien se desempe\u00f1aba como l\u00edder del\u00a0C\u00e1rtel de Sinaloa\u00a0en el municipio de Manzanillo. Un\u2026","rel":"","context":"En \u00abColima\u00bb","block_context":{"text":"Colima","link":"https:\/\/mexicocodigorojo.com.mx\/?cat=104"},"img":{"alt_text":"","src":"https:\/\/i0.wp.com\/mexicocodigorojo.com.mx\/wp-content\/uploads\/2024\/12\/3229452-1.jpg?fit=1200%2C900&ssl=1&resize=350%2C200","width":350,"height":200,"srcset":"https:\/\/i0.wp.com\/mexicocodigorojo.com.mx\/wp-content\/uploads\/2024\/12\/3229452-1.jpg?fit=1200%2C900&ssl=1&resize=350%2C200 1x, https:\/\/i0.wp.com\/mexicocodigorojo.com.mx\/wp-content\/uploads\/2024\/12\/3229452-1.jpg?fit=1200%2C900&ssl=1&resize=525%2C300 1.5x, https:\/\/i0.wp.com\/mexicocodigorojo.com.mx\/wp-content\/uploads\/2024\/12\/3229452-1.jpg?fit=1200%2C900&ssl=1&resize=700%2C400 2x, https:\/\/i0.wp.com\/mexicocodigorojo.com.mx\/wp-content\/uploads\/2024\/12\/3229452-1.jpg?fit=1200%2C900&ssl=1&resize=1050%2C600 3x"},"classes":[]}],"jetpack_sharing_enabled":true,"jetpack_likes_enabled":true,"jetpack_shortlink":"https:\/\/wp.me\/p9TedA-gv8","_links":{"self":[{"href":"https:\/\/mexicocodigorojo.com.mx\/index.php?rest_route=\/wp\/v2\/posts\/63434","targetHints":{"allow":["GET"]}}],"collection":[{"href":"https:\/\/mexicocodigorojo.com.mx\/index.php?rest_route=\/wp\/v2\/posts"}],"about":[{"href":"https:\/\/mexicocodigorojo.com.mx\/index.php?rest_route=\/wp\/v2\/types\/post"}],"author":[{"embeddable":true,"href":"https:\/\/mexicocodigorojo.com.mx\/index.php?rest_route=\/wp\/v2\/users\/5"}],"replies":[{"embeddable":true,"href":"https:\/\/mexicocodigorojo.com.mx\/index.php?rest_route=%2Fwp%2Fv2%2Fcomments&post=63434"}],"version-history":[{"count":0,"href":"https:\/\/mexicocodigorojo.com.mx\/index.php?rest_route=\/wp\/v2\/posts\/63434\/revisions"}],"wp:featuredmedia":[{"embeddable":true,"href":"https:\/\/mexicocodigorojo.com.mx\/index.php?rest_route=\/wp\/v2\/media\/63433"}],"wp:attachment":[{"href":"https:\/\/mexicocodigorojo.com.mx\/index.php?rest_route=%2Fwp%2Fv2%2Fmedia&parent=63434"}],"wp:term":[{"taxonomy":"category","embeddable":true,"href":"https:\/\/mexicocodigorojo.com.mx\/index.php?rest_route=%2Fwp%2Fv2%2Fcategories&post=63434"},{"taxonomy":"post_tag","embeddable":true,"href":"https:\/\/mexicocodigorojo.com.mx\/index.php?rest_route=%2Fwp%2Fv2%2Ftags&post=63434"}],"curies":[{"name":"wp","href":"https:\/\/api.w.org\/{rel}","templated":true}]}}