{"id":63427,"date":"2024-12-09T15:07:41","date_gmt":"2024-12-09T21:07:41","guid":{"rendered":"https:\/\/mexicocodigorojo.com.mx\/?p=63427"},"modified":"2024-12-09T15:07:41","modified_gmt":"2024-12-09T21:07:41","slug":"seguridad-y-compromiso-eduardo-ramirez-impulsa-un-nuevo-rumbo-en-chiapas","status":"publish","type":"post","link":"https:\/\/mexicocodigorojo.com.mx\/?p=63427","title":{"rendered":"Seguridad y compromiso: Eduardo Ram\u00edrez impulsa un nuevo rumbo en Chiapas"},"content":{"rendered":"<p data-pm-slice=\"1 1 []\">Con el firme compromiso de devolver la paz y seguridad a Chiapas, Eduardo Ram\u00edrez Aguilar inici\u00f3 su gobierno el domingo 8 de diciembre con acciones contundentes y una visi\u00f3n clara hacia el futuro. Su administraci\u00f3n arranc\u00f3 con la presentaci\u00f3n del grupo \u201cFuerza de Reacci\u00f3n Inmediata Pakal\u201d y un despliegue de patrullas blindadas, marcando un precedente en la historia de la seguridad del estado.<\/p>\n<p>Horas antes de rendir protesta, el gobernador anunci\u00f3 la creaci\u00f3n de la nueva \u201cSecretar\u00eda de Seguridad del Pueblo\u201d, liderada por Oscar Alberto Aparicio Avenda\u00f1o, reconocido por su experiencia en operativos de alto impacto. Esta dependencia trabajar\u00e1 de manera estrecha con el Fiscal de Justicia de Chiapas, Jorge Luis Llaven Abarca, para enfrentar los retos en materia de seguridad y justicia.<\/p>\n<h2>Un inicio con pasos firmes<\/h2>\n<p>El gobernador estableci\u00f3 metas claras: 100 d\u00edas para mostrar avances significativos en la reducci\u00f3n de la delincuencia y seis meses para consolidar la pacificaci\u00f3n del estado. Con la puesta en marcha del grupo \u201cFuerza de Reacci\u00f3n Inmediata Pakal\u201d, equipado con 10 patrullas blindadas y 200 elementos altamente capacitados, Chiapas est\u00e1 dando un paso hacia adelante en la lucha contra la delincuencia.<\/p>\n<p>\u201cNo hay espacio para el miedo, la ley se aplicar\u00e1 con valent\u00eda y determinaci\u00f3n,\u201d declar\u00f3 Ram\u00edrez Aguilar en su discurso de toma de posesi\u00f3n, reafirmando su compromiso de enfrentar delitos como la extorsi\u00f3n y los asaltos en carreteras.<\/p>\n<p>El secretario Oscar Alberto Aparicio Avenda\u00f1o enfatiz\u00f3 que la coordinaci\u00f3n con la Secretar\u00eda de la Defensa Nacional, la Armada de M\u00e9xico y la Fiscal\u00eda General de la Rep\u00fablica ser\u00e1 clave para garantizar resultados positivos en materia de seguridad. \u201cEl grupo Pakal representa el nuevo rostro de la seguridad en Chiapas, preparado para actuar con eficiencia y responsabilidad,\u201d asegur\u00f3.<\/p>\n<h2>Proyectos transformadores para Chiapas<\/h2>\n<p>Ram\u00edrez Aguilar tambi\u00e9n anunci\u00f3 ambiciosos proyectos de desarrollo, como la carretera San Crist\u00f3bal-Palenque, que busca impulsar la econom\u00eda local y beneficiar directamente a las comunidades ind\u00edgenas. \u201cEste proyecto ser\u00e1 administrado por las propias comunidades, garantizando que los beneficios queden en manos de quienes m\u00e1s lo necesitan,\u201d explic\u00f3 el gobernador.<\/p>\n<p>Otro proyecto destacado es la creaci\u00f3n de una zona industrial en la frontera sur, exenta de impuestos, que buscar\u00e1 atraer inversiones y generar oportunidades de empleo. Esta iniciativa no solo atender\u00e1 las necesidades econ\u00f3micas de la regi\u00f3n, sino que tambi\u00e9n contribuir\u00e1 a la contenci\u00f3n migratoria de manera sostenible y humanitaria.<\/p>\n<h2>Hacia un futuro seguro y pr\u00f3spero<\/h2>\n<p>El liderazgo de Eduardo Ram\u00edrez Aguilar y la implementaci\u00f3n de estrategias integrales, como el grupo \u201cFuerza de Reacci\u00f3n Inmediata Pakal\u201d, posicionan a Chiapas en una ruta hacia la seguridad y el progreso. Con el respaldo de un equipo comprometido, encabezado por el secretario Aparicio Avenda\u00f1o, el nuevo gobierno est\u00e1 determinado a marcar un antes y un despu\u00e9s en la historia del estado.<\/p>\n<p>\u201cMi meta no es solo gobernar, sino transformar; no quiero pasar a la historia, quiero escribirla,\u201d afirm\u00f3 Ram\u00edrez Aguilar, dejando claro que su administraci\u00f3n estar\u00e1 enfocada en resultados tangibles y en beneficio de todos los chiapanecos.<\/p>\n<p><img data-recalc-dims=\"1\" loading=\"lazy\" decoding=\"async\" data-attachment-id=\"63429\" data-permalink=\"https:\/\/mexicocodigorojo.com.mx\/?attachment_id=63429\" data-orig-file=\"https:\/\/i0.wp.com\/mexicocodigorojo.com.mx\/wp-content\/uploads\/2024\/12\/GeYqZG7WEAAH94_.jpg?fit=2048%2C1536&amp;ssl=1\" data-orig-size=\"2048,1536\" data-comments-opened=\"1\" data-image-meta=\"{&quot;aperture&quot;:&quot;0&quot;,&quot;credit&quot;:&quot;&quot;,&quot;camera&quot;:&quot;&quot;,&quot;caption&quot;:&quot;&quot;,&quot;created_timestamp&quot;:&quot;0&quot;,&quot;copyright&quot;:&quot;&quot;,&quot;focal_length&quot;:&quot;0&quot;,&quot;iso&quot;:&quot;0&quot;,&quot;shutter_speed&quot;:&quot;0&quot;,&quot;title&quot;:&quot;&quot;,&quot;orientation&quot;:&quot;0&quot;}\" data-image-title=\"GeYqZG7WEAAH94_\" data-image-description=\"\" data-image-caption=\"\" data-large-file=\"https:\/\/i0.wp.com\/mexicocodigorojo.com.mx\/wp-content\/uploads\/2024\/12\/GeYqZG7WEAAH94_.jpg?fit=696%2C522&amp;ssl=1\" class=\"alignnone wp-image-63429 size-full\" src=\"https:\/\/i0.wp.com\/mexicocodigorojo.com.mx\/wp-content\/uploads\/2024\/12\/GeYqZG7WEAAH94_.jpg?resize=696%2C522&#038;ssl=1\" alt=\"\" width=\"696\" height=\"522\" srcset=\"https:\/\/i0.wp.com\/mexicocodigorojo.com.mx\/wp-content\/uploads\/2024\/12\/GeYqZG7WEAAH94_.jpg?w=2048&amp;ssl=1 2048w, https:\/\/i0.wp.com\/mexicocodigorojo.com.mx\/wp-content\/uploads\/2024\/12\/GeYqZG7WEAAH94_.jpg?resize=300%2C225&amp;ssl=1 300w, https:\/\/i0.wp.com\/mexicocodigorojo.com.mx\/wp-content\/uploads\/2024\/12\/GeYqZG7WEAAH94_.jpg?resize=1024%2C768&amp;ssl=1 1024w, https:\/\/i0.wp.com\/mexicocodigorojo.com.mx\/wp-content\/uploads\/2024\/12\/GeYqZG7WEAAH94_.jpg?resize=768%2C576&amp;ssl=1 768w, https:\/\/i0.wp.com\/mexicocodigorojo.com.mx\/wp-content\/uploads\/2024\/12\/GeYqZG7WEAAH94_.jpg?resize=1536%2C1152&amp;ssl=1 1536w, https:\/\/i0.wp.com\/mexicocodigorojo.com.mx\/wp-content\/uploads\/2024\/12\/GeYqZG7WEAAH94_.jpg?resize=560%2C420&amp;ssl=1 560w, https:\/\/i0.wp.com\/mexicocodigorojo.com.mx\/wp-content\/uploads\/2024\/12\/GeYqZG7WEAAH94_.jpg?resize=80%2C60&amp;ssl=1 80w, https:\/\/i0.wp.com\/mexicocodigorojo.com.mx\/wp-content\/uploads\/2024\/12\/GeYqZG7WEAAH94_.jpg?resize=150%2C113&amp;ssl=1 150w, https:\/\/i0.wp.com\/mexicocodigorojo.com.mx\/wp-content\/uploads\/2024\/12\/GeYqZG7WEAAH94_.jpg?resize=696%2C522&amp;ssl=1 696w, https:\/\/i0.wp.com\/mexicocodigorojo.com.mx\/wp-content\/uploads\/2024\/12\/GeYqZG7WEAAH94_.jpg?resize=1068%2C801&amp;ssl=1 1068w, https:\/\/i0.wp.com\/mexicocodigorojo.com.mx\/wp-content\/uploads\/2024\/12\/GeYqZG7WEAAH94_.jpg?resize=1920%2C1440&amp;ssl=1 1920w, https:\/\/i0.wp.com\/mexicocodigorojo.com.mx\/wp-content\/uploads\/2024\/12\/GeYqZG7WEAAH94_.jpg?resize=265%2C198&amp;ssl=1 265w, https:\/\/i0.wp.com\/mexicocodigorojo.com.mx\/wp-content\/uploads\/2024\/12\/GeYqZG7WEAAH94_.jpg?w=1392&amp;ssl=1 1392w\" sizes=\"auto, (max-width: 696px) 100vw, 696px\" \/><\/p>\n","protected":false},"excerpt":{"rendered":"<p>Con el firme compromiso de devolver la paz y seguridad a Chiapas, Eduardo Ram\u00edrez Aguilar inici\u00f3 su gobierno el domingo 8 de diciembre con acciones contundentes y una visi\u00f3n clara hacia el futuro. Su administraci\u00f3n arranc\u00f3 con la presentaci\u00f3n del grupo \u201cFuerza de Reacci\u00f3n Inmediata Pakal\u201d y un despliegue de patrullas blindadas, marcando un precedente [&hellip;]<\/p>\n","protected":false},"author":21,"featured_media":63428,"comment_status":"open","ping_status":"open","sticky":false,"template":"","format":"standard","meta":{"_uf_show_specific_survey":0,"_uf_disable_surveys":false,"advanced_seo_description":"","jetpack_seo_html_title":"","jetpack_seo_noindex":false,"jetpack_post_was_ever_published":false,"_jetpack_newsletter_access":"","_jetpack_dont_email_post_to_subs":false,"_jetpack_newsletter_tier_id":0,"_jetpack_memberships_contains_paywalled_content":false,"_jetpack_memberships_contains_paid_content":false,"footnotes":"","jetpack_publicize_message":"","jetpack_publicize_feature_enabled":true,"jetpack_social_post_already_shared":true,"jetpack_social_options":{"image_generator_settings":{"template":"highway","default_image_id":0,"font":"","enabled":false},"version":2}},"categories":[75,1724],"tags":[],"class_list":{"0":"post-63427","1":"post","2":"type-post","3":"status-publish","4":"format-standard","5":"has-post-thumbnail","7":"category-chiapas","8":"category-featured"},"jetpack_publicize_connections":[],"jetpack_featured_media_url":"https:\/\/i0.wp.com\/mexicocodigorojo.com.mx\/wp-content\/uploads\/2024\/12\/GeYqZG0WAAA8rFu.jpg?fit=2048%2C1366&ssl=1","jetpack-related-posts":[{"id":64117,"url":"https:\/\/mexicocodigorojo.com.mx\/?p=64117","url_meta":{"origin":63427,"position":0},"title":"Chiapas refuerza vigilancia tur\u00edstica: SSP mantiene mesa de seguridad permanente en Semana Santa","author":"MexicoRojoCvmx","date":"abril 18, 2025","format":false,"excerpt":"Tuxtla Guti\u00e9rrez, Chiapas. \u2014 Con la finalidad de garantizar unas vacaciones seguras para las familias chiapanecas y visitantes, la Secretar\u00eda de Seguridad del Pueblo (SSP), encabezada por el Dr. y piloto aviador \u00d3scar Alberto Aparicio Avenda\u00f1o, mantiene una sesi\u00f3n permanente con la Mesa de Seguridad Estatal, supervisando en tiempo real\u2026","rel":"","context":"En \u00abChiapas\u00bb","block_context":{"text":"Chiapas","link":"https:\/\/mexicocodigorojo.com.mx\/?cat=75"},"img":{"alt_text":"","src":"https:\/\/i0.wp.com\/mexicocodigorojo.com.mx\/wp-content\/uploads\/2025\/05\/Captura-de-pantalla-2025-05-02-112534.jpg?fit=1200%2C771&ssl=1&resize=350%2C200","width":350,"height":200,"srcset":"https:\/\/i0.wp.com\/mexicocodigorojo.com.mx\/wp-content\/uploads\/2025\/05\/Captura-de-pantalla-2025-05-02-112534.jpg?fit=1200%2C771&ssl=1&resize=350%2C200 1x, https:\/\/i0.wp.com\/mexicocodigorojo.com.mx\/wp-content\/uploads\/2025\/05\/Captura-de-pantalla-2025-05-02-112534.jpg?fit=1200%2C771&ssl=1&resize=525%2C300 1.5x, https:\/\/i0.wp.com\/mexicocodigorojo.com.mx\/wp-content\/uploads\/2025\/05\/Captura-de-pantalla-2025-05-02-112534.jpg?fit=1200%2C771&ssl=1&resize=700%2C400 2x, https:\/\/i0.wp.com\/mexicocodigorojo.com.mx\/wp-content\/uploads\/2025\/05\/Captura-de-pantalla-2025-05-02-112534.jpg?fit=1200%2C771&ssl=1&resize=1050%2C600 3x"},"classes":[]},{"id":65042,"url":"https:\/\/mexicocodigorojo.com.mx\/?p=65042","url_meta":{"origin":63427,"position":1},"title":"Refuerza SSP seguridad en Chiapas: Se integran 100 nuevos elementos a la Fuerza Pakal","author":"Staff","date":"febrero 9, 2026","format":false,"excerpt":"Tuxtla Guti\u00e9rrez, Chiapas; 07 de febrero de 2026.\u2013 En un paso decisivo para consolidar la paz y el orden en la entidad, la Secretar\u00eda de Seguridad del Pueblo (SSP) anunci\u00f3 la incorporaci\u00f3n de 100 nuevos elementos a las filas de la Fuerza de Reacci\u00f3n Inmediata Pakal (FRIP). Esta acci\u00f3n, impulsada\u2026","rel":"","context":"En \u00abChiapas\u00bb","block_context":{"text":"Chiapas","link":"https:\/\/mexicocodigorojo.com.mx\/?cat=75"},"img":{"alt_text":"","src":"https:\/\/i0.wp.com\/mexicocodigorojo.com.mx\/wp-content\/uploads\/2026\/02\/6b352df6-3ce9-44d7-aabb-e046038d3ff8.jpg?fit=1200%2C801&ssl=1&resize=350%2C200","width":350,"height":200,"srcset":"https:\/\/i0.wp.com\/mexicocodigorojo.com.mx\/wp-content\/uploads\/2026\/02\/6b352df6-3ce9-44d7-aabb-e046038d3ff8.jpg?fit=1200%2C801&ssl=1&resize=350%2C200 1x, https:\/\/i0.wp.com\/mexicocodigorojo.com.mx\/wp-content\/uploads\/2026\/02\/6b352df6-3ce9-44d7-aabb-e046038d3ff8.jpg?fit=1200%2C801&ssl=1&resize=525%2C300 1.5x, https:\/\/i0.wp.com\/mexicocodigorojo.com.mx\/wp-content\/uploads\/2026\/02\/6b352df6-3ce9-44d7-aabb-e046038d3ff8.jpg?fit=1200%2C801&ssl=1&resize=700%2C400 2x, https:\/\/i0.wp.com\/mexicocodigorojo.com.mx\/wp-content\/uploads\/2026\/02\/6b352df6-3ce9-44d7-aabb-e046038d3ff8.jpg?fit=1200%2C801&ssl=1&resize=1050%2C600 3x"},"classes":[]},{"id":64666,"url":"https:\/\/mexicocodigorojo.com.mx\/?p=64666","url_meta":{"origin":63427,"position":2},"title":"Chiapas se mantiene en primer lugar nacional en el Registro de Informaci\u00f3n Penitenciaria","author":"MexicoRojoCvmx","date":"agosto 14, 2025","format":false,"excerpt":"Tuxtla Guti\u00e9rrez, Chiapas. \u2013 La Secretar\u00eda de Seguridad del Pueblo (SSP), encabezada por el doctor y piloto aviador \u00d3scar Alberto Aparicio Avenda\u00f1o, inform\u00f3 que la entidad se mantiene en primer lugar nacional en el Registro Nacional de Informaci\u00f3n Penitenciaria (RNIP), tras superar las auditor\u00edas mensuales del Centro Nacional de Informaci\u00f3n.\u2026","rel":"","context":"En \u00abChiapas\u00bb","block_context":{"text":"Chiapas","link":"https:\/\/mexicocodigorojo.com.mx\/?cat=75"},"img":{"alt_text":"","src":"https:\/\/i0.wp.com\/mexicocodigorojo.com.mx\/wp-content\/uploads\/2025\/09\/En-calma-y-paz-poblacion-penitenciaria-en-el-Cerss-de-San-Cristobal-SSyPC-2-2.jpg?fit=1200%2C900&ssl=1&resize=350%2C200","width":350,"height":200,"srcset":"https:\/\/i0.wp.com\/mexicocodigorojo.com.mx\/wp-content\/uploads\/2025\/09\/En-calma-y-paz-poblacion-penitenciaria-en-el-Cerss-de-San-Cristobal-SSyPC-2-2.jpg?fit=1200%2C900&ssl=1&resize=350%2C200 1x, https:\/\/i0.wp.com\/mexicocodigorojo.com.mx\/wp-content\/uploads\/2025\/09\/En-calma-y-paz-poblacion-penitenciaria-en-el-Cerss-de-San-Cristobal-SSyPC-2-2.jpg?fit=1200%2C900&ssl=1&resize=525%2C300 1.5x, https:\/\/i0.wp.com\/mexicocodigorojo.com.mx\/wp-content\/uploads\/2025\/09\/En-calma-y-paz-poblacion-penitenciaria-en-el-Cerss-de-San-Cristobal-SSyPC-2-2.jpg?fit=1200%2C900&ssl=1&resize=700%2C400 2x, https:\/\/i0.wp.com\/mexicocodigorojo.com.mx\/wp-content\/uploads\/2025\/09\/En-calma-y-paz-poblacion-penitenciaria-en-el-Cerss-de-San-Cristobal-SSyPC-2-2.jpg?fit=1200%2C900&ssl=1&resize=1050%2C600 3x"},"classes":[]},{"id":64249,"url":"https:\/\/mexicocodigorojo.com.mx\/?p=64249","url_meta":{"origin":63427,"position":3},"title":"Presentan la unidad Kanan: centro m\u00f3vil de seguridad para zonas vulnerables de Chiapas","author":"MexicoRojoCvmx","date":"mayo 12, 2025","format":false,"excerpt":"Con el objetivo de garantizar seguridad en regiones hist\u00f3ricamente desatendidas y fortalecer la gobernabilidad en zonas de alta vulnerabilidad, el gobierno de Chiapas, encabezado por Eduardo Ram\u00edrez Aguilar, y la Secretar\u00eda de Seguridad del Pueblo (SSP), liderada por el doctor y piloto aviador \u00d3scar Alberto Aparicio Avenda\u00f1o, presentaron la primera\u2026","rel":"","context":"En \u00abChiapas\u00bb","block_context":{"text":"Chiapas","link":"https:\/\/mexicocodigorojo.com.mx\/?cat=75"},"img":{"alt_text":"","src":"https:\/\/i0.wp.com\/mexicocodigorojo.com.mx\/wp-content\/uploads\/2025\/06\/nn146.jpg?fit=1200%2C799&ssl=1&resize=350%2C200","width":350,"height":200,"srcset":"https:\/\/i0.wp.com\/mexicocodigorojo.com.mx\/wp-content\/uploads\/2025\/06\/nn146.jpg?fit=1200%2C799&ssl=1&resize=350%2C200 1x, https:\/\/i0.wp.com\/mexicocodigorojo.com.mx\/wp-content\/uploads\/2025\/06\/nn146.jpg?fit=1200%2C799&ssl=1&resize=525%2C300 1.5x, https:\/\/i0.wp.com\/mexicocodigorojo.com.mx\/wp-content\/uploads\/2025\/06\/nn146.jpg?fit=1200%2C799&ssl=1&resize=700%2C400 2x, https:\/\/i0.wp.com\/mexicocodigorojo.com.mx\/wp-content\/uploads\/2025\/06\/nn146.jpg?fit=1200%2C799&ssl=1&resize=1050%2C600 3x"},"classes":[]},{"id":64436,"url":"https:\/\/mexicocodigorojo.com.mx\/?p=64436","url_meta":{"origin":63427,"position":4},"title":"Secretar\u00eda de Seguridad del Pueblo supervisa estrategias operativas para fortalecer la paz en Chiapas","author":"MexicoRojoCvmx","date":"julio 21, 2025","format":false,"excerpt":"Tuxtla Guti\u00e9rrez, Chis., 21 de julio de 2025. \u2013 Con el objetivo de garantizar la paz y reforzar la seguridad durante la temporada vacacional, el titular de la Secretar\u00eda de Seguridad del Pueblo (SSP), \u00d3scar Alberto Aparicio Avenda\u00f1o, encabez\u00f3 una mesa de trabajo de alto nivel para supervisar y perfeccionar\u2026","rel":"","context":"En \u00abChiapas\u00bb","block_context":{"text":"Chiapas","link":"https:\/\/mexicocodigorojo.com.mx\/?cat=75"},"img":{"alt_text":"","src":"https:\/\/i0.wp.com\/mexicocodigorojo.com.mx\/wp-content\/uploads\/2025\/07\/WhatsApp-Image-2025-07-21-at-12.22.56-PM.jpeg?fit=1200%2C967&ssl=1&resize=350%2C200","width":350,"height":200,"srcset":"https:\/\/i0.wp.com\/mexicocodigorojo.com.mx\/wp-content\/uploads\/2025\/07\/WhatsApp-Image-2025-07-21-at-12.22.56-PM.jpeg?fit=1200%2C967&ssl=1&resize=350%2C200 1x, https:\/\/i0.wp.com\/mexicocodigorojo.com.mx\/wp-content\/uploads\/2025\/07\/WhatsApp-Image-2025-07-21-at-12.22.56-PM.jpeg?fit=1200%2C967&ssl=1&resize=525%2C300 1.5x, https:\/\/i0.wp.com\/mexicocodigorojo.com.mx\/wp-content\/uploads\/2025\/07\/WhatsApp-Image-2025-07-21-at-12.22.56-PM.jpeg?fit=1200%2C967&ssl=1&resize=700%2C400 2x, https:\/\/i0.wp.com\/mexicocodigorojo.com.mx\/wp-content\/uploads\/2025\/07\/WhatsApp-Image-2025-07-21-at-12.22.56-PM.jpeg?fit=1200%2C967&ssl=1&resize=1050%2C600 3x"},"classes":[]},{"id":65121,"url":"https:\/\/mexicocodigorojo.com.mx\/?p=65121","url_meta":{"origin":63427,"position":5},"title":"Chiapas se consolida como referente nacional en seguridad bajo el liderazgo de \u00d3scar Alberto Aparicio","author":"Staff","date":"marzo 6, 2026","format":false,"excerpt":"TUXTLA GUTI\u00c9RREZ, CHIAPAS; 04 de marzo de 2026.\u2013 En un ejercicio de transparencia y an\u00e1lisis estrat\u00e9gico, el Secretario de Seguridad del Pueblo, \u00d3scar Alberto Aparicio Avenda\u00f1o, destac\u00f3 que Chiapas hoy se posiciona como un modelo de seguridad a nivel nacional. Durante la presentaci\u00f3n del libro \u201cChiapas en el camino de\u2026","rel":"","context":"En \u00abChiapas\u00bb","block_context":{"text":"Chiapas","link":"https:\/\/mexicocodigorojo.com.mx\/?cat=75"},"img":{"alt_text":"","src":"https:\/\/i0.wp.com\/mexicocodigorojo.com.mx\/wp-content\/uploads\/2026\/03\/62942cf9-49f9-4085-82ce-1e120b77d24e.jpg?fit=1200%2C756&ssl=1&resize=350%2C200","width":350,"height":200,"srcset":"https:\/\/i0.wp.com\/mexicocodigorojo.com.mx\/wp-content\/uploads\/2026\/03\/62942cf9-49f9-4085-82ce-1e120b77d24e.jpg?fit=1200%2C756&ssl=1&resize=350%2C200 1x, https:\/\/i0.wp.com\/mexicocodigorojo.com.mx\/wp-content\/uploads\/2026\/03\/62942cf9-49f9-4085-82ce-1e120b77d24e.jpg?fit=1200%2C756&ssl=1&resize=525%2C300 1.5x, https:\/\/i0.wp.com\/mexicocodigorojo.com.mx\/wp-content\/uploads\/2026\/03\/62942cf9-49f9-4085-82ce-1e120b77d24e.jpg?fit=1200%2C756&ssl=1&resize=700%2C400 2x, https:\/\/i0.wp.com\/mexicocodigorojo.com.mx\/wp-content\/uploads\/2026\/03\/62942cf9-49f9-4085-82ce-1e120b77d24e.jpg?fit=1200%2C756&ssl=1&resize=1050%2C600 3x"},"classes":[]}],"jetpack_sharing_enabled":true,"jetpack_likes_enabled":true,"jetpack_shortlink":"https:\/\/wp.me\/p9TedA-gv1","_links":{"self":[{"href":"https:\/\/mexicocodigorojo.com.mx\/index.php?rest_route=\/wp\/v2\/posts\/63427","targetHints":{"allow":["GET"]}}],"collection":[{"href":"https:\/\/mexicocodigorojo.com.mx\/index.php?rest_route=\/wp\/v2\/posts"}],"about":[{"href":"https:\/\/mexicocodigorojo.com.mx\/index.php?rest_route=\/wp\/v2\/types\/post"}],"author":[{"embeddable":true,"href":"https:\/\/mexicocodigorojo.com.mx\/index.php?rest_route=\/wp\/v2\/users\/21"}],"replies":[{"embeddable":true,"href":"https:\/\/mexicocodigorojo.com.mx\/index.php?rest_route=%2Fwp%2Fv2%2Fcomments&post=63427"}],"version-history":[{"count":1,"href":"https:\/\/mexicocodigorojo.com.mx\/index.php?rest_route=\/wp\/v2\/posts\/63427\/revisions"}],"predecessor-version":[{"id":63430,"href":"https:\/\/mexicocodigorojo.com.mx\/index.php?rest_route=\/wp\/v2\/posts\/63427\/revisions\/63430"}],"wp:featuredmedia":[{"embeddable":true,"href":"https:\/\/mexicocodigorojo.com.mx\/index.php?rest_route=\/wp\/v2\/media\/63428"}],"wp:attachment":[{"href":"https:\/\/mexicocodigorojo.com.mx\/index.php?rest_route=%2Fwp%2Fv2%2Fmedia&parent=63427"}],"wp:term":[{"taxonomy":"category","embeddable":true,"href":"https:\/\/mexicocodigorojo.com.mx\/index.php?rest_route=%2Fwp%2Fv2%2Fcategories&post=63427"},{"taxonomy":"post_tag","embeddable":true,"href":"https:\/\/mexicocodigorojo.com.mx\/index.php?rest_route=%2Fwp%2Fv2%2Ftags&post=63427"}],"curies":[{"name":"wp","href":"https:\/\/api.w.org\/{rel}","templated":true}]}}