{"id":63375,"date":"2024-12-01T15:10:55","date_gmt":"2024-12-01T21:10:55","guid":{"rendered":"https:\/\/mexicocodigorojo.com.mx\/?p=63375"},"modified":"2024-12-01T15:10:55","modified_gmt":"2024-12-01T21:10:55","slug":"ataque-armado-en-jiutepec-deja-nueve-muertos-segun-fiscalia-contradice-version-oficial","status":"publish","type":"post","link":"https:\/\/mexicocodigorojo.com.mx\/?p=63375","title":{"rendered":"Ataque armado en Jiutepec deja nueve muertos, seg\u00fan Fiscal\u00eda; contradice versi\u00f3n oficial"},"content":{"rendered":"<p><strong>Jiutepec, Morelos<\/strong>.- La Fiscal\u00eda General del Estado (FGE) confirm\u00f3 el levantamiento de nueve cad\u00e1veres tras un ataque armado registrado anoche en un domicilio habilitado como \u201cpiquera\u201d en el municipio de Jiutepec, parte de la zona metropolitana de Cuernavaca. Este saldo contradice la versi\u00f3n inicial de la Secretar\u00eda de Seguridad y Protecci\u00f3n Ciudadana (SSyPC), que report\u00f3 siete muertos y dos heridos, entre ellos una menor de edad.<\/p>\n<p>En un comunicado enviado esta ma\u00f1ana, la SSyPC sostuvo su versi\u00f3n de siete hombres fallecidos y dos personas lesionadas de gravedad, quienes fueron trasladadas a un hospital cercano para recibir atenci\u00f3n m\u00e9dica. Sin embargo, personal del Servicio M\u00e9dico Forense de la Fiscal\u00eda report\u00f3 que en sus instalaciones se encuentran nueve cad\u00e1veres, todos hombres adultos.<\/p>\n<h3><strong>Detalles del ataque<\/strong><\/h3>\n<p>El hecho ocurri\u00f3 en un domicilio donde se almacenaban art\u00edculos de reciclaje, que operaba como punto de consumo de drogas, principalmente cristal, frecuentado por j\u00f3venes. De acuerdo con polic\u00edas municipales que participaron en el levantamiento de los cuerpos, los m\u00e9dicos forenses etiquetaron los cad\u00e1veres con las letras del alfabeto, de la A a la I, confirmando el total de nueve v\u00edctimas.<\/p>\n<h3><strong>Investigaci\u00f3n en curso<\/strong><\/h3>\n<p>Las autoridades contin\u00faan con las investigaciones para esclarecer las circunstancias en que operaba el lugar y determinar los responsables del ataque. Hasta el momento, no se han reportado detenidos.<\/p>\n<p>Este tr\u00e1gico suceso resalta la violencia que afecta a la regi\u00f3n y la crisis de seguridad que prevalece en el estado de Morelos, donde los enfrentamientos armados y las actividades relacionadas con el narcotr\u00e1fico se han convertido en una constante.<\/p>\n","protected":false},"excerpt":{"rendered":"<p>Jiutepec, Morelos.- La Fiscal\u00eda General del Estado (FGE) confirm\u00f3 el levantamiento de nueve cad\u00e1veres tras un ataque armado registrado anoche en un domicilio habilitado como \u201cpiquera\u201d en el municipio de Jiutepec, parte de la zona metropolitana de Cuernavaca. Este saldo contradice la versi\u00f3n inicial de la Secretar\u00eda de Seguridad y Protecci\u00f3n Ciudadana (SSyPC), que report\u00f3 [&hellip;]<\/p>\n","protected":false},"author":21,"featured_media":63376,"comment_status":"open","ping_status":"open","sticky":false,"template":"","format":"standard","meta":{"_uf_show_specific_survey":0,"_uf_disable_surveys":false,"advanced_seo_description":"","jetpack_seo_html_title":"","jetpack_seo_noindex":false,"jetpack_post_was_ever_published":false,"_jetpack_newsletter_access":"","_jetpack_dont_email_post_to_subs":false,"_jetpack_newsletter_tier_id":0,"_jetpack_memberships_contains_paywalled_content":false,"_jetpack_memberships_contains_paid_content":false,"footnotes":"","jetpack_publicize_message":"","jetpack_publicize_feature_enabled":true,"jetpack_social_post_already_shared":true,"jetpack_social_options":{"image_generator_settings":{"template":"highway","default_image_id":0,"font":"","enabled":false},"version":2}},"categories":[101,1724],"tags":[],"class_list":{"0":"post-63375","1":"post","2":"type-post","3":"status-publish","4":"format-standard","5":"has-post-thumbnail","7":"category-ciudad-de-mexico","8":"category-featured"},"jetpack_publicize_connections":[],"jetpack_featured_media_url":"https:\/\/i0.wp.com\/mexicocodigorojo.com.mx\/wp-content\/uploads\/2024\/12\/Captura-de-pantalla-2024-12-01-151004.png?fit=1056%2C634&ssl=1","jetpack-related-posts":[{"id":24002,"url":"https:\/\/mexicocodigorojo.com.mx\/?p=24002","url_meta":{"origin":63375,"position":0},"title":"Video; Ataque a bar de Jiutepec deja dos muertos y tres heridos","author":"Staff","date":"septiembre 23, 2019","format":false,"excerpt":"La noche del domingo, sujetos armados arribaron al bar 'Diosas', ubicado en la colonia Otilio Monta\u00f1o y realizaron al menos 150 disparos Dos personas\u00a0murieron\u00a0y otras tres resultaron\u00a0heridas\u00a0en el\u00a0ataque\u00a0a un\u00a0bar\u00a0de\u00a0Jiutepec, Morelos. La noche del domingo, sujetos armados arribaron al negocio \u2018Diosas\u2018, ubicado en la\u00a0colonia Otilio Monta\u00f1o\u00a0y realizaron al menos 150 disparos.\u2026","rel":"","context":"En \u00abFeatured\u00bb","block_context":{"text":"Featured","link":"https:\/\/mexicocodigorojo.com.mx\/?cat=1724"},"img":{"alt_text":"","src":"https:\/\/i0.wp.com\/mexicocodigorojo.com.mx\/wp-content\/uploads\/2019\/09\/bar-diosas-de-jiutepec.jpg?fit=980%2C550&ssl=1&resize=350%2C200","width":350,"height":200,"srcset":"https:\/\/i0.wp.com\/mexicocodigorojo.com.mx\/wp-content\/uploads\/2019\/09\/bar-diosas-de-jiutepec.jpg?fit=980%2C550&ssl=1&resize=350%2C200 1x, https:\/\/i0.wp.com\/mexicocodigorojo.com.mx\/wp-content\/uploads\/2019\/09\/bar-diosas-de-jiutepec.jpg?fit=980%2C550&ssl=1&resize=525%2C300 1.5x, https:\/\/i0.wp.com\/mexicocodigorojo.com.mx\/wp-content\/uploads\/2019\/09\/bar-diosas-de-jiutepec.jpg?fit=980%2C550&ssl=1&resize=700%2C400 2x"},"classes":[]},{"id":24076,"url":"https:\/\/mexicocodigorojo.com.mx\/?p=24076","url_meta":{"origin":63375,"position":1},"title":"VIDEO ATAQUE ARMADO EN JIUTEPEC MORELOS QUEDO GRABADO EN CCCTV","author":"Staff","date":"septiembre 24, 2019","format":false,"excerpt":"ATAQUE ARMADO EN JIUTEPEC MORELOS QUEDO GRABADO EN CCCTV Un nuevo ataque armado a un bar se registr\u00f3 la noche del domingo. Esta vez le toc\u00f3 al establecimiento conocido como \u201cDiosas\u201d, ubicado en Jiutepec, Morelos, cuyo saldo fue de dos personas fallecidas (un hombre y una mujer) y tres m\u00e1s,\u2026","rel":"","context":"En \u00abFeatured\u00bb","block_context":{"text":"Featured","link":"https:\/\/mexicocodigorojo.com.mx\/?cat=1724"},"img":{"alt_text":"","src":"https:\/\/i0.wp.com\/secureservercdn.net\/166.62.108.22\/cg1.af3.myftpupload.com\/wp-content\/uploads\/2019\/09\/Screenshot_20190924-124039-1.png?resize=350%2C200&ssl=1","width":350,"height":200,"srcset":"https:\/\/i0.wp.com\/secureservercdn.net\/166.62.108.22\/cg1.af3.myftpupload.com\/wp-content\/uploads\/2019\/09\/Screenshot_20190924-124039-1.png?resize=350%2C200&ssl=1 1x, https:\/\/i0.wp.com\/secureservercdn.net\/166.62.108.22\/cg1.af3.myftpupload.com\/wp-content\/uploads\/2019\/09\/Screenshot_20190924-124039-1.png?resize=525%2C300&ssl=1 1.5x, https:\/\/i0.wp.com\/secureservercdn.net\/166.62.108.22\/cg1.af3.myftpupload.com\/wp-content\/uploads\/2019\/09\/Screenshot_20190924-124039-1.png?resize=700%2C400&ssl=1 2x, https:\/\/i0.wp.com\/secureservercdn.net\/166.62.108.22\/cg1.af3.myftpupload.com\/wp-content\/uploads\/2019\/09\/Screenshot_20190924-124039-1.png?resize=1050%2C600&ssl=1 3x"},"classes":[]},{"id":2471,"url":"https:\/\/mexicocodigorojo.com.mx\/?p=2471","url_meta":{"origin":63375,"position":2},"title":"Hallan Cad\u00e1ver En La Cajuela De Un Auto Calcinado En Jiutepec Morelos","author":"Staff","date":"septiembre 10, 2018","format":false,"excerpt":"Jiutepec, Morelos.- En la cajuela de un veh\u00edculo fue quemado el cuerpo de un hombre hasta el momento sin identificar, en el poblado de Atlacomulco, en este municipio de Jiutepec, la noche del s\u00e1bado pasado. Al respecto cerca de las 19:00 horas los vecinos de la calle Tabachin de la\u2026","rel":"","context":"En \u00abFeatured\u00bb","block_context":{"text":"Featured","link":"https:\/\/mexicocodigorojo.com.mx\/?cat=1724"},"img":{"alt_text":"","src":"https:\/\/i0.wp.com\/mexicocodigorojo.com.mx\/wp-content\/uploads\/2018\/09\/FB_IMG_1536537746394.jpg?fit=480%2C359&ssl=1&resize=350%2C200","width":350,"height":200},"classes":[]},{"id":28015,"url":"https:\/\/mexicocodigorojo.com.mx\/?p=28015","url_meta":{"origin":63375,"position":3},"title":"Matan a polic\u00eda del Mando Coordinado en Morelos","author":"Staff","date":"noviembre 30, 2019","format":false,"excerpt":"Un elemento del\u00a0Mando Coordinado Polic\u00eda Morelos\u00a0muri\u00f3 este viernes luego de ser atacado por dos presuntos asaltantes en el municipio de\u00a0Jiutepec, quienes m\u00e1s tarde fueron detenidos, inform\u00f3 la Comisi\u00f3n Estatal de Seguridad (CES). Detall\u00f3 que el polic\u00eda del Grupo Ligeros atendi\u00f3 el reporte de un\u00a0asalto\u00a0en una tienda de autoservicio, ubicada en\u2026","rel":"","context":"En \u00abFeatured\u00bb","block_context":{"text":"Featured","link":"https:\/\/mexicocodigorojo.com.mx\/?cat=1724"},"img":{"alt_text":"","src":"https:\/\/i0.wp.com\/mexicocodigorojo.com.mx\/wp-content\/uploads\/2019\/11\/policia-mando-morelos.jpg?fit=980%2C550&ssl=1&resize=350%2C200","width":350,"height":200,"srcset":"https:\/\/i0.wp.com\/mexicocodigorojo.com.mx\/wp-content\/uploads\/2019\/11\/policia-mando-morelos.jpg?fit=980%2C550&ssl=1&resize=350%2C200 1x, https:\/\/i0.wp.com\/mexicocodigorojo.com.mx\/wp-content\/uploads\/2019\/11\/policia-mando-morelos.jpg?fit=980%2C550&ssl=1&resize=525%2C300 1.5x, https:\/\/i0.wp.com\/mexicocodigorojo.com.mx\/wp-content\/uploads\/2019\/11\/policia-mando-morelos.jpg?fit=980%2C550&ssl=1&resize=700%2C400 2x"},"classes":[]},{"id":59666,"url":"https:\/\/mexicocodigorojo.com.mx\/?p=59666","url_meta":{"origin":63375,"position":4},"title":"Asesinan al t\u00edo de candidata a Diputada Federal en Morelos","author":"MCR","date":"abril 14, 2024","format":false,"excerpt":"Jiutepec, Morelos.- Teodoro Gorostieta, t\u00edo de la candidata a diputada federal por el PRI-PAN- PRD-RSP, Gabriela Gorostieta, fue asesinado a balazos afuera de la casa de campa\u00f1a de su sobrina, en el municipio de Jiutepec junto con otro hombre. Con este ya son tres los atentados que se registra en\u2026","rel":"","context":"En \u00abFeatured\u00bb","block_context":{"text":"Featured","link":"https:\/\/mexicocodigorojo.com.mx\/?cat=1724"},"img":{"alt_text":"","src":"https:\/\/i0.wp.com\/mexicocodigorojo.com.mx\/wp-content\/uploads\/2024\/04\/1790645.jpeg?fit=1024%2C762&ssl=1&resize=350%2C200","width":350,"height":200,"srcset":"https:\/\/i0.wp.com\/mexicocodigorojo.com.mx\/wp-content\/uploads\/2024\/04\/1790645.jpeg?fit=1024%2C762&ssl=1&resize=350%2C200 1x, https:\/\/i0.wp.com\/mexicocodigorojo.com.mx\/wp-content\/uploads\/2024\/04\/1790645.jpeg?fit=1024%2C762&ssl=1&resize=525%2C300 1.5x, https:\/\/i0.wp.com\/mexicocodigorojo.com.mx\/wp-content\/uploads\/2024\/04\/1790645.jpeg?fit=1024%2C762&ssl=1&resize=700%2C400 2x"},"classes":[]},{"id":33880,"url":"https:\/\/mexicocodigorojo.com.mx\/?p=33880","url_meta":{"origin":63375,"position":5},"title":"A proceso a 10 por secuestro de periodista en Morelos","author":"Staff","date":"febrero 28, 2020","format":false,"excerpt":"La Fiscal\u00eda de Morelos inform\u00f3 que el periodista fue rescatado en un operativo realizado en el municipio de Jiutepec, donde fueron detenidos 10 sospechosos La Fiscal\u00eda Especializada en Combate al Secuestro y Extorsi\u00f3n del Estado de\u00a0Morelos\u00a0obtuvo lavinculaci\u00f3n a proceso\u00a0por el\u00a0delito de secuestro\u00a0en contra de 10 sujetos. La Fiscal\u00eda detall\u00f3, en\u2026","rel":"","context":"En \u00abFeatured\u00bb","block_context":{"text":"Featured","link":"https:\/\/mexicocodigorojo.com.mx\/?cat=1724"},"img":{"alt_text":"","src":"https:\/\/i0.wp.com\/mexicocodigorojo.com.mx\/wp-content\/uploads\/2020\/02\/detenidos-secuestro-morelos-periodista.jpg?fit=980%2C550&ssl=1&resize=350%2C200","width":350,"height":200,"srcset":"https:\/\/i0.wp.com\/mexicocodigorojo.com.mx\/wp-content\/uploads\/2020\/02\/detenidos-secuestro-morelos-periodista.jpg?fit=980%2C550&ssl=1&resize=350%2C200 1x, https:\/\/i0.wp.com\/mexicocodigorojo.com.mx\/wp-content\/uploads\/2020\/02\/detenidos-secuestro-morelos-periodista.jpg?fit=980%2C550&ssl=1&resize=525%2C300 1.5x, https:\/\/i0.wp.com\/mexicocodigorojo.com.mx\/wp-content\/uploads\/2020\/02\/detenidos-secuestro-morelos-periodista.jpg?fit=980%2C550&ssl=1&resize=700%2C400 2x"},"classes":[]}],"jetpack_sharing_enabled":true,"jetpack_likes_enabled":true,"jetpack_shortlink":"https:\/\/wp.me\/p9TedA-gub","_links":{"self":[{"href":"https:\/\/mexicocodigorojo.com.mx\/index.php?rest_route=\/wp\/v2\/posts\/63375","targetHints":{"allow":["GET"]}}],"collection":[{"href":"https:\/\/mexicocodigorojo.com.mx\/index.php?rest_route=\/wp\/v2\/posts"}],"about":[{"href":"https:\/\/mexicocodigorojo.com.mx\/index.php?rest_route=\/wp\/v2\/types\/post"}],"author":[{"embeddable":true,"href":"https:\/\/mexicocodigorojo.com.mx\/index.php?rest_route=\/wp\/v2\/users\/21"}],"replies":[{"embeddable":true,"href":"https:\/\/mexicocodigorojo.com.mx\/index.php?rest_route=%2Fwp%2Fv2%2Fcomments&post=63375"}],"version-history":[{"count":1,"href":"https:\/\/mexicocodigorojo.com.mx\/index.php?rest_route=\/wp\/v2\/posts\/63375\/revisions"}],"predecessor-version":[{"id":63377,"href":"https:\/\/mexicocodigorojo.com.mx\/index.php?rest_route=\/wp\/v2\/posts\/63375\/revisions\/63377"}],"wp:featuredmedia":[{"embeddable":true,"href":"https:\/\/mexicocodigorojo.com.mx\/index.php?rest_route=\/wp\/v2\/media\/63376"}],"wp:attachment":[{"href":"https:\/\/mexicocodigorojo.com.mx\/index.php?rest_route=%2Fwp%2Fv2%2Fmedia&parent=63375"}],"wp:term":[{"taxonomy":"category","embeddable":true,"href":"https:\/\/mexicocodigorojo.com.mx\/index.php?rest_route=%2Fwp%2Fv2%2Fcategories&post=63375"},{"taxonomy":"post_tag","embeddable":true,"href":"https:\/\/mexicocodigorojo.com.mx\/index.php?rest_route=%2Fwp%2Fv2%2Ftags&post=63375"}],"curies":[{"name":"wp","href":"https:\/\/api.w.org\/{rel}","templated":true}]}}