{"id":63307,"date":"2024-11-25T15:31:19","date_gmt":"2024-11-25T21:31:19","guid":{"rendered":"https:\/\/mexicocodigorojo.com.mx\/?p=63307"},"modified":"2024-11-25T15:31:20","modified_gmt":"2024-11-25T21:31:20","slug":"procesan-por-trafico-de-personas-drogas-y-armas-a-el-pelon","status":"publish","type":"post","link":"https:\/\/mexicocodigorojo.com.mx\/?p=63307","title":{"rendered":"Procesan por tr\u00e1fico de personas, drogas y armas a \u00abEl Pel\u00f3n\u00bb"},"content":{"rendered":"<p>Omar F\u00e9lix Loaiza, alias \u00ab<strong>El Pel\u00f3n<\/strong>\u00bb o \u00abEl 8\u00bb fue\u00a0<strong>vinculado a proceso<\/strong>\u00a0acusado de delincuencia organizada para cometer tr\u00e1fico de narc\u00f3tico, armas, y de personas, inform\u00f3 este lunes la Fiscal\u00eda General de la Rep\u00fablica (<strong>FGR<\/strong>).<\/p>\n<p>De acuerdo con las autoridades, \u201c<strong>El Pel\u00f3n<\/strong>\u201d es identificado como presunto l\u00edder de \u201c<strong>Los Pelones<\/strong>\u201d una de las facciones de Los Chapitos del C\u00e1rtel de Sinaloa, con presencia en el noroeste de Sonora.<\/p>\n<p>La fiscal\u00eda detall\u00f3 que el juez de control del Centro de Justicia Penal Federal, en\u00a0<strong>Hermosillo<\/strong>, dict\u00f3 la vinculaci\u00f3n a proceso y como medida cautelar la\u00a0<strong>prisi\u00f3n preventiva<\/strong>\u00a0justificada en el Centro Federal de Readaptaci\u00f3n Social n\u00famero 11.<\/p>\n<p>El juez tambi\u00e9n dio un plazo de tres meses para la investigaci\u00f3n complementaria.<\/p>\n<p>\u201cEl Pel\u00f3n\u201d fue detenido el pasado 15 de noviembre en la colonia Las Quintas, en Culiac\u00e1n, como resultado de un operativo realizado por elementos de la Secretar\u00eda de Seguridad y Protecci\u00f3n Ciudadana (<strong>SSPC<\/strong>), Secretar\u00eda de la Defensa Nacional (Defensa), la Marina, Guardia Nacional (GN) y FGR.<\/p>\n<p>\u00abEl Pel\u00f3n\u00bb es se\u00f1alado como el encargado de coordinar las reacciones violentas de \u00abLa Chapiza\u00bb en\u00a0<strong>Sinaloa<\/strong>\u00a0en contra de \u00abLos Mayos\u00bb; adem\u00e1s, en sus acciones presuntamente lleg\u00f3 a usar drones cargados con explosivos.<\/p>\n<p>Cabe recordar que el 25 de julio, Ismael \u00abEl Mayo\u00bb Zambada fue detenido en<strong>\u00a0Estados Unidos j<\/strong>unto con Joaqu\u00edn Guzm\u00e1n L\u00f3pez, hijo de Joaqu\u00edn \u00abEl Chapo\u00bb Guzm\u00e1n, luego de que ambos viajaran en un avi\u00f3n que sali\u00f3 de Sinaloa. Posteriormente, \u00abEl Mayo\u00bb acus\u00f3 que su aprehensi\u00f3n se logr\u00f3 tras un presunto secuestro.<\/p>\n","protected":false},"excerpt":{"rendered":"<p>Omar F\u00e9lix Loaiza, alias \u00abEl Pel\u00f3n\u00bb o \u00abEl 8\u00bb fue\u00a0vinculado a proceso\u00a0acusado de delincuencia organizada para cometer tr\u00e1fico de narc\u00f3tico, armas, y de personas, inform\u00f3 este lunes la Fiscal\u00eda General de la Rep\u00fablica (FGR). De acuerdo con las autoridades, \u201cEl Pel\u00f3n\u201d es identificado como presunto l\u00edder de \u201cLos Pelones\u201d una de las facciones de Los [&hellip;]<\/p>\n","protected":false},"author":5,"featured_media":63308,"comment_status":"open","ping_status":"open","sticky":false,"template":"","format":"standard","meta":{"_uf_show_specific_survey":0,"_uf_disable_surveys":false,"advanced_seo_description":"","jetpack_seo_html_title":"","jetpack_seo_noindex":false,"jetpack_post_was_ever_published":false,"_jetpack_newsletter_access":"","_jetpack_dont_email_post_to_subs":false,"_jetpack_newsletter_tier_id":0,"_jetpack_memberships_contains_paywalled_content":false,"_jetpack_memberships_contains_paid_content":false,"footnotes":"","jetpack_publicize_message":"","jetpack_publicize_feature_enabled":true,"jetpack_social_post_already_shared":true,"jetpack_social_options":{"image_generator_settings":{"template":"highway","default_image_id":0,"font":"","enabled":false},"version":2}},"categories":[1724,41],"tags":[2173],"class_list":{"0":"post-63307","1":"post","2":"type-post","3":"status-publish","4":"format-standard","5":"has-post-thumbnail","7":"category-featured","8":"category-sinaloa","9":"tag-narcotrafico-2"},"jetpack_publicize_connections":[],"jetpack_featured_media_url":"https:\/\/i0.wp.com\/mexicocodigorojo.com.mx\/wp-content\/uploads\/2024\/11\/detienen-el-pelon-el-08-operador-los-chapitos-quien-es-el-lider-los-pelones.webp?fit=1500%2C900&ssl=1","jetpack-related-posts":[{"id":566,"url":"https:\/\/mexicocodigorojo.com.mx\/?p=566","url_meta":{"origin":63307,"position":0},"title":"Cae \u201cJuan Pistolas\u201d, reclutador y jefe de sicarios del CJNG","author":"Staff","date":"junio 19, 2018","format":false,"excerpt":"CIUDAD DE M\u00c9XICO (apro).- El gobierno federal detuvo a Juan Francisco Aguilar Santana, \u201cJuan Pistolas\u201d, quien es considerado jefe de un grupo de sicarios al servicio del C\u00e1rtel Jalisco Nueva Generaci\u00f3n (CJNG), que recluta a hombres para adiestrarlos en campos acondicionados para el manejo de armas y t\u00e1cticas operativas, con\u2026","rel":"","context":"En \u00abJalisco\u00bb","block_context":{"text":"Jalisco","link":"https:\/\/mexicocodigorojo.com.mx\/?cat=8"},"img":{"alt_text":"","src":"https:\/\/i0.wp.com\/mexicocodigorojo.com.mx\/wp-content\/uploads\/2018\/06\/pistlas.jpg?fit=702%2C442&ssl=1&resize=350%2C200","width":350,"height":200,"srcset":"https:\/\/i0.wp.com\/mexicocodigorojo.com.mx\/wp-content\/uploads\/2018\/06\/pistlas.jpg?fit=702%2C442&ssl=1&resize=350%2C200 1x, https:\/\/i0.wp.com\/mexicocodigorojo.com.mx\/wp-content\/uploads\/2018\/06\/pistlas.jpg?fit=702%2C442&ssl=1&resize=525%2C300 1.5x, https:\/\/i0.wp.com\/mexicocodigorojo.com.mx\/wp-content\/uploads\/2018\/06\/pistlas.jpg?fit=702%2C442&ssl=1&resize=700%2C400 2x"},"classes":[]},{"id":52529,"url":"https:\/\/mexicocodigorojo.com.mx\/?p=52529","url_meta":{"origin":63307,"position":1},"title":"Son 11 los muertos por masacre en San Jos\u00e9 de Gracia, Michoac\u00e1n","author":"Staff","date":"marzo 8, 2022","format":false,"excerpt":"A nueve d\u00edas de que se registr\u00f3 una masacre en un velorio en San Jos\u00e9 de Gracia del municipio de Marcos Castellanos, el fiscal de Michoac\u00e1n, Adri\u00e1n L\u00f3pez Solis revel\u00f3 que son once los muertos. Agreg\u00f3 que las muestras hem\u00e1ticas tomadas establecen que son once perfiles gen\u00e9ticos distintos. Afirm\u00f3 que\u2026","rel":"","context":"En \u00abFeatured\u00bb","block_context":{"text":"Featured","link":"https:\/\/mexicocodigorojo.com.mx\/?cat=1724"},"img":{"alt_text":"","src":"https:\/\/i0.wp.com\/mexicocodigorojo.com.mx\/wp-content\/uploads\/2022\/03\/policia-michoacan.jpg?fit=1100%2C580&ssl=1&resize=350%2C200","width":350,"height":200,"srcset":"https:\/\/i0.wp.com\/mexicocodigorojo.com.mx\/wp-content\/uploads\/2022\/03\/policia-michoacan.jpg?fit=1100%2C580&ssl=1&resize=350%2C200 1x, https:\/\/i0.wp.com\/mexicocodigorojo.com.mx\/wp-content\/uploads\/2022\/03\/policia-michoacan.jpg?fit=1100%2C580&ssl=1&resize=525%2C300 1.5x, https:\/\/i0.wp.com\/mexicocodigorojo.com.mx\/wp-content\/uploads\/2022\/03\/policia-michoacan.jpg?fit=1100%2C580&ssl=1&resize=700%2C400 2x, https:\/\/i0.wp.com\/mexicocodigorojo.com.mx\/wp-content\/uploads\/2022\/03\/policia-michoacan.jpg?fit=1100%2C580&ssl=1&resize=1050%2C600 3x"},"classes":[]},{"id":34875,"url":"https:\/\/mexicocodigorojo.com.mx\/?p=34875","url_meta":{"origin":63307,"position":2},"title":"Jorge Ernesto Mac\u00edas Espinoza no a hecho declaraciones sobre fosas clandestinas en Reynosa","author":"Staff","date":"marzo 14, 2020","format":false,"excerpt":"Reynosa, Tamaulipas A trav\u00e9s de redes sociales, cuentas especializadas en informaci\u00f3n sobre el narco, han filtrado informaci\u00f3n sobre al menos tres puntos mapeados donde se han recibido denuncias an\u00f3nimas sobre campos de exterminio. Al comisionado parece no interesarle o tiene miedo de entrarle y es que en esas zonas se\u2026","rel":"","context":"En \u00abTamaulipas\u00bb","block_context":{"text":"Tamaulipas","link":"https:\/\/mexicocodigorojo.com.mx\/?cat=2"},"img":{"alt_text":"","src":"https:\/\/i0.wp.com\/mexicocodigorojo.com.mx\/wp-content\/uploads\/2020\/03\/PGJ-217-2019.-Comunicado-03-Agosto-2019-4.jpeg?fit=1200%2C600&ssl=1&resize=350%2C200","width":350,"height":200,"srcset":"https:\/\/i0.wp.com\/mexicocodigorojo.com.mx\/wp-content\/uploads\/2020\/03\/PGJ-217-2019.-Comunicado-03-Agosto-2019-4.jpeg?fit=1200%2C600&ssl=1&resize=350%2C200 1x, https:\/\/i0.wp.com\/mexicocodigorojo.com.mx\/wp-content\/uploads\/2020\/03\/PGJ-217-2019.-Comunicado-03-Agosto-2019-4.jpeg?fit=1200%2C600&ssl=1&resize=525%2C300 1.5x, https:\/\/i0.wp.com\/mexicocodigorojo.com.mx\/wp-content\/uploads\/2020\/03\/PGJ-217-2019.-Comunicado-03-Agosto-2019-4.jpeg?fit=1200%2C600&ssl=1&resize=700%2C400 2x, https:\/\/i0.wp.com\/mexicocodigorojo.com.mx\/wp-content\/uploads\/2020\/03\/PGJ-217-2019.-Comunicado-03-Agosto-2019-4.jpeg?fit=1200%2C600&ssl=1&resize=1050%2C600 3x"},"classes":[]},{"id":33948,"url":"https:\/\/mexicocodigorojo.com.mx\/?p=33948","url_meta":{"origin":63307,"position":3},"title":"En balacera cae \u2018El Pel\u00f3n de Abasolo del Valle\u2019, l\u00edder del &#8216;CJNG&#8217; en Veracruz","author":"Staff","date":"marzo 1, 2020","format":false,"excerpt":"La Secretar\u00eda de Seguridad P\u00fablica de Veracruz indic\u00f3 que Reynaldo \"N\", alias 'El Pel\u00f3n de Abasolo del Valle', fue abatido este s\u00e1bado Personal de la Secretar\u00eda de Seguridad P\u00fablica (SSP) de\u00a0Veracruz, a trav\u00e9s de Fuerza Civil,\u00a0abati\u00f3\u00a0este s\u00e1bado a\u00a0Reynaldo \u201cN\u201d, alias \u2018El Quemado\u2018, presunto l\u00edder del\u00a0C\u00e1rtel Jalisco Nueva Generaci\u00f3n(CJNG), resultando lesionados\u2026","rel":"","context":"En \u00abVeracruz\u00bb","block_context":{"text":"Veracruz","link":"https:\/\/mexicocodigorojo.com.mx\/?cat=22"},"img":{"alt_text":"","src":"https:\/\/i0.wp.com\/mexicocodigorojo.com.mx\/wp-content\/uploads\/2020\/03\/ER_l1i0UYAETQHn.jpg?fit=960%2C774&ssl=1&resize=350%2C200","width":350,"height":200,"srcset":"https:\/\/i0.wp.com\/mexicocodigorojo.com.mx\/wp-content\/uploads\/2020\/03\/ER_l1i0UYAETQHn.jpg?fit=960%2C774&ssl=1&resize=350%2C200 1x, https:\/\/i0.wp.com\/mexicocodigorojo.com.mx\/wp-content\/uploads\/2020\/03\/ER_l1i0UYAETQHn.jpg?fit=960%2C774&ssl=1&resize=525%2C300 1.5x, https:\/\/i0.wp.com\/mexicocodigorojo.com.mx\/wp-content\/uploads\/2020\/03\/ER_l1i0UYAETQHn.jpg?fit=960%2C774&ssl=1&resize=700%2C400 2x"},"classes":[]},{"id":29653,"url":"https:\/\/mexicocodigorojo.com.mx\/?p=29653","url_meta":{"origin":63307,"position":4},"title":"ERA POLIC\u00cdA EN VILLA HERMOSA TABASCO EL DEZKU@RTIZA2 DE AYER","author":"MexicoRojo","date":"enero 5, 2020","format":false,"excerpt":"Difunden foto del presunto polic\u00eda que esta ma\u00f1ana apareci\u00f3 colgado y descuartizado acompa\u00f1ando de una narcomanta donde el Cartel Del Pelon De Playas amenaza a juez para que liberen a su l\u00edder este lunes. Villahermosa,Tabasco.La ma\u00f1ana de este s\u00e1bado un cuerpo desmembrado fue colgado sobre el puente de Av. Ruiz\u2026","rel":"","context":"En \u00abTabasco\u00bb","block_context":{"text":"Tabasco","link":"https:\/\/mexicocodigorojo.com.mx\/?cat=116"},"img":{"alt_text":"","src":"https:\/\/i0.wp.com\/secureservercdn.net\/166.62.108.22\/cg1.af3.myftpupload.com\/wp-content\/uploads\/2020\/01\/img_20200105_1442471284188032.jpg?resize=350%2C200&ssl=1","width":350,"height":200},"classes":[]},{"id":46053,"url":"https:\/\/mexicocodigorojo.com.mx\/?p=46053","url_meta":{"origin":63307,"position":5},"title":"Capturan a 8 del C\u00e1rtel del Golfo, en Naranjos","author":"Staff","date":"enero 15, 2021","format":false,"excerpt":"Ocho integrantes de una organizaci\u00f3n delictiva con presencia en Veracruz fueron capturados sobre el camino Zacamixtle-Naranjos a la altura del municipio de Naranjos. Las personas fueron identificadas como \u00c1ngel Camilo \u201cN\u201d, Melvin \u201cN\u201d alias \u201cEl Melvin\u201d, Miguel \u00c1ngel \u201cN\u201d alias \u201cReyno y\/o Gordo\u201d, Uziel Alberto \u201cN\u201d alias \u201cEl Miky\u201d, Jos\u00e9\u2026","rel":"","context":"En \u00abFeatured\u00bb","block_context":{"text":"Featured","link":"https:\/\/mexicocodigorojo.com.mx\/?cat=1724"},"img":{"alt_text":"","src":"https:\/\/i0.wp.com\/mexicocodigorojo.com.mx\/wp-content\/uploads\/2021\/01\/81c6737eeb.jpeg?fit=1000%2C750&ssl=1&resize=350%2C200","width":350,"height":200,"srcset":"https:\/\/i0.wp.com\/mexicocodigorojo.com.mx\/wp-content\/uploads\/2021\/01\/81c6737eeb.jpeg?fit=1000%2C750&ssl=1&resize=350%2C200 1x, https:\/\/i0.wp.com\/mexicocodigorojo.com.mx\/wp-content\/uploads\/2021\/01\/81c6737eeb.jpeg?fit=1000%2C750&ssl=1&resize=525%2C300 1.5x, https:\/\/i0.wp.com\/mexicocodigorojo.com.mx\/wp-content\/uploads\/2021\/01\/81c6737eeb.jpeg?fit=1000%2C750&ssl=1&resize=700%2C400 2x"},"classes":[]}],"jetpack_sharing_enabled":true,"jetpack_likes_enabled":true,"jetpack_shortlink":"https:\/\/wp.me\/p9TedA-gt5","_links":{"self":[{"href":"https:\/\/mexicocodigorojo.com.mx\/index.php?rest_route=\/wp\/v2\/posts\/63307","targetHints":{"allow":["GET"]}}],"collection":[{"href":"https:\/\/mexicocodigorojo.com.mx\/index.php?rest_route=\/wp\/v2\/posts"}],"about":[{"href":"https:\/\/mexicocodigorojo.com.mx\/index.php?rest_route=\/wp\/v2\/types\/post"}],"author":[{"embeddable":true,"href":"https:\/\/mexicocodigorojo.com.mx\/index.php?rest_route=\/wp\/v2\/users\/5"}],"replies":[{"embeddable":true,"href":"https:\/\/mexicocodigorojo.com.mx\/index.php?rest_route=%2Fwp%2Fv2%2Fcomments&post=63307"}],"version-history":[{"count":1,"href":"https:\/\/mexicocodigorojo.com.mx\/index.php?rest_route=\/wp\/v2\/posts\/63307\/revisions"}],"predecessor-version":[{"id":63309,"href":"https:\/\/mexicocodigorojo.com.mx\/index.php?rest_route=\/wp\/v2\/posts\/63307\/revisions\/63309"}],"wp:featuredmedia":[{"embeddable":true,"href":"https:\/\/mexicocodigorojo.com.mx\/index.php?rest_route=\/wp\/v2\/media\/63308"}],"wp:attachment":[{"href":"https:\/\/mexicocodigorojo.com.mx\/index.php?rest_route=%2Fwp%2Fv2%2Fmedia&parent=63307"}],"wp:term":[{"taxonomy":"category","embeddable":true,"href":"https:\/\/mexicocodigorojo.com.mx\/index.php?rest_route=%2Fwp%2Fv2%2Fcategories&post=63307"},{"taxonomy":"post_tag","embeddable":true,"href":"https:\/\/mexicocodigorojo.com.mx\/index.php?rest_route=%2Fwp%2Fv2%2Ftags&post=63307"}],"curies":[{"name":"wp","href":"https:\/\/api.w.org\/{rel}","templated":true}]}}