{"id":63302,"date":"2024-11-25T15:19:54","date_gmt":"2024-11-25T21:19:54","guid":{"rendered":"https:\/\/mexicocodigorojo.com.mx\/?p=63302"},"modified":"2024-11-25T15:19:54","modified_gmt":"2024-11-25T21:19:54","slug":"ha-habido-encuentros-entre-los-grupos-criminales-directamente-con-la-autoridad-ruben-rocha-moya","status":"publish","type":"post","link":"https:\/\/mexicocodigorojo.com.mx\/?p=63302","title":{"rendered":"&#8216;Ha habido encuentros entre los grupos criminales directamente con la autoridad&#8217;: Rub\u00e9n Rocha Moya"},"content":{"rendered":"<p><strong>Rub\u00e9n Rocha Moya<\/strong>, gobernador de Sinaloa, acept\u00f3 que en su entidad los grupos delincuenciales mantienen encuentros con los elementos de los diferentes cuerpos de seguridad desplegados para contener la\u00a0<strong>guerra<\/strong>\u00a0entre\u00a0<strong>Los Chapitos<\/strong>\u00a0y\u00a0<strong>La Mayiza<\/strong>.<\/p>\n<p>Reconoci\u00f3 que son acciones que retan a la autoridad.<\/p>\n<p>\u201cS\u00ed, definitivamente. Tienes que darte cuenta de eso, de que persistan, de que se mantenga esa latente\u00a0<strong>acci\u00f3n violentadora<\/strong>\u00a0a pesar de que estamos (de forma) permanente.\u00a0<strong>Ha habido encuentros entre los grupos criminales directamente con la autoridad<\/strong>. Esos se han reducido un poco, pero ah\u00ed est\u00e1n\u201d, coment\u00f3.<\/p>\n<p><strong>Rocha Moya\u00a0<\/strong>fue entrevistado al t\u00e9rmino de un acto que encabez\u00f3 la presidenta\u00a0<strong>Claudia Sheinbaum<\/strong>, en el Parque Ecol\u00f3gico Xochimilco, en la Ciudad de M\u00e9xico.<\/p>\n<p>Ah\u00ed, asegur\u00f3 que donde han logrado mantener m\u00e1s control es en evitar los\u00a0<strong>enfrentamientos<\/strong>\u00a0entre las dos facciones del\u00a0<strong>C\u00e1rtel de Sinaloa.<\/strong><\/p>\n<blockquote><p>\u201cEso lo hemos logrado abatir. No obstante, no estamos exentos que se presenten de manera aislada. El tema de los bloqueos, tenemos un operativo espec\u00edfico que se llaman \u2018Puntos anti bloqueos en las carreteras\u2019. Es decir, es muy diverso el problema\u201d, se\u00f1al\u00f3.<\/p><\/blockquote>\n<p>El mandatario morenista sostuvo que hay avances para devolver la tranquilidad especialmente a\u00a0<strong>Culiac\u00e1n<\/strong>, pero que actos como el de la madrugada en que fue<strong>\u00a0vandalizado el sistema de c\u00e1maras de seguridad<\/strong>\u00a0desalienta a la ciudadan\u00eda.<\/p>\n<p>\u201cNo queremos hablar de que las cosas se han terminado. Hemos logrado avanzar mucho, ya tenemos el 89% de las escuelas funcionando. Por ejemplo, hoy con lo de la madrugada con el tema (de las c\u00e1maras) no van. Es decir, porque se toma preventivamente para que no vaya a haber alg\u00fan problema mayor\u201d<\/p>\n<p><strong>Rocha Moya<\/strong>\u00a0afirm\u00f3 que ya su gobierno trabaja en la reparaci\u00f3n de las c\u00e1maras da\u00f1adas por delincuentes.<\/p>\n","protected":false},"excerpt":{"rendered":"<p>Rub\u00e9n Rocha Moya, gobernador de Sinaloa, acept\u00f3 que en su entidad los grupos delincuenciales mantienen encuentros con los elementos de los diferentes cuerpos de seguridad desplegados para contener la\u00a0guerra\u00a0entre\u00a0Los Chapitos\u00a0y\u00a0La Mayiza. Reconoci\u00f3 que son acciones que retan a la autoridad. \u201cS\u00ed, definitivamente. Tienes que darte cuenta de eso, de que persistan, de que se mantenga [&hellip;]<\/p>\n","protected":false},"author":5,"featured_media":63303,"comment_status":"open","ping_status":"open","sticky":false,"template":"","format":"standard","meta":{"_uf_show_specific_survey":0,"_uf_disable_surveys":false,"advanced_seo_description":"","jetpack_seo_html_title":"","jetpack_seo_noindex":false,"jetpack_post_was_ever_published":false,"_jetpack_newsletter_access":"","_jetpack_dont_email_post_to_subs":false,"_jetpack_newsletter_tier_id":0,"_jetpack_memberships_contains_paywalled_content":false,"_jetpack_memberships_contains_paid_content":false,"footnotes":"","jetpack_publicize_message":"","jetpack_publicize_feature_enabled":true,"jetpack_social_post_already_shared":true,"jetpack_social_options":{"image_generator_settings":{"template":"highway","default_image_id":0,"font":"","enabled":false},"version":2}},"categories":[1724,41],"tags":[2173],"class_list":{"0":"post-63302","1":"post","2":"type-post","3":"status-publish","4":"format-standard","5":"has-post-thumbnail","7":"category-featured","8":"category-sinaloa","9":"tag-narcotrafico-2"},"jetpack_publicize_connections":[],"jetpack_featured_media_url":"https:\/\/i0.wp.com\/mexicocodigorojo.com.mx\/wp-content\/uploads\/2024\/11\/f960x540-102054_176129_5050.webp?fit=960%2C540&ssl=1","jetpack-related-posts":[{"id":63332,"url":"https:\/\/mexicocodigorojo.com.mx\/?p=63332","url_meta":{"origin":63302,"position":0},"title":"Suspenden clases en Sinaloa tras hechos de violencia y masacres","author":"Staff","date":"noviembre 26, 2024","format":false,"excerpt":"Un fin de semana violento se vivi\u00f3 Sinaloa con nueve muertos en Culiac\u00e1n, y dos m\u00e1s en Mazatl\u00e1n y Navolato. El exsecretario de Seguridad P\u00fablica de Mazatl\u00e1n, Juan Ram\u00f3n Alfaro Gaxiola, fue asesinado por un grupo armado en su domicilio. Tambi\u00e9n fue localizado sin vida y con huellas de tortura\u2026","rel":"","context":"En \u00abFeatured\u00bb","block_context":{"text":"Featured","link":"https:\/\/mexicocodigorojo.com.mx\/?cat=1724"},"img":{"alt_text":"","src":"https:\/\/mexicocodigorojo.com.mx\/wp-content\/uploads\/2024\/11\/UD72WA77ERGJFGS2VTXEE2ADR4.avif","width":350,"height":200,"srcset":"https:\/\/mexicocodigorojo.com.mx\/wp-content\/uploads\/2024\/11\/UD72WA77ERGJFGS2VTXEE2ADR4.avif 1x, https:\/\/mexicocodigorojo.com.mx\/wp-content\/uploads\/2024\/11\/UD72WA77ERGJFGS2VTXEE2ADR4.avif 1.5x, https:\/\/mexicocodigorojo.com.mx\/wp-content\/uploads\/2024\/11\/UD72WA77ERGJFGS2VTXEE2ADR4.avif 2x, https:\/\/mexicocodigorojo.com.mx\/wp-content\/uploads\/2024\/11\/UD72WA77ERGJFGS2VTXEE2ADR4.avif 3x"},"classes":[]},{"id":63588,"url":"https:\/\/mexicocodigorojo.com.mx\/?p=63588","url_meta":{"origin":63302,"position":1},"title":"Garc\u00eda Harfuch asegura que La Mayiza y Los Chapitos se han debilitado","author":"Staff","date":"enero 17, 2025","format":false,"excerpt":"Las facciones que se disputan el control del Cartel de Sinaloa acusan el desgaste tras cuatro meses de conflicto. As\u00ed lo asegur\u00f3\u00a0Omar Garc\u00eda Harfuch\u00a0en La Ma\u00f1anera de este viernes. El zar de Seguridad de Claudia Sheinbaum defendi\u00f3 los resultados de la estrategia contra la crisis de violencia en el noroeste\u2026","rel":"","context":"En \u00abFeatured\u00bb","block_context":{"text":"Featured","link":"https:\/\/mexicocodigorojo.com.mx\/?cat=1724"},"img":{"alt_text":"","src":"https:\/\/mexicocodigorojo.com.mx\/wp-content\/uploads\/2025\/01\/RRE6A6PI2VGI7IGOMTNQ6SMJJI.avif","width":350,"height":200,"srcset":"https:\/\/mexicocodigorojo.com.mx\/wp-content\/uploads\/2025\/01\/RRE6A6PI2VGI7IGOMTNQ6SMJJI.avif 1x, https:\/\/mexicocodigorojo.com.mx\/wp-content\/uploads\/2025\/01\/RRE6A6PI2VGI7IGOMTNQ6SMJJI.avif 1.5x, https:\/\/mexicocodigorojo.com.mx\/wp-content\/uploads\/2025\/01\/RRE6A6PI2VGI7IGOMTNQ6SMJJI.avif 2x, https:\/\/mexicocodigorojo.com.mx\/wp-content\/uploads\/2025\/01\/RRE6A6PI2VGI7IGOMTNQ6SMJJI.avif 3x"},"classes":[]},{"id":63153,"url":"https:\/\/mexicocodigorojo.com.mx\/?p=63153","url_meta":{"origin":63302,"position":2},"title":"DETENCION DEL MAYO ZAMBADA POR EU DESATO VIOLENCIA EN SINALOA: SEDENA","author":"Staff","date":"octubre 29, 2024","format":false,"excerpt":"Tras la detenci\u00f3n de Ismael \u201cEl Mayo\u201d Zambada por agencias de Estados Unidos, los grupos delincuenciales en Culiac\u00e1n y, en especial, los escoltas de los l\u00edderes de las fracciones del C\u00e1rtel de Sinaloa se han vuelto m\u00e1s violentos, afirm\u00f3 el secretario de la Defensa Nacional, Ricardo Trevilla. \u201cEn el caso\u2026","rel":"","context":"En \u00abFeatured\u00bb","block_context":{"text":"Featured","link":"https:\/\/mexicocodigorojo.com.mx\/?cat=1724"},"img":{"alt_text":"","src":"https:\/\/i0.wp.com\/mexicocodigorojo.com.mx\/wp-content\/uploads\/2024\/10\/210092.jpg?fit=1200%2C653&ssl=1&resize=350%2C200","width":350,"height":200,"srcset":"https:\/\/i0.wp.com\/mexicocodigorojo.com.mx\/wp-content\/uploads\/2024\/10\/210092.jpg?fit=1200%2C653&ssl=1&resize=350%2C200 1x, https:\/\/i0.wp.com\/mexicocodigorojo.com.mx\/wp-content\/uploads\/2024\/10\/210092.jpg?fit=1200%2C653&ssl=1&resize=525%2C300 1.5x, https:\/\/i0.wp.com\/mexicocodigorojo.com.mx\/wp-content\/uploads\/2024\/10\/210092.jpg?fit=1200%2C653&ssl=1&resize=700%2C400 2x, https:\/\/i0.wp.com\/mexicocodigorojo.com.mx\/wp-content\/uploads\/2024\/10\/210092.jpg?fit=1200%2C653&ssl=1&resize=1050%2C600 3x"},"classes":[]},{"id":52823,"url":"https:\/\/mexicocodigorojo.com.mx\/?p=52823","url_meta":{"origin":63302,"position":3},"title":"Desaparecer GOPES, compromiso de Am\u00e9rico Villarreal con Ovidio","author":"MexicoRojoCvmx","date":"abril 30, 2022","format":false,"excerpt":"Ciudad de M\u00e9xico.- El Senador con licencia y candidato a la Gubernatura de Tamaulipas, Am\u00e9rico Villarreal Anaya ofreci\u00f3 a la facci\u00f3n de \u201clos chapitos\u201d desaparecer al Grupo de Operaciones Especiales de la Secretar\u00eda de Seguridad P\u00fablica de Tamaulipas a cambio de su apoyo financiero, revela Informe de Inteligencia al que\u2026","rel":"","context":"En \u00abFeatured\u00bb","block_context":{"text":"Featured","link":"https:\/\/mexicocodigorojo.com.mx\/?cat=1724"},"img":{"alt_text":"","src":"https:\/\/i0.wp.com\/mexicocodigorojo.com.mx\/wp-content\/uploads\/2022\/04\/Captura-de-pantalla-2022-04-30-090257.jpg?fit=954%2C636&ssl=1&resize=350%2C200","width":350,"height":200,"srcset":"https:\/\/i0.wp.com\/mexicocodigorojo.com.mx\/wp-content\/uploads\/2022\/04\/Captura-de-pantalla-2022-04-30-090257.jpg?fit=954%2C636&ssl=1&resize=350%2C200 1x, https:\/\/i0.wp.com\/mexicocodigorojo.com.mx\/wp-content\/uploads\/2022\/04\/Captura-de-pantalla-2022-04-30-090257.jpg?fit=954%2C636&ssl=1&resize=525%2C300 1.5x, https:\/\/i0.wp.com\/mexicocodigorojo.com.mx\/wp-content\/uploads\/2022\/04\/Captura-de-pantalla-2022-04-30-090257.jpg?fit=954%2C636&ssl=1&resize=700%2C400 2x"},"classes":[]},{"id":62997,"url":"https:\/\/mexicocodigorojo.com.mx\/?p=62997","url_meta":{"origin":63302,"position":4},"title":"In\u00fatil despliegue de fuerzas militares en Culiac\u00e1n","author":"Staff","date":"octubre 9, 2024","format":false,"excerpt":"Culiac\u00e1n, Sinaloa.-\u00a0Justo al amanecer\u00a0de este mi\u00e9rcoles 9 de octubre, fue\u00a0localizado asesinado un hombre\u00a0atr\u00e1s del\u00a0pante\u00f3n de la colonia 21 de Marzo, al sur de Culiac\u00e1n. La v\u00edctima fue identificado por un familiar en el lugar de los hechos con el nombre de Juan \u2018N\u2019 de entre 40 y 45 a\u00f1os de\u2026","rel":"","context":"En \u00abFeatured\u00bb","block_context":{"text":"Featured","link":"https:\/\/mexicocodigorojo.com.mx\/?cat=1724"},"img":{"alt_text":"","src":"https:\/\/i0.wp.com\/mexicocodigorojo.com.mx\/wp-content\/uploads\/2024\/10\/hallan-hombre-asesinado-en-el-panteon-de-la-21-de-marzo3.jpg?fit=1200%2C675&ssl=1&resize=350%2C200","width":350,"height":200,"srcset":"https:\/\/i0.wp.com\/mexicocodigorojo.com.mx\/wp-content\/uploads\/2024\/10\/hallan-hombre-asesinado-en-el-panteon-de-la-21-de-marzo3.jpg?fit=1200%2C675&ssl=1&resize=350%2C200 1x, https:\/\/i0.wp.com\/mexicocodigorojo.com.mx\/wp-content\/uploads\/2024\/10\/hallan-hombre-asesinado-en-el-panteon-de-la-21-de-marzo3.jpg?fit=1200%2C675&ssl=1&resize=525%2C300 1.5x, https:\/\/i0.wp.com\/mexicocodigorojo.com.mx\/wp-content\/uploads\/2024\/10\/hallan-hombre-asesinado-en-el-panteon-de-la-21-de-marzo3.jpg?fit=1200%2C675&ssl=1&resize=700%2C400 2x, https:\/\/i0.wp.com\/mexicocodigorojo.com.mx\/wp-content\/uploads\/2024\/10\/hallan-hombre-asesinado-en-el-panteon-de-la-21-de-marzo3.jpg?fit=1200%2C675&ssl=1&resize=1050%2C600 3x"},"classes":[]},{"id":64427,"url":"https:\/\/mexicocodigorojo.com.mx\/?p=64427","url_meta":{"origin":63302,"position":5},"title":"Sinaloa: M\u00e1s de 40 polic\u00edas han perdido la vida en 10 meses; gobierno estatal admite dos l\u00edneas de investigaci\u00f3n, pero sin resultados","author":"MexicoRojoCvmx","date":"julio 21, 2025","format":false,"excerpt":"Culiac\u00e1n, Sin. \u2013 La violencia contra las fuerzas del orden en Sinaloa ya no es una estad\u00edstica: es un s\u00edntoma crudo del colapso institucional en materia de seguridad. Con m\u00e1s de cuarenta ataques mortales contra polic\u00edas en apenas diez meses, el gobernador Rub\u00e9n Rocha Moya reconoci\u00f3 que las investigaciones se\u2026","rel":"","context":"En \u00abFeatured\u00bb","block_context":{"text":"Featured","link":"https:\/\/mexicocodigorojo.com.mx\/?cat=1724"},"img":{"alt_text":"","src":"https:\/\/i0.wp.com\/mexicocodigorojo.com.mx\/wp-content\/uploads\/2025\/07\/Captura-de-pantalla-2025-07-21-182221.jpg?fit=1084%2C659&ssl=1&resize=350%2C200","width":350,"height":200,"srcset":"https:\/\/i0.wp.com\/mexicocodigorojo.com.mx\/wp-content\/uploads\/2025\/07\/Captura-de-pantalla-2025-07-21-182221.jpg?fit=1084%2C659&ssl=1&resize=350%2C200 1x, https:\/\/i0.wp.com\/mexicocodigorojo.com.mx\/wp-content\/uploads\/2025\/07\/Captura-de-pantalla-2025-07-21-182221.jpg?fit=1084%2C659&ssl=1&resize=525%2C300 1.5x, https:\/\/i0.wp.com\/mexicocodigorojo.com.mx\/wp-content\/uploads\/2025\/07\/Captura-de-pantalla-2025-07-21-182221.jpg?fit=1084%2C659&ssl=1&resize=700%2C400 2x, https:\/\/i0.wp.com\/mexicocodigorojo.com.mx\/wp-content\/uploads\/2025\/07\/Captura-de-pantalla-2025-07-21-182221.jpg?fit=1084%2C659&ssl=1&resize=1050%2C600 3x"},"classes":[]}],"jetpack_sharing_enabled":true,"jetpack_likes_enabled":true,"jetpack_shortlink":"https:\/\/wp.me\/p9TedA-gt0","_links":{"self":[{"href":"https:\/\/mexicocodigorojo.com.mx\/index.php?rest_route=\/wp\/v2\/posts\/63302","targetHints":{"allow":["GET"]}}],"collection":[{"href":"https:\/\/mexicocodigorojo.com.mx\/index.php?rest_route=\/wp\/v2\/posts"}],"about":[{"href":"https:\/\/mexicocodigorojo.com.mx\/index.php?rest_route=\/wp\/v2\/types\/post"}],"author":[{"embeddable":true,"href":"https:\/\/mexicocodigorojo.com.mx\/index.php?rest_route=\/wp\/v2\/users\/5"}],"replies":[{"embeddable":true,"href":"https:\/\/mexicocodigorojo.com.mx\/index.php?rest_route=%2Fwp%2Fv2%2Fcomments&post=63302"}],"version-history":[{"count":1,"href":"https:\/\/mexicocodigorojo.com.mx\/index.php?rest_route=\/wp\/v2\/posts\/63302\/revisions"}],"predecessor-version":[{"id":63304,"href":"https:\/\/mexicocodigorojo.com.mx\/index.php?rest_route=\/wp\/v2\/posts\/63302\/revisions\/63304"}],"wp:featuredmedia":[{"embeddable":true,"href":"https:\/\/mexicocodigorojo.com.mx\/index.php?rest_route=\/wp\/v2\/media\/63303"}],"wp:attachment":[{"href":"https:\/\/mexicocodigorojo.com.mx\/index.php?rest_route=%2Fwp%2Fv2%2Fmedia&parent=63302"}],"wp:term":[{"taxonomy":"category","embeddable":true,"href":"https:\/\/mexicocodigorojo.com.mx\/index.php?rest_route=%2Fwp%2Fv2%2Fcategories&post=63302"},{"taxonomy":"post_tag","embeddable":true,"href":"https:\/\/mexicocodigorojo.com.mx\/index.php?rest_route=%2Fwp%2Fv2%2Ftags&post=63302"}],"curies":[{"name":"wp","href":"https:\/\/api.w.org\/{rel}","templated":true}]}}