{"id":63290,"date":"2024-11-21T16:17:14","date_gmt":"2024-11-21T22:17:14","guid":{"rendered":"https:\/\/mexicocodigorojo.com.mx\/?p=63290"},"modified":"2024-11-22T07:32:14","modified_gmt":"2024-11-22T13:32:14","slug":"enfrentamiento-en-sonora-deja-cuatro-muertos","status":"publish","type":"post","link":"https:\/\/mexicocodigorojo.com.mx\/?p=63290","title":{"rendered":"Enfrentamiento en Sonora deja cuatro muertos"},"content":{"rendered":"<div id=\"primerTextoID\" class=\"gr_texto_articulo\">Una&nbsp;<strong>emboscada contra elementos federales y estatales<\/strong>&nbsp;dej\u00f3 un saldo de&nbsp;<strong>un agente ministerial asesinado<\/strong>&nbsp;y<strong>&nbsp;tres agresores abatidos<\/strong>, adem\u00e1s de dos ministeriales y un marino heridos en el Municipio de&nbsp;<strong>S\u00e1ric, en Sonora.<\/strong><\/div>\n<div id=\"Videos\"><\/div>\n<div id=\"contenidorel\" class=\"gr_contenedor_contenido_relacionado\">\n<div class=\"gr_contenedor_divisor_basico_1\">\n<div id=\"Bloque_IN_SegundoTexto\">\n<div class=\"gr_texto_articulo\">El ataque se registr\u00f3 en la&nbsp;<strong>Carretera S\u00e1sabe-S\u00e1ric<\/strong>, alrededor de las 3:00 de la madrugada de este mi\u00e9rcoles, en la zona ubicada en el extremo norte de la entidad.<\/p>\n<div class=\"gr_texto_articulo\">\n<p>De acuerdo con informaci\u00f3n de la&nbsp;<strong>Fiscal\u00eda General de Justicia del Estado (FGJE)<\/strong>, los elementos de un operativo conjunto fueron chocados por un veh\u00edculo Dodge Ram, color rojo, que circulaba a alta velocidad con las luces apagadas, en lo que se presume fue una acci\u00f3n deliberada de los delincuentes.<\/p>\n<p>Tras impactar&nbsp;<strong>una unidad de la Secretar\u00eda de Marina (Semar) y otra de la Agencia Ministerial de Investigaci\u00f3n Criminal (AMIC)<\/strong>, los sicarios abrieron fuego contra las autoridades, y en respuesta, el personal del operativo de seguridad repeli\u00f3 la agresi\u00f3n, neutralizando a tres sujetos armados, comunic\u00f3 la FGJE.<\/p>\n<\/div>\n<\/div>\n<div id=\"Bloque_IN_TercerTexto\">\n<div class=\"gr_texto_articulo\">\u00abEl convoy de la autoridad circulaba por un tramo de la carretera donde se ven\u00edan presentando robos de veh\u00edculos por parte de la delincuencia organizada y regresaban de una acci\u00f3n exitosa donde los efectivos de AMIC y SEMAR hab\u00edan realizado un golpe significativo en la comunidad de El Chile, en las inmediaciones de S\u00e1ric, en la cual se asegur\u00f3 un veh\u00edculo Dodge Ram modelo 2022 y un pickup GMC Sierra modelo 2014, ambas unidades con reporte de robo en Estados Unidos de Am\u00e9rica\u00bb, detall\u00f3.<\/p>\n<div class=\"gr_texto_articulo\">\n<p>Adem\u00e1s, se aseguraron un Jeep Cherokee modelo 2007, blindado con reporte de robo en el Pa\u00eds; un pickup Ford modelo 2016; un Jeep Cherokee modelo 2009 con blindaje, y se incautaron 3 mil cartuchos calibre .50, mil 500 cartuchos calibre 7.62\u00d739, as\u00ed como tambi\u00e9n se destruy\u00f3 un campamento improvisado y una antena repetidora utilizada para actividades il\u00edcitas.<\/p>\n<p>El agente ministerial de investigaci\u00f3n criminal falleci\u00f3 cuando era trasladado a recibir atenci\u00f3n m\u00e9dica despu\u00e9s de ser embestido deliberadamente por los criminales, confirm\u00f3 la instituci\u00f3n, mientras que dos agentes AMIC reciben atenci\u00f3n m\u00e9dica, as\u00ed como el efectivo de Semar; los tres se reportan estables.<\/p>\n<p>Tras repeler la agresi\u00f3n, fueron asegurados en el sitio dos fusiles de asalto AK-47 con cargadores, un radio port\u00e1til y la unidad motriz Dodge Ram, que tiene reporte de robo en Estados Unidos de Am\u00e9rica. Tres unidades oficiales resultaron con da\u00f1os por el impacto.<\/p>\n<p>\u00abEl compa\u00f1ero perdi\u00f3 la vida mientras era trasladado para atenci\u00f3n m\u00e9dica a Caborca, lamentablemente falleci\u00f3 al pasar por Altar. Otros dos agentes resultaron con heridas menores, y un elemento de la Secretar\u00eda de Marina sufri\u00f3 una fractura en el tobillo\u00bb, se\u00f1al\u00f3 a medios locales<strong>&nbsp;Carlos Flores, Comisario de la AMIC.<\/strong><\/p>\n<p>Estas acciones forman parte de los operativos entre la Agencia Ministerial de Investigaci\u00f3n Criminal (AMIC) y la Secretar\u00eda de Marina Armada de M\u00e9xico (Semar).<\/p>\n<\/div>\n<div><\/div>\n<div><img data-recalc-dims=\"1\" decoding=\"async\" src=\"https:\/\/i0.wp.com\/www.proceso.com.mx\/u\/fotografias\/fotosnoticias\/2024\/11\/20\/211796.jpeg?w=696&#038;ssl=1\"><\/div>\n<\/div>\n<\/div>\n<\/div>\n<\/div>\n<\/div>\n","protected":false},"excerpt":{"rendered":"<p>Una&nbsp;emboscada contra elementos federales y estatales&nbsp;dej\u00f3 un saldo de&nbsp;un agente ministerial asesinado&nbsp;y&nbsp;tres agresores abatidos, adem\u00e1s de dos ministeriales y un marino heridos en el Municipio de&nbsp;S\u00e1ric, en Sonora. El ataque se registr\u00f3 en la&nbsp;Carretera S\u00e1sabe-S\u00e1ric, alrededor de las 3:00 de la madrugada de este mi\u00e9rcoles, en la zona ubicada en el extremo norte de la [&hellip;]<\/p>\n","protected":false},"author":5,"featured_media":63293,"comment_status":"open","ping_status":"open","sticky":false,"template":"","format":"standard","meta":{"_uf_show_specific_survey":0,"_uf_disable_surveys":false,"advanced_seo_description":"","jetpack_seo_html_title":"","jetpack_seo_noindex":false,"jetpack_post_was_ever_published":false,"_jetpack_newsletter_access":"","_jetpack_dont_email_post_to_subs":false,"_jetpack_newsletter_tier_id":0,"_jetpack_memberships_contains_paywalled_content":false,"_jetpack_memberships_contains_paid_content":false,"footnotes":"","jetpack_publicize_message":"","jetpack_publicize_feature_enabled":true,"jetpack_social_post_already_shared":true,"jetpack_social_options":{"image_generator_settings":{"template":"highway","default_image_id":0,"font":"","enabled":false},"version":2}},"categories":[1724,115],"tags":[2173],"class_list":{"0":"post-63290","1":"post","2":"type-post","3":"status-publish","4":"format-standard","5":"has-post-thumbnail","7":"category-featured","8":"category-sonora","9":"tag-narcotrafico-2"},"jetpack_publicize_connections":[],"jetpack_featured_media_url":"https:\/\/i0.wp.com\/mexicocodigorojo.com.mx\/wp-content\/uploads\/2024\/11\/img_0745-1.jpg?fit=720%2C540&ssl=1","jetpack-related-posts":[{"id":59385,"url":"https:\/\/mexicocodigorojo.com.mx\/?p=59385","url_meta":{"origin":63290,"position":0},"title":"SONORA  | VIDEO MILITARES DECOMISAN CAMION MONSTRUO EN EL SASABE A LOS FANTASMAS\/CAZADORES","author":"MexicoRojo","date":"marzo 30, 2024","format":false,"excerpt":"\"Elementos de la Secretaria de la Defensa Nacional (SEDENA) localizaron y aseguraron en Sonora un veh\u00edculo con blindaje artesanal de los llamados coloquialmente \"Monstruos\" blindados. \u00a0 \u00a0 La localizaci\u00f3n del veh\u00edculo que se encontraba abandonado, se dio por parte de los Soldados que hac\u00edan labores de patrullaje en la localidad\u2026","rel":"","context":"En \u00abFeatured\u00bb","block_context":{"text":"Featured","link":"https:\/\/mexicocodigorojo.com.mx\/?cat=1724"},"img":{"alt_text":"","src":"https:\/\/i0.wp.com\/mexicocodigorojo.com.mx\/wp-content\/uploads\/2024\/03\/20240330_104049.jpg?fit=720%2C403&ssl=1&resize=350%2C200","width":350,"height":200,"srcset":"https:\/\/i0.wp.com\/mexicocodigorojo.com.mx\/wp-content\/uploads\/2024\/03\/20240330_104049.jpg?fit=720%2C403&ssl=1&resize=350%2C200 1x, https:\/\/i0.wp.com\/mexicocodigorojo.com.mx\/wp-content\/uploads\/2024\/03\/20240330_104049.jpg?fit=720%2C403&ssl=1&resize=525%2C300 1.5x, https:\/\/i0.wp.com\/mexicocodigorojo.com.mx\/wp-content\/uploads\/2024\/03\/20240330_104049.jpg?fit=720%2C403&ssl=1&resize=700%2C400 2x"},"classes":[]},{"id":57943,"url":"https:\/\/mexicocodigorojo.com.mx\/?p=57943","url_meta":{"origin":63290,"position":1},"title":"VIDEO Altar Sonora | Grupo \u2018Los Fantasmas\u2019 de Sa\u00fal Francisco Hern\u00e1ndez Tenorio aka \u2018El Ponchis\u2019 embosc\u00f3 a militares","author":"MexicoRojo","date":"octubre 31, 2023","format":false,"excerpt":"Esta ma\u00f1ana elementos de la Secretaria de la Defensa Nacional (Sedena) fueron emboscados en el camino que conduce de Altar a Oquitoa por un grupo numeroso de sicarios pertenecientes a \u2019Los Cazadores\u2019 junto a su grupo armado \u2018Los Fantasmas\u2019 y\/o \u2018Los Alfas\u2019. \u00a0 \u00a0 Este brazo armado es liderado por\u2026","rel":"","context":"En \u00abFeatured\u00bb","block_context":{"text":"Featured","link":"https:\/\/mexicocodigorojo.com.mx\/?cat=1724"},"img":{"alt_text":"","src":"https:\/\/i0.wp.com\/mexicocodigorojo.com.mx\/wp-content\/uploads\/2023\/10\/Polish_20231031_201910811.jpg?fit=1200%2C1200&ssl=1&resize=350%2C200","width":350,"height":200,"srcset":"https:\/\/i0.wp.com\/mexicocodigorojo.com.mx\/wp-content\/uploads\/2023\/10\/Polish_20231031_201910811.jpg?fit=1200%2C1200&ssl=1&resize=350%2C200 1x, https:\/\/i0.wp.com\/mexicocodigorojo.com.mx\/wp-content\/uploads\/2023\/10\/Polish_20231031_201910811.jpg?fit=1200%2C1200&ssl=1&resize=525%2C300 1.5x, https:\/\/i0.wp.com\/mexicocodigorojo.com.mx\/wp-content\/uploads\/2023\/10\/Polish_20231031_201910811.jpg?fit=1200%2C1200&ssl=1&resize=700%2C400 2x, https:\/\/i0.wp.com\/mexicocodigorojo.com.mx\/wp-content\/uploads\/2023\/10\/Polish_20231031_201910811.jpg?fit=1200%2C1200&ssl=1&resize=1050%2C600 3x"},"classes":[]},{"id":61314,"url":"https:\/\/mexicocodigorojo.com.mx\/?p=61314","url_meta":{"origin":63290,"position":2},"title":"Sonora|Video Sicarios de Los Salazar incursionaron a El Sasabe donde le tumban la casa a El Lencho de Los Deltas\/LaChapiza","author":"MexicoRojo","date":"junio 1, 2024","format":false,"excerpt":"Sonora|Video Sicarios de Los Salazar incursionaron a El Sasabe donde le tumban la casa a El Lencho de Los Deltas\/LaChapiza \u00a0 \u00a0 En la\u00a0red social X se ha divulgado el video el momento en el que un grupo de Sicarios intenta derribar una casa con uno de los camiones blindados\u2026","rel":"","context":"En \u00abFeatured\u00bb","block_context":{"text":"Featured","link":"https:\/\/mexicocodigorojo.com.mx\/?cat=1724"},"img":{"alt_text":"","src":"https:\/\/i0.wp.com\/mexicocodigorojo.com.mx\/wp-content\/uploads\/2024\/06\/20240601_143503.jpg?fit=720%2C487&ssl=1&resize=350%2C200","width":350,"height":200,"srcset":"https:\/\/i0.wp.com\/mexicocodigorojo.com.mx\/wp-content\/uploads\/2024\/06\/20240601_143503.jpg?fit=720%2C487&ssl=1&resize=350%2C200 1x, https:\/\/i0.wp.com\/mexicocodigorojo.com.mx\/wp-content\/uploads\/2024\/06\/20240601_143503.jpg?fit=720%2C487&ssl=1&resize=525%2C300 1.5x, https:\/\/i0.wp.com\/mexicocodigorojo.com.mx\/wp-content\/uploads\/2024\/06\/20240601_143503.jpg?fit=720%2C487&ssl=1&resize=700%2C400 2x"},"classes":[]},{"id":60470,"url":"https:\/\/mexicocodigorojo.com.mx\/?p=60470","url_meta":{"origin":63290,"position":3},"title":"Sonora: FGJ ofrece recompensa por\u00bbEl Ponchis\u00bb o \u00abEl Fantasma\u00bb l\u00edder de Los Chapitos","author":"MCR","date":"mayo 12, 2024","format":false,"excerpt":"El \"Ponchis\" es uno de los l\u00edderes de Los Chapitos, m\u00e1s buscado por su probable responsabilidad en los delitos como homicidio calificado con premeditaci\u00f3n, alevos\u00eda y traici\u00f3n, entre otros. Con trabajo de la Fiscal\u00eda General de Justicia del Estado (FGJE) de Sonora, se ha tomado una nueva acci\u00f3n para la\u2026","rel":"","context":"En \u00abFeatured\u00bb","block_context":{"text":"Featured","link":"https:\/\/mexicocodigorojo.com.mx\/?cat=1724"},"img":{"alt_text":"","src":"https:\/\/i0.wp.com\/mexicocodigorojo.com.mx\/wp-content\/uploads\/2024\/05\/HQK5PSTBQFCUJI6ZG5SFW72VKQ.jpg?fit=1200%2C675&ssl=1&resize=350%2C200","width":350,"height":200,"srcset":"https:\/\/i0.wp.com\/mexicocodigorojo.com.mx\/wp-content\/uploads\/2024\/05\/HQK5PSTBQFCUJI6ZG5SFW72VKQ.jpg?fit=1200%2C675&ssl=1&resize=350%2C200 1x, https:\/\/i0.wp.com\/mexicocodigorojo.com.mx\/wp-content\/uploads\/2024\/05\/HQK5PSTBQFCUJI6ZG5SFW72VKQ.jpg?fit=1200%2C675&ssl=1&resize=525%2C300 1.5x, https:\/\/i0.wp.com\/mexicocodigorojo.com.mx\/wp-content\/uploads\/2024\/05\/HQK5PSTBQFCUJI6ZG5SFW72VKQ.jpg?fit=1200%2C675&ssl=1&resize=700%2C400 2x, https:\/\/i0.wp.com\/mexicocodigorojo.com.mx\/wp-content\/uploads\/2024\/05\/HQK5PSTBQFCUJI6ZG5SFW72VKQ.jpg?fit=1200%2C675&ssl=1&resize=1050%2C600 3x"},"classes":[]},{"id":50556,"url":"https:\/\/mexicocodigorojo.com.mx\/?p=50556","url_meta":{"origin":63290,"position":4},"title":"DETIENEN A NUEVE SICARIOS EN MAGDALENA DE KINO","author":"Staff","date":"agosto 6, 2021","format":false,"excerpt":"Nueve sujetos, dos de ellos evidenciados en video disparando armas largas a finales de julio, fueron detenidos por autoridades policiacas con un arsenal en el Municipio de Magdalena de Kino, en la regi\u00f3n norte de Sonora. La Polic\u00eda Estatal de Seguridad P\u00fablica (PESP) inform\u00f3 este mi\u00e9rcoles que los nueve hombres\u2026","rel":"","context":"En \u00abFeatured\u00bb","block_context":{"text":"Featured","link":"https:\/\/mexicocodigorojo.com.mx\/?cat=1724"},"img":{"alt_text":"","src":"https:\/\/i0.wp.com\/mexicocodigorojo.com.mx\/wp-content\/uploads\/2021\/08\/9611894.jpg?fit=660%2C440&ssl=1&resize=350%2C200","width":350,"height":200,"srcset":"https:\/\/i0.wp.com\/mexicocodigorojo.com.mx\/wp-content\/uploads\/2021\/08\/9611894.jpg?fit=660%2C440&ssl=1&resize=350%2C200 1x, https:\/\/i0.wp.com\/mexicocodigorojo.com.mx\/wp-content\/uploads\/2021\/08\/9611894.jpg?fit=660%2C440&ssl=1&resize=525%2C300 1.5x"},"classes":[]},{"id":58234,"url":"https:\/\/mexicocodigorojo.com.mx\/?p=58234","url_meta":{"origin":63290,"position":5},"title":"FOTOS En Sasabe Sonora dejan Narcomanta en la Escuela Juan Escutia, firmada por \u00abEl \u00d1akabelico\u00bb","author":"MexicoRojo","date":"noviembre 20, 2023","format":false,"excerpt":"En la localidad de Sasabe Sonora municipio de Saric esta ma\u00f1ana reportaron una narcomanta firmada por el \u00d1akabelico donde le pide a la poca gente que se quedo tras un exodo masivo de personas hacia el lado norteamericano a pedir ayuda o asilo pol\u00edtico. Esto por el incremento de la\u2026","rel":"","context":"En \u00abFeatured\u00bb","block_context":{"text":"Featured","link":"https:\/\/mexicocodigorojo.com.mx\/?cat=1724"},"img":{"alt_text":"","src":"https:\/\/i0.wp.com\/mexicocodigorojo.com.mx\/wp-content\/uploads\/2023\/11\/Polish_20231120_201140222.jpg?fit=720%2C446&ssl=1&resize=350%2C200","width":350,"height":200,"srcset":"https:\/\/i0.wp.com\/mexicocodigorojo.com.mx\/wp-content\/uploads\/2023\/11\/Polish_20231120_201140222.jpg?fit=720%2C446&ssl=1&resize=350%2C200 1x, https:\/\/i0.wp.com\/mexicocodigorojo.com.mx\/wp-content\/uploads\/2023\/11\/Polish_20231120_201140222.jpg?fit=720%2C446&ssl=1&resize=525%2C300 1.5x, https:\/\/i0.wp.com\/mexicocodigorojo.com.mx\/wp-content\/uploads\/2023\/11\/Polish_20231120_201140222.jpg?fit=720%2C446&ssl=1&resize=700%2C400 2x"},"classes":[]}],"jetpack_sharing_enabled":true,"jetpack_likes_enabled":true,"jetpack_shortlink":"https:\/\/wp.me\/p9TedA-gsO","_links":{"self":[{"href":"https:\/\/mexicocodigorojo.com.mx\/index.php?rest_route=\/wp\/v2\/posts\/63290","targetHints":{"allow":["GET"]}}],"collection":[{"href":"https:\/\/mexicocodigorojo.com.mx\/index.php?rest_route=\/wp\/v2\/posts"}],"about":[{"href":"https:\/\/mexicocodigorojo.com.mx\/index.php?rest_route=\/wp\/v2\/types\/post"}],"author":[{"embeddable":true,"href":"https:\/\/mexicocodigorojo.com.mx\/index.php?rest_route=\/wp\/v2\/users\/5"}],"replies":[{"embeddable":true,"href":"https:\/\/mexicocodigorojo.com.mx\/index.php?rest_route=%2Fwp%2Fv2%2Fcomments&post=63290"}],"version-history":[{"count":2,"href":"https:\/\/mexicocodigorojo.com.mx\/index.php?rest_route=\/wp\/v2\/posts\/63290\/revisions"}],"predecessor-version":[{"id":63294,"href":"https:\/\/mexicocodigorojo.com.mx\/index.php?rest_route=\/wp\/v2\/posts\/63290\/revisions\/63294"}],"wp:featuredmedia":[{"embeddable":true,"href":"https:\/\/mexicocodigorojo.com.mx\/index.php?rest_route=\/wp\/v2\/media\/63293"}],"wp:attachment":[{"href":"https:\/\/mexicocodigorojo.com.mx\/index.php?rest_route=%2Fwp%2Fv2%2Fmedia&parent=63290"}],"wp:term":[{"taxonomy":"category","embeddable":true,"href":"https:\/\/mexicocodigorojo.com.mx\/index.php?rest_route=%2Fwp%2Fv2%2Fcategories&post=63290"},{"taxonomy":"post_tag","embeddable":true,"href":"https:\/\/mexicocodigorojo.com.mx\/index.php?rest_route=%2Fwp%2Fv2%2Ftags&post=63290"}],"curies":[{"name":"wp","href":"https:\/\/api.w.org\/{rel}","templated":true}]}}