{"id":63194,"date":"2024-11-01T07:43:57","date_gmt":"2024-11-01T13:43:57","guid":{"rendered":"https:\/\/mexicocodigorojo.com.mx\/?p=63194"},"modified":"2024-11-01T07:43:57","modified_gmt":"2024-11-01T13:43:57","slug":"detienen-a-edil-de-oaxaca-por-falsificacion-en-caso-de-violacion-investigan-a-esposa-por-suplantar-identidad-de-la-victima","status":"publish","type":"post","link":"https:\/\/mexicocodigorojo.com.mx\/?p=63194","title":{"rendered":"Detienen a edil de Oaxaca por falsificaci\u00f3n en caso de violaci\u00f3n; investigan a esposa por suplantar identidad de la v\u00edctima"},"content":{"rendered":"<p><strong>Oaxaca.-<\/strong> La Fiscal\u00eda General del Estado de Oaxaca (FGEO) inform\u00f3 sobre la detenci\u00f3n de Pl\u00e1cido Mart\u00ednez Soler, presidente municipal de San Juan Mazatl\u00e1n Mixe, acusado de falsificaci\u00f3n de documentos y declaraciones judiciales para simular el desistimiento de una v\u00edctima en un caso de violaci\u00f3n equiparada, presuntamente cometido en la regi\u00f3n istme\u00f1a en 2013. La operaci\u00f3n, llevada a cabo en una colonia de la capital oaxaque\u00f1a, tambi\u00e9n result\u00f3 en la captura de una mujer identificada como \u201cKarla\u201d, presunta esposa del edil, acusada de suplantar la identidad de la v\u00edctima para retractar la denuncia original.<\/p>\n<p>La acusaci\u00f3n se remonta al caso de violaci\u00f3n equiparada de una adolescente en Mat\u00edas Romero, el 19 de junio de 2013. Seg\u00fan la FGEO, en septiembre de 2022, la Fiscal\u00eda recibi\u00f3 un supuesto escrito de desistimiento de la v\u00edctima, en el cual esta se retractaba de la denuncia. Sin embargo, al ser notificada, la v\u00edctima neg\u00f3 haber presentado dicho documento. Las investigaciones posteriores revelaron que el desistimiento fue fabricado y las declaraciones judiciales fueron manipuladas para favorecer al edil.<\/p>\n<p>Previo a su detenci\u00f3n, Mart\u00ednez Soler public\u00f3 un comunicado en redes sociales, donde se\u00f1alaba que su domicilio estaba rodeado por la polic\u00eda y acusaba al gobierno de Oaxaca de conspirar en su contra debido a que, seg\u00fan \u00e9l, su victoria electoral en San Juan Mazatl\u00e1n Mixe hab\u00eda molestado a las autoridades locales. En su mensaje, afirm\u00f3 que busc\u00f3 apoyo de la presidenta Claudia Sheinbaum Pardo para la reconstrucci\u00f3n tras el paso del hurac\u00e1n Nadine, lo que considera tambi\u00e9n caus\u00f3 incomodidad entre los funcionarios estatales.<\/p>\n<p>La FGEO detall\u00f3 que esta detenci\u00f3n es el resultado de una orden de aprehensi\u00f3n respaldada por evidencia de falsificaci\u00f3n en el caso, llevada a cabo bajo la direcci\u00f3n de la Vicefiscal\u00eda Regional del Istmo. Tanto el edil como su esposa fueron puestos a disposici\u00f3n de la autoridad correspondiente para enfrentar los cargos de \u00abuso de documento falso\u00bb y \u00abfalsedad en declaraciones judiciales\u00bb.<\/p>\n","protected":false},"excerpt":{"rendered":"<p>Oaxaca.- La Fiscal\u00eda General del Estado de Oaxaca (FGEO) inform\u00f3 sobre la detenci\u00f3n de Pl\u00e1cido Mart\u00ednez Soler, presidente municipal de San Juan Mazatl\u00e1n Mixe, acusado de falsificaci\u00f3n de documentos y declaraciones judiciales para simular el desistimiento de una v\u00edctima en un caso de violaci\u00f3n equiparada, presuntamente cometido en la regi\u00f3n istme\u00f1a en 2013. La operaci\u00f3n, [&hellip;]<\/p>\n","protected":false},"author":21,"featured_media":63195,"comment_status":"open","ping_status":"open","sticky":false,"template":"","format":"standard","meta":{"_uf_show_specific_survey":0,"_uf_disable_surveys":false,"advanced_seo_description":"","jetpack_seo_html_title":"","jetpack_seo_noindex":false,"jetpack_post_was_ever_published":false,"_jetpack_newsletter_access":"","_jetpack_dont_email_post_to_subs":false,"_jetpack_newsletter_tier_id":0,"_jetpack_memberships_contains_paywalled_content":false,"_jetpack_memberships_contains_paid_content":false,"footnotes":"","jetpack_publicize_message":"","jetpack_publicize_feature_enabled":true,"jetpack_social_post_already_shared":true,"jetpack_social_options":{"image_generator_settings":{"template":"highway","default_image_id":0,"font":"","enabled":false},"version":2}},"categories":[1724,36],"tags":[],"class_list":{"0":"post-63194","1":"post","2":"type-post","3":"status-publish","4":"format-standard","5":"has-post-thumbnail","7":"category-featured","8":"category-oaxaca"},"jetpack_publicize_connections":[],"jetpack_featured_media_url":"https:\/\/i0.wp.com\/mexicocodigorojo.com.mx\/wp-content\/uploads\/2024\/11\/Captura-de-pantalla-2024-11-01-074245.png?fit=1093%2C655&ssl=1","jetpack-related-posts":[{"id":56571,"url":"https:\/\/mexicocodigorojo.com.mx\/?p=56571","url_meta":{"origin":63194,"position":0},"title":"Video; Ejecutan a notario del EdoMex que vacacionaba en Oaxaca","author":"Staff","date":"julio 19, 2023","format":false,"excerpt":"Oaxaca de Ju\u00e1rez.\u2014 Como Jos\u00e9 Ortiz Gir\u00f3n, notario p\u00fablico 113 del Estado de M\u00e9xico fue identificado el turista asesinado ayer por la tarde en el\u00a0Centro Hist\u00f3rico de la Ciudad de Oaxaca, De acuerdo con la p\u00e1gina internet de la notar\u00eda 113, Ortiz Gir\u00f3n era notario \u201cdel patrimonio inmobiliario federal\u201d y\u2026","rel":"","context":"En \u00abFeatured\u00bb","block_context":{"text":"Featured","link":"https:\/\/mexicocodigorojo.com.mx\/?cat=1724"},"img":{"alt_text":"","src":"https:\/\/i0.wp.com\/mexicocodigorojo.com.mx\/wp-content\/uploads\/2023\/07\/20230718084359368-0-2077767.jpg?fit=980%2C617&ssl=1&resize=350%2C200","width":350,"height":200,"srcset":"https:\/\/i0.wp.com\/mexicocodigorojo.com.mx\/wp-content\/uploads\/2023\/07\/20230718084359368-0-2077767.jpg?fit=980%2C617&ssl=1&resize=350%2C200 1x, https:\/\/i0.wp.com\/mexicocodigorojo.com.mx\/wp-content\/uploads\/2023\/07\/20230718084359368-0-2077767.jpg?fit=980%2C617&ssl=1&resize=525%2C300 1.5x, https:\/\/i0.wp.com\/mexicocodigorojo.com.mx\/wp-content\/uploads\/2023\/07\/20230718084359368-0-2077767.jpg?fit=980%2C617&ssl=1&resize=700%2C400 2x"},"classes":[]},{"id":25088,"url":"https:\/\/mexicocodigorojo.com.mx\/?p=25088","url_meta":{"origin":63194,"position":1},"title":"Localizan restos humanos en fosa clandestina de Oaxaca","author":"Staff","date":"octubre 10, 2019","format":false,"excerpt":"El hallazgo ocurri\u00f3 en el marco de las investigaciones que la Fiscal\u00eda General del Estado realiza para dar con el paradero de dos polic\u00edas estatales reportados como desaparecidos OAXACA Durante las tareas de b\u00fasqueda de personas peritos de la\u00a0Fiscal\u00eda General del Estado de Oaxaca (FGEO) hallaron restos humanos enterrados en\u2026","rel":"","context":"En \u00abOaxaca\u00bb","block_context":{"text":"Oaxaca","link":"https:\/\/mexicocodigorojo.com.mx\/?cat=36"},"img":{"alt_text":"","src":"https:\/\/i0.wp.com\/mexicocodigorojo.com.mx\/wp-content\/uploads\/2019\/10\/2233285.jpg?fit=664%2C498&ssl=1&resize=350%2C200","width":350,"height":200,"srcset":"https:\/\/i0.wp.com\/mexicocodigorojo.com.mx\/wp-content\/uploads\/2019\/10\/2233285.jpg?fit=664%2C498&ssl=1&resize=350%2C200 1x, https:\/\/i0.wp.com\/mexicocodigorojo.com.mx\/wp-content\/uploads\/2019\/10\/2233285.jpg?fit=664%2C498&ssl=1&resize=525%2C300 1.5x"},"classes":[]},{"id":50053,"url":"https:\/\/mexicocodigorojo.com.mx\/?p=50053","url_meta":{"origin":63194,"position":2},"title":"TRAS OPERATIVO ANTISECUESTRO ABATE AEI A ELEMENTO DE LA GUARDIA NACIONAL","author":"Staff","date":"julio 9, 2021","format":false,"excerpt":"La Fiscal\u00eda General del Estado de\u00a0Oaxaca\u00a0(FGEO) inform\u00f3 este mi\u00e9rcoles que realizar\u00e1 una investigaci\u00f3n sobre el\u00a0enfrentamiento armado\u00a0ocurrido este mi\u00e9rcoles entre sus elementos de la Agencia Estatal de Investigaciones (AEI) y soldados de la\u00a0Guardia Nacional, hecho que dej\u00f3 un saldo de una persona fallecida y dos heridos en el poblado de\u00a0San Pablo\u2026","rel":"","context":"En \u00abFeatured\u00bb","block_context":{"text":"Featured","link":"https:\/\/mexicocodigorojo.com.mx\/?cat=1724"},"img":{"alt_text":"","src":"https:\/\/i0.wp.com\/mexicocodigorojo.com.mx\/wp-content\/uploads\/2021\/07\/MUFWULHB4VF2HAHUQMDTJG4YME.jpg?fit=992%2C744&ssl=1&resize=350%2C200","width":350,"height":200,"srcset":"https:\/\/i0.wp.com\/mexicocodigorojo.com.mx\/wp-content\/uploads\/2021\/07\/MUFWULHB4VF2HAHUQMDTJG4YME.jpg?fit=992%2C744&ssl=1&resize=350%2C200 1x, https:\/\/i0.wp.com\/mexicocodigorojo.com.mx\/wp-content\/uploads\/2021\/07\/MUFWULHB4VF2HAHUQMDTJG4YME.jpg?fit=992%2C744&ssl=1&resize=525%2C300 1.5x, https:\/\/i0.wp.com\/mexicocodigorojo.com.mx\/wp-content\/uploads\/2021\/07\/MUFWULHB4VF2HAHUQMDTJG4YME.jpg?fit=992%2C744&ssl=1&resize=700%2C400 2x"},"classes":[]},{"id":15460,"url":"https:\/\/mexicocodigorojo.com.mx\/?p=15460","url_meta":{"origin":63194,"position":3},"title":"Inicia Fiscal\u00eda General investigaci\u00f3n por doble homicidio registrado en la zona del Istmo","author":"Staff","date":"marzo 17, 2019","format":false,"excerpt":"Oaxaca de Ju\u00e1rez, Oax. 16 de marzo de 2019. La Fiscal\u00eda General del Estado de Oaxaca (FGEO), inici\u00f3 las diligencias correspondientes por el hallazgo de dos cuerpos sin vida del sexo masculino en la ciudad de Juchit\u00e1n, regi\u00f3n del Istmo de Tehuantepec. Uno de los hallazgos corresponde a un cuerpo\u2026","rel":"","context":"En \u00abOaxaca\u00bb","block_context":{"text":"Oaxaca","link":"https:\/\/mexicocodigorojo.com.mx\/?cat=36"},"img":{"alt_text":"","src":"https:\/\/i0.wp.com\/mexicocodigorojo.com.mx\/wp-content\/uploads\/2019\/03\/img-20190316-wa01206086539282512045781.jpg?resize=350%2C200&ssl=1","width":350,"height":200,"srcset":"https:\/\/i0.wp.com\/mexicocodigorojo.com.mx\/wp-content\/uploads\/2019\/03\/img-20190316-wa01206086539282512045781.jpg?resize=350%2C200&ssl=1 1x, https:\/\/i0.wp.com\/mexicocodigorojo.com.mx\/wp-content\/uploads\/2019\/03\/img-20190316-wa01206086539282512045781.jpg?resize=525%2C300&ssl=1 1.5x, https:\/\/i0.wp.com\/mexicocodigorojo.com.mx\/wp-content\/uploads\/2019\/03\/img-20190316-wa01206086539282512045781.jpg?resize=700%2C400&ssl=1 2x, https:\/\/i0.wp.com\/mexicocodigorojo.com.mx\/wp-content\/uploads\/2019\/03\/img-20190316-wa01206086539282512045781.jpg?resize=1050%2C600&ssl=1 3x"},"classes":[]},{"id":59846,"url":"https:\/\/mexicocodigorojo.com.mx\/?p=59846","url_meta":{"origin":63194,"position":4},"title":"Candidato de Morena a alcald\u00eda ASESINADO en Oaxaca","author":"MCR","date":"abril 19, 2024","format":false,"excerpt":"Oaxaca, M\u00e9xico. El candidato a la alcald\u00eda Alberto Antonio Garc\u00eda (MORENA), de San Jos\u00e9 Independencia en Oaxca fue encontrado muerto. Estaba reportado como desaparecido desde el mi\u00e9rcoles 17 de abril. Su esposa y actual alcaldesa de ese municipio fue rescatada por elementos de la Secretaria de Seguridad P\u00fablica de Oaxaca,\u2026","rel":"","context":"En \u00abFeatured\u00bb","block_context":{"text":"Featured","link":"https:\/\/mexicocodigorojo.com.mx\/?cat=1724"},"img":{"alt_text":"","src":"https:\/\/i0.wp.com\/mexicocodigorojo.com.mx\/wp-content\/uploads\/2024\/04\/alcaldesa-san-jose-oaxaca-viva-19042024.webp?fit=1200%2C750&ssl=1&resize=350%2C200","width":350,"height":200,"srcset":"https:\/\/i0.wp.com\/mexicocodigorojo.com.mx\/wp-content\/uploads\/2024\/04\/alcaldesa-san-jose-oaxaca-viva-19042024.webp?fit=1200%2C750&ssl=1&resize=350%2C200 1x, https:\/\/i0.wp.com\/mexicocodigorojo.com.mx\/wp-content\/uploads\/2024\/04\/alcaldesa-san-jose-oaxaca-viva-19042024.webp?fit=1200%2C750&ssl=1&resize=525%2C300 1.5x, https:\/\/i0.wp.com\/mexicocodigorojo.com.mx\/wp-content\/uploads\/2024\/04\/alcaldesa-san-jose-oaxaca-viva-19042024.webp?fit=1200%2C750&ssl=1&resize=700%2C400 2x, https:\/\/i0.wp.com\/mexicocodigorojo.com.mx\/wp-content\/uploads\/2024\/04\/alcaldesa-san-jose-oaxaca-viva-19042024.webp?fit=1200%2C750&ssl=1&resize=1050%2C600 3x"},"classes":[]},{"id":52891,"url":"https:\/\/mexicocodigorojo.com.mx\/?p=52891","url_meta":{"origin":63194,"position":5},"title":"Detienen a mujer que presuntamente mat\u00f3 a sus cuatro hijos en Oaxaca","author":"MexicoRojoCvmx","date":"mayo 8, 2022","format":false,"excerpt":"Juchit\u00e1n de Zaragoza.- Elementos de la Fiscal\u00eda General del Estado de Oaxaca (FGEO) ejecutaron una orden de aprehensi\u00f3n en contra Arely \"N\", como probable responsable del delito de homicidio calificado en contra de sus cuatro hijos menores de edad, cometido en Chicapa de Castro, comunidad zapoteca de Juchit\u00e1n. De acuerdo\u2026","rel":"","context":"En \u00abFeatured\u00bb","block_context":{"text":"Featured","link":"https:\/\/mexicocodigorojo.com.mx\/?cat=1724"},"img":{"alt_text":"","src":"https:\/\/i0.wp.com\/mexicocodigorojo.com.mx\/wp-content\/uploads\/2022\/05\/Captura-de-pantalla-2022-05-08-113204.jpg?fit=1069%2C659&ssl=1&resize=350%2C200","width":350,"height":200,"srcset":"https:\/\/i0.wp.com\/mexicocodigorojo.com.mx\/wp-content\/uploads\/2022\/05\/Captura-de-pantalla-2022-05-08-113204.jpg?fit=1069%2C659&ssl=1&resize=350%2C200 1x, https:\/\/i0.wp.com\/mexicocodigorojo.com.mx\/wp-content\/uploads\/2022\/05\/Captura-de-pantalla-2022-05-08-113204.jpg?fit=1069%2C659&ssl=1&resize=525%2C300 1.5x, https:\/\/i0.wp.com\/mexicocodigorojo.com.mx\/wp-content\/uploads\/2022\/05\/Captura-de-pantalla-2022-05-08-113204.jpg?fit=1069%2C659&ssl=1&resize=700%2C400 2x, https:\/\/i0.wp.com\/mexicocodigorojo.com.mx\/wp-content\/uploads\/2022\/05\/Captura-de-pantalla-2022-05-08-113204.jpg?fit=1069%2C659&ssl=1&resize=1050%2C600 3x"},"classes":[]}],"jetpack_sharing_enabled":true,"jetpack_likes_enabled":true,"jetpack_shortlink":"https:\/\/wp.me\/p9TedA-grg","_links":{"self":[{"href":"https:\/\/mexicocodigorojo.com.mx\/index.php?rest_route=\/wp\/v2\/posts\/63194","targetHints":{"allow":["GET"]}}],"collection":[{"href":"https:\/\/mexicocodigorojo.com.mx\/index.php?rest_route=\/wp\/v2\/posts"}],"about":[{"href":"https:\/\/mexicocodigorojo.com.mx\/index.php?rest_route=\/wp\/v2\/types\/post"}],"author":[{"embeddable":true,"href":"https:\/\/mexicocodigorojo.com.mx\/index.php?rest_route=\/wp\/v2\/users\/21"}],"replies":[{"embeddable":true,"href":"https:\/\/mexicocodigorojo.com.mx\/index.php?rest_route=%2Fwp%2Fv2%2Fcomments&post=63194"}],"version-history":[{"count":1,"href":"https:\/\/mexicocodigorojo.com.mx\/index.php?rest_route=\/wp\/v2\/posts\/63194\/revisions"}],"predecessor-version":[{"id":63196,"href":"https:\/\/mexicocodigorojo.com.mx\/index.php?rest_route=\/wp\/v2\/posts\/63194\/revisions\/63196"}],"wp:featuredmedia":[{"embeddable":true,"href":"https:\/\/mexicocodigorojo.com.mx\/index.php?rest_route=\/wp\/v2\/media\/63195"}],"wp:attachment":[{"href":"https:\/\/mexicocodigorojo.com.mx\/index.php?rest_route=%2Fwp%2Fv2%2Fmedia&parent=63194"}],"wp:term":[{"taxonomy":"category","embeddable":true,"href":"https:\/\/mexicocodigorojo.com.mx\/index.php?rest_route=%2Fwp%2Fv2%2Fcategories&post=63194"},{"taxonomy":"post_tag","embeddable":true,"href":"https:\/\/mexicocodigorojo.com.mx\/index.php?rest_route=%2Fwp%2Fv2%2Ftags&post=63194"}],"curies":[{"name":"wp","href":"https:\/\/api.w.org\/{rel}","templated":true}]}}