{"id":63153,"date":"2024-10-29T10:51:42","date_gmt":"2024-10-29T16:51:42","guid":{"rendered":"https:\/\/mexicocodigorojo.com.mx\/?p=63153"},"modified":"2024-10-29T10:51:42","modified_gmt":"2024-10-29T16:51:42","slug":"detencion-del-mayo-zambada-por-eu-desato-violencia-en-sinaloa-sedena","status":"publish","type":"post","link":"https:\/\/mexicocodigorojo.com.mx\/?p=63153","title":{"rendered":"DETENCION DEL MAYO ZAMBADA POR EU DESATO VIOLENCIA EN SINALOA: SEDENA"},"content":{"rendered":"<p>Tras la detenci\u00f3n de Ismael \u201cEl Mayo\u201d Zambada por agencias de Estados Unidos, los grupos delincuenciales en Culiac\u00e1n y, en especial, los escoltas de los l\u00edderes de las fracciones del C\u00e1rtel de Sinaloa se han vuelto m\u00e1s violentos, afirm\u00f3 el secretario de la Defensa Nacional, Ricardo Trevilla.<\/p>\n<p>\u201cEn el caso de Sinaloa, el origen del problema de los conflictos que se est\u00e1n presentando en Sinaloa fueron la detenci\u00f3n de un delincuente por parte de las autoridades de Estados Unidos, eso deton\u00f3 mucho la violencia y eso ha hecho que los grupos delincuenciales sean m\u00e1s violentos, est\u00e9n m\u00e1s armados, y tambi\u00e9n que cuiden m\u00e1s a sus l\u00edderes\u201d, indic\u00f3.<\/p>\n<p>En la conferencia presidencial desde Baja California Sur, el general dijo que \u201cdespu\u00e9s de la captura de Ovidio, sobre todo en Sinaloa, los delincuentes aumentaron mucho sus escoltas, sicarios muy violentos dispuestos a dar la vida de sus protegidos, de sus escoltados, m\u00e1s armados, mucho mayor violencia, pues\u201d.<\/p>\n<p>En tanto que el personal militar que se mantiene en operativos es, asegur\u00f3, \u201cgente adiestrada, capacitado, con mucha disciplina, con equipo de protecci\u00f3n, chalecos antibala, cascos. Y, bueno, este es el resultado, ah\u00ed se detuvo al l\u00edder por el que iban, ese fue el resultado\u201d.<\/p>\n<p>En torno al n\u00famero de muertos, 19, por la detenci\u00f3n de Edwin Antonio \u201cEl Max\u201d, Trevilla indic\u00f3 que la Fiscal\u00eda General de la Rep\u00fablica (FGR) investiga el caso.<\/p>\n<p>\u201cTom\u00f3 cartas de inmediato, y tambi\u00e9n, la Fiscal\u00eda General de Justicia Militar en caso de que se haya violado o se haya cometido alg\u00fan delito del orden militar, y en su momento pues ellos ser\u00e1n los encargados de informar lo que corresponda\u201d.<\/p>\n<h1 class=\"titular\">Enfrentamientos del C\u00e1rtel de Sinaloa dejan 30 muertos el fin de semana<\/h1>\n<p><strong class=\"bajada\">De acuerdo a cifras de la Fiscal\u00eda del estado, durante el s\u00e1bado se tiene registro de 19 homicidios dolosos mientras que la Secretar\u00eda de Seguridad de Sinaloa report\u00f3 14 muertes durante el domingo, todas en diferentes hechos violentos.<\/strong><\/p>\n<div class=\"row\">\n<div class=\"col-md-1 col-sticky\">\n<div class=\"item\"><img data-recalc-dims=\"1\" decoding=\"async\" src=\"https:\/\/i0.wp.com\/www.proceso.com.mx\/u\/fotografias\/m\/2024\/10\/28\/f685x385-210219_247912_5050.jpeg?w=696&#038;ssl=1\" alt=\"Enfrentamientos del C\u00e1rtel de Sinaloa dejan 30 muertos el fin de semana\" \/><\/div>\n<div>\n<p>Los enfrentamientos armados entre facciones del crimen organizado se trasladaron la noche del domingo a Mazatl\u00e1n, municipio al sur de Sinaloa.\u00a0El saldo de la violencia desatada por el choque de facciones del C\u00e1rtel de Sinaloa dej\u00f3 30 personas fallecidas.<\/p>\n<p>Estos enfrentamientos ocurridos en la zona norte de Mazatl\u00e1n provocaron un toque de queda que fue llamado por el ayuntamiento y se registraron\u00a0falla en sitios de Facebook, de p\u00e1ginas de noticias\u00a0bloqueadas durante horas la noche del domingo entre las 20 y las 23 horas.<\/p>\n<p>Como saldo de estos enfrentamientos, se report\u00f3\u00a0el hallazgo de un veh\u00edculo blindado con una persona sin vida al interior. Tambi\u00e9n se inform\u00f3 sobre un taxista herido por una bala perdida, incluso se registr\u00f3 el hallazgo de restos humanos en una hielera en las cercan\u00edas del parque 87.<\/p>\n<p>De acuerdo a cifras de la Fiscal\u00eda del estado, durante el s\u00e1bado se tiene registro de 19 homicidios dolosos mientras que la Secretar\u00eda de Seguridad de Sinaloa report\u00f3 14 muertes durante el domingo, todas en diferentes hechos violentos.<\/p>\n<p>\u201c\u00bfNo me va a pasar nada?\u201d, insiste el menor a su padre, quien le responde que \u201cno pasa nada\u201d para tratar de tranquilizarlo.<\/p>\n<div class=\"twitter-tweet twitter-tweet-rendered\"><iframe id=\"twitter-widget-0\" class=\"\" title=\"X Post\" src=\"https:\/\/platform.twitter.com\/embed\/Tweet.html?dnt=false&amp;embedId=twitter-widget-0&amp;features=eyJ0ZndfdGltZWxpbmVfbGlzdCI6eyJidWNrZXQiOltdLCJ2ZXJzaW9uIjpudWxsfSwidGZ3X2ZvbGxvd2VyX2NvdW50X3N1bnNldCI6eyJidWNrZXQiOnRydWUsInZlcnNpb24iOm51bGx9LCJ0ZndfdHdlZXRfZWRpdF9iYWNrZW5kIjp7ImJ1Y2tldCI6Im9uIiwidmVyc2lvbiI6bnVsbH0sInRmd19yZWZzcmNfc2Vzc2lvbiI6eyJidWNrZXQiOiJvbiIsInZlcnNpb24iOm51bGx9LCJ0ZndfZm9zbnJfc29mdF9pbnRlcnZlbnRpb25zX2VuYWJsZWQiOnsiYnVja2V0Ijoib24iLCJ2ZXJzaW9uIjpudWxsfSwidGZ3X21peGVkX21lZGlhXzE1ODk3Ijp7ImJ1Y2tldCI6InRyZWF0bWVudCIsInZlcnNpb24iOm51bGx9LCJ0ZndfZXhwZXJpbWVudHNfY29va2llX2V4cGlyYXRpb24iOnsiYnVja2V0IjoxMjA5NjAwLCJ2ZXJzaW9uIjpudWxsfSwidGZ3X3Nob3dfYmlyZHdhdGNoX3Bpdm90c19lbmFibGVkIjp7ImJ1Y2tldCI6Im9uIiwidmVyc2lvbiI6bnVsbH0sInRmd19kdXBsaWNhdGVfc2NyaWJlc190b19zZXR0aW5ncyI6eyJidWNrZXQiOiJvbiIsInZlcnNpb24iOm51bGx9LCJ0ZndfdXNlX3Byb2ZpbGVfaW1hZ2Vfc2hhcGVfZW5hYmxlZCI6eyJidWNrZXQiOiJvbiIsInZlcnNpb24iOm51bGx9LCJ0ZndfdmlkZW9faGxzX2R5bmFtaWNfbWFuaWZlc3RzXzE1MDgyIjp7ImJ1Y2tldCI6InRydWVfYml0cmF0ZSIsInZlcnNpb24iOm51bGx9LCJ0ZndfbGVnYWN5X3RpbWVsaW5lX3N1bnNldCI6eyJidWNrZXQiOnRydWUsInZlcnNpb24iOm51bGx9LCJ0ZndfdHdlZXRfZWRpdF9mcm9udGVuZCI6eyJidWNrZXQiOiJvbiIsInZlcnNpb24iOm51bGx9fQ%3D%3D&amp;frame=false&amp;hideCard=false&amp;hideThread=false&amp;id=1851020934913675377&amp;lang=es&amp;origin=https%3A%2F%2Fwww.proceso.com.mx%2Fnacional%2Festados%2F2024%2F10%2F28%2Ftengo-miedo-papa-no-me-va-pasar-nada-nino-vive-terror-en-medio-de-una-balacera-en-mazatlan-339312.html&amp;sessionId=eca0c468f4ea0360b6d393e4d16243345cb901e7&amp;siteScreenName=proceso&amp;theme=light&amp;widgetsVersion=2615f7e52b7e0%3A1702314776716&amp;width=550px\" frameborder=\"0\" scrolling=\"no\" allowfullscreen=\"allowfullscreen\" data-tweet-id=\"1851020934913675377\" data-mce-fragment=\"1\"><\/iframe><\/div>\n<p>&nbsp;<\/p>\n<p>Las im\u00e1genes supuestamente corresponden a los hechos ocurridos el domingo 27, cuando se registr\u00f3 una jornada violenta en las calles de Mazatl\u00e1n, Sinaloa. Los habitantes registraron los hechos violentos en videos que subieron a redes sociales y se viralizaron r\u00e1pidamente.<\/p>\n<p>En los videos se escuchan diversas detonaciones de armas de fuego, camionetas paradas, e incluso uno mostr\u00f3 una camioneta blanca completamente baleada, evidenciando la intensidad de estos sucesos.<\/p>\n<div class=\"twitter-tweet twitter-tweet-rendered\"><iframe id=\"twitter-widget-1\" class=\"\" title=\"X Post\" src=\"https:\/\/platform.twitter.com\/embed\/Tweet.html?dnt=false&amp;embedId=twitter-widget-1&amp;features=eyJ0ZndfdGltZWxpbmVfbGlzdCI6eyJidWNrZXQiOltdLCJ2ZXJzaW9uIjpudWxsfSwidGZ3X2ZvbGxvd2VyX2NvdW50X3N1bnNldCI6eyJidWNrZXQiOnRydWUsInZlcnNpb24iOm51bGx9LCJ0ZndfdHdlZXRfZWRpdF9iYWNrZW5kIjp7ImJ1Y2tldCI6Im9uIiwidmVyc2lvbiI6bnVsbH0sInRmd19yZWZzcmNfc2Vzc2lvbiI6eyJidWNrZXQiOiJvbiIsInZlcnNpb24iOm51bGx9LCJ0ZndfZm9zbnJfc29mdF9pbnRlcnZlbnRpb25zX2VuYWJsZWQiOnsiYnVja2V0Ijoib24iLCJ2ZXJzaW9uIjpudWxsfSwidGZ3X21peGVkX21lZGlhXzE1ODk3Ijp7ImJ1Y2tldCI6InRyZWF0bWVudCIsInZlcnNpb24iOm51bGx9LCJ0ZndfZXhwZXJpbWVudHNfY29va2llX2V4cGlyYXRpb24iOnsiYnVja2V0IjoxMjA5NjAwLCJ2ZXJzaW9uIjpudWxsfSwidGZ3X3Nob3dfYmlyZHdhdGNoX3Bpdm90c19lbmFibGVkIjp7ImJ1Y2tldCI6Im9uIiwidmVyc2lvbiI6bnVsbH0sInRmd19kdXBsaWNhdGVfc2NyaWJlc190b19zZXR0aW5ncyI6eyJidWNrZXQiOiJvbiIsInZlcnNpb24iOm51bGx9LCJ0ZndfdXNlX3Byb2ZpbGVfaW1hZ2Vfc2hhcGVfZW5hYmxlZCI6eyJidWNrZXQiOiJvbiIsInZlcnNpb24iOm51bGx9LCJ0ZndfdmlkZW9faGxzX2R5bmFtaWNfbWFuaWZlc3RzXzE1MDgyIjp7ImJ1Y2tldCI6InRydWVfYml0cmF0ZSIsInZlcnNpb24iOm51bGx9LCJ0ZndfbGVnYWN5X3RpbWVsaW5lX3N1bnNldCI6eyJidWNrZXQiOnRydWUsInZlcnNpb24iOm51bGx9LCJ0ZndfdHdlZXRfZWRpdF9mcm9udGVuZCI6eyJidWNrZXQiOiJvbiIsInZlcnNpb24iOm51bGx9fQ%3D%3D&amp;frame=false&amp;hideCard=false&amp;hideThread=false&amp;id=1850759245068656947&amp;lang=es&amp;origin=https%3A%2F%2Fwww.proceso.com.mx%2Fnacional%2Festados%2F2024%2F10%2F28%2Ftengo-miedo-papa-no-me-va-pasar-nada-nino-vive-terror-en-medio-de-una-balacera-en-mazatlan-339312.html&amp;sessionId=eca0c468f4ea0360b6d393e4d16243345cb901e7&amp;siteScreenName=proceso&amp;theme=light&amp;widgetsVersion=2615f7e52b7e0%3A1702314776716&amp;width=550px\" frameborder=\"0\" scrolling=\"no\" allowfullscreen=\"allowfullscreen\" data-tweet-id=\"1850759245068656947\" data-mce-fragment=\"1\"><\/iframe><\/div>\n<p>&nbsp;<\/p>\n<p>Ante esto, el gobierno municipal de Mazatl\u00e1n inst\u00f3 a la poblaci\u00f3n a resguardarse mientras las autoridades de los tres niveles de gobierno se manten\u00edan atendiendo las incidencias.<\/p>\n<h1 class=\"titular\">Secuestro de \u00abEl Mayo\u00bb Zambada est\u00e1 probado: Gertz Manero<\/h1>\n<p><img data-recalc-dims=\"1\" decoding=\"async\" src=\"https:\/\/i0.wp.com\/www.proceso.com.mx\/u\/fotografias\/fotosnoticias\/2024\/10\/29\/210286.jpeg?w=696&#038;ssl=1\" \/><\/p>\n<p><strong class=\"bajada\">\u00abEsa persona fue secuestrada en Culiac\u00e1n, lleg\u00f3 por avi\u00f3n a una ciudad fronteriza de los Estados Unidos, la entrada de cualquier avi\u00f3n y cualquier persona est\u00e1n reglamentadas con la Ley Norteamericana y se tiene que identificar el veh\u00edculo\u00bb, asever\u00f3 el titular de la FGR.<\/strong><\/p>\n<div class=\"row\">\n<div class=\"col-md-1 col-sticky\">\n<div class=\"inner-share-bar cf\">\n<div class=\"item\">\n<p>Ismael \u00abEl Mayo\u00bb Zambada fue secuestrado, \u00abest\u00e1 probado\u00bb, asegur\u00f3 el fiscal Alejandro Gertz Manero, quien asisti\u00f3 por primera vez a la \u00abma\u00f1anera del pueblo\u00bb de la presidenta Claudia Sheinbaum, y donde fue cuestionado sobre la detenci\u00f3n del l\u00edder del C\u00e1rtel de Sinaloa.<\/p>\n<blockquote><p>\u00abEsa persona fue secuestrada en Culiac\u00e1n, lleg\u00f3 por avi\u00f3n a una ciudad fronteriza de los Estados Unidos, la entrada de cualquier avi\u00f3n y cualquier persona est\u00e1n reglamentadas con la Ley Norteamericana y se tiene que identificar el veh\u00edculo, que en esta caso es el avi\u00f3n\u201d, se\u00f1al\u00f3 el funcionario, quien tuvo pocas apariciones p\u00fablicas durante el sexenio del expresidente Andr\u00e9s Manuel L\u00f3pez Obrador.<\/p><\/blockquote>\n<p>Gertz Manero asegur\u00f3 que la matr\u00edcula del avi\u00f3n, donde viajaba Ismael\u00a0\u201cEl Mayo\u201d\u00a0Zambada, estaba\u00a0clonada.<\/p>\n<blockquote><p>\u201cSe tiene que identificar fundamentalmente al piloto, porque ning\u00fan piloto, ning\u00fan avi\u00f3n, puede entrar a un aeropuerto fronterizo de los Estados Unidos si no llena una serie de requisitos, estos requisitos son obligatorios para todos, es lo que estamos pidiendo\u201d,\u00a0mencion\u00f3.<\/p><\/blockquote>\n<p>Hace nueve d\u00edas, la FGR emiti\u00f3 un comunicado donde asegur\u00f3 que polic\u00edas, fiscales y expertos forenses de Sinaloa se confabularon para encubrir el asesinato de un rival del gobernador Rub\u00e9n Rocha Moya, utilizando una camioneta ensangrentada que fue descubierta en la escena del crimen.<\/p>\n<p>La declaraci\u00f3n de la FGR respald\u00f3\u00a0la versi\u00f3n del encarcelado capo Ismael \u201cEl Mayo\u201d Zambada, quien asegura que el 25 de julio otro cabecilla del c\u00e1rtel de Sinaloa lo oblig\u00f3 a abordar un avi\u00f3n en el que ambos volaron hacia Estados Unidos y se entregaron a las autoridades federales.<\/p>\n<p>Zambada dio a conocer una carta en agosto pasado en que asegur\u00f3 que H\u00e9ctor Cu\u00e9n, rival del gobernador oficialista, fue asesinado el mismo d\u00eda y en el mismo lugar en que Zambada fue secuestrado. La Fiscal\u00eda General de la Rep\u00fablica revel\u00f3 el domingo que en el lugar del asesinato \u2014una rancher\u00eda ubicada a las afueras de Culiac\u00e1n, la capital del estado\u2014 se encontraron residuos de sangre de Cu\u00e9n.<\/p>\n<p>Rocha Moya a\u00fan no ha hecho declaraciones p\u00fablicas relacionadas al comunicado de la fiscal\u00eda federal, pero en ocasiones anteriores ha dicho que Cu\u00e9n fue asesinado por hombres armados durante un intento de robo en una gasolinera ubicada a varios kil\u00f3metros de distancia, y la fiscal\u00eda estatal de Sinaloa difundi\u00f3 im\u00e1genes de una c\u00e1mara de seguridad en que se mostraba el presunto asalto.<\/p>\n<\/div>\n<\/div>\n<\/div>\n<\/div>\n<p>&nbsp;<\/p>\n<h1 class=\"titular\">Captura del \u00abMayo\u00bb Zambada: Gertz Manero evita especular sobre \u00abviaje fantasma\u00bb de Rocha Moya<\/h1>\n<p><img data-recalc-dims=\"1\" decoding=\"async\" src=\"https:\/\/i0.wp.com\/www.proceso.com.mx\/u\/fotografias\/fotosnoticias\/2024\/10\/29\/210287.jpeg?w=696&#038;ssl=1\" \/><\/p>\n<p><strong class=\"bajada\">El fiscal general remiti\u00f3 la respuesta al asesinato del exrector de la Universidad Aut\u00f3noma de Sinaloa, H\u00e9ctor Melesio Cu\u00e9n, que, seg\u00fan la fiscal\u00eda del estado se dio en una gasolinera, cuando en realidad, inform\u00f3 la FGR, fue en el sitio donde ser\u00eda la supuesta reuni\u00f3n entre el capo.<\/strong><\/p>\n<div class=\"row\">\n<div class=\"col-md-1 col-sticky\">\n<div class=\"item\">La afirmaci\u00f3n de actos irregulares del gobernador de Sinaloa, Rub\u00e9n Rocha, en el entorno del secuestro de Ismael \u201cEl Mayo\u201d Zambada, se har\u00e1 una vez que se tengan pruebas, en caso de ser as\u00ed, afirm\u00f3 el fiscal General de la Rep\u00fablica, Alejandro Gertz Manero.<\/div>\n<div>\n<p>-\u00bfC\u00f3mo llevan el caso del gobernador Rub\u00e9n Rocha? \u00bfS\u00ed hubo esta salida o no de M\u00e9xico, las actividades o han detectado algo irregular en su actuaci\u00f3n?, se le pregunt\u00f3 en su primera aparici\u00f3n en una conferencia presidencial del gobierno de Claudia Sheinbaum.<\/p>\n<p>-La Fiscal\u00eda tiene que ser muy concreta cuando tiene datos de prueba, conforme hemos tenido datos de prueba en raz\u00f3n de los funcionarios de la fiscal\u00eda estatal que estaban interviniendo en una acci\u00f3n que se llev\u00f3 a cabo en una gasolinera que evidentemente est\u00e1 demostrado, se hizo p\u00fablico, nosotros no vamos a hacer imputaciones cuando mientras no tengamos las pruebas suficientes. Cuando las tengamos, las vamos a hacer como lo hemos venido haciendo, pero no podemos hacerlo antes porque nuestra propia tarea nos lo impide.<\/p>\n<p>-\u00bfS\u00ed lo tienen en el entorno de investigaci\u00f3n?, una cosa es que no se tengan pruebas hasta el momento y otra cosa es que s\u00ed se est\u00e9 investigando.<\/p>\n<p>-Por eso se lo digo: mientras no tengamos la certeza no podemos hacer una afirmaci\u00f3n. La vamos a hacer, de eso no tenga cuidado cuando sea procedente, pero no podemos adelantarnos a hacer una serie de hip\u00f3tesis que no tenemos probadas.<\/p>\n<p>El fiscal general remiti\u00f3 la respuesta al asesinato del exrector de la Universidad Aut\u00f3noma de Sinaloa, H\u00e9ctor Melesio Cu\u00e9n, que, seg\u00fan la fiscal\u00eda del estado se dio en una gasolinera, cuando en realidad, inform\u00f3 la FGR, fue en el sitio donde ser\u00eda la supuesta reuni\u00f3n a la que fue convocada \u201cEl Mayo\u201d Zambada y donde tambi\u00e9n se anunci\u00f3 que estar\u00eda el gobernador Rub\u00e9n Rocha Moya.<\/p>\n<h1 class=\"title font-bold \">Arrojan volantes desde avioneta en Culiac\u00e1n supuestamente firmadas por \u00abLa Mayiza\u00bb; afirman que no descansar\u00e1n hasta \u00abponer orden\u00bb<\/h1>\n<p class=\"sc__font-paragraph\">En un lapso de veinticinco d\u00edas, en dos ocasiones han sido arrojados\u00a0<b>volantes\u00a0<\/b>a la v\u00eda p\u00fablica, presuntamente desde avionetas o en forma manual, esto como una acci\u00f3n en contra de los hijos del<b>\u00a0<\/b><b>\u201cChapo Guzm\u00e1n\u201d<\/b><b>\u00a0<\/b>a los que les atribuyen cobros de piso y otros abusos, en complicidad con el gobernador,\u00a0<b>Rub\u00e9n Rocha Moya<\/b>.<\/p>\n<p class=\"sc__font-paragraph\">Como parte de la guerra que libran en el estado los grupos de los \u201cchapitos y los mayitos\u201d, este martes volvi\u00f3 a circular un nuevo volante, en el que solicitan sumar esfuerzos para que puedan entrar a\u00a0<b>Culiac\u00e1n\u00a0<\/b>para poner orden, con la firma de \u00ab<b>La Mayiza\u00bb<\/b>.<\/p>\n<p>En el texto, se cita que no van a descansar hasta entrar a Culiac\u00e1n ya que quieren poner orden y acabar con tantos abusos cometidos por los chapos, para ello necesitan derrocar a este gobierno que los apoya, por lo que dan un n\u00famero telef\u00f3nico para cualquier abuso, corrupci\u00f3n, negocios y domicilios del gobernador, as\u00ed como de sus hijos y gabinete.<\/p>\n<p class=\"sc__font-paragraph\">Un volante similar, impreso en dos hojas, el cual circul\u00f3 el viernes\u00a0<b>27 de septiembre<\/b>\u00a0pasado, titulado \u201cEl cartel de los sapitos\u201d en el que se pide que si los conoce los denuncie, a\u00a0<b>n\u00fameros telef\u00f3nicos<\/b>\u00a0de la Sedena, Marina y la Novena Zona Militar, aparecen los rostros de 17 personas, de 19 que se citan en el panfleto, entre ellos esta el de Rocha Moya.<\/p>\n<p><img decoding=\"async\" src=\"https:\/\/fotos.e-consulta.com\/site_uploads\/2024\/septiembre\/lanzan_volantes_desde_avionetas_contra_los_chapitos_en_sinaloa_2.jfif\" alt=\"Lanzan volantes desde avionetas contra Los Chapitos en Sinaloa |  e-consulta.com\" \/><\/p>\n<p class=\"sc__font-paragraph\">En este volante, en los que aparecen las fotos de los hijos de Joaqu\u00edn Guzm\u00e1n Loera, el hoy Senador de Morena, Enrique Inzunza Cazares y el alcalde de<b>\u00a0Badiraguato<\/b>, Jos\u00e9 Paz L\u00f3pez Elenes, los acusan de estar vinculados a proyectos inmobiliarios fraudulentos, lavado de dinero del cartel de los \u201csapitos\u201d<\/p>\n<p><img decoding=\"async\" src=\"https:\/\/www.e-consulta.com\/_next\/image?url=https%3A%2F%2Ffotos.e-consulta.com%2Flanzan_volantes_desde_avionetas_contra_los_chapitos_en_sinaloa.jpg&amp;w=1920&amp;q=75\" alt=\"Lanzan volantes desde avionetas contra Los Chapitos en Sinaloa  \" \/><\/p>\n<h1 class=\"titular\">\u00abLa Mayiza\u00bb tiene un C4 en Sinaloa<\/h1>\n<p><img data-recalc-dims=\"1\" decoding=\"async\" src=\"https:\/\/i0.wp.com\/www.proceso.com.mx\/u\/fotografias\/fotosnoticias\/2024\/10\/6\/208862.jpg?w=696&#038;ssl=1\" \/><\/p>\n<p><strong class=\"bajada\">Una fuente dentro del primer c\u00edrculo de operadores de Ismael Zambada Sicairos, \u00abEl Mayito Flaco\u00bb revel\u00f3 detalles de qui\u00e9n se encuentra detr\u00e1s de dicho n\u00famero de tel\u00e9fono.<\/strong><\/p>\n<\/div>\n<\/div>\n<\/div>\n<\/div>\n<\/div>\n<\/div>\n<p>El pasado martes 22 de octubre, el sonido de una avioneta surcando el cielo de la c\u00e1lida Culiac\u00e1n, en el estado de Sinaloa, anunciaba el comienzo de un nuevo d\u00eda: una nueva jornada en la guerra de facciones de la misma organizaci\u00f3n criminal.<\/p>\n<p>Los residentes de Culiac\u00e1n recibieron una lluvia de papeles que lanzaban hombres desde aquella avioneta. El mensaje, impreso en tinta negra y con las iniciales MF de fondo, advert\u00eda a los sinaloenses que no descansar\u00edan \u201chasta entrar a Culiac\u00e1n\u201d.<\/p>\n<p>\u201cQueremos poner orden y acabar con tanto abuso cometido por los chapos, para eso necesitamos derrocar a este gobierno que losapoya,\u201d agregaba el comunicado firmado a nombre de \u2018La Mayiza\u2019, la facci\u00f3n liderada por Ismael Zambada Sicairos, conocido como \u2018El Mayito Flaco\u2019, hijo del m\u00edtico narcotraficante hom\u00f3nimo.<\/p>\n<p>En letras rojas el mensaje ofrec\u00eda un n\u00famero con lada telef\u00f3nica de Sinaloa. \u201cPido comunicar a este mismo n\u00famero cualquier abuso, corrupci\u00f3n, negocios y domicilios del gobernador as\u00ed como de sus hijos y gabinete,\u201d dec\u00eda el mensaje.<\/p>\n<p><img data-recalc-dims=\"1\" loading=\"lazy\" decoding=\"async\" src=\"https:\/\/i0.wp.com\/www.proceso.com.mx\/u\/fotografias\/m\/2024\/10\/23\/f768x400-209918_253821_5050.jpg?resize=696%2C363&#038;ssl=1\" alt=\"\" width=\"696\" height=\"363\" \/><\/p>\n<p>El actual gobernador de Sinaloa, Rub\u00e9n Rocha Moya, ha quedado en medio del fuego cruzado entre facciones luego de ser relacionado en el secuestro y entrega a Estados Unidos de Ismael Zambada Garc\u00eda. Desde entonces ha estado envuelto en se\u00f1alamientos de proteger a la facci\u00f3n de Los Chapitos, liderada por los dos hijos de Joaqu\u00edn \u00abEl Chapo\u00bb\u00a0Guzm\u00e1n y quienes presuntamente habr\u00edan operado dicho secuestro.<\/p>\n<p>El tel\u00e9fono ofrecido en el panfleto no es nuevo para los sinaloenses: el pasado 8 de octubre los residentes de \u2018El Dorado\u2019, un municipio en las afueras de Culiac\u00e1n, tambi\u00e9n despertaron tapizados de volantes que ped\u00edan a los residentes \u201chacer su vida en sus horarios normales\u201d y \u201cdenunciar rateros o extorsionadores\u201d. En aquel panfleto se ofrec\u00eda el mismo n\u00famero de tel\u00e9fono.<\/p>\n<p>SAGA intent\u00f3 varias veces entablar una llamada a dicho n\u00famero pero fue imposible, el tel\u00e9fono parec\u00eda estar desconectado.<\/p>\n<p>Sin embargo una fuente dentro del primer c\u00edrculo de operadores de Ismael Zambada Sicairos, \u2018El Mayito\u2019 Flaco revel\u00f3 detalles de qui\u00e9n se encuentra detr\u00e1s de dicho n\u00famero de tel\u00e9fono.<\/p>\n","protected":false},"excerpt":{"rendered":"<p>Tras la detenci\u00f3n de Ismael \u201cEl Mayo\u201d Zambada por agencias de Estados Unidos, los grupos delincuenciales en Culiac\u00e1n y, en especial, los escoltas de los l\u00edderes de las fracciones del C\u00e1rtel de Sinaloa se han vuelto m\u00e1s violentos, afirm\u00f3 el secretario de la Defensa Nacional, Ricardo Trevilla. \u201cEn el caso de Sinaloa, el origen del [&hellip;]<\/p>\n","protected":false},"author":5,"featured_media":63154,"comment_status":"open","ping_status":"open","sticky":false,"template":"","format":"standard","meta":{"_uf_show_specific_survey":0,"_uf_disable_surveys":false,"advanced_seo_description":"","jetpack_seo_html_title":"","jetpack_seo_noindex":false,"jetpack_post_was_ever_published":false,"_jetpack_newsletter_access":"","_jetpack_dont_email_post_to_subs":false,"_jetpack_newsletter_tier_id":0,"_jetpack_memberships_contains_paywalled_content":false,"_jetpack_memberships_contains_paid_content":false,"footnotes":"","jetpack_publicize_message":"","jetpack_publicize_feature_enabled":true,"jetpack_social_post_already_shared":true,"jetpack_social_options":{"image_generator_settings":{"template":"highway","default_image_id":0,"font":"","enabled":false},"version":2}},"categories":[1724,41],"tags":[1140,853,72],"class_list":{"0":"post-63153","1":"post","2":"type-post","3":"status-publish","4":"format-standard","5":"has-post-thumbnail","7":"category-featured","8":"category-sinaloa","9":"tag-carteldesinaloa","10":"tag-seguridadpublica","11":"tag-cds"},"jetpack_publicize_connections":[],"jetpack_featured_media_url":"https:\/\/i0.wp.com\/mexicocodigorojo.com.mx\/wp-content\/uploads\/2024\/10\/210092.jpg?fit=1600%2C871&ssl=1","jetpack-related-posts":[{"id":62538,"url":"https:\/\/mexicocodigorojo.com.mx\/?p=62538","url_meta":{"origin":63153,"position":0},"title":"Reestructuraci\u00f3n en Sinaloa: \u00bfQui\u00e9n Tomar\u00e1 las Riendas del C\u00e1rtel Tras la Ca\u00edda de sus L\u00edderes?","author":"MexicoRojoCvmx","date":"agosto 8, 2024","format":false,"excerpt":"En una operaci\u00f3n sin precedentes coordinada por el FBI y la DEA, las autoridades estadounidenses capturaron a Ismael \u2018El Mayo\u2019 Zambada y a Joaqu\u00edn Guzm\u00e1n L\u00f3pez, hijo de Joaqu\u00edn \u2018El Chapo\u2019 Guzm\u00e1n, en un aer\u00f3dromo privado en El Paso, Texas. Este golpe marca un punto de inflexi\u00f3n en la estructura\u2026","rel":"","context":"En \u00abCiudad de M\u00e9xico\u00bb","block_context":{"text":"Ciudad de M\u00e9xico","link":"https:\/\/mexicocodigorojo.com.mx\/?cat=101"},"img":{"alt_text":"","src":"https:\/\/i0.wp.com\/mexicocodigorojo.com.mx\/wp-content\/uploads\/2024\/08\/sinaloa.jpg?fit=1200%2C800&ssl=1&resize=350%2C200","width":350,"height":200,"srcset":"https:\/\/i0.wp.com\/mexicocodigorojo.com.mx\/wp-content\/uploads\/2024\/08\/sinaloa.jpg?fit=1200%2C800&ssl=1&resize=350%2C200 1x, https:\/\/i0.wp.com\/mexicocodigorojo.com.mx\/wp-content\/uploads\/2024\/08\/sinaloa.jpg?fit=1200%2C800&ssl=1&resize=525%2C300 1.5x, https:\/\/i0.wp.com\/mexicocodigorojo.com.mx\/wp-content\/uploads\/2024\/08\/sinaloa.jpg?fit=1200%2C800&ssl=1&resize=700%2C400 2x, https:\/\/i0.wp.com\/mexicocodigorojo.com.mx\/wp-content\/uploads\/2024\/08\/sinaloa.jpg?fit=1200%2C800&ssl=1&resize=1050%2C600 3x"},"classes":[]},{"id":62416,"url":"https:\/\/mexicocodigorojo.com.mx\/?p=62416","url_meta":{"origin":63153,"position":1},"title":"Los \u00abnarcos\u00bb m\u00e1s buscados despu\u00e9s de \u00abEl Mayo\u00bb Zambada","author":"MCR","date":"julio 25, 2024","format":false,"excerpt":"La tarde de este 25 de julio se report\u00f3 la detenci\u00f3n de Ismael \u2018El Mayo\u2019 Zambada, uno de los m\u00e1ximos l\u00edderes del C\u00e1rtel de Sinaloa y de Joaqu\u00edn Guzm\u00e1n L\u00f3pez, uno de los cuatro hijos del narcotraficante Joaqu\u00edn \u2018El Chapo\u2019 Guzm\u00e1n Loera, conocido como \u2018Los Chapitos\u2019. De acuerdo a la\u2026","rel":"","context":"En \u00abCiudad de M\u00e9xico\u00bb","block_context":{"text":"Ciudad de M\u00e9xico","link":"https:\/\/mexicocodigorojo.com.mx\/?cat=101"},"img":{"alt_text":"","src":"https:\/\/i0.wp.com\/mexicocodigorojo.com.mx\/wp-content\/uploads\/2024\/07\/Screenshot_20240725_201423_Gallery.jpg?fit=1200%2C688&ssl=1&resize=350%2C200","width":350,"height":200,"srcset":"https:\/\/i0.wp.com\/mexicocodigorojo.com.mx\/wp-content\/uploads\/2024\/07\/Screenshot_20240725_201423_Gallery.jpg?fit=1200%2C688&ssl=1&resize=350%2C200 1x, https:\/\/i0.wp.com\/mexicocodigorojo.com.mx\/wp-content\/uploads\/2024\/07\/Screenshot_20240725_201423_Gallery.jpg?fit=1200%2C688&ssl=1&resize=525%2C300 1.5x, https:\/\/i0.wp.com\/mexicocodigorojo.com.mx\/wp-content\/uploads\/2024\/07\/Screenshot_20240725_201423_Gallery.jpg?fit=1200%2C688&ssl=1&resize=700%2C400 2x, https:\/\/i0.wp.com\/mexicocodigorojo.com.mx\/wp-content\/uploads\/2024\/07\/Screenshot_20240725_201423_Gallery.jpg?fit=1200%2C688&ssl=1&resize=1050%2C600 3x"},"classes":[]},{"id":62414,"url":"https:\/\/mexicocodigorojo.com.mx\/?p=62414","url_meta":{"origin":63153,"position":2},"title":"Se entregaron \u201cEl Mayo\u201d e Hijo del Chapo a la DEA en aeropuerto privado del Paso","author":"Staff","date":"julio 25, 2024","format":false,"excerpt":"El Departamento de Justicia emiti\u00f3 la siguiente declaraci\u00f3n del Fiscal General Merrick B. Garland sobre los arrestos de los presuntos l\u00edderes del Cartel de Sinaloa, Ismael Zambada Garc\u00eda (El Mayo) y Joaqu\u00edn Guzm\u00e1n L\u00f3pez: \u201cEl Departamento de Justicia ha detenido a dos presuntos l\u00edderes adicionales del Cartel de Sinaloa, una\u2026","rel":"","context":"En \u00abFeatured\u00bb","block_context":{"text":"Featured","link":"https:\/\/mexicocodigorojo.com.mx\/?cat=1724"},"img":{"alt_text":"","src":"https:\/\/i0.wp.com\/mexicocodigorojo.com.mx\/wp-content\/uploads\/2024\/07\/img_2059-1.jpg?fit=678%2C452&ssl=1&resize=350%2C200","width":350,"height":200,"srcset":"https:\/\/i0.wp.com\/mexicocodigorojo.com.mx\/wp-content\/uploads\/2024\/07\/img_2059-1.jpg?fit=678%2C452&ssl=1&resize=350%2C200 1x, https:\/\/i0.wp.com\/mexicocodigorojo.com.mx\/wp-content\/uploads\/2024\/07\/img_2059-1.jpg?fit=678%2C452&ssl=1&resize=525%2C300 1.5x"},"classes":[]},{"id":62835,"url":"https:\/\/mexicocodigorojo.com.mx\/?p=62835","url_meta":{"origin":63153,"position":3},"title":"EU recomienda no viajar a Sinaloa por escalada de violencia","author":"Staff","date":"septiembre 13, 2024","format":false,"excerpt":"Ante la multiplicaci\u00f3n de los enfrentamientos en Sinaloa, derivados de la pugna entre los hijos de Joaqu\u00edn \u201cEl Chapo\u201d Guzm\u00e1n Loera y el hijo de Ismael \u201cEl Mayo\u201d Zambada, la embajada de Estados Unidos en M\u00e9xico exhort\u00f3 a sus connacionales a no viajar a la entidad, y pidi\u00f3 a quienes\u2026","rel":"","context":"En \u00abFeatured\u00bb","block_context":{"text":"Featured","link":"https:\/\/mexicocodigorojo.com.mx\/?cat=1724"},"img":{"alt_text":"","src":"https:\/\/i0.wp.com\/mexicocodigorojo.com.mx\/wp-content\/uploads\/2024\/09\/207155.jpg?fit=1200%2C707&ssl=1&resize=350%2C200","width":350,"height":200,"srcset":"https:\/\/i0.wp.com\/mexicocodigorojo.com.mx\/wp-content\/uploads\/2024\/09\/207155.jpg?fit=1200%2C707&ssl=1&resize=350%2C200 1x, https:\/\/i0.wp.com\/mexicocodigorojo.com.mx\/wp-content\/uploads\/2024\/09\/207155.jpg?fit=1200%2C707&ssl=1&resize=525%2C300 1.5x, https:\/\/i0.wp.com\/mexicocodigorojo.com.mx\/wp-content\/uploads\/2024\/09\/207155.jpg?fit=1200%2C707&ssl=1&resize=700%2C400 2x, https:\/\/i0.wp.com\/mexicocodigorojo.com.mx\/wp-content\/uploads\/2024\/09\/207155.jpg?fit=1200%2C707&ssl=1&resize=1050%2C600 3x"},"classes":[]},{"id":62254,"url":"https:\/\/mexicocodigorojo.com.mx\/?p=62254","url_meta":{"origin":63153,"position":4},"title":"\u00bfQui\u00e9n es El Guano Guzm\u00e1n? Y que tiene que ver con el s\u00edndrome de los capos viejos de Sinaloa","author":"MCR","date":"julio 14, 2024","format":false,"excerpt":"El hermano de El Chapo y el viejo socio de ambos, El Mayo Zambada, est\u00e1n por cumplir 80 a\u00f1os. La edad, los achaques y la presi\u00f3n de las autoridades alimentan la incertidumbre sobre el futuro de la organizaci\u00f3n criminal. Pasan los a\u00f1os, tambi\u00e9n para los viejos capos del c\u00e1rtel de\u2026","rel":"","context":"En \u00abCiudad de M\u00e9xico\u00bb","block_context":{"text":"Ciudad de M\u00e9xico","link":"https:\/\/mexicocodigorojo.com.mx\/?cat=101"},"img":{"alt_text":"","src":"https:\/\/i0.wp.com\/mexicocodigorojo.com.mx\/wp-content\/uploads\/2024\/07\/Screenshot_20240714_134842_Gallery.jpg?fit=1200%2C752&ssl=1&resize=350%2C200","width":350,"height":200,"srcset":"https:\/\/i0.wp.com\/mexicocodigorojo.com.mx\/wp-content\/uploads\/2024\/07\/Screenshot_20240714_134842_Gallery.jpg?fit=1200%2C752&ssl=1&resize=350%2C200 1x, https:\/\/i0.wp.com\/mexicocodigorojo.com.mx\/wp-content\/uploads\/2024\/07\/Screenshot_20240714_134842_Gallery.jpg?fit=1200%2C752&ssl=1&resize=525%2C300 1.5x, https:\/\/i0.wp.com\/mexicocodigorojo.com.mx\/wp-content\/uploads\/2024\/07\/Screenshot_20240714_134842_Gallery.jpg?fit=1200%2C752&ssl=1&resize=700%2C400 2x, https:\/\/i0.wp.com\/mexicocodigorojo.com.mx\/wp-content\/uploads\/2024\/07\/Screenshot_20240714_134842_Gallery.jpg?fit=1200%2C752&ssl=1&resize=1050%2C600 3x"},"classes":[]},{"id":63643,"url":"https:\/\/mexicocodigorojo.com.mx\/?p=63643","url_meta":{"origin":63153,"position":5},"title":"Detienen en Sinaloa a &#8216;El Chavo F\u00e9lix&#8217;, yerno de &#8216;El Mayo&#8217;","author":"Staff","date":"enero 18, 2025","format":false,"excerpt":"Efectivos del Ej\u00e9rcito Mexicano y de la Guardia Nacional detuvieron en Sinaloa a Juan Carlos F\u00e9lix Gast\u00e9lum,\u00a0El Chavo F\u00e9lix,\u00a0yerno de ismael\u00a0El Mayo\u00a0Zambada Garc\u00eda. Fuentes del Gabinete de Seguridad confirmaron la captura de\u00a0El Chavo F\u00e9lix, identificado como uno de los operadores del C\u00e1rtel de Sinaloa, por parte de la facci\u00f3n que\u2026","rel":"","context":"En \u00abFeatured\u00bb","block_context":{"text":"Featured","link":"https:\/\/mexicocodigorojo.com.mx\/?cat=1724"},"img":{"alt_text":"","src":"https:\/\/i0.wp.com\/mexicocodigorojo.com.mx\/wp-content\/uploads\/2025\/01\/Capturan-al-WEB-WEB-Chavo-Felix-lugarteniente-de-el-Mayo-Zambada-1-860x597-1.webp?fit=860%2C597&ssl=1&resize=350%2C200","width":350,"height":200,"srcset":"https:\/\/i0.wp.com\/mexicocodigorojo.com.mx\/wp-content\/uploads\/2025\/01\/Capturan-al-WEB-WEB-Chavo-Felix-lugarteniente-de-el-Mayo-Zambada-1-860x597-1.webp?fit=860%2C597&ssl=1&resize=350%2C200 1x, https:\/\/i0.wp.com\/mexicocodigorojo.com.mx\/wp-content\/uploads\/2025\/01\/Capturan-al-WEB-WEB-Chavo-Felix-lugarteniente-de-el-Mayo-Zambada-1-860x597-1.webp?fit=860%2C597&ssl=1&resize=525%2C300 1.5x, https:\/\/i0.wp.com\/mexicocodigorojo.com.mx\/wp-content\/uploads\/2025\/01\/Capturan-al-WEB-WEB-Chavo-Felix-lugarteniente-de-el-Mayo-Zambada-1-860x597-1.webp?fit=860%2C597&ssl=1&resize=700%2C400 2x"},"classes":[]}],"jetpack_sharing_enabled":true,"jetpack_likes_enabled":true,"jetpack_shortlink":"https:\/\/wp.me\/p9TedA-gqB","_links":{"self":[{"href":"https:\/\/mexicocodigorojo.com.mx\/index.php?rest_route=\/wp\/v2\/posts\/63153","targetHints":{"allow":["GET"]}}],"collection":[{"href":"https:\/\/mexicocodigorojo.com.mx\/index.php?rest_route=\/wp\/v2\/posts"}],"about":[{"href":"https:\/\/mexicocodigorojo.com.mx\/index.php?rest_route=\/wp\/v2\/types\/post"}],"author":[{"embeddable":true,"href":"https:\/\/mexicocodigorojo.com.mx\/index.php?rest_route=\/wp\/v2\/users\/5"}],"replies":[{"embeddable":true,"href":"https:\/\/mexicocodigorojo.com.mx\/index.php?rest_route=%2Fwp%2Fv2%2Fcomments&post=63153"}],"version-history":[{"count":1,"href":"https:\/\/mexicocodigorojo.com.mx\/index.php?rest_route=\/wp\/v2\/posts\/63153\/revisions"}],"predecessor-version":[{"id":63155,"href":"https:\/\/mexicocodigorojo.com.mx\/index.php?rest_route=\/wp\/v2\/posts\/63153\/revisions\/63155"}],"wp:featuredmedia":[{"embeddable":true,"href":"https:\/\/mexicocodigorojo.com.mx\/index.php?rest_route=\/wp\/v2\/media\/63154"}],"wp:attachment":[{"href":"https:\/\/mexicocodigorojo.com.mx\/index.php?rest_route=%2Fwp%2Fv2%2Fmedia&parent=63153"}],"wp:term":[{"taxonomy":"category","embeddable":true,"href":"https:\/\/mexicocodigorojo.com.mx\/index.php?rest_route=%2Fwp%2Fv2%2Fcategories&post=63153"},{"taxonomy":"post_tag","embeddable":true,"href":"https:\/\/mexicocodigorojo.com.mx\/index.php?rest_route=%2Fwp%2Fv2%2Ftags&post=63153"}],"curies":[{"name":"wp","href":"https:\/\/api.w.org\/{rel}","templated":true}]}}