{"id":63125,"date":"2024-10-22T11:24:04","date_gmt":"2024-10-22T17:24:04","guid":{"rendered":"https:\/\/mexicocodigorojo.com.mx\/?p=63125"},"modified":"2024-10-22T11:24:04","modified_gmt":"2024-10-22T17:24:04","slug":"ejecutan-a-agente-de-la-fgr-en-manzanillo-mujer-es-acribillada-en-valle-de-las-garzas","status":"publish","type":"post","link":"https:\/\/mexicocodigorojo.com.mx\/?p=63125","title":{"rendered":"Ejecutan a agente de la FGR en Manzanillo: mujer es acribillada en Valle de las Garzas"},"content":{"rendered":"<p>La violencia en Manzanillo cobr\u00f3 una nueva v\u00edctima la noche del lunes, cuando una mujer fue asesinada a tiros en el barrio 5 del Valle de las Garzas. El ataque ocurri\u00f3 cerca de las 9:00 p.m. en la avenida El\u00edas Zamora, casi esquina con Paseo de las Gaviotas, cuando la v\u00edctima, que conduc\u00eda una camioneta blanca, fue interceptada por dos sujetos armados a bordo de una motocicleta. Sin mediar palabra, los agresores dispararon en repetidas ocasiones, caus\u00e1ndole la muerte en el lugar.<\/p>\n<p>Durante las primeras investigaciones, las autoridades localizaron una credencial a nombre de Magaly Janet Nava Ramos, la cual la identificaba como agente de la Fiscal\u00eda General de la Rep\u00fablica (FGR) en el estado de Colima. Este hallazgo ha encendido las alarmas entre las corporaciones de seguridad, pues se teme que el crimen est\u00e9 relacionado con las funciones que desempe\u00f1aba Nava Ramos como parte de la fiscal\u00eda.<\/p>\n<p>La zona fue acordonada inmediatamente por elementos de diversas corporaciones, quienes realizaron las primeras pesquisas para intentar dar con los responsables del ataque. Aunque no se ha emitido un comunicado oficial, la credencial encontrada en la escena del crimen refuerza las versiones de que la v\u00edctima era una funcionaria de la FGR, lo que ha incrementado el inter\u00e9s en esclarecer si este homicidio tiene v\u00ednculos con el crimen organizado.<\/p>\n<p>Las investigaciones contin\u00faan, y se espera que en las pr\u00f3ximas horas las autoridades emitan un reporte oficial sobre el caso. Este hecho vuelve a poner en el foco la escalada de violencia en Manzanillo, donde el crimen organizado sigue cobrando v\u00edctimas, esta vez con el asesinato de una funcionaria clave en la lucha contra el narcotr\u00e1fico y otros delitos federales.<\/p>\n","protected":false},"excerpt":{"rendered":"<p>La violencia en Manzanillo cobr\u00f3 una nueva v\u00edctima la noche del lunes, cuando una mujer fue asesinada a tiros en el barrio 5 del Valle de las Garzas. El ataque ocurri\u00f3 cerca de las 9:00 p.m. en la avenida El\u00edas Zamora, casi esquina con Paseo de las Gaviotas, cuando la v\u00edctima, que conduc\u00eda una camioneta [&hellip;]<\/p>\n","protected":false},"author":21,"featured_media":63126,"comment_status":"open","ping_status":"open","sticky":false,"template":"","format":"standard","meta":{"_uf_show_specific_survey":0,"_uf_disable_surveys":false,"advanced_seo_description":"","jetpack_seo_html_title":"","jetpack_seo_noindex":false,"jetpack_post_was_ever_published":false,"_jetpack_newsletter_access":"","_jetpack_dont_email_post_to_subs":false,"_jetpack_newsletter_tier_id":0,"_jetpack_memberships_contains_paywalled_content":false,"_jetpack_memberships_contains_paid_content":false,"footnotes":"","jetpack_publicize_message":"","jetpack_publicize_feature_enabled":true,"jetpack_social_post_already_shared":true,"jetpack_social_options":{"image_generator_settings":{"template":"highway","default_image_id":0,"font":"","enabled":false},"version":2}},"categories":[104,1724],"tags":[],"class_list":{"0":"post-63125","1":"post","2":"type-post","3":"status-publish","4":"format-standard","5":"has-post-thumbnail","7":"category-colima","8":"category-featured"},"jetpack_publicize_connections":[],"jetpack_featured_media_url":"https:\/\/i0.wp.com\/mexicocodigorojo.com.mx\/wp-content\/uploads\/2024\/10\/fgr.jpg?fit=660%2C369&ssl=1","jetpack-related-posts":[{"id":63181,"url":"https:\/\/mexicocodigorojo.com.mx\/?p=63181","url_meta":{"origin":63125,"position":0},"title":"Continua cacer\u00eda de marinos en Manzanillo; balean a dos","author":"Staff","date":"octubre 30, 2024","format":false,"excerpt":"Un elemento de la Secretar\u00eda de Marina fue asesinado y otro result\u00f3 herido de gravedad la tarde de este martes, como resultado de un ataque a balazos sufrido por ambos en la ciudad de Manzanillo. Seg\u00fan reportes extraoficiales, los hechos se registraron en el cruce de las calles 20 de\u2026","rel":"","context":"En \u00abColima\u00bb","block_context":{"text":"Colima","link":"https:\/\/mexicocodigorojo.com.mx\/?cat=104"},"img":{"alt_text":"","src":"https:\/\/i0.wp.com\/mexicocodigorojo.com.mx\/wp-content\/uploads\/2024\/10\/marinosmanzanillo.jpg?fit=467%2C351&ssl=1&resize=350%2C200","width":350,"height":200},"classes":[]},{"id":20676,"url":"https:\/\/mexicocodigorojo.com.mx\/?p=20676","url_meta":{"origin":63125,"position":1},"title":"Ataque a balazos contra alcaldesa de Manzanillo, Colima","author":"Staff","date":"julio 28, 2019","format":false,"excerpt":"La alcaldesa de Manzanillo, Griselda Mart\u00ednez Mart\u00ednez, sufri\u00f3 un atentado, pues el veh\u00edculo en el que viajaba fue atacado a balazos; ella result\u00f3 ilesa. La alcaldesa de Manzanillo, Griselda Mart\u00ednez Mart\u00ednez, sufri\u00f3 un atentado, esto mientras transitaba acompa\u00f1ado de su escolta por la\u00a0 avenida El\u00edas Zamora Verduzco del Barrio IV\u2026","rel":"","context":"En \u00abColima\u00bb","block_context":{"text":"Colima","link":"https:\/\/mexicocodigorojo.com.mx\/?cat=104"},"img":{"alt_text":"","src":"https:\/\/i0.wp.com\/mexicocodigorojo.com.mx\/wp-content\/uploads\/2019\/07\/atentan_a_balazos_contra_alcaldesa_de_manzanillo_x3.jpg_793492074.jpg?fit=718%2C452&ssl=1&resize=350%2C200","width":350,"height":200,"srcset":"https:\/\/i0.wp.com\/mexicocodigorojo.com.mx\/wp-content\/uploads\/2019\/07\/atentan_a_balazos_contra_alcaldesa_de_manzanillo_x3.jpg_793492074.jpg?fit=718%2C452&ssl=1&resize=350%2C200 1x, https:\/\/i0.wp.com\/mexicocodigorojo.com.mx\/wp-content\/uploads\/2019\/07\/atentan_a_balazos_contra_alcaldesa_de_manzanillo_x3.jpg_793492074.jpg?fit=718%2C452&ssl=1&resize=525%2C300 1.5x, https:\/\/i0.wp.com\/mexicocodigorojo.com.mx\/wp-content\/uploads\/2019\/07\/atentan_a_balazos_contra_alcaldesa_de_manzanillo_x3.jpg_793492074.jpg?fit=718%2C452&ssl=1&resize=700%2C400 2x"},"classes":[]},{"id":63434,"url":"https:\/\/mexicocodigorojo.com.mx\/?p=63434","url_meta":{"origin":63125,"position":2},"title":"Asesinan al subdirector del Cereso de Manzanillo","author":"Staff","date":"diciembre 9, 2024","format":false,"excerpt":"Salvador Zaragoza \u00c1lvarez, subdirector del Centro de Reinserci\u00f3n Social (Cereso) de Manzanillo, Colima, fue asesinado a balazos la noche del domingo frente a su domicilio.\u00a0 De acuerdo con los datos, el atentado contra el funcionario del \u00e1rea penitenciaria, de 44 a\u00f1os, fue perpetrado por varios hombres armados que llegaron hasta\u2026","rel":"","context":"En \u00abColima\u00bb","block_context":{"text":"Colima","link":"https:\/\/mexicocodigorojo.com.mx\/?cat=104"},"img":{"alt_text":"","src":"https:\/\/i0.wp.com\/mexicocodigorojo.com.mx\/wp-content\/uploads\/2024\/12\/img_2541.jpg?fit=685%2C385&ssl=1&resize=350%2C200","width":350,"height":200,"srcset":"https:\/\/i0.wp.com\/mexicocodigorojo.com.mx\/wp-content\/uploads\/2024\/12\/img_2541.jpg?fit=685%2C385&ssl=1&resize=350%2C200 1x, https:\/\/i0.wp.com\/mexicocodigorojo.com.mx\/wp-content\/uploads\/2024\/12\/img_2541.jpg?fit=685%2C385&ssl=1&resize=525%2C300 1.5x"},"classes":[]},{"id":63463,"url":"https:\/\/mexicocodigorojo.com.mx\/?p=63463","url_meta":{"origin":63125,"position":3},"title":"La Marina neutraliza al \u2018Chabelo\u2019, l\u00edder del C\u00e1rtel de Sinaloa en Manzanillo","author":"Staff","date":"diciembre 16, 2024","format":false,"excerpt":"Cuatro muertos fue el saldo de una balacera y una persecuci\u00f3n en el municipio de Manzanillo, la tarde de este domingo. La\u00a0Fiscal\u00eda General del Estado de Colima, confirm\u00f3 la muerte de Jos\u00e9 Isabel \u201cN\u201d, alias el \u2018Chabelo\u2019, quien se desempe\u00f1aba como l\u00edder del\u00a0C\u00e1rtel de Sinaloa\u00a0en el municipio de Manzanillo. Un\u2026","rel":"","context":"En \u00abColima\u00bb","block_context":{"text":"Colima","link":"https:\/\/mexicocodigorojo.com.mx\/?cat=104"},"img":{"alt_text":"","src":"https:\/\/i0.wp.com\/mexicocodigorojo.com.mx\/wp-content\/uploads\/2024\/12\/3229452-1.jpg?fit=1200%2C900&ssl=1&resize=350%2C200","width":350,"height":200,"srcset":"https:\/\/i0.wp.com\/mexicocodigorojo.com.mx\/wp-content\/uploads\/2024\/12\/3229452-1.jpg?fit=1200%2C900&ssl=1&resize=350%2C200 1x, https:\/\/i0.wp.com\/mexicocodigorojo.com.mx\/wp-content\/uploads\/2024\/12\/3229452-1.jpg?fit=1200%2C900&ssl=1&resize=525%2C300 1.5x, https:\/\/i0.wp.com\/mexicocodigorojo.com.mx\/wp-content\/uploads\/2024\/12\/3229452-1.jpg?fit=1200%2C900&ssl=1&resize=700%2C400 2x, https:\/\/i0.wp.com\/mexicocodigorojo.com.mx\/wp-content\/uploads\/2024\/12\/3229452-1.jpg?fit=1200%2C900&ssl=1&resize=1050%2C600 3x"},"classes":[]},{"id":56173,"url":"https:\/\/mexicocodigorojo.com.mx\/?p=56173","url_meta":{"origin":63125,"position":4},"title":"\u201cLos Mezcales\u201d asesinan a aduanal de Manzanillo por no cumplir","author":"MexicoRojoCvmx","date":"mayo 29, 2023","format":false,"excerpt":"Colima.\u2014 El domingo 28 de mayo, Sergio Emmanuel Mart\u00ednez Covarrubias, quien hab\u00eda sido recientemente designado como subadministrador de Operaci\u00f3n Aduanera en Manzanillo, fue brutalmente asesinado mientras desayunaba en el restaurante Sabor Veracruzano, ubicado en el Boulevard Licenciado Miguel de la Madrid Hurtado 1521, en Playa Azul Salagua, Manzanillo, Colima. De\u2026","rel":"","context":"En \u00abFeatured\u00bb","block_context":{"text":"Featured","link":"https:\/\/mexicocodigorojo.com.mx\/?cat=1724"},"img":{"alt_text":"","src":"https:\/\/i0.wp.com\/mexicocodigorojo.com.mx\/wp-content\/uploads\/2023\/05\/notacolima.jpg?fit=768%2C512&ssl=1&resize=350%2C200","width":350,"height":200,"srcset":"https:\/\/i0.wp.com\/mexicocodigorojo.com.mx\/wp-content\/uploads\/2023\/05\/notacolima.jpg?fit=768%2C512&ssl=1&resize=350%2C200 1x, https:\/\/i0.wp.com\/mexicocodigorojo.com.mx\/wp-content\/uploads\/2023\/05\/notacolima.jpg?fit=768%2C512&ssl=1&resize=525%2C300 1.5x, https:\/\/i0.wp.com\/mexicocodigorojo.com.mx\/wp-content\/uploads\/2023\/05\/notacolima.jpg?fit=768%2C512&ssl=1&resize=700%2C400 2x"},"classes":[]},{"id":22096,"url":"https:\/\/mexicocodigorojo.com.mx\/?p=22096","url_meta":{"origin":63125,"position":5},"title":"Asesinan a seis en centro de rehabilitaci\u00f3n de Manzanillo, Colima","author":"Staff","date":"agosto 15, 2019","format":false,"excerpt":"Hombres armados ingresaron al Centro de Rehabilitaci\u00f3n \u2018Grupo Nueva Vida\u2019 en\u00a0Manzanillo,\u00a0Colima, y asesinaron a seis personas que se encontraban internadas por problemas de alcohol y drogas. Seg\u00fan las investigaciones alrededor de las siete de la noche del pasado 14 de agosto, varios hombres armados entraron al lugar aprovechando que la\u2026","rel":"","context":"En \u00abColima\u00bb","block_context":{"text":"Colima","link":"https:\/\/mexicocodigorojo.com.mx\/?cat=104"},"img":{"alt_text":"","src":"https:\/\/i0.wp.com\/mexicocodigorojo.com.mx\/wp-content\/uploads\/2019\/08\/asesinan-a-seis-personas-en-manzanillo-colima.jpg?fit=675%2C470&ssl=1&resize=350%2C200","width":350,"height":200,"srcset":"https:\/\/i0.wp.com\/mexicocodigorojo.com.mx\/wp-content\/uploads\/2019\/08\/asesinan-a-seis-personas-en-manzanillo-colima.jpg?fit=675%2C470&ssl=1&resize=350%2C200 1x, https:\/\/i0.wp.com\/mexicocodigorojo.com.mx\/wp-content\/uploads\/2019\/08\/asesinan-a-seis-personas-en-manzanillo-colima.jpg?fit=675%2C470&ssl=1&resize=525%2C300 1.5x"},"classes":[]}],"jetpack_sharing_enabled":true,"jetpack_likes_enabled":true,"jetpack_shortlink":"https:\/\/wp.me\/p9TedA-gq9","_links":{"self":[{"href":"https:\/\/mexicocodigorojo.com.mx\/index.php?rest_route=\/wp\/v2\/posts\/63125","targetHints":{"allow":["GET"]}}],"collection":[{"href":"https:\/\/mexicocodigorojo.com.mx\/index.php?rest_route=\/wp\/v2\/posts"}],"about":[{"href":"https:\/\/mexicocodigorojo.com.mx\/index.php?rest_route=\/wp\/v2\/types\/post"}],"author":[{"embeddable":true,"href":"https:\/\/mexicocodigorojo.com.mx\/index.php?rest_route=\/wp\/v2\/users\/21"}],"replies":[{"embeddable":true,"href":"https:\/\/mexicocodigorojo.com.mx\/index.php?rest_route=%2Fwp%2Fv2%2Fcomments&post=63125"}],"version-history":[{"count":1,"href":"https:\/\/mexicocodigorojo.com.mx\/index.php?rest_route=\/wp\/v2\/posts\/63125\/revisions"}],"predecessor-version":[{"id":63127,"href":"https:\/\/mexicocodigorojo.com.mx\/index.php?rest_route=\/wp\/v2\/posts\/63125\/revisions\/63127"}],"wp:featuredmedia":[{"embeddable":true,"href":"https:\/\/mexicocodigorojo.com.mx\/index.php?rest_route=\/wp\/v2\/media\/63126"}],"wp:attachment":[{"href":"https:\/\/mexicocodigorojo.com.mx\/index.php?rest_route=%2Fwp%2Fv2%2Fmedia&parent=63125"}],"wp:term":[{"taxonomy":"category","embeddable":true,"href":"https:\/\/mexicocodigorojo.com.mx\/index.php?rest_route=%2Fwp%2Fv2%2Fcategories&post=63125"},{"taxonomy":"post_tag","embeddable":true,"href":"https:\/\/mexicocodigorojo.com.mx\/index.php?rest_route=%2Fwp%2Fv2%2Ftags&post=63125"}],"curies":[{"name":"wp","href":"https:\/\/api.w.org\/{rel}","templated":true}]}}