{"id":63122,"date":"2024-10-22T10:06:09","date_gmt":"2024-10-22T16:06:09","guid":{"rendered":"https:\/\/mexicocodigorojo.com.mx\/?p=63122"},"modified":"2024-10-22T10:06:09","modified_gmt":"2024-10-22T16:06:09","slug":"tampico-progresos-en-seguridad-y-estado-de-derecho-en-tamaulipas","status":"publish","type":"post","link":"https:\/\/mexicocodigorojo.com.mx\/?p=63122","title":{"rendered":"Tampico: Progresos en Seguridad y Estado de Derecho en Tamaulipas"},"content":{"rendered":"<p><em><strong>Ciudad Victoria.-<\/strong><\/em> Hoy, en la inauguraci\u00f3n de las obras de remodelaci\u00f3n en el Parque Bicentenario de Ciudad Victoria, el gobernador de Tamaulipas, Am\u00e9rico Villarreal, trat\u00f3 el tema de la percepci\u00f3n de seguridad en Tampico, que ha alcanzado el tercer lugar en el ranking nacional de seguridad. Durante entrevista, el gobernador resalt\u00f3 que, a pesar de los desaf\u00edos iniciales, el estado ha conseguido disminuir significativamente los \u00edndices de inseguridad en comparaci\u00f3n con otras regiones del pa\u00eds.<\/p>\n<p>Villarreal subray\u00f3 que estas cifras se derivan de encuestas realizadas en \u00e1reas urbanas con poblaciones superiores a 500 mil habitantes. Si bien Tampico no cumple con este criterio poblacional, las estad\u00edsticas reflejan la percepci\u00f3n de la zona conurbada que abarca Ciudad Madero y Altamira. El gobernador enfatiz\u00f3 que es crucial entender los indicadores detr\u00e1s de estos resultados, ya que la percepci\u00f3n de seguridad ha sido hist\u00f3ricamente positiva.<\/p>\n<p>A pesar de un comienzo dif\u00edcil, el gobernador asegur\u00f3 que se han realizado avances tangibles en el fortalecimiento del estado de derecho en Tamaulipas. Reiter\u00f3 su compromiso con la Mesa de Seguridad, un esfuerzo colaborativo que ha demostrado ser fundamental para enfrentar los desaf\u00edos que enfrenta la regi\u00f3n, especialmente en su condici\u00f3n de frontera.<\/p>\n<p>El an\u00e1lisis de la seguridad en Tampico no solo muestra la reducci\u00f3n de los \u00edndices delictivos, sino que tambi\u00e9n resalta la importancia de la participaci\u00f3n ciudadana en la creaci\u00f3n de un entorno seguro. Villarreal inst\u00f3 a la comunidad a involucrarse activamente en las iniciativas de seguridad, afirmando que el \u00e9xito en esta \u00e1rea depende de la colaboraci\u00f3n entre el gobierno y la ciudadan\u00eda. Estos esfuerzos conjuntos son vitales para consolidar los logros alcanzados y continuar avanzando hacia un futuro m\u00e1s seguro en la regi\u00f3n.<\/p>\n","protected":false},"excerpt":{"rendered":"<p>Ciudad Victoria.- Hoy, en la inauguraci\u00f3n de las obras de remodelaci\u00f3n en el Parque Bicentenario de Ciudad Victoria, el gobernador de Tamaulipas, Am\u00e9rico Villarreal, trat\u00f3 el tema de la percepci\u00f3n de seguridad en Tampico, que ha alcanzado el tercer lugar en el ranking nacional de seguridad. Durante entrevista, el gobernador resalt\u00f3 que, a pesar de [&hellip;]<\/p>\n","protected":false},"author":21,"featured_media":63123,"comment_status":"open","ping_status":"open","sticky":false,"template":"","format":"standard","meta":{"_uf_show_specific_survey":0,"_uf_disable_surveys":false,"advanced_seo_description":"","jetpack_seo_html_title":"","jetpack_seo_noindex":false,"jetpack_post_was_ever_published":false,"_jetpack_newsletter_access":"","_jetpack_dont_email_post_to_subs":false,"_jetpack_newsletter_tier_id":0,"_jetpack_memberships_contains_paywalled_content":false,"_jetpack_memberships_contains_paid_content":false,"footnotes":"","jetpack_publicize_message":"","jetpack_publicize_feature_enabled":true,"jetpack_social_post_already_shared":true,"jetpack_social_options":{"image_generator_settings":{"template":"highway","default_image_id":0,"font":"","enabled":false},"version":2}},"categories":[1724,2],"tags":[],"class_list":{"0":"post-63122","1":"post","2":"type-post","3":"status-publish","4":"format-standard","5":"has-post-thumbnail","7":"category-featured","8":"category-tamaulipas"},"jetpack_publicize_connections":[],"jetpack_featured_media_url":"https:\/\/i0.wp.com\/mexicocodigorojo.com.mx\/wp-content\/uploads\/2024\/10\/Captura-de-pantalla-2024-10-22-100539.png?fit=613%2C373&ssl=1","jetpack-related-posts":[{"id":56600,"url":"https:\/\/mexicocodigorojo.com.mx\/?p=56600","url_meta":{"origin":63122,"position":0},"title":"Tres millones de tamaulipecos viven con miedo: INEGI","author":"MexicoRojoCvmx","date":"julio 21, 2023","format":false,"excerpt":"Ciudad de M\u00e9xico.- Desmentida categ\u00f3ricamente la narrativa triunfalista del Gobierno de Tamaulipas en materia de seguridad. Los datos revelados por El INEGI, a trav\u00e9s de su Encuesta Nacional de Seguridad P\u00fablica Urbana, son contundentes y ponen en evidencia la cruda realidad que enfrentan los ciudadanos en las principales ciudades del\u2026","rel":"","context":"En \u00abFeatured\u00bb","block_context":{"text":"Featured","link":"https:\/\/mexicocodigorojo.com.mx\/?cat=1724"},"img":{"alt_text":"","src":"https:\/\/i0.wp.com\/mexicocodigorojo.com.mx\/wp-content\/uploads\/2023\/07\/tam.jpg?fit=852%2C558&ssl=1&resize=350%2C200","width":350,"height":200,"srcset":"https:\/\/i0.wp.com\/mexicocodigorojo.com.mx\/wp-content\/uploads\/2023\/07\/tam.jpg?fit=852%2C558&ssl=1&resize=350%2C200 1x, https:\/\/i0.wp.com\/mexicocodigorojo.com.mx\/wp-content\/uploads\/2023\/07\/tam.jpg?fit=852%2C558&ssl=1&resize=525%2C300 1.5x, https:\/\/i0.wp.com\/mexicocodigorojo.com.mx\/wp-content\/uploads\/2023\/07\/tam.jpg?fit=852%2C558&ssl=1&resize=700%2C400 2x"},"classes":[]},{"id":63278,"url":"https:\/\/mexicocodigorojo.com.mx\/?p=63278","url_meta":{"origin":63122,"position":1},"title":"Gobierno de Tamaulipas refuerza operativos y equipamiento para enfrentar la violencia en San Fernando","author":"MexicoRojoCvmx","date":"noviembre 20, 2024","format":false,"excerpt":"Ciudad Victoria, Tamaulipas. \u2013 Tras los enfrentamientos registrados en San Fernando, que dejaron un saldo de tres elementos de la Guardia Estatal fallecidos, el gobernador Am\u00e9rico Villarreal Anaya lament\u00f3 las p\u00e9rdidas y reiter\u00f3 su compromiso con la seguridad en la entidad. \u201cNos duele cada p\u00e9rdida de vida\u201d, expres\u00f3 el mandatario\u2026","rel":"","context":"En \u00abFeatured\u00bb","block_context":{"text":"Featured","link":"https:\/\/mexicocodigorojo.com.mx\/?cat=1724"},"img":{"alt_text":"","src":"https:\/\/i0.wp.com\/mexicocodigorojo.com.mx\/wp-content\/uploads\/2024\/11\/Captura-de-pantalla-2024-11-20-200959.png?fit=1094%2C655&ssl=1&resize=350%2C200","width":350,"height":200,"srcset":"https:\/\/i0.wp.com\/mexicocodigorojo.com.mx\/wp-content\/uploads\/2024\/11\/Captura-de-pantalla-2024-11-20-200959.png?fit=1094%2C655&ssl=1&resize=350%2C200 1x, https:\/\/i0.wp.com\/mexicocodigorojo.com.mx\/wp-content\/uploads\/2024\/11\/Captura-de-pantalla-2024-11-20-200959.png?fit=1094%2C655&ssl=1&resize=525%2C300 1.5x, https:\/\/i0.wp.com\/mexicocodigorojo.com.mx\/wp-content\/uploads\/2024\/11\/Captura-de-pantalla-2024-11-20-200959.png?fit=1094%2C655&ssl=1&resize=700%2C400 2x, https:\/\/i0.wp.com\/mexicocodigorojo.com.mx\/wp-content\/uploads\/2024\/11\/Captura-de-pantalla-2024-11-20-200959.png?fit=1094%2C655&ssl=1&resize=1050%2C600 3x"},"classes":[]},{"id":62975,"url":"https:\/\/mexicocodigorojo.com.mx\/?p=62975","url_meta":{"origin":63122,"position":2},"title":"Am\u00e9rico Villarreal Anaya Destaca Avances en Seguridad","author":"MexicoRojoCvmx","date":"octubre 7, 2024","format":false,"excerpt":"Tamaulipas \u2014 Durante el conversatorio titulado \"Dos a\u00f1os de memorias de una transformaci\u00f3n\", el gobernador Am\u00e9rico Villarreal Anaya present\u00f3 un balance de los avances en su administraci\u00f3n desde su inicio en 2022, destacando que Tamaulipas se posiciona como el noveno estado m\u00e1s seguro de M\u00e9xico, seg\u00fan cifras oficiales. Estrategia de\u2026","rel":"","context":"En \u00abFeatured\u00bb","block_context":{"text":"Featured","link":"https:\/\/mexicocodigorojo.com.mx\/?cat=1724"},"img":{"alt_text":"","src":"https:\/\/i0.wp.com\/mexicocodigorojo.com.mx\/wp-content\/uploads\/2024\/10\/462319472_1075613347265325_1459216712091314784_n.jpg?fit=593%2C395&ssl=1&resize=350%2C200","width":350,"height":200,"srcset":"https:\/\/i0.wp.com\/mexicocodigorojo.com.mx\/wp-content\/uploads\/2024\/10\/462319472_1075613347265325_1459216712091314784_n.jpg?fit=593%2C395&ssl=1&resize=350%2C200 1x, https:\/\/i0.wp.com\/mexicocodigorojo.com.mx\/wp-content\/uploads\/2024\/10\/462319472_1075613347265325_1459216712091314784_n.jpg?fit=593%2C395&ssl=1&resize=525%2C300 1.5x"},"classes":[]},{"id":56585,"url":"https:\/\/mexicocodigorojo.com.mx\/?p=56585","url_meta":{"origin":63122,"position":3},"title":"\u00abZeta\u00bb alimenta a polic\u00edas en la Secretar\u00eda de Seguridad P\u00fablica de Tamaulipas","author":"MexicoRojoCvmx","date":"julio 20, 2023","format":false,"excerpt":"En un caso alarmante, se ha descubierto que el director administrativo de la Secretar\u00eda de Seguridad P\u00fablica (SSP) de Tamaulipas est\u00e1 involucrado en actos de corrupci\u00f3n y presuntos lazos con el grupo criminal Los Zetas. Armando N\u00fa\u00f1ez Montelongo, quien previamente ocup\u00f3 importantes cargos durante la administraci\u00f3n de Egidio Torre Cant\u00fa\u2026","rel":"","context":"En \u00abFeatured\u00bb","block_context":{"text":"Featured","link":"https:\/\/mexicocodigorojo.com.mx\/?cat=1724"},"img":{"alt_text":"","src":"https:\/\/i0.wp.com\/mexicocodigorojo.com.mx\/wp-content\/uploads\/2023\/07\/Zetas.jpg?fit=1200%2C824&ssl=1&resize=350%2C200","width":350,"height":200,"srcset":"https:\/\/i0.wp.com\/mexicocodigorojo.com.mx\/wp-content\/uploads\/2023\/07\/Zetas.jpg?fit=1200%2C824&ssl=1&resize=350%2C200 1x, https:\/\/i0.wp.com\/mexicocodigorojo.com.mx\/wp-content\/uploads\/2023\/07\/Zetas.jpg?fit=1200%2C824&ssl=1&resize=525%2C300 1.5x, https:\/\/i0.wp.com\/mexicocodigorojo.com.mx\/wp-content\/uploads\/2023\/07\/Zetas.jpg?fit=1200%2C824&ssl=1&resize=700%2C400 2x, https:\/\/i0.wp.com\/mexicocodigorojo.com.mx\/wp-content\/uploads\/2023\/07\/Zetas.jpg?fit=1200%2C824&ssl=1&resize=1050%2C600 3x"},"classes":[]},{"id":54539,"url":"https:\/\/mexicocodigorojo.com.mx\/?p=54539","url_meta":{"origin":63122,"position":4},"title":"Despliegan militares en zonas de conflicto en Tamaulipas","author":"MexicoRojoCvmx","date":"diciembre 9, 2022","format":false,"excerpt":"TAMPICO. Ante el recrudecimiento de la violencia en la frontera de Tamaulipas, autoridades federales han anunciado constantes reforzamientos de la seguridad con el arribo de militares en al menos ocho ocasiones durante 2022; sin embargo, la violencia mantiene su azote en esta parte de la entidad. Hay desplazados en esta\u2026","rel":"","context":"En \u00abFeatured\u00bb","block_context":{"text":"Featured","link":"https:\/\/mexicocodigorojo.com.mx\/?cat=1724"},"img":{"alt_text":"","src":"https:\/\/i0.wp.com\/mexicocodigorojo.com.mx\/wp-content\/uploads\/2022\/12\/militares.jpg?fit=768%2C479&ssl=1&resize=350%2C200","width":350,"height":200,"srcset":"https:\/\/i0.wp.com\/mexicocodigorojo.com.mx\/wp-content\/uploads\/2022\/12\/militares.jpg?fit=768%2C479&ssl=1&resize=350%2C200 1x, https:\/\/i0.wp.com\/mexicocodigorojo.com.mx\/wp-content\/uploads\/2022\/12\/militares.jpg?fit=768%2C479&ssl=1&resize=525%2C300 1.5x, https:\/\/i0.wp.com\/mexicocodigorojo.com.mx\/wp-content\/uploads\/2022\/12\/militares.jpg?fit=768%2C479&ssl=1&resize=700%2C400 2x"},"classes":[]},{"id":56092,"url":"https:\/\/mexicocodigorojo.com.mx\/?p=56092","url_meta":{"origin":63122,"position":5},"title":"Operaci\u00f3n \u00abCentinela Noreste\u00bb desmantela al \u201cCDG grupo Ciclones\u00bb; traici\u00f3n de Am\u00e9rico Villarreal abre paso al CJNG","author":"MexicoRojoCvmx","date":"mayo 10, 2023","format":false,"excerpt":"Ciudad de M\u00e9xico.- La operaci\u00f3n encubierta \"Centinela Noreste\" llevada a cabo por la Secretar\u00eda de la Defensa Nacional (SEDENA) y la Guardia Estatal de Tamaulipas, logr\u00f3 desmantelar una estructura del Cartel del Golfo (conocido como Los Ciclones y su brazo armado Los Escorpiones) en cuatro ciudades del estado, que habr\u00eda\u2026","rel":"","context":"En \u00abFeatured\u00bb","block_context":{"text":"Featured","link":"https:\/\/mexicocodigorojo.com.mx\/?cat=1724"},"img":{"alt_text":"","src":"https:\/\/i0.wp.com\/mexicocodigorojo.com.mx\/wp-content\/uploads\/2023\/05\/cartel-del-golfo-cdg-los-escorpiones-guanajuato-2023-4.jpg?fit=1200%2C675&ssl=1&resize=350%2C200","width":350,"height":200,"srcset":"https:\/\/i0.wp.com\/mexicocodigorojo.com.mx\/wp-content\/uploads\/2023\/05\/cartel-del-golfo-cdg-los-escorpiones-guanajuato-2023-4.jpg?fit=1200%2C675&ssl=1&resize=350%2C200 1x, https:\/\/i0.wp.com\/mexicocodigorojo.com.mx\/wp-content\/uploads\/2023\/05\/cartel-del-golfo-cdg-los-escorpiones-guanajuato-2023-4.jpg?fit=1200%2C675&ssl=1&resize=525%2C300 1.5x, https:\/\/i0.wp.com\/mexicocodigorojo.com.mx\/wp-content\/uploads\/2023\/05\/cartel-del-golfo-cdg-los-escorpiones-guanajuato-2023-4.jpg?fit=1200%2C675&ssl=1&resize=700%2C400 2x, https:\/\/i0.wp.com\/mexicocodigorojo.com.mx\/wp-content\/uploads\/2023\/05\/cartel-del-golfo-cdg-los-escorpiones-guanajuato-2023-4.jpg?fit=1200%2C675&ssl=1&resize=1050%2C600 3x"},"classes":[]}],"jetpack_sharing_enabled":true,"jetpack_likes_enabled":true,"jetpack_shortlink":"https:\/\/wp.me\/p9TedA-gq6","_links":{"self":[{"href":"https:\/\/mexicocodigorojo.com.mx\/index.php?rest_route=\/wp\/v2\/posts\/63122","targetHints":{"allow":["GET"]}}],"collection":[{"href":"https:\/\/mexicocodigorojo.com.mx\/index.php?rest_route=\/wp\/v2\/posts"}],"about":[{"href":"https:\/\/mexicocodigorojo.com.mx\/index.php?rest_route=\/wp\/v2\/types\/post"}],"author":[{"embeddable":true,"href":"https:\/\/mexicocodigorojo.com.mx\/index.php?rest_route=\/wp\/v2\/users\/21"}],"replies":[{"embeddable":true,"href":"https:\/\/mexicocodigorojo.com.mx\/index.php?rest_route=%2Fwp%2Fv2%2Fcomments&post=63122"}],"version-history":[{"count":1,"href":"https:\/\/mexicocodigorojo.com.mx\/index.php?rest_route=\/wp\/v2\/posts\/63122\/revisions"}],"predecessor-version":[{"id":63124,"href":"https:\/\/mexicocodigorojo.com.mx\/index.php?rest_route=\/wp\/v2\/posts\/63122\/revisions\/63124"}],"wp:featuredmedia":[{"embeddable":true,"href":"https:\/\/mexicocodigorojo.com.mx\/index.php?rest_route=\/wp\/v2\/media\/63123"}],"wp:attachment":[{"href":"https:\/\/mexicocodigorojo.com.mx\/index.php?rest_route=%2Fwp%2Fv2%2Fmedia&parent=63122"}],"wp:term":[{"taxonomy":"category","embeddable":true,"href":"https:\/\/mexicocodigorojo.com.mx\/index.php?rest_route=%2Fwp%2Fv2%2Fcategories&post=63122"},{"taxonomy":"post_tag","embeddable":true,"href":"https:\/\/mexicocodigorojo.com.mx\/index.php?rest_route=%2Fwp%2Fv2%2Ftags&post=63122"}],"curies":[{"name":"wp","href":"https:\/\/api.w.org\/{rel}","templated":true}]}}