{"id":63112,"date":"2024-10-22T09:54:47","date_gmt":"2024-10-22T15:54:47","guid":{"rendered":"https:\/\/mexicocodigorojo.com.mx\/?p=63112"},"modified":"2024-10-22T09:54:47","modified_gmt":"2024-10-22T15:54:47","slug":"detienen-al-ultimo-implicado-en-el-homicidio-de-martin-larrauri-en-plaza-artz","status":"publish","type":"post","link":"https:\/\/mexicocodigorojo.com.mx\/?p=63112","title":{"rendered":"Detienen al \u00faltimo implicado en el homicidio de Mart\u00edn Larrauri en Plaza Artz"},"content":{"rendered":"<p>La Secretar\u00eda de Seguridad Ciudadana (SSC) cumpli\u00f3 una orden de aprehensi\u00f3n en contra de Mario Alberto Olvera P\u00e9rez, de 28 a\u00f1os, vinculado al homicidio de Mart\u00edn Larrauri, el pasado 22 de febrero cuando circulaba en un veh\u00edculo de alta gama en las inmediaciones de la Plaza Artz, en \u00c1lvaro Obreg\u00f3n.<\/p>\n<p>Con el cumplimiento de este mandamiento, se\u00f1al\u00f3 la SSC, ha detenido a todos los implicados en el crimen.<\/p>\n<p>Al tomar conocimiento del evento Larrauri fue agredido en el Perif\u00e9rico Sur, en las inmediaciones de una plaza comercial, se realizaron diversos trabajos de investigaci\u00f3n de gabinete y campo, as\u00ed como el an\u00e1lisis de las c\u00e1maras de videovigilancia en la zona.<\/p>\n<p>Fue as\u00ed que se identific\u00f3 a dos probables involucrados que, el 23 de mayo de este a\u00f1o en la alcald\u00eda Azcapotzalco, fueron detenidos luego de que un Juez de Control otorg\u00f3 las \u00d3rdenes de Aprehensi\u00f3n por el delito de Homicidio Calificado.<\/p>\n<p>Estos dos sujetos fueron trasladados a un centro penitenciario donde quedaron a disposici\u00f3n de la autoridad que los requer\u00eda.<\/p>\n<p>Al seguir con las indagatorias, los agentes de la SSC identificaron a otro sujeto que particip\u00f3 en los hechos, por lo que realizaron vigilancias fijas y m\u00f3viles, y recorridos de reconocimiento en las alcald\u00edas Iztapalapa y Tl\u00e1huac, para integrar la carpeta de investigaci\u00f3n.<\/p>\n<p>Los datos de prueba obtenidos fueron entregados a un Juez de Control quien liber\u00f3 la Orden de Aprehensi\u00f3n por el delito de Homicidio Calificado, la cual fue ejecutada el lunes en un domicilio ubicado en la colonia Barrio La Conchita, en la alcald\u00eda Tl\u00e1huac.<\/p>\n","protected":false},"excerpt":{"rendered":"<p>La Secretar\u00eda de Seguridad Ciudadana (SSC) cumpli\u00f3 una orden de aprehensi\u00f3n en contra de Mario Alberto Olvera P\u00e9rez, de 28 a\u00f1os, vinculado al homicidio de Mart\u00edn Larrauri, el pasado 22 de febrero cuando circulaba en un veh\u00edculo de alta gama en las inmediaciones de la Plaza Artz, en \u00c1lvaro Obreg\u00f3n. Con el cumplimiento de este [&hellip;]<\/p>\n","protected":false},"author":21,"featured_media":63113,"comment_status":"open","ping_status":"open","sticky":false,"template":"","format":"standard","meta":{"_uf_show_specific_survey":0,"_uf_disable_surveys":false,"advanced_seo_description":"","jetpack_seo_html_title":"","jetpack_seo_noindex":false,"jetpack_post_was_ever_published":false,"_jetpack_newsletter_access":"","_jetpack_dont_email_post_to_subs":false,"_jetpack_newsletter_tier_id":0,"_jetpack_memberships_contains_paywalled_content":false,"_jetpack_memberships_contains_paid_content":false,"footnotes":"","jetpack_publicize_message":"","jetpack_publicize_feature_enabled":true,"jetpack_social_post_already_shared":true,"jetpack_social_options":{"image_generator_settings":{"template":"highway","default_image_id":0,"font":"","enabled":false},"version":2}},"categories":[101,1724],"tags":[],"class_list":{"0":"post-63112","1":"post","2":"type-post","3":"status-publish","4":"format-standard","5":"has-post-thumbnail","7":"category-ciudad-de-mexico","8":"category-featured"},"jetpack_publicize_connections":[],"jetpack_featured_media_url":"https:\/\/i0.wp.com\/mexicocodigorojo.com.mx\/wp-content\/uploads\/2024\/10\/Captura-de-pantalla-2024-10-22-095409.png?fit=845%2C594&ssl=1","jetpack-related-posts":[{"id":23296,"url":"https:\/\/mexicocodigorojo.com.mx\/?p=23296","url_meta":{"origin":63112,"position":0},"title":"Trasladan a penal de m\u00e1xima seguridad al asesino de israel\u00edes en Artz Pedregal","author":"Staff","date":"septiembre 9, 2019","format":false,"excerpt":"Mauricio 'N', presunto autor material del homicidio de dos israel\u00edes en Plaza Artz Pedregal, fue trasladado a un penal federal de m\u00e1xima seguridad La Subsecretar\u00eda de Sistema Penitenciario de la Ciudad de M\u00e9xico inform\u00f3 que Mauricio \u2018N\u2019, presunto autor material del homicidio de dos israel\u00edes en un restaurante de la\u00a0Plaza\u2026","rel":"","context":"En \u00abCiudad de M\u00e9xico\u00bb","block_context":{"text":"Ciudad de M\u00e9xico","link":"https:\/\/mexicocodigorojo.com.mx\/?cat=101"},"img":{"alt_text":"","src":"https:\/\/i0.wp.com\/mexicocodigorojo.com.mx\/wp-content\/uploads\/2019\/09\/mauricio-n-mawuicho.jpg?fit=980%2C550&ssl=1&resize=350%2C200","width":350,"height":200,"srcset":"https:\/\/i0.wp.com\/mexicocodigorojo.com.mx\/wp-content\/uploads\/2019\/09\/mauricio-n-mawuicho.jpg?fit=980%2C550&ssl=1&resize=350%2C200 1x, https:\/\/i0.wp.com\/mexicocodigorojo.com.mx\/wp-content\/uploads\/2019\/09\/mauricio-n-mawuicho.jpg?fit=980%2C550&ssl=1&resize=525%2C300 1.5x, https:\/\/i0.wp.com\/mexicocodigorojo.com.mx\/wp-content\/uploads\/2019\/09\/mauricio-n-mawuicho.jpg?fit=980%2C550&ssl=1&resize=700%2C400 2x"},"classes":[]},{"id":32821,"url":"https:\/\/mexicocodigorojo.com.mx\/?p=32821","url_meta":{"origin":63112,"position":1},"title":"Cae coordinador de ataque en Plaza Artz","author":"Staff","date":"febrero 13, 2020","format":false,"excerpt":"El Viej\u00f3n fue asegurado junto con un lanzagranadas y armas largas y cortas CIUDAD DE M\u00c9XICO. Ayer fue capturado Carlos Fernando Huerta N\u00fa\u00f1ez,\u00a0El Viej\u00f3n, integrante del\u00a0C\u00e1rtel Jalisco Nueva Generaci\u00f3n (CJNG), se\u00f1alado como coordinador de la c\u00e9lula de sicarios que asesin\u00f3 a los israel\u00edes Jony Ben Sutchi y Al\u00f3n Azulay en\u2026","rel":"","context":"En \u00abCiudad de M\u00e9xico\u00bb","block_context":{"text":"Ciudad de M\u00e9xico","link":"https:\/\/mexicocodigorojo.com.mx\/?cat=101"},"img":{"alt_text":"","src":"https:\/\/i0.wp.com\/mexicocodigorojo.com.mx\/wp-content\/uploads\/2020\/02\/2305308.jpg?fit=664%2C498&ssl=1&resize=350%2C200","width":350,"height":200,"srcset":"https:\/\/i0.wp.com\/mexicocodigorojo.com.mx\/wp-content\/uploads\/2020\/02\/2305308.jpg?fit=664%2C498&ssl=1&resize=350%2C200 1x, https:\/\/i0.wp.com\/mexicocodigorojo.com.mx\/wp-content\/uploads\/2020\/02\/2305308.jpg?fit=664%2C498&ssl=1&resize=525%2C300 1.5x"},"classes":[]},{"id":20637,"url":"https:\/\/mexicocodigorojo.com.mx\/?p=20637","url_meta":{"origin":63112,"position":2},"title":"Erez Akrishevsky detenido en Canc\u00fan, israel\u00ed vinculado al ataque en Plaza Artz","author":"Staff","date":"julio 27, 2019","format":false,"excerpt":"Elementos de la Polic\u00eda Quintana Roo en conjunto con las \u00e1reas de Inteligencia Federal, lograron detener en Canc\u00fan a un hombre de origen israel\u00ed, que en su pa\u00eds estaba siendo buscado por la autoridad, que tambi\u00e9n est\u00e1 relacionado al ataque en la Plaza Artz en la Ciudad de M\u00e9xico, el\u2026","rel":"","context":"En \u00abQuintana Roo\u00bb","block_context":{"text":"Quintana Roo","link":"https:\/\/mexicocodigorojo.com.mx\/?cat=151"},"img":{"alt_text":"","src":"https:\/\/i0.wp.com\/mexicocodigorojo.com.mx\/wp-content\/uploads\/2019\/07\/israelx_x1x.jpg_1746451188.jpg?fit=1024%2C762&ssl=1&resize=350%2C200","width":350,"height":200,"srcset":"https:\/\/i0.wp.com\/mexicocodigorojo.com.mx\/wp-content\/uploads\/2019\/07\/israelx_x1x.jpg_1746451188.jpg?fit=1024%2C762&ssl=1&resize=350%2C200 1x, https:\/\/i0.wp.com\/mexicocodigorojo.com.mx\/wp-content\/uploads\/2019\/07\/israelx_x1x.jpg_1746451188.jpg?fit=1024%2C762&ssl=1&resize=525%2C300 1.5x, https:\/\/i0.wp.com\/mexicocodigorojo.com.mx\/wp-content\/uploads\/2019\/07\/israelx_x1x.jpg_1746451188.jpg?fit=1024%2C762&ssl=1&resize=700%2C400 2x"},"classes":[]},{"id":20732,"url":"https:\/\/mexicocodigorojo.com.mx\/?p=20732","url_meta":{"origin":63112,"position":3},"title":"Localizan 4 ejecutados en el Ajusco","author":"Staff","date":"julio 29, 2019","format":false,"excerpt":"Cuatro cad\u00e1veres fueron encontrados en el Circuito Ajusco, sobre la carretera Picacho Ajusco, en la Alcald\u00eda de Tlalpan Ciudad de M\u00e9xico.- Los cuerpos de cuatro hombres, quienes fueron asesinados a balazos, fueron abandonados, esta ma\u00f1ana, en el Circuito Ajusco, sobre la Carretera Picacho Ajusco, Alcald\u00eda de Tlalpan. Los cad\u00e1veres fueron\u2026","rel":"","context":"En \u00abCiudad de M\u00e9xico\u00bb","block_context":{"text":"Ciudad de M\u00e9xico","link":"https:\/\/mexicocodigorojo.com.mx\/?cat=101"},"img":{"alt_text":"","src":"https:\/\/i0.wp.com\/mexicocodigorojo.com.mx\/wp-content\/uploads\/2019\/07\/hallan_a_4_ejecutados_en_el_ajusco.jpg_219914347.jpg?fit=960%2C540&ssl=1&resize=350%2C200","width":350,"height":200,"srcset":"https:\/\/i0.wp.com\/mexicocodigorojo.com.mx\/wp-content\/uploads\/2019\/07\/hallan_a_4_ejecutados_en_el_ajusco.jpg_219914347.jpg?fit=960%2C540&ssl=1&resize=350%2C200 1x, https:\/\/i0.wp.com\/mexicocodigorojo.com.mx\/wp-content\/uploads\/2019\/07\/hallan_a_4_ejecutados_en_el_ajusco.jpg_219914347.jpg?fit=960%2C540&ssl=1&resize=525%2C300 1.5x, https:\/\/i0.wp.com\/mexicocodigorojo.com.mx\/wp-content\/uploads\/2019\/07\/hallan_a_4_ejecutados_en_el_ajusco.jpg_219914347.jpg?fit=960%2C540&ssl=1&resize=700%2C400 2x"},"classes":[]},{"id":20610,"url":"https:\/\/mexicocodigorojo.com.mx\/?p=20610","url_meta":{"origin":63112,"position":4},"title":"(VIDEO) del momento en el que una mujer dispar\u00f3 contra dos israel\u00edes en Plaza Artz","author":"Staff","date":"julio 26, 2019","format":false,"excerpt":"(VIDEO) del momento en el que una mujer dispar\u00f3 contra dos israel\u00edes en Plaza Artz En el video se observa a una segunda mujer que acompa\u00f1aba a los israel\u00edes y que sale ilesa despu\u00e9s de que son atacados a tiros. En 19 segundos la mujer vac\u00edo el cargador en contra\u2026","rel":"","context":"En \u00abCiudad de M\u00e9xico\u00bb","block_context":{"text":"Ciudad de M\u00e9xico","link":"https:\/\/mexicocodigorojo.com.mx\/?cat=101"},"img":{"alt_text":"","src":"https:\/\/i0.wp.com\/mexicocodigorojo.com.mx\/wp-content\/uploads\/2019\/07\/cymera_20190725_153158104388870.jpg?resize=350%2C200&ssl=1","width":350,"height":200,"srcset":"https:\/\/i0.wp.com\/mexicocodigorojo.com.mx\/wp-content\/uploads\/2019\/07\/cymera_20190725_153158104388870.jpg?resize=350%2C200&ssl=1 1x, https:\/\/i0.wp.com\/mexicocodigorojo.com.mx\/wp-content\/uploads\/2019\/07\/cymera_20190725_153158104388870.jpg?resize=525%2C300&ssl=1 1.5x, https:\/\/i0.wp.com\/mexicocodigorojo.com.mx\/wp-content\/uploads\/2019\/07\/cymera_20190725_153158104388870.jpg?resize=700%2C400&ssl=1 2x"},"classes":[]},{"id":40304,"url":"https:\/\/mexicocodigorojo.com.mx\/?p=40304","url_meta":{"origin":63112,"position":5},"title":"Detienen a \u2018El Vaca\u2019, presunto autor intelectual del ataque contra Omar Garc\u00eda Harfuch","author":"Staff","date":"junio 28, 2020","format":false,"excerpt":"Jos\u00e9 Armando 'N', presunto reclutador del CJNG, habr\u00eda participado en el atentado contra Omar Garc\u00eda Harfuch Autoridades de la Ciudad de M\u00e9xico dieron a conocer las detenci\u00f3n de Jos\u00e9 Armando \u2018N\u2019, alias \u2018El Vaca\u2019, presunto autor intelectual de\u00a0atentado contra\u00a0 Omar Garc\u00eda Harfuch, secretario de Seguridad Ciudadana de la Ciudad de\u2026","rel":"","context":"En \u00abCiudad de M\u00e9xico\u00bb","block_context":{"text":"Ciudad de M\u00e9xico","link":"https:\/\/mexicocodigorojo.com.mx\/?cat=101"},"img":{"alt_text":"","src":"https:\/\/i0.wp.com\/mexicocodigorojo.com.mx\/wp-content\/uploads\/2020\/06\/unnamed-1.jpg?fit=512%2C281&ssl=1&resize=350%2C200","width":350,"height":200},"classes":[]}],"jetpack_sharing_enabled":true,"jetpack_likes_enabled":true,"jetpack_shortlink":"https:\/\/wp.me\/p9TedA-gpW","_links":{"self":[{"href":"https:\/\/mexicocodigorojo.com.mx\/index.php?rest_route=\/wp\/v2\/posts\/63112","targetHints":{"allow":["GET"]}}],"collection":[{"href":"https:\/\/mexicocodigorojo.com.mx\/index.php?rest_route=\/wp\/v2\/posts"}],"about":[{"href":"https:\/\/mexicocodigorojo.com.mx\/index.php?rest_route=\/wp\/v2\/types\/post"}],"author":[{"embeddable":true,"href":"https:\/\/mexicocodigorojo.com.mx\/index.php?rest_route=\/wp\/v2\/users\/21"}],"replies":[{"embeddable":true,"href":"https:\/\/mexicocodigorojo.com.mx\/index.php?rest_route=%2Fwp%2Fv2%2Fcomments&post=63112"}],"version-history":[{"count":1,"href":"https:\/\/mexicocodigorojo.com.mx\/index.php?rest_route=\/wp\/v2\/posts\/63112\/revisions"}],"predecessor-version":[{"id":63114,"href":"https:\/\/mexicocodigorojo.com.mx\/index.php?rest_route=\/wp\/v2\/posts\/63112\/revisions\/63114"}],"wp:featuredmedia":[{"embeddable":true,"href":"https:\/\/mexicocodigorojo.com.mx\/index.php?rest_route=\/wp\/v2\/media\/63113"}],"wp:attachment":[{"href":"https:\/\/mexicocodigorojo.com.mx\/index.php?rest_route=%2Fwp%2Fv2%2Fmedia&parent=63112"}],"wp:term":[{"taxonomy":"category","embeddable":true,"href":"https:\/\/mexicocodigorojo.com.mx\/index.php?rest_route=%2Fwp%2Fv2%2Fcategories&post=63112"},{"taxonomy":"post_tag","embeddable":true,"href":"https:\/\/mexicocodigorojo.com.mx\/index.php?rest_route=%2Fwp%2Fv2%2Ftags&post=63112"}],"curies":[{"name":"wp","href":"https:\/\/api.w.org\/{rel}","templated":true}]}}