{"id":63109,"date":"2024-10-22T09:51:28","date_gmt":"2024-10-22T15:51:28","guid":{"rendered":"https:\/\/mexicocodigorojo.com.mx\/?p=63109"},"modified":"2024-10-22T09:51:28","modified_gmt":"2024-10-22T15:51:28","slug":"fgr-ya-atrajo-el-asesinato-del-sacerdote-marcelo-perez-informa-sheinbaum-niega-guerra-civil","status":"publish","type":"post","link":"https:\/\/mexicocodigorojo.com.mx\/?p=63109","title":{"rendered":"FGR ya atrajo el asesinato del sacerdote Marcelo P\u00e9rez, informa Sheinbaum; niega \u00abguerra civil\u201d"},"content":{"rendered":"<p>La presidenta Claudia Sheinbaum Pardo inform\u00f3 que la Fiscal\u00eda General de la Rep\u00fablica (FGR) atrajo el caso del asesinato del sacerdote Marcelo P\u00e9rez, en San Crist\u00f3bal de las Casas, y rechaz\u00f3 una \u201cguerra civil\u201d.<\/p>\n<p>\u201cA partir del asesinaron del sacerdote Marcelo P\u00e9rez se ha manejado una idea de expertos de que en Chiapas estar\u00eda en puerta lo que llaman una \u00b4guerra civil\u00b4. \u00bfUsted qu\u00e9 piensa de esto?\u201d, se le cuestion\u00f3 en su conferencia ma\u00f1anera de este martes 22 de octubre en Palacio Nacional.<\/p>\n<p>\u201cNo, no lo creo por la informaci\u00f3n que tenemos. Es importante trabajar para que no vuelva a ocurrir una situaci\u00f3n as\u00ed y que no haya desplazamientos, y pacificar y evitar extorsiones y delitos que se est\u00e1n presentando.<\/p>\n<p>\u201cPara ello estamos trabajando con los gobernadores, digo los porque es el actual y el que va a entrar (Rutilio Escand\u00f3n y Eduardo Ram\u00edrez)\u201d, dijo la Presidenta.<\/p>\n","protected":false},"excerpt":{"rendered":"<p>La presidenta Claudia Sheinbaum Pardo inform\u00f3 que la Fiscal\u00eda General de la Rep\u00fablica (FGR) atrajo el caso del asesinato del sacerdote Marcelo P\u00e9rez, en San Crist\u00f3bal de las Casas, y rechaz\u00f3 una \u201cguerra civil\u201d. \u201cA partir del asesinaron del sacerdote Marcelo P\u00e9rez se ha manejado una idea de expertos de que en Chiapas estar\u00eda en [&hellip;]<\/p>\n","protected":false},"author":21,"featured_media":63110,"comment_status":"open","ping_status":"open","sticky":false,"template":"","format":"standard","meta":{"_uf_show_specific_survey":0,"_uf_disable_surveys":false,"advanced_seo_description":"","jetpack_seo_html_title":"","jetpack_seo_noindex":false,"jetpack_post_was_ever_published":false,"_jetpack_newsletter_access":"","_jetpack_dont_email_post_to_subs":false,"_jetpack_newsletter_tier_id":0,"_jetpack_memberships_contains_paywalled_content":false,"_jetpack_memberships_contains_paid_content":false,"footnotes":"","jetpack_publicize_message":"","jetpack_publicize_feature_enabled":true,"jetpack_social_post_already_shared":true,"jetpack_social_options":{"image_generator_settings":{"template":"highway","default_image_id":0,"font":"","enabled":false},"version":2}},"categories":[75,1724],"tags":[],"class_list":{"0":"post-63109","1":"post","2":"type-post","3":"status-publish","4":"format-standard","5":"has-post-thumbnail","7":"category-chiapas","8":"category-featured"},"jetpack_publicize_connections":[],"jetpack_featured_media_url":"https:\/\/i0.wp.com\/mexicocodigorojo.com.mx\/wp-content\/uploads\/2024\/10\/Captura-de-pantalla-2024-10-22-095022.png?fit=1085%2C656&ssl=1","jetpack-related-posts":[{"id":63086,"url":"https:\/\/mexicocodigorojo.com.mx\/?p=63086","url_meta":{"origin":63109,"position":0},"title":"Ejecutan a sacerdote en Chiapas","author":"Staff","date":"octubre 20, 2024","format":false,"excerpt":"Ejecutan al Sacerdote Marcelo Perez Perez al salir de misa en San Crist\u00f3bal de las Casas, en Barrio de Cuxtitali, Calle las Peras esquina Calle Flanz Bloom a un costado de la Iglesia de Cuxtitali. Dos sujetos con pasamonta\u00f1as a bordo de una motocicleta, se le acercaron y le dispararon\u2026","rel":"","context":"En \u00abChiapas\u00bb","block_context":{"text":"Chiapas","link":"https:\/\/mexicocodigorojo.com.mx\/?cat=75"},"img":{"alt_text":"","src":"https:\/\/i0.wp.com\/mexicocodigorojo.com.mx\/wp-content\/uploads\/2024\/10\/bfd4f4e5-9424-4fde-94b0-f0cc728fb8d1-1.jpg?fit=1080%2C757&ssl=1&resize=350%2C200","width":350,"height":200,"srcset":"https:\/\/i0.wp.com\/mexicocodigorojo.com.mx\/wp-content\/uploads\/2024\/10\/bfd4f4e5-9424-4fde-94b0-f0cc728fb8d1-1.jpg?fit=1080%2C757&ssl=1&resize=350%2C200 1x, https:\/\/i0.wp.com\/mexicocodigorojo.com.mx\/wp-content\/uploads\/2024\/10\/bfd4f4e5-9424-4fde-94b0-f0cc728fb8d1-1.jpg?fit=1080%2C757&ssl=1&resize=525%2C300 1.5x, https:\/\/i0.wp.com\/mexicocodigorojo.com.mx\/wp-content\/uploads\/2024\/10\/bfd4f4e5-9424-4fde-94b0-f0cc728fb8d1-1.jpg?fit=1080%2C757&ssl=1&resize=700%2C400 2x, https:\/\/i0.wp.com\/mexicocodigorojo.com.mx\/wp-content\/uploads\/2024\/10\/bfd4f4e5-9424-4fde-94b0-f0cc728fb8d1-1.jpg?fit=1080%2C757&ssl=1&resize=1050%2C600 3x"},"classes":[]},{"id":60902,"url":"https:\/\/mexicocodigorojo.com.mx\/?p=60902","url_meta":{"origin":63109,"position":1},"title":"AMLO confirma investigaci\u00f3n por homicidios en Chiapas","author":"MCR","date":"mayo 21, 2024","format":false,"excerpt":"El presidente Andr\u00e9s Manuel L\u00f3pez Obrador reconoci\u00f3 que existe una lucha de grupos criminales en la frontera sur del pa\u00eds tras una masacre que dej\u00f3 11 muertos en el municipio de Chicomuselo, estado de Chiapas el 16 de mayo. \u201cEsa zona tiene problemas de inseguridad, ah\u00ed hay versiones, una es\u2026","rel":"","context":"En \u00abCiudad de M\u00e9xico\u00bb","block_context":{"text":"Ciudad de M\u00e9xico","link":"https:\/\/mexicocodigorojo.com.mx\/?cat=101"},"img":{"alt_text":"","src":"https:\/\/i0.wp.com\/mexicocodigorojo.com.mx\/wp-content\/uploads\/2024\/05\/images-34.jpeg?fit=679%2C452&ssl=1&resize=350%2C200","width":350,"height":200,"srcset":"https:\/\/i0.wp.com\/mexicocodigorojo.com.mx\/wp-content\/uploads\/2024\/05\/images-34.jpeg?fit=679%2C452&ssl=1&resize=350%2C200 1x, https:\/\/i0.wp.com\/mexicocodigorojo.com.mx\/wp-content\/uploads\/2024\/05\/images-34.jpeg?fit=679%2C452&ssl=1&resize=525%2C300 1.5x"},"classes":[]},{"id":8809,"url":"https:\/\/mexicocodigorojo.com.mx\/?p=8809","url_meta":{"origin":63109,"position":2},"title":"\u201cEs m\u00e1s grave que una mujer aborte, que un sacerdote abuse de un ni\u00f1o\u201d: Arzobispo","author":"Staff","date":"noviembre 14, 2018","format":false,"excerpt":"\u201cEs m\u00e1s grave que una mujer aborte, que un sacerdote abuse de un ni\u00f1o\u201d: Arzobispo El nuevo arzobispo de la Arquidi\u00f3cesis de Tuxtla Guti\u00e9rrez, Fabio Mart\u00ednez Castilla, declar\u00f3 que es m\u00e1s grave que una mujer aborte que un sacerdote abuse sexualmente de un menor. En declaraciones al diario local Noticias\u2026","rel":"","context":"En \u00abFeatured\u00bb","block_context":{"text":"Featured","link":"https:\/\/mexicocodigorojo.com.mx\/?cat=1724"},"img":{"alt_text":"","src":"","width":0,"height":0},"classes":[]},{"id":63588,"url":"https:\/\/mexicocodigorojo.com.mx\/?p=63588","url_meta":{"origin":63109,"position":3},"title":"Garc\u00eda Harfuch asegura que La Mayiza y Los Chapitos se han debilitado","author":"Staff","date":"enero 17, 2025","format":false,"excerpt":"Las facciones que se disputan el control del Cartel de Sinaloa acusan el desgaste tras cuatro meses de conflicto. As\u00ed lo asegur\u00f3\u00a0Omar Garc\u00eda Harfuch\u00a0en La Ma\u00f1anera de este viernes. El zar de Seguridad de Claudia Sheinbaum defendi\u00f3 los resultados de la estrategia contra la crisis de violencia en el noroeste\u2026","rel":"","context":"En \u00abFeatured\u00bb","block_context":{"text":"Featured","link":"https:\/\/mexicocodigorojo.com.mx\/?cat=1724"},"img":{"alt_text":"","src":"https:\/\/mexicocodigorojo.com.mx\/wp-content\/uploads\/2025\/01\/RRE6A6PI2VGI7IGOMTNQ6SMJJI.avif","width":350,"height":200,"srcset":"https:\/\/mexicocodigorojo.com.mx\/wp-content\/uploads\/2025\/01\/RRE6A6PI2VGI7IGOMTNQ6SMJJI.avif 1x, https:\/\/mexicocodigorojo.com.mx\/wp-content\/uploads\/2025\/01\/RRE6A6PI2VGI7IGOMTNQ6SMJJI.avif 1.5x, https:\/\/mexicocodigorojo.com.mx\/wp-content\/uploads\/2025\/01\/RRE6A6PI2VGI7IGOMTNQ6SMJJI.avif 2x, https:\/\/mexicocodigorojo.com.mx\/wp-content\/uploads\/2025\/01\/RRE6A6PI2VGI7IGOMTNQ6SMJJI.avif 3x"},"classes":[]},{"id":63134,"url":"https:\/\/mexicocodigorojo.com.mx\/?p=63134","url_meta":{"origin":63109,"position":4},"title":"El gobernador Rocha se deslinda del montaje tras el asesinato de H\u00e9ctor Cu\u00e9n","author":"Staff","date":"octubre 22, 2024","format":false,"excerpt":"\u201cNo puedo emitir opiniones de valor en un proceso de investigaci\u00f3n, no me corresponde ni tengo la autoridad ni la facultad para hacerlo\u201d. Esa fue la\u00a0reacci\u00f3n de Rub\u00e9n Rocha Moya\u00a0tras los\u00a0\u00faltimos hallazgos de la Fiscal\u00eda General de la Rep\u00fablica (FGR)\u00a0en la investigaci\u00f3n del asesinato de H\u00e9ctor Cu\u00e9n, exrector de la\u2026","rel":"","context":"En \u00abFeatured\u00bb","block_context":{"text":"Featured","link":"https:\/\/mexicocodigorojo.com.mx\/?cat=1724"},"img":{"alt_text":"","src":"https:\/\/mexicocodigorojo.com.mx\/wp-content\/uploads\/2024\/10\/22555OJJXFE2TJVGXVCGIKRDBQ.avif","width":350,"height":200,"srcset":"https:\/\/mexicocodigorojo.com.mx\/wp-content\/uploads\/2024\/10\/22555OJJXFE2TJVGXVCGIKRDBQ.avif 1x, https:\/\/mexicocodigorojo.com.mx\/wp-content\/uploads\/2024\/10\/22555OJJXFE2TJVGXVCGIKRDBQ.avif 1.5x, https:\/\/mexicocodigorojo.com.mx\/wp-content\/uploads\/2024\/10\/22555OJJXFE2TJVGXVCGIKRDBQ.avif 2x, https:\/\/mexicocodigorojo.com.mx\/wp-content\/uploads\/2024\/10\/22555OJJXFE2TJVGXVCGIKRDBQ.avif 3x"},"classes":[]},{"id":41685,"url":"https:\/\/mexicocodigorojo.com.mx\/?p=41685","url_meta":{"origin":63109,"position":5},"title":"Exigen en Chiapas justicia en caso Dylan","author":"Staff","date":"agosto 12, 2020","format":false,"excerpt":"Familiares del ni\u00f1o Dylan Esa\u00fa, secuestrado en Chiapas, denuncian que las autoridades han tardado en la investigaci\u00f3n del caso Al menos 50 personas entre\u00a0familiares\u00a0y\u00a0activistas\u00a0marcharon este martes para exigir a las\u00a0autoridades\u00a0la b\u00fasqueda del ni\u00f1o ind\u00edgena\u00a0Dylan, secuestrado el 30 de junio en Chiapas. La protesta finaliz\u00f3 con un mitin ante el Palacio\u2026","rel":"","context":"En \u00abFeatured\u00bb","block_context":{"text":"Featured","link":"https:\/\/mexicocodigorojo.com.mx\/?cat=1724"},"img":{"alt_text":"","src":"https:\/\/i0.wp.com\/mexicocodigorojo.com.mx\/wp-content\/uploads\/2020\/08\/familiares-marcha-chiapas-caso-dylan-busqueda-desaparecido.jpg?fit=980%2C550&ssl=1&resize=350%2C200","width":350,"height":200,"srcset":"https:\/\/i0.wp.com\/mexicocodigorojo.com.mx\/wp-content\/uploads\/2020\/08\/familiares-marcha-chiapas-caso-dylan-busqueda-desaparecido.jpg?fit=980%2C550&ssl=1&resize=350%2C200 1x, https:\/\/i0.wp.com\/mexicocodigorojo.com.mx\/wp-content\/uploads\/2020\/08\/familiares-marcha-chiapas-caso-dylan-busqueda-desaparecido.jpg?fit=980%2C550&ssl=1&resize=525%2C300 1.5x, https:\/\/i0.wp.com\/mexicocodigorojo.com.mx\/wp-content\/uploads\/2020\/08\/familiares-marcha-chiapas-caso-dylan-busqueda-desaparecido.jpg?fit=980%2C550&ssl=1&resize=700%2C400 2x"},"classes":[]}],"jetpack_sharing_enabled":true,"jetpack_likes_enabled":true,"jetpack_shortlink":"https:\/\/wp.me\/p9TedA-gpT","_links":{"self":[{"href":"https:\/\/mexicocodigorojo.com.mx\/index.php?rest_route=\/wp\/v2\/posts\/63109","targetHints":{"allow":["GET"]}}],"collection":[{"href":"https:\/\/mexicocodigorojo.com.mx\/index.php?rest_route=\/wp\/v2\/posts"}],"about":[{"href":"https:\/\/mexicocodigorojo.com.mx\/index.php?rest_route=\/wp\/v2\/types\/post"}],"author":[{"embeddable":true,"href":"https:\/\/mexicocodigorojo.com.mx\/index.php?rest_route=\/wp\/v2\/users\/21"}],"replies":[{"embeddable":true,"href":"https:\/\/mexicocodigorojo.com.mx\/index.php?rest_route=%2Fwp%2Fv2%2Fcomments&post=63109"}],"version-history":[{"count":1,"href":"https:\/\/mexicocodigorojo.com.mx\/index.php?rest_route=\/wp\/v2\/posts\/63109\/revisions"}],"predecessor-version":[{"id":63111,"href":"https:\/\/mexicocodigorojo.com.mx\/index.php?rest_route=\/wp\/v2\/posts\/63109\/revisions\/63111"}],"wp:featuredmedia":[{"embeddable":true,"href":"https:\/\/mexicocodigorojo.com.mx\/index.php?rest_route=\/wp\/v2\/media\/63110"}],"wp:attachment":[{"href":"https:\/\/mexicocodigorojo.com.mx\/index.php?rest_route=%2Fwp%2Fv2%2Fmedia&parent=63109"}],"wp:term":[{"taxonomy":"category","embeddable":true,"href":"https:\/\/mexicocodigorojo.com.mx\/index.php?rest_route=%2Fwp%2Fv2%2Fcategories&post=63109"},{"taxonomy":"post_tag","embeddable":true,"href":"https:\/\/mexicocodigorojo.com.mx\/index.php?rest_route=%2Fwp%2Fv2%2Ftags&post=63109"}],"curies":[{"name":"wp","href":"https:\/\/api.w.org\/{rel}","templated":true}]}}