{"id":63105,"date":"2024-10-17T09:38:33","date_gmt":"2024-10-17T15:38:33","guid":{"rendered":"https:\/\/mexicocodigorojo.com.mx\/?p=63105"},"modified":"2024-10-22T09:41:10","modified_gmt":"2024-10-22T15:41:10","slug":"asesinaron-en-viaducto-a-la-abogada-penalista-oralia-perez-garduno","status":"publish","type":"post","link":"https:\/\/mexicocodigorojo.com.mx\/?p=63105","title":{"rendered":"Asesinaron en Viaducto a la abogada penalista Oralia P\u00e9rez Gardu\u00f1o"},"content":{"rendered":"<p>Una mujer muri\u00f3 tras recibir disparos de arma de fuego, en un presunto intento de asalto a plena luz del d\u00eda, que ocurri\u00f3 mientras la afectada estaba a bordo de su camioneta, sobre cruce del Viaducto Miguel Alem\u00e1n y la avenida Cuauht\u00e9moc, en la colonia Roma Sur de la alcald\u00eda Cuauht\u00e9moc.<\/p>\n<p>En redes sociales, la v\u00edctima fue identificada como Oralia P\u00e9rez Gardu\u00f1o, una abogada penalista.<\/p>\n<p>La Secretar\u00eda de Seguridad Ciudadana (SSC) notific\u00f3 en un comunicado que sus uniformados acudieron a atender un reporte de disparos emitido por los operadores del Centro de Comando y Control (C2) Centro.<\/p>\n<p>Al llegar, los oficiales encontraron a la v\u00edctima con manchas de sangre al interior del veh\u00edculo, por lo que solicitaron los servicios de emergencia. Al punto acudieron param\u00e9dicos, quienes diagnosticaron a la mujer sin signos vitales debido a las heridas ocasionadas por el proyectil.<\/p>\n<p>Las autoridades acordonaron la zona e informaron sobre lo sucedido a personal especializado del Ministerio P\u00fablico, que se encargar\u00e1 de los servicios periciales correspondientes.<\/p>\n<p>Adem\u00e1s, los operadores del C2 revisaron las grabaciones de las c\u00e1maras de videovigilancia ubicadas en la zona para identificar a los presuntos responsables, que iban a bordo de una motocicleta al momento del ataque.<\/p>\n<p>De acuerdo con reportes period\u00edsticos, la mujer viajaba sola cuando dos hombres detonaron un arma en su contra en al menos siete ocasiones; poco antes, la mujer hab\u00eda acudido a una sucursal bancaria.<\/p>\n<p>El veh\u00edculo en el que viajaba la v\u00edctima se impact\u00f3 contra el muro de contenci\u00f3n de los carriles centrales en Viaducto Miguel Alem\u00e1n.<\/p>\n<p>Im\u00e1genes de los presuntos responsables compartidas por el periodista Carlos Jim\u00e9nez muestran a dos sujetos a bordo de una motocicleta, uno vestido con una sudadera blanca y chaleco negro, otro con sudadera gris. Ambos con gorra.<\/p>\n<p>Con informaci\u00f3n de Proceso.<\/p>\n","protected":false},"excerpt":{"rendered":"<p>Una mujer muri\u00f3 tras recibir disparos de arma de fuego, en un presunto intento de asalto a plena luz del d\u00eda, que ocurri\u00f3 mientras la afectada estaba a bordo de su camioneta, sobre cruce del Viaducto Miguel Alem\u00e1n y la avenida Cuauht\u00e9moc, en la colonia Roma Sur de la alcald\u00eda Cuauht\u00e9moc. En redes sociales, la [&hellip;]<\/p>\n","protected":false},"author":5,"featured_media":63106,"comment_status":"open","ping_status":"open","sticky":false,"template":"","format":"standard","meta":{"_uf_show_specific_survey":0,"_uf_disable_surveys":false,"advanced_seo_description":"","jetpack_seo_html_title":"","jetpack_seo_noindex":false,"jetpack_post_was_ever_published":false,"_jetpack_newsletter_access":"","_jetpack_dont_email_post_to_subs":false,"_jetpack_newsletter_tier_id":0,"_jetpack_memberships_contains_paywalled_content":false,"_jetpack_memberships_contains_paid_content":false,"footnotes":"","jetpack_publicize_message":"","jetpack_publicize_feature_enabled":true,"jetpack_social_post_already_shared":true,"jetpack_social_options":{"image_generator_settings":{"template":"highway","default_image_id":0,"font":"","enabled":false},"version":2}},"categories":[101,1724],"tags":[760],"class_list":{"0":"post-63105","1":"post","2":"type-post","3":"status-publish","4":"format-standard","5":"has-post-thumbnail","7":"category-ciudad-de-mexico","8":"category-featured","9":"tag-feminicidio"},"jetpack_publicize_connections":[],"jetpack_featured_media_url":"https:\/\/i0.wp.com\/mexicocodigorojo.com.mx\/wp-content\/uploads\/2024\/10\/f804x452-651928_703861_5050.webp?fit=804%2C452&ssl=1","jetpack-related-posts":[{"id":53633,"url":"https:\/\/mexicocodigorojo.com.mx\/?p=53633","url_meta":{"origin":63105,"position":0},"title":"VIADUCTO DE REYNOSA CONVERTIDO EN TIRADERO DE CUERPOS","author":"Staff","date":"agosto 10, 2022","format":false,"excerpt":"Hallan cad\u00e1ver calcinado A la llegada de las autoridades a\u00fan se encontraba el cuerpo de un hombre ardiendo junto con llantas usadas, fue necesario la intervenci\u00f3n de bomberos para sofocar el fuego y pudieran los peritos crimin\u00f3logos realizar la investigaci\u00f3n En una brecha que comunica el Viaducto Reynosa con la\u2026","rel":"","context":"En \u00abFeatured\u00bb","block_context":{"text":"Featured","link":"https:\/\/mexicocodigorojo.com.mx\/?cat=1724"},"img":{"alt_text":"","src":"https:\/\/i0.wp.com\/mexicocodigorojo.com.mx\/wp-content\/uploads\/2022\/08\/FZwofbIX0AEV08r.jpg?fit=1200%2C541&ssl=1&resize=350%2C200","width":350,"height":200,"srcset":"https:\/\/i0.wp.com\/mexicocodigorojo.com.mx\/wp-content\/uploads\/2022\/08\/FZwofbIX0AEV08r.jpg?fit=1200%2C541&ssl=1&resize=350%2C200 1x, https:\/\/i0.wp.com\/mexicocodigorojo.com.mx\/wp-content\/uploads\/2022\/08\/FZwofbIX0AEV08r.jpg?fit=1200%2C541&ssl=1&resize=525%2C300 1.5x, https:\/\/i0.wp.com\/mexicocodigorojo.com.mx\/wp-content\/uploads\/2022\/08\/FZwofbIX0AEV08r.jpg?fit=1200%2C541&ssl=1&resize=700%2C400 2x, https:\/\/i0.wp.com\/mexicocodigorojo.com.mx\/wp-content\/uploads\/2022\/08\/FZwofbIX0AEV08r.jpg?fit=1200%2C541&ssl=1&resize=1050%2C600 3x"},"classes":[]},{"id":50667,"url":"https:\/\/mexicocodigorojo.com.mx\/?p=50667","url_meta":{"origin":63105,"position":1},"title":"Indagan muerte de conductora en el Viaducto","author":"MexicoRojoCvmx","date":"agosto 12, 2021","format":false,"excerpt":"Despu\u00e9s de ser supuestamente atacada a tiros, una conductora falleci\u00f3 a bordo de su autom\u00f3vil Seat Toledo sobre los carriles centrales de Viaducto Miguel Alem\u00e1n con direcci\u00f3n hacia el poniente a la altura de la Colonia Roma Sur, Alcald\u00eda Cuauht\u00e9moc. Las autoridades indagan si muri\u00f3 por un infarto o por\u2026","rel":"","context":"En \u00abFeatured\u00bb","block_context":{"text":"Featured","link":"https:\/\/mexicocodigorojo.com.mx\/?cat=1724"},"img":{"alt_text":"","src":"https:\/\/i0.wp.com\/mexicocodigorojo.com.mx\/wp-content\/uploads\/2021\/08\/9624053.jpg?fit=660%2C440&ssl=1&resize=350%2C200","width":350,"height":200,"srcset":"https:\/\/i0.wp.com\/mexicocodigorojo.com.mx\/wp-content\/uploads\/2021\/08\/9624053.jpg?fit=660%2C440&ssl=1&resize=350%2C200 1x, https:\/\/i0.wp.com\/mexicocodigorojo.com.mx\/wp-content\/uploads\/2021\/08\/9624053.jpg?fit=660%2C440&ssl=1&resize=525%2C300 1.5x"},"classes":[]},{"id":7536,"url":"https:\/\/mexicocodigorojo.com.mx\/?p=7536","url_meta":{"origin":63105,"position":2},"title":"Sesenta a\u00f1os de c\u00e1rcel a cuatro militares por desaparici\u00f3n y homicidio","author":"Staff","date":"octubre 29, 2018","format":false,"excerpt":"ZACATECAS, Zac.\u2013 La sentencia emitida el s\u00e1bado 13 en la sala de oralidad del Centro de Justicia Penal Federal contra cuatro militares, encabezados por el coronel Mar\u00edn P\u00e9rez Res\u00e9ndiz, fue terminante: se les declar\u00f3 culpables de delitos contra la administraci\u00f3n de la justicia, desaparici\u00f3n forzada y de los homicidios de\u2026","rel":"","context":"En \u00abZacatecas\u00bb","block_context":{"text":"Zacatecas","link":"https:\/\/mexicocodigorojo.com.mx\/?cat=263"},"img":{"alt_text":"","src":"https:\/\/i0.wp.com\/mexicocodigorojo.com.mx\/wp-content\/uploads\/2018\/10\/Perez-Resendiz-Sentencia-por-homicidio.jpg?fit=768%2C461&ssl=1&resize=350%2C200","width":350,"height":200,"srcset":"https:\/\/i0.wp.com\/mexicocodigorojo.com.mx\/wp-content\/uploads\/2018\/10\/Perez-Resendiz-Sentencia-por-homicidio.jpg?fit=768%2C461&ssl=1&resize=350%2C200 1x, https:\/\/i0.wp.com\/mexicocodigorojo.com.mx\/wp-content\/uploads\/2018\/10\/Perez-Resendiz-Sentencia-por-homicidio.jpg?fit=768%2C461&ssl=1&resize=525%2C300 1.5x, https:\/\/i0.wp.com\/mexicocodigorojo.com.mx\/wp-content\/uploads\/2018\/10\/Perez-Resendiz-Sentencia-por-homicidio.jpg?fit=768%2C461&ssl=1&resize=700%2C400 2x"},"classes":[]},{"id":53804,"url":"https:\/\/mexicocodigorojo.com.mx\/?p=53804","url_meta":{"origin":63105,"position":3},"title":"\u00a1Persecuci\u00f3n en las alturas! As\u00ed polic\u00edas detuvieron a tres en azoteas del Centro y liberaron a secuestrado","author":"MexicoRojoCvmx","date":"agosto 25, 2022","format":false,"excerpt":"En la grabaci\u00f3n compartida por la secretar\u00eda de Seguridad Ciudadana se muestra a los elementos con sus armas desenfundadas persiguiendo a dos presuntos delincuentes por las azoteas de diversos domicilios de la colonia Centro en la alcald\u00eda Cuauht\u00e9moc. Los polic\u00edas tras acorralarlos, los tiran sobre el piso de la azotea\u2026","rel":"","context":"En \u00abCiudad de M\u00e9xico\u00bb","block_context":{"text":"Ciudad de M\u00e9xico","link":"https:\/\/mexicocodigorojo.com.mx\/?cat=101"},"img":{"alt_text":"","src":"https:\/\/i0.wp.com\/mexicocodigorojo.com.mx\/wp-content\/uploads\/2022\/08\/Captura-de-pantalla-2022-08-25-104911.jpg?fit=627%2C381&ssl=1&resize=350%2C200","width":350,"height":200,"srcset":"https:\/\/i0.wp.com\/mexicocodigorojo.com.mx\/wp-content\/uploads\/2022\/08\/Captura-de-pantalla-2022-08-25-104911.jpg?fit=627%2C381&ssl=1&resize=350%2C200 1x, https:\/\/i0.wp.com\/mexicocodigorojo.com.mx\/wp-content\/uploads\/2022\/08\/Captura-de-pantalla-2022-08-25-104911.jpg?fit=627%2C381&ssl=1&resize=525%2C300 1.5x"},"classes":[]},{"id":25223,"url":"https:\/\/mexicocodigorojo.com.mx\/?p=25223","url_meta":{"origin":63105,"position":4},"title":"Asesinan a hombre con disparos en la cabeza en Ecatepec","author":"Staff","date":"octubre 11, 2019","format":false,"excerpt":"Durante la noche del jueves un hombre fue asesinado a balazos en la colonia\u00a0Valle de Arag\u00f3n Estado de M\u00e9xico.- Un hombre de 30 a\u00f1os de edad fue asesinado con disparos en la cabeza en el municipio de Ecatepec durante la noche del jueves. Durante la noche del jueves un hombre\u2026","rel":"","context":"En \u00abEstado de M\u00e9xico\u00bb","block_context":{"text":"Estado de M\u00e9xico","link":"https:\/\/mexicocodigorojo.com.mx\/?cat=53"},"img":{"alt_text":"","src":"https:\/\/i0.wp.com\/mexicocodigorojo.com.mx\/wp-content\/uploads\/2019\/10\/matan_a_hombre_con_disparos_en_la_cabeza_en_ecatepec_crop1570807204267.jpg_219914347.jpg?fit=960%2C540&ssl=1&resize=350%2C200","width":350,"height":200,"srcset":"https:\/\/i0.wp.com\/mexicocodigorojo.com.mx\/wp-content\/uploads\/2019\/10\/matan_a_hombre_con_disparos_en_la_cabeza_en_ecatepec_crop1570807204267.jpg_219914347.jpg?fit=960%2C540&ssl=1&resize=350%2C200 1x, https:\/\/i0.wp.com\/mexicocodigorojo.com.mx\/wp-content\/uploads\/2019\/10\/matan_a_hombre_con_disparos_en_la_cabeza_en_ecatepec_crop1570807204267.jpg_219914347.jpg?fit=960%2C540&ssl=1&resize=525%2C300 1.5x, https:\/\/i0.wp.com\/mexicocodigorojo.com.mx\/wp-content\/uploads\/2019\/10\/matan_a_hombre_con_disparos_en_la_cabeza_en_ecatepec_crop1570807204267.jpg_219914347.jpg?fit=960%2C540&ssl=1&resize=700%2C400 2x"},"classes":[]},{"id":10170,"url":"https:\/\/mexicocodigorojo.com.mx\/?p=10170","url_meta":{"origin":63105,"position":5},"title":"EJECUTAN A BALAZOS A UN CAMILLERO DEL IMSS CUAUHTEMOC EN VERACRUZ","author":"Staff","date":"diciembre 8, 2018","format":false,"excerpt":"EJECUTAN A BALAZOS A UN CAMILLERO DEL IMSS CUAUHTEMOC EN VERACRUZ Veracruz, Ver.- Un camillero del IMSS Cuauht\u00e9moc fue asesinado a balazos la noche de este viernes por hombres que huyeron en una motocicleta; al parecer se trat\u00f3 de un problema pasional.El violento hecho ocurri\u00f3 en la esquina de las\u2026","rel":"","context":"En \u00abVeracruz\u00bb","block_context":{"text":"Veracruz","link":"https:\/\/mexicocodigorojo.com.mx\/?cat=22"},"img":{"alt_text":"","src":"https:\/\/i0.wp.com\/mexicocodigorojo.com.mx\/wp-content\/uploads\/2018\/12\/ver-3-411193119.jpg?resize=350%2C200&ssl=1","width":350,"height":200,"srcset":"https:\/\/i0.wp.com\/mexicocodigorojo.com.mx\/wp-content\/uploads\/2018\/12\/ver-3-411193119.jpg?resize=350%2C200&ssl=1 1x, https:\/\/i0.wp.com\/mexicocodigorojo.com.mx\/wp-content\/uploads\/2018\/12\/ver-3-411193119.jpg?resize=525%2C300&ssl=1 1.5x"},"classes":[]}],"jetpack_sharing_enabled":true,"jetpack_likes_enabled":true,"jetpack_shortlink":"https:\/\/wp.me\/p9TedA-gpP","_links":{"self":[{"href":"https:\/\/mexicocodigorojo.com.mx\/index.php?rest_route=\/wp\/v2\/posts\/63105","targetHints":{"allow":["GET"]}}],"collection":[{"href":"https:\/\/mexicocodigorojo.com.mx\/index.php?rest_route=\/wp\/v2\/posts"}],"about":[{"href":"https:\/\/mexicocodigorojo.com.mx\/index.php?rest_route=\/wp\/v2\/types\/post"}],"author":[{"embeddable":true,"href":"https:\/\/mexicocodigorojo.com.mx\/index.php?rest_route=\/wp\/v2\/users\/5"}],"replies":[{"embeddable":true,"href":"https:\/\/mexicocodigorojo.com.mx\/index.php?rest_route=%2Fwp%2Fv2%2Fcomments&post=63105"}],"version-history":[{"count":1,"href":"https:\/\/mexicocodigorojo.com.mx\/index.php?rest_route=\/wp\/v2\/posts\/63105\/revisions"}],"predecessor-version":[{"id":63107,"href":"https:\/\/mexicocodigorojo.com.mx\/index.php?rest_route=\/wp\/v2\/posts\/63105\/revisions\/63107"}],"wp:featuredmedia":[{"embeddable":true,"href":"https:\/\/mexicocodigorojo.com.mx\/index.php?rest_route=\/wp\/v2\/media\/63106"}],"wp:attachment":[{"href":"https:\/\/mexicocodigorojo.com.mx\/index.php?rest_route=%2Fwp%2Fv2%2Fmedia&parent=63105"}],"wp:term":[{"taxonomy":"category","embeddable":true,"href":"https:\/\/mexicocodigorojo.com.mx\/index.php?rest_route=%2Fwp%2Fv2%2Fcategories&post=63105"},{"taxonomy":"post_tag","embeddable":true,"href":"https:\/\/mexicocodigorojo.com.mx\/index.php?rest_route=%2Fwp%2Fv2%2Ftags&post=63105"}],"curies":[{"name":"wp","href":"https:\/\/api.w.org\/{rel}","templated":true}]}}