{"id":63070,"date":"2024-10-16T15:30:31","date_gmt":"2024-10-16T21:30:31","guid":{"rendered":"https:\/\/mexicocodigorojo.com.mx\/?p=63070"},"modified":"2024-10-16T15:30:31","modified_gmt":"2024-10-16T21:30:31","slug":"ejecutan-a-ex-mando-policiaco-en-cosamaloapan","status":"publish","type":"post","link":"https:\/\/mexicocodigorojo.com.mx\/?p=63070","title":{"rendered":"Ejecutan a ex mando policiaco en Cosamaloapan"},"content":{"rendered":"\n<p>Cosamaloapan, Veracruz.- Un ex mando policiaco, de apellido Cordero, fue asesinado a tiros mientras se encontraba en un autom\u00f3vil Nissan Versa con su hija en la calle Ruiz Cortines. Afortunadamente, la menor result\u00f3 ilesa.<\/p>\n\n\n\n<p>El ataque ocurri\u00f3 poco despu\u00e9s del mediod\u00eda, cuando sujetos no identificados dispararon desde otro veh\u00edculo en movimiento. La zona centro de la ciudad se moviliz\u00f3 r\u00e1pidamente para atender la emergencia.<\/p>\n\n\n\n<p>Las autoridades han implementado un fuerte operativo para capturar a los responsables, pero hasta ahora no se han reportado detenciones.<\/p>\n\n\n\n<p>Este incidente ha causado consternaci\u00f3n en la comunidad y esperamos que se haga justicia.<\/p>\n","protected":false},"excerpt":{"rendered":"<p>Cosamaloapan, Veracruz.- Un ex mando policiaco, de apellido Cordero, fue asesinado a tiros mientras se encontraba en un autom\u00f3vil Nissan Versa con su hija en la calle Ruiz Cortines. Afortunadamente, la menor result\u00f3 ilesa. El ataque ocurri\u00f3 poco despu\u00e9s del mediod\u00eda, cuando sujetos no identificados dispararon desde otro veh\u00edculo en movimiento. La zona centro de [&hellip;]<\/p>\n","protected":false},"author":5,"featured_media":63069,"comment_status":"open","ping_status":"open","sticky":false,"template":"","format":"standard","meta":{"_uf_show_specific_survey":0,"_uf_disable_surveys":false,"advanced_seo_description":"","jetpack_seo_html_title":"","jetpack_seo_noindex":false,"jetpack_post_was_ever_published":false,"_jetpack_newsletter_access":"","_jetpack_dont_email_post_to_subs":false,"_jetpack_newsletter_tier_id":0,"_jetpack_memberships_contains_paywalled_content":false,"_jetpack_memberships_contains_paid_content":false,"footnotes":"","jetpack_publicize_message":"","jetpack_publicize_feature_enabled":true,"jetpack_social_post_already_shared":true,"jetpack_social_options":{"image_generator_settings":{"template":"highway","default_image_id":0,"font":"","enabled":false},"version":2}},"categories":[1724,22],"tags":[858],"class_list":{"0":"post-63070","1":"post","2":"type-post","3":"status-publish","4":"format-standard","5":"has-post-thumbnail","7":"category-featured","8":"category-veracruz","9":"tag-homicidio"},"jetpack_publicize_connections":[],"jetpack_featured_media_url":"https:\/\/i0.wp.com\/mexicocodigorojo.com.mx\/wp-content\/uploads\/2024\/10\/8df71201-0d1e-44c8-a527-a62baafe6a96-1.jpg?fit=1080%2C810&ssl=1","jetpack-related-posts":[{"id":23748,"url":"https:\/\/mexicocodigorojo.com.mx\/?p=23748","url_meta":{"origin":63070,"position":0},"title":"Volcadura de autob\u00fas deja tres muertos y 26 heridos en Veracruz","author":"Staff","date":"septiembre 17, 2019","format":false,"excerpt":"La volcadura ocurri\u00f3 en la autopista La Tinaja\u2013Cosoloeacaque, a la altura del entronque La Tinaja, en el municipio de Tlalixcoyan, Veracruz La\u00a0volcadura\u00a0de un autob\u00fas de pasajeros en la autopista\u00a0La Tinaja\u2013Cosoloeacaque, en el kil\u00f3metro 010+300 de la carretera 145-D, a la altura del entronque La Tinaja, en el municipio de Tlalixcoyan,\u2026","rel":"","context":"En \u00abVeracruz\u00bb","block_context":{"text":"Veracruz","link":"https:\/\/mexicocodigorojo.com.mx\/?cat=22"},"img":{"alt_text":"","src":"https:\/\/i0.wp.com\/mexicocodigorojo.com.mx\/wp-content\/uploads\/2019\/09\/accidente-carretera-veracruz.jpg?fit=980%2C550&ssl=1&resize=350%2C200","width":350,"height":200,"srcset":"https:\/\/i0.wp.com\/mexicocodigorojo.com.mx\/wp-content\/uploads\/2019\/09\/accidente-carretera-veracruz.jpg?fit=980%2C550&ssl=1&resize=350%2C200 1x, https:\/\/i0.wp.com\/mexicocodigorojo.com.mx\/wp-content\/uploads\/2019\/09\/accidente-carretera-veracruz.jpg?fit=980%2C550&ssl=1&resize=525%2C300 1.5x, https:\/\/i0.wp.com\/mexicocodigorojo.com.mx\/wp-content\/uploads\/2019\/09\/accidente-carretera-veracruz.jpg?fit=980%2C550&ssl=1&resize=700%2C400 2x"},"classes":[]},{"id":61295,"url":"https:\/\/mexicocodigorojo.com.mx\/?p=61295","url_meta":{"origin":63070,"position":1},"title":"Peligrosa volcadura de un cami\u00f3n que se dirig\u00eda al cierre de campa\u00f1a de Sheinbaum","author":"MCR","date":"mayo 31, 2024","format":false,"excerpt":"Durante el cierre de campa\u00f1a de la candidata a la Presidencia de 'Sigamos Haciendo Historia', Claudia Sheinbaunm, ocurri\u00f3 una volcadura de un cami\u00f3n provoc\u00f3 que 20 personas resultaran lesionadas cuando se transportaban a la Ciudad de M\u00e9xico para el cierre de campa\u00f1a de la candidata. Este peligroso accidente se registr\u00f3\u2026","rel":"","context":"En \u00abCiudad de M\u00e9xico\u00bb","block_context":{"text":"Ciudad de M\u00e9xico","link":"https:\/\/mexicocodigorojo.com.mx\/?cat=101"},"img":{"alt_text":"","src":"https:\/\/i0.wp.com\/mexicocodigorojo.com.mx\/wp-content\/uploads\/2024\/05\/Screenshot_20240531_203329_Gallery.jpg?fit=1200%2C692&ssl=1&resize=350%2C200","width":350,"height":200,"srcset":"https:\/\/i0.wp.com\/mexicocodigorojo.com.mx\/wp-content\/uploads\/2024\/05\/Screenshot_20240531_203329_Gallery.jpg?fit=1200%2C692&ssl=1&resize=350%2C200 1x, https:\/\/i0.wp.com\/mexicocodigorojo.com.mx\/wp-content\/uploads\/2024\/05\/Screenshot_20240531_203329_Gallery.jpg?fit=1200%2C692&ssl=1&resize=525%2C300 1.5x, https:\/\/i0.wp.com\/mexicocodigorojo.com.mx\/wp-content\/uploads\/2024\/05\/Screenshot_20240531_203329_Gallery.jpg?fit=1200%2C692&ssl=1&resize=700%2C400 2x, https:\/\/i0.wp.com\/mexicocodigorojo.com.mx\/wp-content\/uploads\/2024\/05\/Screenshot_20240531_203329_Gallery.jpg?fit=1200%2C692&ssl=1&resize=1050%2C600 3x"},"classes":[]},{"id":60059,"url":"https:\/\/mexicocodigorojo.com.mx\/?p=60059","url_meta":{"origin":63070,"position":2},"title":"QUINTANA ROO | VIDEO EJECUTAN A BALAZOS EN CHETUMAL A UN ALTO MANDO DE LA SECRETAR\u00cdA DE SEGURIDAD CIUDADANA","author":"MexicoRojo","date":"abril 29, 2024","format":false,"excerpt":"Ejecutan a Balazos a mando Policiaco, en Chetumal. \u00a0 \u00a0 Ferm\u00edn Cort\u00e9s Burgos; alto funcionario de la Secretar\u00eda de Seguridad Ciudadana, fue ejecutado en la avenida Chetumal, ubicada en la capital del estado.La ejecuci\u00f3n fue ejecutada por parte de sicarios\u00a0 en el cruce con la calle Tecnol\u00f3gico de Veracruz, en\u2026","rel":"","context":"En \u00abFeatured\u00bb","block_context":{"text":"Featured","link":"https:\/\/mexicocodigorojo.com.mx\/?cat=1724"},"img":{"alt_text":"","src":"https:\/\/i0.wp.com\/mexicocodigorojo.com.mx\/wp-content\/uploads\/2024\/04\/20240429_185023.jpg?fit=490%2C590&ssl=1&resize=350%2C200","width":350,"height":200},"classes":[]},{"id":56332,"url":"https:\/\/mexicocodigorojo.com.mx\/?p=56332","url_meta":{"origin":63070,"position":3},"title":"Aseguran 240 paquetes de coca\u00edna en un tr\u00e1iler","author":"Staff","date":"junio 11, 2023","format":false,"excerpt":"VERACRUZ, Veracruz.-\u00a0Elementos\u00a0de la Guardia Nacional (GN) interceptaron un tractocami\u00f3n que trasladaba un cargamento de aproximadamente 240 paquetes de aparente coca\u00edna, oculta entre paja en el estado de Veracruz. El hallazgo se registr\u00f3 en la carretera Minatitl\u00e1n-Cosamaloapan, a la altura del km 188+100, municipio de Acayuc\u00e1n, Veracruz, donde personal perteneciente a\u2026","rel":"","context":"En \u00abFeatured\u00bb","block_context":{"text":"Featured","link":"https:\/\/mexicocodigorojo.com.mx\/?cat=1724"},"img":{"alt_text":"","src":"https:\/\/i0.wp.com\/mexicocodigorojo.com.mx\/wp-content\/uploads\/2023\/06\/GN-696x321-1.jpeg?fit=696%2C321&ssl=1&resize=350%2C200","width":350,"height":200,"srcset":"https:\/\/i0.wp.com\/mexicocodigorojo.com.mx\/wp-content\/uploads\/2023\/06\/GN-696x321-1.jpeg?fit=696%2C321&ssl=1&resize=350%2C200 1x, https:\/\/i0.wp.com\/mexicocodigorojo.com.mx\/wp-content\/uploads\/2023\/06\/GN-696x321-1.jpeg?fit=696%2C321&ssl=1&resize=525%2C300 1.5x"},"classes":[]},{"id":52078,"url":"https:\/\/mexicocodigorojo.com.mx\/?p=52078","url_meta":{"origin":63070,"position":4},"title":"Nueva masacre ahora \u2018tiran\u2019 9 cuerpos en carretera de Veracruz","author":"Staff","date":"enero 7, 2022","format":false,"excerpt":"En el municipio de Isla, en Veracruz, los cuerpos de 9 personas fueron abandonados en una carretera; grupos armados responsabilizan a secretario de Gobierno. Los cuerpos de nueve hombres fueron hallados en una carretera del municipio de Isla, en Veracruz, con direcci\u00f3n a Cosamaloapan con un mensaje de advertencia para\u2026","rel":"","context":"En \u00abFeatured\u00bb","block_context":{"text":"Featured","link":"https:\/\/mexicocodigorojo.com.mx\/?cat=1724"},"img":{"alt_text":"","src":"https:\/\/i0.wp.com\/mexicocodigorojo.com.mx\/wp-content\/uploads\/2022\/01\/IMG-20220107-WA0039.jpg?fit=1020%2C600&ssl=1&resize=350%2C200","width":350,"height":200,"srcset":"https:\/\/i0.wp.com\/mexicocodigorojo.com.mx\/wp-content\/uploads\/2022\/01\/IMG-20220107-WA0039.jpg?fit=1020%2C600&ssl=1&resize=350%2C200 1x, https:\/\/i0.wp.com\/mexicocodigorojo.com.mx\/wp-content\/uploads\/2022\/01\/IMG-20220107-WA0039.jpg?fit=1020%2C600&ssl=1&resize=525%2C300 1.5x, https:\/\/i0.wp.com\/mexicocodigorojo.com.mx\/wp-content\/uploads\/2022\/01\/IMG-20220107-WA0039.jpg?fit=1020%2C600&ssl=1&resize=700%2C400 2x"},"classes":[]},{"id":7856,"url":"https:\/\/mexicocodigorojo.com.mx\/?p=7856","url_meta":{"origin":63070,"position":5},"title":"Yunes ofrece transporte a migrantes porque es \u201cmuy importante\u201d que se muevan pronto de Veracruz","author":"Staff","date":"noviembre 3, 2018","format":false,"excerpt":"XALAPA, Ver. (apro).- El gobernador Miguel \u00c1ngel Yunes Linares ofreci\u00f3 a la caravana migrante que este viernes ingres\u00f3 a territorio veracruzano transporte para que se trasladen a la Ciudad de M\u00e9xico. \u00a0 En un video subido a redes sociales, Yunes Linares explica que m\u00e1s de cinco mil migrantes centroamericanos acampan\u2026","rel":"","context":"En \u00abVeracruz\u00bb","block_context":{"text":"Veracruz","link":"https:\/\/mexicocodigorojo.com.mx\/?cat=22"},"img":{"alt_text":"","src":"https:\/\/i0.wp.com\/mexicocodigorojo.com.mx\/wp-content\/uploads\/2018\/11\/fr-1078x801.jpg?fit=1078%2C801&ssl=1&resize=350%2C200","width":350,"height":200,"srcset":"https:\/\/i0.wp.com\/mexicocodigorojo.com.mx\/wp-content\/uploads\/2018\/11\/fr-1078x801.jpg?fit=1078%2C801&ssl=1&resize=350%2C200 1x, https:\/\/i0.wp.com\/mexicocodigorojo.com.mx\/wp-content\/uploads\/2018\/11\/fr-1078x801.jpg?fit=1078%2C801&ssl=1&resize=525%2C300 1.5x, https:\/\/i0.wp.com\/mexicocodigorojo.com.mx\/wp-content\/uploads\/2018\/11\/fr-1078x801.jpg?fit=1078%2C801&ssl=1&resize=700%2C400 2x, https:\/\/i0.wp.com\/mexicocodigorojo.com.mx\/wp-content\/uploads\/2018\/11\/fr-1078x801.jpg?fit=1078%2C801&ssl=1&resize=1050%2C600 3x"},"classes":[]}],"jetpack_sharing_enabled":true,"jetpack_likes_enabled":true,"jetpack_shortlink":"https:\/\/wp.me\/p9TedA-gpg","_links":{"self":[{"href":"https:\/\/mexicocodigorojo.com.mx\/index.php?rest_route=\/wp\/v2\/posts\/63070","targetHints":{"allow":["GET"]}}],"collection":[{"href":"https:\/\/mexicocodigorojo.com.mx\/index.php?rest_route=\/wp\/v2\/posts"}],"about":[{"href":"https:\/\/mexicocodigorojo.com.mx\/index.php?rest_route=\/wp\/v2\/types\/post"}],"author":[{"embeddable":true,"href":"https:\/\/mexicocodigorojo.com.mx\/index.php?rest_route=\/wp\/v2\/users\/5"}],"replies":[{"embeddable":true,"href":"https:\/\/mexicocodigorojo.com.mx\/index.php?rest_route=%2Fwp%2Fv2%2Fcomments&post=63070"}],"version-history":[{"count":0,"href":"https:\/\/mexicocodigorojo.com.mx\/index.php?rest_route=\/wp\/v2\/posts\/63070\/revisions"}],"wp:featuredmedia":[{"embeddable":true,"href":"https:\/\/mexicocodigorojo.com.mx\/index.php?rest_route=\/wp\/v2\/media\/63069"}],"wp:attachment":[{"href":"https:\/\/mexicocodigorojo.com.mx\/index.php?rest_route=%2Fwp%2Fv2%2Fmedia&parent=63070"}],"wp:term":[{"taxonomy":"category","embeddable":true,"href":"https:\/\/mexicocodigorojo.com.mx\/index.php?rest_route=%2Fwp%2Fv2%2Fcategories&post=63070"},{"taxonomy":"post_tag","embeddable":true,"href":"https:\/\/mexicocodigorojo.com.mx\/index.php?rest_route=%2Fwp%2Fv2%2Ftags&post=63070"}],"curies":[{"name":"wp","href":"https:\/\/api.w.org\/{rel}","templated":true}]}}