{"id":63059,"date":"2024-10-15T15:33:05","date_gmt":"2024-10-15T21:33:05","guid":{"rendered":"https:\/\/mexicocodigorojo.com.mx\/?p=63059"},"modified":"2024-10-15T15:33:05","modified_gmt":"2024-10-15T21:33:05","slug":"va-la-sedena-por-lideres-delictivos-en-tamaulipas","status":"publish","type":"post","link":"https:\/\/mexicocodigorojo.com.mx\/?p=63059","title":{"rendered":"VA LA SEDENA POR L\u00cdDERES DELICTIVOS EN TAMAULIPAS"},"content":{"rendered":"\n<p>Refuerza SEDENA seguridad en Tamaulipas con veh\u00edculos blindados y de alta capacidad.<\/p>\n\n\n\n<ul class=\"wp-block-list\">\n<li>Inicia en Nuevo Laredo el despliegue de tecnolog\u00eda avanzada en operativos militares, y en breve se extender\u00e1 en toda la frontera tamaulipeca.<\/li>\n<\/ul>\n\n\n\n<p>Reynosa, Tamaulipas.- La Secretar\u00eda de la Defensa Nacional (Sedena) reforz\u00f3 la seguridad en el norte de Tamaulipas con la incorporaci\u00f3n de veh\u00edculos blindados y de alta capacidad para fortalecer la movilidad y protecci\u00f3n de las tropas en la regi\u00f3n.<\/p>\n\n\n\n<p>Estos veh\u00edculos ser\u00e1n utilizados principalmente en la ciudad fronteriza de Nuevo Laredo, aprovechando su versatilidad para operar en todo tipo de terrenos y bajo condiciones clim\u00e1ticas adversas, revel\u00f3 la Sedena mediante un comunicado de prensa.<\/p>\n\n\n\n<p>Indic\u00f3, que el despliegue de estos veh\u00edculos forma parte de los operativos conjuntos entre el Ej\u00e9rcito, Fuerza A\u00e9rea y la Guardia Nacional, dentro del marco de la nueva estrategia de seguridad impulsada por el gobierno federal, cuyo objetivo es reducir los homicidios dolosos y otros delitos de alto impacto en la frontera tamaulipeca.<\/p>\n\n\n\n<p>Con esta tecnolog\u00eda, se busca mejorar la coordinaci\u00f3n interinstitucional, priorizando la inteligencia y la investigaci\u00f3n para enfrentar los desaf\u00edos de seguridad.<\/p>\n\n\n\n<p>Adem\u00e1s, se intensificar\u00e1 el patrullaje en zonas urbanas y rurales, complementado con la instalaci\u00f3n de puestos m\u00f3viles de seguridad para mantener un mayor control y vigilancia.<\/p>\n\n\n\n<p>Para concluir, se dio a conocer que posteriormente se desplegar\u00e1n este mismo tipo de veh\u00edculos en municipios de la &#8216;frontera chica&#8217;, Reynosa, R\u00edo Bravo, San Fernando y Matamoros, para fortalecer los operativos que permitan regresar la tranquilidad a la poblaci\u00f3n.<\/p>\n","protected":false},"excerpt":{"rendered":"<p>Refuerza SEDENA seguridad en Tamaulipas con veh\u00edculos blindados y de alta capacidad. Reynosa, Tamaulipas.- La Secretar\u00eda de la Defensa Nacional (Sedena) reforz\u00f3 la seguridad en el norte de Tamaulipas con la incorporaci\u00f3n de veh\u00edculos blindados y de alta capacidad para fortalecer la movilidad y protecci\u00f3n de las tropas en la regi\u00f3n. Estos veh\u00edculos ser\u00e1n utilizados [&hellip;]<\/p>\n","protected":false},"author":5,"featured_media":63058,"comment_status":"open","ping_status":"open","sticky":false,"template":"","format":"standard","meta":{"_uf_show_specific_survey":0,"_uf_disable_surveys":false,"advanced_seo_description":"","jetpack_seo_html_title":"","jetpack_seo_noindex":false,"jetpack_post_was_ever_published":false,"_jetpack_newsletter_access":"","_jetpack_dont_email_post_to_subs":false,"_jetpack_newsletter_tier_id":0,"_jetpack_memberships_contains_paywalled_content":false,"_jetpack_memberships_contains_paid_content":false,"footnotes":"","jetpack_publicize_message":"","jetpack_publicize_feature_enabled":true,"jetpack_social_post_already_shared":true,"jetpack_social_options":{"image_generator_settings":{"template":"highway","default_image_id":0,"font":"","enabled":false},"version":2}},"categories":[1724,2],"tags":[58,20],"class_list":{"0":"post-63059","1":"post","2":"type-post","3":"status-publish","4":"format-standard","5":"has-post-thumbnail","7":"category-featured","8":"category-tamaulipas","9":"tag-frontera","10":"tag-sedena"},"jetpack_publicize_connections":[],"jetpack_featured_media_url":"https:\/\/i0.wp.com\/mexicocodigorojo.com.mx\/wp-content\/uploads\/2024\/10\/img_8007-1.jpg?fit=720%2C720&ssl=1","jetpack-related-posts":[{"id":11977,"url":"https:\/\/mexicocodigorojo.com.mx\/?p=11977","url_meta":{"origin":63059,"position":0},"title":"CDN VS SEDENA EN TAMAULIPAS; 5 ABATIDOS Y UN MILITAR CA\u00cdDO","author":"Staff","date":"enero 10, 2019","format":false,"excerpt":"NUEVA CIUDAD GUERRERO.- Este Jueves mientras circulaba Convoy Militar, fue emboscado por un convoy del C\u00e1rtel del Noreste, militares repelieron agresi\u00f3n abatiendo a 5 pistoleros, un militar fue lesionado en el enfrentamiento, posteriormente falleci\u00f3 en Monterrey al recibir atenci\u00f3n m\u00e9dica. Lee Tamaulipas: Localizan autoridades a 20 muertos en Miguel Alem\u00e1n\u2026","rel":"","context":"En \u00abTamaulipas\u00bb","block_context":{"text":"Tamaulipas","link":"https:\/\/mexicocodigorojo.com.mx\/?cat=2"},"img":{"alt_text":"","src":"https:\/\/i0.wp.com\/mexicocodigorojo.com.mx\/wp-content\/uploads\/2019\/01\/img_20190110_1422038344931768921554639.jpg?resize=350%2C200&ssl=1","width":350,"height":200},"classes":[]},{"id":40440,"url":"https:\/\/mexicocodigorojo.com.mx\/?p=40440","url_meta":{"origin":63059,"position":1},"title":"Al menos 12 abatidos por Militares tras enfrentamiento en Nuevo Laredo, Tamaulipas","author":"Staff","date":"julio 4, 2020","format":false,"excerpt":"En un comunicado la Sedena inform\u00f3 sobre una agresi\u00f3n recibida en Nuevo Laredo donde en el lugar murieron 12 delincuentes del C\u00e1rtel del Noreste. LA SECRETAR\u00cdA DE LA DEFENSA NACIONAL POR CONDUCTO DE LA IV REGI\u00d3N Y 8\/a. ZONA MILITAR INFORMA A LA CIUDADANIA DEL ESTADO DE TAMAULIPAS LO SIGUIENTE:\u2026","rel":"","context":"En \u00abTamaulipas\u00bb","block_context":{"text":"Tamaulipas","link":"https:\/\/mexicocodigorojo.com.mx\/?cat=2"},"img":{"alt_text":"Image","src":"https:\/\/pbs.twimg.com\/media\/EcAe33iXYAIRemX?format=jpg&name=360x360","width":350,"height":200,"srcset":"https:\/\/pbs.twimg.com\/media\/EcAe33iXYAIRemX?format=jpg&name=360x360 1x, https:\/\/pbs.twimg.com\/media\/EcAe33iXYAIRemX?format=jpg&name=360x360 1.5x"},"classes":[]},{"id":32356,"url":"https:\/\/mexicocodigorojo.com.mx\/?p=32356","url_meta":{"origin":63059,"position":2},"title":"Sedena detiene a \u201cEl Takia\u201d, en Nuevo Laredo","author":"Staff","date":"febrero 7, 2020","format":false,"excerpt":"Este viernes, la Secretar\u00eda Nacional de la Defensa (Sedena) detuvo en un operativo a\u00a0\u201cEl Takia\u201d, presunto\u00a0operador del c\u00e1rtel del Noreste (CDN) en Nuevo Laredo, Tamaulipas. De acuerdo con datos de inteligencia, el jefe de sicarios, de 22 a\u00f1os, cuyo nombre real es\u00a0Pablo C\u00e9sar \u201cN\u201d,\u00a0ser\u00eda mando operativo del c\u00e1rtel en el\u2026","rel":"","context":"En \u00abTamaulipas\u00bb","block_context":{"text":"Tamaulipas","link":"https:\/\/mexicocodigorojo.com.mx\/?cat=2"},"img":{"alt_text":"","src":"https:\/\/i0.wp.com\/mexicocodigorojo.com.mx\/wp-content\/uploads\/2020\/02\/img_4742.jpg?resize=350%2C200&ssl=1","width":350,"height":200,"srcset":"https:\/\/i0.wp.com\/mexicocodigorojo.com.mx\/wp-content\/uploads\/2020\/02\/img_4742.jpg?resize=350%2C200&ssl=1 1x, https:\/\/i0.wp.com\/mexicocodigorojo.com.mx\/wp-content\/uploads\/2020\/02\/img_4742.jpg?resize=525%2C300&ssl=1 1.5x, https:\/\/i0.wp.com\/mexicocodigorojo.com.mx\/wp-content\/uploads\/2020\/02\/img_4742.jpg?resize=700%2C400&ssl=1 2x"},"classes":[]},{"id":15243,"url":"https:\/\/mexicocodigorojo.com.mx\/?p=15243","url_meta":{"origin":63059,"position":3},"title":"V\u00cdDEO BALACERA ENTRE MILITARES Y CARTEL DEL NORESTE EN NUEVO LAREDO, SEIS MUERTOS","author":"Staff","date":"marzo 10, 2019","format":false,"excerpt":"Nuevo Laredo, Tamaulipas. - Marzo 9, 2019 (14:00 horas). El Grupo de Coordinaci\u00f3n Estatal para la Construcci\u00f3n de la Paz en Tamaulipas informa que el d\u00eda de hoy 9 de marzo se suscitaron dos eventos en la regi\u00f3n de Nuevo Laredo en el que murieron 6 personas y se aseguraron\u2026","rel":"","context":"En \u00abTamaulipas\u00bb","block_context":{"text":"Tamaulipas","link":"https:\/\/mexicocodigorojo.com.mx\/?cat=2"},"img":{"alt_text":"","src":"https:\/\/i0.wp.com\/mexicocodigorojo.com.mx\/wp-content\/uploads\/2019\/03\/img_20190309_1820043001431406563179846.jpg?resize=350%2C200&ssl=1","width":350,"height":200,"srcset":"https:\/\/i0.wp.com\/mexicocodigorojo.com.mx\/wp-content\/uploads\/2019\/03\/img_20190309_1820043001431406563179846.jpg?resize=350%2C200&ssl=1 1x, https:\/\/i0.wp.com\/mexicocodigorojo.com.mx\/wp-content\/uploads\/2019\/03\/img_20190309_1820043001431406563179846.jpg?resize=525%2C300&ssl=1 1.5x"},"classes":[]},{"id":22236,"url":"https:\/\/mexicocodigorojo.com.mx\/?p=22236","url_meta":{"origin":63059,"position":4},"title":"POLIC\u00cdAS ESTATALES Y MILITARES ASEGURAN CAMIONETA ROBADA, ARMAMENTO Y EQUIPO T\u00c1CTICO EN NUEVO LAREDO, TAMAULIPAS","author":"Staff","date":"agosto 19, 2019","format":false,"excerpt":"Nuevo Laredo, Tamaulipas.- El Gobierno del Estado a trav\u00e9s de la Secretar\u00eda de Seguridad P\u00fablica informa que, la tarde de este domingo 18 de agosto en este municipio, como parte de las acciones del Operativo Triestatal, elementos de la Polic\u00eda Estatal en coordinaci\u00f3n con personal de la Secretar\u00eda de la\u2026","rel":"","context":"En \u00abTamaulipas\u00bb","block_context":{"text":"Tamaulipas","link":"https:\/\/mexicocodigorojo.com.mx\/?cat=2"},"img":{"alt_text":"","src":"https:\/\/i0.wp.com\/mexicocodigorojo.com.mx\/wp-content\/uploads\/2019\/08\/img-20190819-wa00265430014513060455720.jpg?resize=350%2C200&ssl=1","width":350,"height":200,"srcset":"https:\/\/i0.wp.com\/mexicocodigorojo.com.mx\/wp-content\/uploads\/2019\/08\/img-20190819-wa00265430014513060455720.jpg?resize=350%2C200&ssl=1 1x, https:\/\/i0.wp.com\/mexicocodigorojo.com.mx\/wp-content\/uploads\/2019\/08\/img-20190819-wa00265430014513060455720.jpg?resize=525%2C300&ssl=1 1.5x, https:\/\/i0.wp.com\/mexicocodigorojo.com.mx\/wp-content\/uploads\/2019\/08\/img-20190819-wa00265430014513060455720.jpg?resize=700%2C400&ssl=1 2x, https:\/\/i0.wp.com\/mexicocodigorojo.com.mx\/wp-content\/uploads\/2019\/08\/img-20190819-wa00265430014513060455720.jpg?resize=1050%2C600&ssl=1 3x"},"classes":[]},{"id":27394,"url":"https:\/\/mexicocodigorojo.com.mx\/?p=27394","url_meta":{"origin":63059,"position":5},"title":"Videos: Balaceras y bloqueos en Nuevo Laredo; reportan un herido y dos detenidos","author":"Staff","date":"noviembre 20, 2019","format":false,"excerpt":"El Grupo de Coordinaci\u00f3n Estatal para la Paz de Tamaulipas inform\u00f3 hoy sobre un polic\u00eda estatal herido y dos miembros de la Tropa del Infierno detenidos, durante los hechos violentos ocurridos anoche en Nuevo Laredo. https:\/\/www.facebook.com\/TECLAREDO\/posts\/2513347015421208 El\u00a0Instituto Tecnol\u00f3gico de Nuevo Laredo\u00a0alert\u00f3 que ante estos hechos, los alumnos permanecer\u00e1n\u00a0concentrados en los\u2026","rel":"","context":"En \u00abTamaulipas\u00bb","block_context":{"text":"Tamaulipas","link":"https:\/\/mexicocodigorojo.com.mx\/?cat=2"},"img":{"alt_text":"","src":"https:\/\/i0.wp.com\/mexicocodigorojo.com.mx\/wp-content\/uploads\/2019\/11\/EJxid0XXsAAdFrD.jpg?fit=1068%2C1018&ssl=1&resize=350%2C200","width":350,"height":200,"srcset":"https:\/\/i0.wp.com\/mexicocodigorojo.com.mx\/wp-content\/uploads\/2019\/11\/EJxid0XXsAAdFrD.jpg?fit=1068%2C1018&ssl=1&resize=350%2C200 1x, https:\/\/i0.wp.com\/mexicocodigorojo.com.mx\/wp-content\/uploads\/2019\/11\/EJxid0XXsAAdFrD.jpg?fit=1068%2C1018&ssl=1&resize=525%2C300 1.5x, https:\/\/i0.wp.com\/mexicocodigorojo.com.mx\/wp-content\/uploads\/2019\/11\/EJxid0XXsAAdFrD.jpg?fit=1068%2C1018&ssl=1&resize=700%2C400 2x, https:\/\/i0.wp.com\/mexicocodigorojo.com.mx\/wp-content\/uploads\/2019\/11\/EJxid0XXsAAdFrD.jpg?fit=1068%2C1018&ssl=1&resize=1050%2C600 3x"},"classes":[]}],"jetpack_sharing_enabled":true,"jetpack_likes_enabled":true,"jetpack_shortlink":"https:\/\/wp.me\/p9TedA-gp5","_links":{"self":[{"href":"https:\/\/mexicocodigorojo.com.mx\/index.php?rest_route=\/wp\/v2\/posts\/63059","targetHints":{"allow":["GET"]}}],"collection":[{"href":"https:\/\/mexicocodigorojo.com.mx\/index.php?rest_route=\/wp\/v2\/posts"}],"about":[{"href":"https:\/\/mexicocodigorojo.com.mx\/index.php?rest_route=\/wp\/v2\/types\/post"}],"author":[{"embeddable":true,"href":"https:\/\/mexicocodigorojo.com.mx\/index.php?rest_route=\/wp\/v2\/users\/5"}],"replies":[{"embeddable":true,"href":"https:\/\/mexicocodigorojo.com.mx\/index.php?rest_route=%2Fwp%2Fv2%2Fcomments&post=63059"}],"version-history":[{"count":0,"href":"https:\/\/mexicocodigorojo.com.mx\/index.php?rest_route=\/wp\/v2\/posts\/63059\/revisions"}],"wp:featuredmedia":[{"embeddable":true,"href":"https:\/\/mexicocodigorojo.com.mx\/index.php?rest_route=\/wp\/v2\/media\/63058"}],"wp:attachment":[{"href":"https:\/\/mexicocodigorojo.com.mx\/index.php?rest_route=%2Fwp%2Fv2%2Fmedia&parent=63059"}],"wp:term":[{"taxonomy":"category","embeddable":true,"href":"https:\/\/mexicocodigorojo.com.mx\/index.php?rest_route=%2Fwp%2Fv2%2Fcategories&post=63059"},{"taxonomy":"post_tag","embeddable":true,"href":"https:\/\/mexicocodigorojo.com.mx\/index.php?rest_route=%2Fwp%2Fv2%2Ftags&post=63059"}],"curies":[{"name":"wp","href":"https:\/\/api.w.org\/{rel}","templated":true}]}}