{"id":63054,"date":"2024-10-15T12:43:43","date_gmt":"2024-10-15T18:43:43","guid":{"rendered":"https:\/\/mexicocodigorojo.com.mx\/?p=63054"},"modified":"2024-10-15T12:43:43","modified_gmt":"2024-10-15T18:43:43","slug":"guardia-estatal-rescata-a-victima-de-secuestro-en-reynosa-capturan-a-tres-sospechosos","status":"publish","type":"post","link":"https:\/\/mexicocodigorojo.com.mx\/?p=63054","title":{"rendered":"Guardia Estatal Rescata a V\u00edctima de Secuestro en Reynosa; Capturan a Tres Sospechosos"},"content":{"rendered":"\n<p>La Guardia Estatal de Reynosa logr\u00f3 rescatar a un hombre que hab\u00eda sido secuestrado y detuvo a tres presuntos responsables en un operativo en la zona centro de la ciudad. El incidente ocurri\u00f3 en la calle Col\u00f3n con Peatonal Hidalgo, donde se llev\u00f3 a cabo el fuerte despliegue policial que culmin\u00f3 con la liberaci\u00f3n de la v\u00edctima.<\/p>\n\n\n\n<p>El rescate fue posible gracias a un reporte emitido por el C5, que alert\u00f3 sobre la posible privaci\u00f3n ilegal de la libertad de un hombre que viajaba en un veh\u00edculo de alquiler. Ante la situaci\u00f3n, los elementos policiacos actuaron r\u00e1pidamente, rastreando el auto y confirmando la identidad de la v\u00edctima.<\/p>\n\n\n\n<p>Los tres detenidos fueron puestos a disposici\u00f3n de las autoridades correspondientes para continuar con la investigaci\u00f3n y determinar su responsabilidad en los hechos. La operaci\u00f3n refuerza el compromiso de la Guardia Estatal de mantener la seguridad y combatir el crimen organizado en Reynosa.<\/p>\n","protected":false},"excerpt":{"rendered":"<p>La Guardia Estatal de Reynosa logr\u00f3 rescatar a un hombre que hab\u00eda sido secuestrado y detuvo a tres presuntos responsables en un operativo en la zona centro de la ciudad. El incidente ocurri\u00f3 en la calle Col\u00f3n con Peatonal Hidalgo, donde se llev\u00f3 a cabo el fuerte despliegue policial que culmin\u00f3 con la liberaci\u00f3n de [&hellip;]<\/p>\n","protected":false},"author":5,"featured_media":63053,"comment_status":"open","ping_status":"open","sticky":false,"template":"","format":"standard","meta":{"_uf_show_specific_survey":0,"_uf_disable_surveys":false,"advanced_seo_description":"","jetpack_seo_html_title":"","jetpack_seo_noindex":false,"jetpack_post_was_ever_published":false,"_jetpack_newsletter_access":"","_jetpack_dont_email_post_to_subs":false,"_jetpack_newsletter_tier_id":0,"_jetpack_memberships_contains_paywalled_content":false,"_jetpack_memberships_contains_paid_content":false,"footnotes":"","jetpack_publicize_message":"","jetpack_publicize_feature_enabled":true,"jetpack_social_post_already_shared":true,"jetpack_social_options":{"image_generator_settings":{"template":"highway","default_image_id":0,"font":"","enabled":false},"version":2}},"categories":[1724,2],"tags":[30],"class_list":{"0":"post-63054","1":"post","2":"type-post","3":"status-publish","4":"format-standard","5":"has-post-thumbnail","7":"category-featured","8":"category-tamaulipas","9":"tag-secuestro"},"jetpack_publicize_connections":[],"jetpack_featured_media_url":"https:\/\/i0.wp.com\/mexicocodigorojo.com.mx\/wp-content\/uploads\/2024\/10\/img_7983-1.jpg?fit=1024%2C854&ssl=1","jetpack-related-posts":[{"id":64704,"url":"https:\/\/mexicocodigorojo.com.mx\/?p=64704","url_meta":{"origin":63054,"position":0},"title":"Polic\u00edas estatales rescataron a dos tras enfrentamiento en Reynosa","author":"Staff","date":"septiembre 5, 2025","format":false,"excerpt":"La vocer\u00eda de seguridad inform\u00f3 que gracias al trabajo coordinado entre las \u00e1reas de videovigilancia del C5i y la Guardia Estatal, fue posible detectar, dar seguimiento y atender oportunamente un hecho delictivo en Reynosa, que culmin\u00f3 con la liberaci\u00f3n de dos personas privadas de la libertad, la recuperaci\u00f3n de un\u2026","rel":"","context":"En \u00abFeatured\u00bb","block_context":{"text":"Featured","link":"https:\/\/mexicocodigorojo.com.mx\/?cat=1724"},"img":{"alt_text":"","src":"https:\/\/i0.wp.com\/mexicocodigorojo.com.mx\/wp-content\/uploads\/2025\/09\/6e656daf-8494-4ade-89d0-b38f81becb99.jpg?fit=1200%2C675&ssl=1&resize=350%2C200","width":350,"height":200,"srcset":"https:\/\/i0.wp.com\/mexicocodigorojo.com.mx\/wp-content\/uploads\/2025\/09\/6e656daf-8494-4ade-89d0-b38f81becb99.jpg?fit=1200%2C675&ssl=1&resize=350%2C200 1x, https:\/\/i0.wp.com\/mexicocodigorojo.com.mx\/wp-content\/uploads\/2025\/09\/6e656daf-8494-4ade-89d0-b38f81becb99.jpg?fit=1200%2C675&ssl=1&resize=525%2C300 1.5x, https:\/\/i0.wp.com\/mexicocodigorojo.com.mx\/wp-content\/uploads\/2025\/09\/6e656daf-8494-4ade-89d0-b38f81becb99.jpg?fit=1200%2C675&ssl=1&resize=700%2C400 2x, https:\/\/i0.wp.com\/mexicocodigorojo.com.mx\/wp-content\/uploads\/2025\/09\/6e656daf-8494-4ade-89d0-b38f81becb99.jpg?fit=1200%2C675&ssl=1&resize=1050%2C600 3x"},"classes":[]},{"id":55468,"url":"https:\/\/mexicocodigorojo.com.mx\/?p=55468","url_meta":{"origin":63054,"position":1},"title":"Guardia Estatal rescata a tres mujeres tras enfrentamiento en Reynosa","author":"Staff","date":"febrero 13, 2023","format":false,"excerpt":"Guardia Estatal enfrenta a civiles armados y rescata a mujeres privadas de la libertad en Reynosa. Reynosa, Tamaulipas.-Tras un enfrentamiento con civiles armados en la brecha \u201cLa Retama\u201d, personal de la Guardia Estatal en el municipio de Reynosa logr\u00f3 rescatar a tres mujeres que se encontraban privadas de la libertad.\u2026","rel":"","context":"En \u00abFeatured\u00bb","block_context":{"text":"Featured","link":"https:\/\/mexicocodigorojo.com.mx\/?cat=1724"},"img":{"alt_text":"","src":"https:\/\/i0.wp.com\/mexicocodigorojo.com.mx\/wp-content\/uploads\/2023\/02\/eec4f214-54e0-4727-8228-a91193d08ef5.jpg?fit=1200%2C900&ssl=1&resize=350%2C200","width":350,"height":200,"srcset":"https:\/\/i0.wp.com\/mexicocodigorojo.com.mx\/wp-content\/uploads\/2023\/02\/eec4f214-54e0-4727-8228-a91193d08ef5.jpg?fit=1200%2C900&ssl=1&resize=350%2C200 1x, https:\/\/i0.wp.com\/mexicocodigorojo.com.mx\/wp-content\/uploads\/2023\/02\/eec4f214-54e0-4727-8228-a91193d08ef5.jpg?fit=1200%2C900&ssl=1&resize=525%2C300 1.5x, https:\/\/i0.wp.com\/mexicocodigorojo.com.mx\/wp-content\/uploads\/2023\/02\/eec4f214-54e0-4727-8228-a91193d08ef5.jpg?fit=1200%2C900&ssl=1&resize=700%2C400 2x, https:\/\/i0.wp.com\/mexicocodigorojo.com.mx\/wp-content\/uploads\/2023\/02\/eec4f214-54e0-4727-8228-a91193d08ef5.jpg?fit=1200%2C900&ssl=1&resize=1050%2C600 3x"},"classes":[]},{"id":22807,"url":"https:\/\/mexicocodigorojo.com.mx\/?p=22807","url_meta":{"origin":63054,"position":2},"title":"Rescatan a secuestrado; arrestan a tres plagiarios en Reynosa","author":"Staff","date":"agosto 31, 2019","format":false,"excerpt":"Reynosa, Tamaulipas. \u00a0La Procuradur\u00eda General de Justicia de Tamaulipas, informa que fue liberada una persona y detenidos tres de sus captores identificados como Juan \"N\", Tomas \"N\" y Jorge Adalberto \"N\" por el delito de secuestro. Derivado de la oportuna denuncia sobre el secuestro de una persona, ocurrido el pasado\u2026","rel":"","context":"En \u00abTamaulipas\u00bb","block_context":{"text":"Tamaulipas","link":"https:\/\/mexicocodigorojo.com.mx\/?cat=2"},"img":{"alt_text":"","src":"","width":0,"height":0},"classes":[]},{"id":46809,"url":"https:\/\/mexicocodigorojo.com.mx\/?p=46809","url_meta":{"origin":63054,"position":3},"title":"Capturan a tres secuestradores en Reynosa","author":"Staff","date":"febrero 4, 2021","format":false,"excerpt":"Al darle cumplimiento a las l\u00edneas de investigaci\u00f3n, elementos de la Polic\u00eda Investigadora asignados a la Unidad Antisecuestros de la Fiscal\u00eda General de Justicia de Tamaulipas (FGJT), detuvieron a una mujer y dos hombres y liberaron a un menor de 17 a\u00f1os quien ten\u00eda desde el pasado fin de semana\u2026","rel":"","context":"En \u00abFeatured\u00bb","block_context":{"text":"Featured","link":"https:\/\/mexicocodigorojo.com.mx\/?cat=1724"},"img":{"alt_text":"","src":"https:\/\/i0.wp.com\/mexicocodigorojo.com.mx\/wp-content\/uploads\/2021\/02\/quefue2021020404-focus-0.03-0.39-628-524.jpg?fit=628%2C524&ssl=1&resize=350%2C200","width":350,"height":200,"srcset":"https:\/\/i0.wp.com\/mexicocodigorojo.com.mx\/wp-content\/uploads\/2021\/02\/quefue2021020404-focus-0.03-0.39-628-524.jpg?fit=628%2C524&ssl=1&resize=350%2C200 1x, https:\/\/i0.wp.com\/mexicocodigorojo.com.mx\/wp-content\/uploads\/2021\/02\/quefue2021020404-focus-0.03-0.39-628-524.jpg?fit=628%2C524&ssl=1&resize=525%2C300 1.5x"},"classes":[]},{"id":50053,"url":"https:\/\/mexicocodigorojo.com.mx\/?p=50053","url_meta":{"origin":63054,"position":4},"title":"TRAS OPERATIVO ANTISECUESTRO ABATE AEI A ELEMENTO DE LA GUARDIA NACIONAL","author":"Staff","date":"julio 9, 2021","format":false,"excerpt":"La Fiscal\u00eda General del Estado de\u00a0Oaxaca\u00a0(FGEO) inform\u00f3 este mi\u00e9rcoles que realizar\u00e1 una investigaci\u00f3n sobre el\u00a0enfrentamiento armado\u00a0ocurrido este mi\u00e9rcoles entre sus elementos de la Agencia Estatal de Investigaciones (AEI) y soldados de la\u00a0Guardia Nacional, hecho que dej\u00f3 un saldo de una persona fallecida y dos heridos en el poblado de\u00a0San Pablo\u2026","rel":"","context":"En \u00abFeatured\u00bb","block_context":{"text":"Featured","link":"https:\/\/mexicocodigorojo.com.mx\/?cat=1724"},"img":{"alt_text":"","src":"https:\/\/i0.wp.com\/mexicocodigorojo.com.mx\/wp-content\/uploads\/2021\/07\/MUFWULHB4VF2HAHUQMDTJG4YME.jpg?fit=992%2C744&ssl=1&resize=350%2C200","width":350,"height":200,"srcset":"https:\/\/i0.wp.com\/mexicocodigorojo.com.mx\/wp-content\/uploads\/2021\/07\/MUFWULHB4VF2HAHUQMDTJG4YME.jpg?fit=992%2C744&ssl=1&resize=350%2C200 1x, https:\/\/i0.wp.com\/mexicocodigorojo.com.mx\/wp-content\/uploads\/2021\/07\/MUFWULHB4VF2HAHUQMDTJG4YME.jpg?fit=992%2C744&ssl=1&resize=525%2C300 1.5x, https:\/\/i0.wp.com\/mexicocodigorojo.com.mx\/wp-content\/uploads\/2021\/07\/MUFWULHB4VF2HAHUQMDTJG4YME.jpg?fit=992%2C744&ssl=1&resize=700%2C400 2x"},"classes":[]},{"id":61653,"url":"https:\/\/mexicocodigorojo.com.mx\/?p=61653","url_meta":{"origin":63054,"position":5},"title":"Tamaulipas | Fotos En Reynosa dejan a un masculino con huellas de violencia y una cartulina colocada en el cuerpo","author":"MexicoRojo","date":"junio 13, 2024","format":false,"excerpt":"Tamaulipas | En Reynosa dejan a un masculino con huellas de violencia y una cartulina colocada en el cuerpo. \u00a0 \u00a0 La v\u00edctima de tez morena y cabello chino presentaba huellas visibles de tortura y ten\u00eda un mensaje en una cartulina verde, alusivo a un grupo delincuencial \u00a0 \u00a0 Reynosa,\u2026","rel":"","context":"En \u00abFeatured\u00bb","block_context":{"text":"Featured","link":"https:\/\/mexicocodigorojo.com.mx\/?cat=1724"},"img":{"alt_text":"","src":"https:\/\/i0.wp.com\/mexicocodigorojo.com.mx\/wp-content\/uploads\/2024\/06\/20240613_110715.jpg?fit=662%2C308&ssl=1&resize=350%2C200","width":350,"height":200,"srcset":"https:\/\/i0.wp.com\/mexicocodigorojo.com.mx\/wp-content\/uploads\/2024\/06\/20240613_110715.jpg?fit=662%2C308&ssl=1&resize=350%2C200 1x, https:\/\/i0.wp.com\/mexicocodigorojo.com.mx\/wp-content\/uploads\/2024\/06\/20240613_110715.jpg?fit=662%2C308&ssl=1&resize=525%2C300 1.5x"},"classes":[]}],"jetpack_sharing_enabled":true,"jetpack_likes_enabled":true,"jetpack_shortlink":"https:\/\/wp.me\/p9TedA-gp0","_links":{"self":[{"href":"https:\/\/mexicocodigorojo.com.mx\/index.php?rest_route=\/wp\/v2\/posts\/63054","targetHints":{"allow":["GET"]}}],"collection":[{"href":"https:\/\/mexicocodigorojo.com.mx\/index.php?rest_route=\/wp\/v2\/posts"}],"about":[{"href":"https:\/\/mexicocodigorojo.com.mx\/index.php?rest_route=\/wp\/v2\/types\/post"}],"author":[{"embeddable":true,"href":"https:\/\/mexicocodigorojo.com.mx\/index.php?rest_route=\/wp\/v2\/users\/5"}],"replies":[{"embeddable":true,"href":"https:\/\/mexicocodigorojo.com.mx\/index.php?rest_route=%2Fwp%2Fv2%2Fcomments&post=63054"}],"version-history":[{"count":0,"href":"https:\/\/mexicocodigorojo.com.mx\/index.php?rest_route=\/wp\/v2\/posts\/63054\/revisions"}],"wp:featuredmedia":[{"embeddable":true,"href":"https:\/\/mexicocodigorojo.com.mx\/index.php?rest_route=\/wp\/v2\/media\/63053"}],"wp:attachment":[{"href":"https:\/\/mexicocodigorojo.com.mx\/index.php?rest_route=%2Fwp%2Fv2%2Fmedia&parent=63054"}],"wp:term":[{"taxonomy":"category","embeddable":true,"href":"https:\/\/mexicocodigorojo.com.mx\/index.php?rest_route=%2Fwp%2Fv2%2Fcategories&post=63054"},{"taxonomy":"post_tag","embeddable":true,"href":"https:\/\/mexicocodigorojo.com.mx\/index.php?rest_route=%2Fwp%2Fv2%2Ftags&post=63054"}],"curies":[{"name":"wp","href":"https:\/\/api.w.org\/{rel}","templated":true}]}}