{"id":63008,"date":"2024-10-12T01:11:04","date_gmt":"2024-10-12T07:11:04","guid":{"rendered":"https:\/\/mexicocodigorojo.com.mx\/?p=63008"},"modified":"2024-10-12T01:11:04","modified_gmt":"2024-10-12T07:11:04","slug":"cesar-truco-verastegui-pide-ayuda-al-comandante-pantera-para-encontrar-a-su-hermano","status":"publish","type":"post","link":"https:\/\/mexicocodigorojo.com.mx\/?p=63008","title":{"rendered":"Cesar \u201cTruco\u201d Ver\u00e1stegui pide ayuda al comandante \u201cPantera\u201d para encontrar a su hermano"},"content":{"rendered":"\n<p>C\u00e9sar \u201cTruco\u201d Ver\u00e1stegui Ostos suplic\u00f3 a las autoridades, en especial al comandante policiaco \u201cPantera\u201d para encontrar con vida a su hermano, el diputado local, Vicente Ver\u00e1stegui.&nbsp;<\/p>\n\n\n\n<figure class=\"wp-block-image size-large\"><img data-recalc-dims=\"1\" loading=\"lazy\" decoding=\"async\" width=\"696\" height=\"464\" data-attachment-id=\"63007\" data-permalink=\"https:\/\/mexicocodigorojo.com.mx\/?attachment_id=63007\" data-orig-file=\"https:\/\/i0.wp.com\/mexicocodigorojo.com.mx\/wp-content\/uploads\/2024\/10\/img_7834-1.jpg?fit=1200%2C800&amp;ssl=1\" data-orig-size=\"1200,800\" data-comments-opened=\"1\" data-image-meta=\"{&quot;aperture&quot;:&quot;0&quot;,&quot;credit&quot;:&quot;&quot;,&quot;camera&quot;:&quot;&quot;,&quot;caption&quot;:&quot;&quot;,&quot;created_timestamp&quot;:&quot;0&quot;,&quot;copyright&quot;:&quot;&quot;,&quot;focal_length&quot;:&quot;0&quot;,&quot;iso&quot;:&quot;0&quot;,&quot;shutter_speed&quot;:&quot;0&quot;,&quot;title&quot;:&quot;&quot;,&quot;orientation&quot;:&quot;1&quot;}\" data-image-title=\"img_7834-1\" data-image-description=\"\" data-image-caption=\"\" data-large-file=\"https:\/\/i0.wp.com\/mexicocodigorojo.com.mx\/wp-content\/uploads\/2024\/10\/img_7834-1.jpg?fit=696%2C464&amp;ssl=1\" src=\"https:\/\/i0.wp.com\/mexicocodigorojo.com.mx\/wp-content\/uploads\/2024\/10\/img_7834-1.jpg?resize=696%2C464&#038;ssl=1\" class=\"wp-image-63007\" srcset=\"https:\/\/i0.wp.com\/mexicocodigorojo.com.mx\/wp-content\/uploads\/2024\/10\/img_7834-1.jpg?resize=1024%2C683&amp;ssl=1 1024w, https:\/\/i0.wp.com\/mexicocodigorojo.com.mx\/wp-content\/uploads\/2024\/10\/img_7834-1.jpg?resize=300%2C200&amp;ssl=1 300w, https:\/\/i0.wp.com\/mexicocodigorojo.com.mx\/wp-content\/uploads\/2024\/10\/img_7834-1.jpg?resize=768%2C512&amp;ssl=1 768w, https:\/\/i0.wp.com\/mexicocodigorojo.com.mx\/wp-content\/uploads\/2024\/10\/img_7834-1.jpg?resize=630%2C420&amp;ssl=1 630w, https:\/\/i0.wp.com\/mexicocodigorojo.com.mx\/wp-content\/uploads\/2024\/10\/img_7834-1.jpg?resize=150%2C100&amp;ssl=1 150w, https:\/\/i0.wp.com\/mexicocodigorojo.com.mx\/wp-content\/uploads\/2024\/10\/img_7834-1.jpg?resize=696%2C464&amp;ssl=1 696w, https:\/\/i0.wp.com\/mexicocodigorojo.com.mx\/wp-content\/uploads\/2024\/10\/img_7834-1.jpg?resize=1068%2C712&amp;ssl=1 1068w, https:\/\/i0.wp.com\/mexicocodigorojo.com.mx\/wp-content\/uploads\/2024\/10\/img_7834-1.jpg?w=1200&amp;ssl=1 1200w\" sizes=\"auto, (max-width: 696px) 100vw, 696px\" \/><figcaption class=\"wp-element-caption\">Vicente Ver\u00e1stegui <\/figcaption><\/figure>\n\n\n\n<p>En entrevista con Milenio Televisi\u00f3n, el actual diputado federal del PAN dijo que los militares y polic\u00edas conocen el mapa delincuencial en la zona de El Mante. Por ello, enfatiz\u00f3 pueden rastrear a su familiar.<\/p>\n\n\n\n<p>\u201cNecesitamos que aparezca con vida, creo que todos los que est\u00e1n en la polic\u00eda y tienen muy mapeado el estado y ellos saben qui\u00e9n pudo haber sido. Le dec\u00eda al comandante de uno que le dicen el \u2018Pantera\u2019, aqu\u00ed de Mante, que no hay nadie que est\u00e9 en la polic\u00eda que no sepa c\u00f3mo se est\u00e1n moviendo las cosas\u201d, dijo el legislador.<\/p>\n\n\n\n<p>Vicente Ver\u00e1stegui fue secuestrado por hombres armados que entraron a su rancho \u201cLupita\u201d en Xicot\u00e9ncatl, Tamaulipas, este viernes 11 de octubre a las 17:20 horas.<\/p>\n\n\n\n<h2 class=\"wp-block-heading\">Octavio, el otro hermano desaparecido<\/h2>\n\n\n\n<p>C\u00e9sar Ver\u00e1stegui refiri\u00f3 que tiene otro hermano desaparecido hace 12 a\u00f1os en la misma zona de Tamaulipas.&nbsp;<\/p>\n\n\n\n<p>De acuerdo con reportes de la Comisi\u00f3n Estatal de B\u00fasqueda, Octavio Ver\u00e1stegui desapareci\u00f3 el 9 de enero de 2012 en la misma zona. En ese hecho tambi\u00e9n fue privado de la libertad Vicente.<\/p>\n\n\n\n<p>En la entrevista, el \u201cTruco\u201d suplic\u00f3 al gobernador de Tamaulipas, Am\u00e9rico Villarreal Anaya, que haga todos los esfuerzos para encontrar a su hermano Vicente.<\/p>\n\n\n\n<p>\u201cEs un tema que yo viv\u00ed hace muchos a\u00f1os y no se le desea a nadie\u201d, expres\u00f3.<\/p>\n\n\n\n<p>Helic\u00f3ptero y Grupo Especial de SEDENA se suman a la b\u00fasqueda del diputado Vicente Ver\u00e1stegui<\/p>\n\n\n\n<p>Ciudad Victoria, Tamaulipas.- La Mesa de Coordinaci\u00f3n para la Construcci\u00f3n de Paz dio a conocer esta noche, que un helic\u00f3ptero con visi\u00f3n nocturna y un grupo de fuerzas especiales de la SEDENA se sumaron al operativo interinstitucional para la b\u00fasqueda del diputado local Vicente Ver\u00e1stegui Ostos, quien fue privado de su libertad en un ejido del municipio de Xicot\u00e9ncatl.<\/p>\n\n\n\n<p>El equipo que cuenta con tecnolog\u00eda avanzada y aparatos especiales, enviado por la Secretar\u00eda de la Defensa Nacional, realiza operaciones de b\u00fasqueda, la noche de este viernes, en caminos rurales y rancher\u00edas en los l\u00edmites de Xicot\u00e9ncatl y El Mante, tratando de dar con el paradero del legislador local.<\/p>\n\n\n\n<p>Tan pronto como se reportaron los hechos ocurridos en el ejido \u00abEmiliano Zapata\u00bb del municipio de Xicot\u00e9ncatl, a la l\u00ednea de emergencia 911, la tarde de este viernes, un grupo interinstitucional en donde participan la Secretar\u00eda de la Defensa Nacional, Guardia Nacional, Fiscal\u00eda General de Justicia y Guardia Estatal, se desplegaron en la zona ca\u00f1era para realizar las investigaciones y diligencias necesarias para el esclarecimiento de lo ocurrido y la localizaci\u00f3n del mencionado legislador.<\/p>\n\n\n\n<figure class=\"wp-block-embed is-type-rich is-provider-twitter wp-block-embed-twitter\"><div class=\"wp-block-embed__wrapper\">\n<blockquote class=\"twitter-tweet\" data-width=\"550\" data-dnt=\"true\"><p lang=\"es\" dir=\"ltr\">Confirmado intento de secuestro al diputado Javier Ver\u00e1stegui quien es hermano del Truko, ocurri\u00f3 en Ejido Emiliano Zapata del municipio de <a href=\"https:\/\/twitter.com\/hashtag\/Xicotencatl?src=hash&amp;ref_src=twsrc%5Etfw\">#Xicotencatl<\/a> tras toparse con delincuentes armados en una parcela. Sus escoltas repelieron el ataque a balazos. <a href=\"https:\/\/t.co\/rDimwcv38n\">pic.twitter.com\/rDimwcv38n<\/a><\/p>&mdash; ElGuzman (@FuriaNegra77) <a href=\"https:\/\/twitter.com\/FuriaNegra77\/status\/1844936207488188887?ref_src=twsrc%5Etfw\">October 12, 2024<\/a><\/blockquote><script async src=\"https:\/\/platform.twitter.com\/widgets.js\" charset=\"utf-8\"><\/script>\n<\/div><\/figure>\n","protected":false},"excerpt":{"rendered":"<p>C\u00e9sar \u201cTruco\u201d Ver\u00e1stegui Ostos suplic\u00f3 a las autoridades, en especial al comandante policiaco \u201cPantera\u201d para encontrar con vida a su hermano, el diputado local, Vicente Ver\u00e1stegui.&nbsp; En entrevista con Milenio Televisi\u00f3n, el actual diputado federal del PAN dijo que los militares y polic\u00edas conocen el mapa delincuencial en la zona de El Mante. Por ello, [&hellip;]<\/p>\n","protected":false},"author":5,"featured_media":63006,"comment_status":"open","ping_status":"open","sticky":false,"template":"","format":"standard","meta":{"_uf_show_specific_survey":0,"_uf_disable_surveys":false,"advanced_seo_description":"","jetpack_seo_html_title":"","jetpack_seo_noindex":false,"jetpack_post_was_ever_published":false,"_jetpack_newsletter_access":"","_jetpack_dont_email_post_to_subs":false,"_jetpack_newsletter_tier_id":0,"_jetpack_memberships_contains_paywalled_content":false,"_jetpack_memberships_contains_paid_content":false,"footnotes":"","jetpack_publicize_message":"","jetpack_publicize_feature_enabled":true,"jetpack_social_post_already_shared":true,"jetpack_social_options":{"image_generator_settings":{"template":"highway","default_image_id":0,"font":"","enabled":false},"version":2}},"categories":[1724,2],"tags":[30],"class_list":{"0":"post-63008","1":"post","2":"type-post","3":"status-publish","4":"format-standard","5":"has-post-thumbnail","7":"category-featured","8":"category-tamaulipas","9":"tag-secuestro"},"jetpack_publicize_connections":[],"jetpack_featured_media_url":"https:\/\/i0.wp.com\/mexicocodigorojo.com.mx\/wp-content\/uploads\/2024\/10\/img_7833-1.jpg?fit=562%2C546&ssl=1","jetpack-related-posts":[{"id":63011,"url":"https:\/\/mexicocodigorojo.com.mx\/?p=63011","url_meta":{"origin":63008,"position":0},"title":"Secuestro y liberaci\u00f3n: El diputado Vicente Ver\u00e1stegui regresa con su familia tras operativo de rescate en Tamaulipas","author":"MexicoRojoCvmx","date":"octubre 12, 2024","format":false,"excerpt":"CIUDAD VICTORIA, TAMPS. El diputado panista Vicente Ver\u00e1stegui Ostos se encuentra a salvo con su familia tras haber sido plagiado. La Fiscal\u00eda de Tamaulipas ha confirmado que est\u00e1 en buen estado de salud. El secuestro del legislador, de 61 a\u00f1os, ocurri\u00f3 ayer a las 17:30 horas en medio de disparos,\u2026","rel":"","context":"En \u00abFeatured\u00bb","block_context":{"text":"Featured","link":"https:\/\/mexicocodigorojo.com.mx\/?cat=1724"},"img":{"alt_text":"","src":"https:\/\/i0.wp.com\/mexicocodigorojo.com.mx\/wp-content\/uploads\/2024\/10\/foxQgu_8T3UwGAoIf_PWk-transformed.jpeg?fit=854%2C532&ssl=1&resize=350%2C200","width":350,"height":200,"srcset":"https:\/\/i0.wp.com\/mexicocodigorojo.com.mx\/wp-content\/uploads\/2024\/10\/foxQgu_8T3UwGAoIf_PWk-transformed.jpeg?fit=854%2C532&ssl=1&resize=350%2C200 1x, https:\/\/i0.wp.com\/mexicocodigorojo.com.mx\/wp-content\/uploads\/2024\/10\/foxQgu_8T3UwGAoIf_PWk-transformed.jpeg?fit=854%2C532&ssl=1&resize=525%2C300 1.5x, https:\/\/i0.wp.com\/mexicocodigorojo.com.mx\/wp-content\/uploads\/2024\/10\/foxQgu_8T3UwGAoIf_PWk-transformed.jpeg?fit=854%2C532&ssl=1&resize=700%2C400 2x"},"classes":[]},{"id":63014,"url":"https:\/\/mexicocodigorojo.com.mx\/?p=63014","url_meta":{"origin":63008,"position":1},"title":"Secuestro del Diputado Vicente Ver\u00e1stegui: La Sombra del Crimen Organizado en Xicot\u00e9ncatl","author":"MexicoRojoCvmx","date":"octubre 12, 2024","format":false,"excerpt":"CIUDAD VICTORIA, TAMPS. Tras la reciente liberaci\u00f3n del diputado local Vicente Ver\u00e1stegui Ostos, se han revelado inquietantes detalles sobre su secuestro, ocurrido ayer en un clima de tensi\u00f3n en la regi\u00f3n ca\u00f1era de Tamaulipas. La Fiscal\u00eda del Estado ha confirmado que el legislador se encuentra en buen estado de salud;\u2026","rel":"","context":"En \u00abFeatured\u00bb","block_context":{"text":"Featured","link":"https:\/\/mexicocodigorojo.com.mx\/?cat=1724"},"img":{"alt_text":"","src":"https:\/\/i0.wp.com\/mexicocodigorojo.com.mx\/wp-content\/uploads\/2024\/10\/Captura-de-pantalla-2024-10-12-124033.png?fit=685%2C521&ssl=1&resize=350%2C200","width":350,"height":200,"srcset":"https:\/\/i0.wp.com\/mexicocodigorojo.com.mx\/wp-content\/uploads\/2024\/10\/Captura-de-pantalla-2024-10-12-124033.png?fit=685%2C521&ssl=1&resize=350%2C200 1x, https:\/\/i0.wp.com\/mexicocodigorojo.com.mx\/wp-content\/uploads\/2024\/10\/Captura-de-pantalla-2024-10-12-124033.png?fit=685%2C521&ssl=1&resize=525%2C300 1.5x"},"classes":[]},{"id":14632,"url":"https:\/\/mexicocodigorojo.com.mx\/?p=14632","url_meta":{"origin":63008,"position":2},"title":"Ciudad Mante: \u201cla narcococina de M\u00e9xico\u201d","author":"Staff","date":"febrero 25, 2019","format":false,"excerpt":"CIUDAD MANTE, Tamaulipas. \u2013 Un rec\u00f3ndito terreno ubicado en las faldas de la Sierra de las Cucharas, que forma parte de la Bi\u00f3sfera \u201cEl Cielo\u201d, se transform\u00f3 en campo de exterminio. Fue la tumba y el infierno para cientos de mujeres, ni\u00f1as, j\u00f3venes, adultos y viejos. Ciento cincuenta kilos de\u2026","rel":"","context":"En \u00abTamaulipas\u00bb","block_context":{"text":"Tamaulipas","link":"https:\/\/mexicocodigorojo.com.mx\/?cat=2"},"img":{"alt_text":"","src":"https:\/\/i0.wp.com\/mexicocodigorojo.com.mx\/wp-content\/uploads\/2019\/02\/DSC_1544-1078x808.jpg?fit=1078%2C808&ssl=1&resize=350%2C200","width":350,"height":200,"srcset":"https:\/\/i0.wp.com\/mexicocodigorojo.com.mx\/wp-content\/uploads\/2019\/02\/DSC_1544-1078x808.jpg?fit=1078%2C808&ssl=1&resize=350%2C200 1x, https:\/\/i0.wp.com\/mexicocodigorojo.com.mx\/wp-content\/uploads\/2019\/02\/DSC_1544-1078x808.jpg?fit=1078%2C808&ssl=1&resize=525%2C300 1.5x, https:\/\/i0.wp.com\/mexicocodigorojo.com.mx\/wp-content\/uploads\/2019\/02\/DSC_1544-1078x808.jpg?fit=1078%2C808&ssl=1&resize=700%2C400 2x, https:\/\/i0.wp.com\/mexicocodigorojo.com.mx\/wp-content\/uploads\/2019\/02\/DSC_1544-1078x808.jpg?fit=1078%2C808&ssl=1&resize=1050%2C600 3x"},"classes":[]},{"id":58362,"url":"https:\/\/mexicocodigorojo.com.mx\/?p=58362","url_meta":{"origin":63008,"position":3},"title":"FOTOS SICARIOS DEL CARTEL DEL NORESTE\/ZETAS AMENAZAN A EL TRUKO EN NARCOMENSAJES EN CD. MANTE TAMAULIPAS","author":"MexicoRojo","date":"noviembre 28, 2023","format":false,"excerpt":"Sicarios del Cartel del Noreste\/Zetas dejaron en Ciudad Mante Tamaulipas varios narcomensajes escritos hacia un grupo de inteligencia de la Guardia Estatal asi como todo aquel que apoye a Cesar Verastegui alias El Truko. Precandidato en las pasadas elecciones para gobernador de Tamaulipas por el Partido Accion Nacional (PAN) aquien\u2026","rel":"","context":"En \u00abFeatured\u00bb","block_context":{"text":"Featured","link":"https:\/\/mexicocodigorojo.com.mx\/?cat=1724"},"img":{"alt_text":"","src":"https:\/\/i0.wp.com\/mexicocodigorojo.com.mx\/wp-content\/uploads\/2023\/11\/IMG_20231128_144427_920.jpg?fit=1200%2C900&ssl=1&resize=350%2C200","width":350,"height":200,"srcset":"https:\/\/i0.wp.com\/mexicocodigorojo.com.mx\/wp-content\/uploads\/2023\/11\/IMG_20231128_144427_920.jpg?fit=1200%2C900&ssl=1&resize=350%2C200 1x, https:\/\/i0.wp.com\/mexicocodigorojo.com.mx\/wp-content\/uploads\/2023\/11\/IMG_20231128_144427_920.jpg?fit=1200%2C900&ssl=1&resize=525%2C300 1.5x, https:\/\/i0.wp.com\/mexicocodigorojo.com.mx\/wp-content\/uploads\/2023\/11\/IMG_20231128_144427_920.jpg?fit=1200%2C900&ssl=1&resize=700%2C400 2x, https:\/\/i0.wp.com\/mexicocodigorojo.com.mx\/wp-content\/uploads\/2023\/11\/IMG_20231128_144427_920.jpg?fit=1200%2C900&ssl=1&resize=1050%2C600 3x"},"classes":[]},{"id":53095,"url":"https:\/\/mexicocodigorojo.com.mx\/?p=53095","url_meta":{"origin":63008,"position":4},"title":"Ir\u00eda Tamaulipas a Tribunal","author":"Staff","date":"junio 6, 2022","format":false,"excerpt":"La elecci\u00f3n de Gobernador en Tamaulipas concluir\u00e1 en los tribunales, debido a la intervenci\u00f3n de actores pol\u00edticos federales y aspirantes presidenciales en los comicios, as\u00ed como por el estrecho margen de diferencia entre candidatos. C\u00e9sar \"El Truko\" Ver\u00e1stegui, candidato de PAN, PRI y PRD al Gobierno de Tamaulipas, anticip\u00f3 que\u2026","rel":"","context":"En \u00abTamaulipas\u00bb","block_context":{"text":"Tamaulipas","link":"https:\/\/mexicocodigorojo.com.mx\/?cat=2"},"img":{"alt_text":"","src":"https:\/\/i0.wp.com\/mexicocodigorojo.com.mx\/wp-content\/uploads\/2022\/06\/5268947.jpg?fit=960%2C640&ssl=1&resize=350%2C200","width":350,"height":200,"srcset":"https:\/\/i0.wp.com\/mexicocodigorojo.com.mx\/wp-content\/uploads\/2022\/06\/5268947.jpg?fit=960%2C640&ssl=1&resize=350%2C200 1x, https:\/\/i0.wp.com\/mexicocodigorojo.com.mx\/wp-content\/uploads\/2022\/06\/5268947.jpg?fit=960%2C640&ssl=1&resize=525%2C300 1.5x, https:\/\/i0.wp.com\/mexicocodigorojo.com.mx\/wp-content\/uploads\/2022\/06\/5268947.jpg?fit=960%2C640&ssl=1&resize=700%2C400 2x"},"classes":[]},{"id":7008,"url":"https:\/\/mexicocodigorojo.com.mx\/?p=7008","url_meta":{"origin":63008,"position":5},"title":"Tamaulipas se prepara ante el avance de la caravana de migrantes","author":"Staff","date":"octubre 22, 2018","format":false,"excerpt":"SGG-034-2018 Octubre 22 de 2018 El Secretario General de Gobierno, C\u00e9sar Augusto Ver\u00e1stegui participa en reuni\u00f3n en la ciudad de M\u00e9xico para analizar el arribo de los migrantes que se espera a la frontera tamaulipeca; se busca el apoyo y la coordinaci\u00f3n con la federaci\u00f3n y otros estados del pa\u00eds.\u2026","rel":"","context":"En \u00abTamaulipas\u00bb","block_context":{"text":"Tamaulipas","link":"https:\/\/mexicocodigorojo.com.mx\/?cat=2"},"img":{"alt_text":"","src":"https:\/\/i0.wp.com\/mexicocodigorojo.com.mx\/wp-content\/uploads\/2018\/10\/img-20181022-wa0061-810952100.jpg?resize=350%2C200&ssl=1","width":350,"height":200,"srcset":"https:\/\/i0.wp.com\/mexicocodigorojo.com.mx\/wp-content\/uploads\/2018\/10\/img-20181022-wa0061-810952100.jpg?resize=350%2C200&ssl=1 1x, https:\/\/i0.wp.com\/mexicocodigorojo.com.mx\/wp-content\/uploads\/2018\/10\/img-20181022-wa0061-810952100.jpg?resize=525%2C300&ssl=1 1.5x, https:\/\/i0.wp.com\/mexicocodigorojo.com.mx\/wp-content\/uploads\/2018\/10\/img-20181022-wa0061-810952100.jpg?resize=700%2C400&ssl=1 2x"},"classes":[]}],"jetpack_sharing_enabled":true,"jetpack_likes_enabled":true,"jetpack_shortlink":"https:\/\/wp.me\/p9TedA-gog","_links":{"self":[{"href":"https:\/\/mexicocodigorojo.com.mx\/index.php?rest_route=\/wp\/v2\/posts\/63008","targetHints":{"allow":["GET"]}}],"collection":[{"href":"https:\/\/mexicocodigorojo.com.mx\/index.php?rest_route=\/wp\/v2\/posts"}],"about":[{"href":"https:\/\/mexicocodigorojo.com.mx\/index.php?rest_route=\/wp\/v2\/types\/post"}],"author":[{"embeddable":true,"href":"https:\/\/mexicocodigorojo.com.mx\/index.php?rest_route=\/wp\/v2\/users\/5"}],"replies":[{"embeddable":true,"href":"https:\/\/mexicocodigorojo.com.mx\/index.php?rest_route=%2Fwp%2Fv2%2Fcomments&post=63008"}],"version-history":[{"count":0,"href":"https:\/\/mexicocodigorojo.com.mx\/index.php?rest_route=\/wp\/v2\/posts\/63008\/revisions"}],"wp:featuredmedia":[{"embeddable":true,"href":"https:\/\/mexicocodigorojo.com.mx\/index.php?rest_route=\/wp\/v2\/media\/63006"}],"wp:attachment":[{"href":"https:\/\/mexicocodigorojo.com.mx\/index.php?rest_route=%2Fwp%2Fv2%2Fmedia&parent=63008"}],"wp:term":[{"taxonomy":"category","embeddable":true,"href":"https:\/\/mexicocodigorojo.com.mx\/index.php?rest_route=%2Fwp%2Fv2%2Fcategories&post=63008"},{"taxonomy":"post_tag","embeddable":true,"href":"https:\/\/mexicocodigorojo.com.mx\/index.php?rest_route=%2Fwp%2Fv2%2Ftags&post=63008"}],"curies":[{"name":"wp","href":"https:\/\/api.w.org\/{rel}","templated":true}]}}