{"id":62997,"date":"2024-10-09T15:28:38","date_gmt":"2024-10-09T21:28:38","guid":{"rendered":"https:\/\/mexicocodigorojo.com.mx\/?p=62997"},"modified":"2024-10-09T15:34:28","modified_gmt":"2024-10-09T21:34:28","slug":"inutil-despliegue-de-fuerzas-militares-en-culiacan","status":"publish","type":"post","link":"https:\/\/mexicocodigorojo.com.mx\/?p=62997","title":{"rendered":"In\u00fatil despliegue de fuerzas militares en Culiac\u00e1n"},"content":{"rendered":"<p><strong>Culiac\u00e1n, Sinaloa.-<\/strong>\u00a0<strong>Justo al amanecer\u00a0<\/strong>de este mi\u00e9rcoles 9 de octubre, fue<strong>\u00a0localizado asesinado un hombre<\/strong>\u00a0atr\u00e1s del\u00a0<strong>pante\u00f3n de la colonia 21 de Marzo<\/strong>, al sur de Culiac\u00e1n.<\/p>\n<p>La v\u00edctima fue identificado por un familiar en el lugar de los hechos con el nombre de Juan \u2018N\u2019 de entre 40 y 45 a\u00f1os de edad, con domicilio en la colonia Esperanza.<\/p>\n<p>Al momento del hallazgo vest\u00eda solo un pantal\u00f3n de mezclilla, sin camisa y se le apreciaba sangre en la cabeza. Era de complexi\u00f3n regular, estatura media y tez morena.<\/p>\n<p>De acuerdo a informaci\u00f3n brindada por propios familiares, Juan hab\u00eda sido privado de su libertad el d\u00eda de ayer martes 8 de octubre por la tarde, y fue cerca de las 6:00 horas ma\u00f1ana de hoy que el cuerpo se localiz\u00f3 en un canal de desag\u00fce ubicado junto al cementerio sobre la calle Aloe entre Campanillas y Alocacia.<\/p>\n<p>Al lugar arribaron elementos del Ej\u00e9rcito Mexicano para asegurar la zona y solicitaron la presencia de agentes de investigaci\u00f3n y personal perisial para determinar la causa de muerte, si fue a causa de golpes o impactos de bala, donde finalmente se realizar\u00e1n las diligencias correspondientes para el traslado al SEMEFO.<\/p>\n<h1>Sinaloa, zona de guerra tras una traici\u00f3n en el C\u00e1rtel<\/h1>\n<div class=\"article-snippet\">\n<p>Un enga\u00f1o explosivo ha desgarrado a uno de los grupos delictivos m\u00e1s poderosos de M\u00e9xico y ha desatado una guerra entre las facciones rivales<\/p>\n<p><img data-recalc-dims=\"1\" decoding=\"async\" src=\"https:\/\/i0.wp.com\/www.eldiariodechihuahua.mx\/core\/dch\/assets\/images\/2024\/10\/08\/sinaloa-ntC6RmH0K.jpg?w=696&#038;ssl=1\" alt=\"Sinaloa, zona de guerra tras una traici\u00f3n en el C\u00e1rtel\" \/><\/p>\n<p>Cuerpos tirados a la orilla del camino. Tiroteos en barrios de lujo. Tractocamiones incendiados en la autopista. Personas sustra\u00eddas de sus coches por hombres armados a plena luz del d\u00eda.<\/p>\n<p>As\u00ed es como luce la guerra cuando estalla en el interior de una de las mafias criminales m\u00e1s poderosas del mundo, el C\u00e1rtel de Sinaloa, guerra en la que se enfrentan dos facciones rivales en una sangrienta lucha por controlar un narcoimperio multimillonario.<\/p>\n<p>Los \u00faltimos a\u00f1os hab\u00edan sido relativamente calmados en el estado de Sinaloa, en el noroeste de M\u00e9xico, donde el dominio de una organizaci\u00f3n criminal \u00fanica y cohesionada manten\u00eda las guerras territoriales al m\u00ednimo y las tasas oficiales de homicidios se manten\u00edan m\u00e1s bajas que en muchas grandes ciudades de EE. UU.<\/p>\n<p>Entonces, a finales de julio, se produjo una traici\u00f3n impensable: Ismael \u201cel Mayo\u201d Zambada Garc\u00eda, padrino del c\u00e1rtel, fue enga\u00f1ado por el hijo de su antiguo aliado, secuestrado, obligado a tomar un vuelo a EE. UU. y detenido por agentes estadounidenses, seg\u00fan funcionarios de ese pa\u00eds.<\/p>\n<p>Zambada describi\u00f3 la traici\u00f3n en una carta difundida por su abogado, en la que el narcotraficante dec\u00eda que el d\u00eda que fue detenido, hab\u00eda sido atra\u00eddo a una reuni\u00f3n supuestamente amistosa y luego \u201cemboscado\u201d y \u201csecuestrado\u201d por uno de los hijos de su compa\u00f1ero cofundador del c\u00e1rtel, Joaqu\u00edn Guzm\u00e1n Loera, conocido como el Chapo.<\/p>\n<p>No era la primera vez que las familias de los capos se traicionaban entre s\u00ed. Las tensiones han estado latentes entre las dos partes desde que el Chapo fue capturado y juzgado en un tribunal federal de EE. UU., donde uno de los hijos del Mayo ofreci\u00f3 un testimonio condenatorio contra el capo de la droga en 2019 que ayud\u00f3 a ponerlo en prisi\u00f3n perpetua.<\/p>\n<p>Despu\u00e9s del secuestro y arresto del Mayo, el estado de Sinaloa estuvo en vilo durante aproximadamente un mes, esperando a ver si los herederos del c\u00e1rtel pod\u00edan llegar a una resoluci\u00f3n. A principios de septiembre lleg\u00f3 una respuesta: una oleada de asesinatos marc\u00f3 el inicio de una guerra civil total.<\/p>\n<p>\u201cTodav\u00eda no tenemos el fin de un largo periodo de violencia que nos est\u00e1 abrumando mucho\u201d, dijo en una entrevista el gobernador de Sinaloa, Rub\u00e9n Rocha Moya, y a\u00f1adi\u00f3: \u201cNo est\u00e1 rebasado para nada el gobierno, sino al contrario: estamos cada vez teniendo mejores posicionamientos en el enfrentamiento de la violencia\u201d.<\/p>\n<p>Pero los habitantes de Sinaloa no parecen confiar en que alguien controle la brutalidad.<\/p>\n<p>Los habitantes siguen ahora un toque de queda autoimpuesto, refugi\u00e1ndose en interiores cuando oscurece. Los padres se niegan a enviar a sus hijos a la escuela por miedo a que queden atrapados en un tiroteo. El lunes, hombres armados bajaron a la fuerza de sus veh\u00edculos a dos alcaldes de la localidad y robaron los autos, seg\u00fan un portavoz del fiscal general del estado.<\/p>\n<p>La par\u00e1lisis se ha apoderado de la econom\u00eda local, ya que muchos empleados han dejado de ir a trabajar y las empresas han reducido sus horarios o suspendido por completo sus operaciones. La capital, Culiac\u00e1n, ya ha sufrido p\u00e9rdidas de cientos de millones de d\u00f3lares, seg\u00fan los l\u00edderes empresariales.<\/p>\n<p>Con m\u00e1s de 140 muertos en tan solo un mes, funcionarios temen que la violencia se extienda pronto por todo el pa\u00eds, lo que pone en juego los intereses de la nueva presidenta de M\u00e9xico, Claudia Sheinbaum.<\/p>\n<p>\u201cEstamos en un momento cr\u00edtico\u201d, dijo Eduardo Guerrero, un analista de seguridad afincado en Ciudad de M\u00e9xico. \u201cSi no intentan parar lo que est\u00e1 pasando en Sinaloa, la violencia se va a volver inmanejable\u201d.<\/p>\n<p>El gobierno federal envi\u00f3 1100 soldados a patrullar las calles y el ej\u00e9rcito confisc\u00f3 las armas de la polic\u00eda municipal de Culiac\u00e1n, una medida que, seg\u00fan los expertos, refleja una preocupaci\u00f3n de que haya connivencia entre el c\u00e1rtel y los agentes locales.<\/p>\n<p>Con el expresidente Andr\u00e9s Manuel L\u00f3pez Obrador, el gobierno trat\u00f3 de evitar enfrentamientos directos con los grupos armados en un esfuerzo por limitar las bajas masivas. Sheinbaum, su protegida, ha prometido continuar con esa estrategia.<\/p>\n<p>\u201cEntrar con poder de fuego generar\u00eda una guerra\u201d dijo recientemente Sheinbaum, a\u00f1adiendo que las fuerzas de seguridad deben dar prioridad a la protecci\u00f3n de los civiles, \u201cpero no generando m\u00e1s confrontaci\u00f3n que provoque m\u00e1s muertes\u201d.<\/p>\n<p>El general Francisco Jes\u00fas Leana Ojeda, que hasta hace poco era el comandante de las fuerzas armadas en la zona de Sinaloa, dijo a los periodistas que la seguridad del estado \u201cno depende de nosotros, depende de los grupos antag\u00f3nicos, que dejen de hacer confrontaci\u00f3n entre ellos\u201d. Fue retirado de su cargo este mes, seg\u00fan informaron los medios locales.<\/p>\n<p>El gobernador Rocha Moya se distanci\u00f3 de los comentarios, que desataron indignaci\u00f3n. \u201cObviamente el gobierno no puede sentarse a esperar a ver cu\u00e1ndo se les ocurre dejar de pelearse\u201d, dijo.<\/p>\n<p>Antes de terminar su mandato, L\u00f3pez Obrador culp\u00f3 a EE. UU. de la violencia, de la que dijo que solo hab\u00eda iniciado \u201cpor una decisi\u00f3n que no fue correcta y que se fragu\u00f3 en el extranjero\u201d, sugiriendo que el gobierno de EE. UU. orquest\u00f3 el plan para detener al Mayo.<\/p>\n<p>\u201cNo hubo ninguna operaci\u00f3n policial de EE. UU. realizada en M\u00e9xico relacionada con la detenci\u00f3n de Ismael Zambada Garc\u00eda\u201d, dijo el Departamento de Estado en un comunicado.<\/p>\n<p>Un viernes reciente, la polic\u00eda de Sinaloa encontr\u00f3 una camioneta blanca pintada con aerosol con la leyenda \u201cBienvenidos a Culiac\u00e1n\u201d frente a una taquer\u00eda de la capital. En su interior hab\u00eda los cad\u00e1veres de al menos cinco hombres que debieron ser asesinados d\u00edas antes, seg\u00fan un agente de polic\u00eda, a juzgar por el olor a descomposici\u00f3n humana que llenaba el aire.<\/p>\n<p>Cuando se le pregunt\u00f3 si la violencia estaba disminuyendo, el agente exhal\u00f3 bruscamente.<\/p>\n<p>\u201c\u00a1Nombre!\u201d, dijo, \u201cesto apenas va empezando\u201d.<\/p>\n<p>En Elota, a una hora al sur de Culiac\u00e1n, Rosario Salazar, de 70 a\u00f1os, se dispuso a guarecerse en cuanto las caravanas de hombres armados empezaron a atravesar el pueblo. Al o\u00edr el ruido de las camionetas pesadas, ella y su marido corr\u00edan al interior de su peque\u00f1a casa de bloques de concreto, apagaban las luces y se encerraban, a veces durante d\u00edas.<\/p>\n<p>\u201cNo nos acerc\u00e1bamos ni a la ventana\u201d, dijo. Los distribuidores de alimentos dejaron de llegar al pueblo. Los vecinos apagaban la luz a las 8 p. m. Salazar cerr\u00f3 su tienda y empez\u00f3 a racionar la comida.<\/p>\n<p>\u201cSiempre hemos sido pobres, sabemos adaptarnos y vivir con poquito\u201d, dijo, \u201dpero el miedo es m\u00e1s dif\u00edcil de sobrellevar\u201d.<\/p>\n<p>En un momento dado, una tigresa llamada Tita escap\u00f3 de una casa que se incendi\u00f3 y que seg\u00fan las autoridades pertenec\u00eda a un supuesto miembro del c\u00e1rtel.<\/p>\n<p>En una acusaci\u00f3n federal contra los l\u00edderes del C\u00e1rtel de Sinaloa, los fiscales de EE. UU. afirman que el grupo alimentaba a tigres de los hijos del Chapo con sus enemigos, \u201cvivos o muertos\u201d, aunque los vecinos dicen que a Tita la ten\u00edan como mascota. Finalmente fue capturada y ahora se encuentra en el zool\u00f3gico de Culiac\u00e1n.<\/p>\n<p>Entre los \u00fanicos objetos que sobrevivieron al incendio de la casa \u2014encontrados entre los escombros carbonizados por periodistas del Times que visitaron el lugar\u2014 hab\u00eda un peque\u00f1o vial de naloxona, el f\u00e1rmaco utilizado para revertir la sobredosis de opi\u00e1ceos.<\/p>\n<p>La violencia en Elota y sus alrededores puede ser parte de una batalla por terreno que es muy adecuada para los campos de marihuana y los laboratorios de drogas sint\u00e9ticas, dijo Juan Carlos Ayala Barr\u00f3n, analista de seguridad y profesor de la Universidad Aut\u00f3noma de Sinaloa.<\/p>\n<p>\u201cLos laboratorios normalmente se instalan en la zona serrana\u201d, dijo Ayala Barr\u00f3n, \u201cdonde se pueden cubrir en el monte debajo del follaje de \u00e1rboles\u201d.<\/p>\n<p>El municipio era el hogar de dos hermanos acusados por la Administraci\u00f3n de Control de Drogas de ser los principales traficantes de fentanilo para el c\u00e1rtel, hasta agosto, cuando uno de los hombres, Mart\u00edn Garc\u00eda Corrales, fue encontrado muerto a la orilla de la carretera y su hermano desapareci\u00f3. Sus casas quedaron calcinadas y acribilladas a balazos.<\/p>\n<p>El Departamento de Estado afirma que el C\u00e1rtel de Sinaloa \u201ces responsable en gran medida de la entrada masiva\u201d de fentanilo a Estados Unidos.<\/p>\n<p>Otros estallidos de violencia han sacudido Sinaloa antes, pero los residentes dicen que la ola actual es m\u00e1s intensa que cualquier otra que hayan vivido.<\/p>\n<p>En 2019, las fuerzas de seguridad mexicanas detuvieron brevemente a Ovidio Guzm\u00e1n L\u00f3pez, uno de los hijos del Chapo, en Culiac\u00e1n y luego se vieron obligadas a liberarlo despu\u00e9s de que hombres armados del c\u00e1rtel sitiaron la ciudad.<\/p>\n<p>Cuando Guzm\u00e1n L\u00f3pez fue capturado otra vez el a\u00f1o pasado, sus secuaces volvieron a sembrar el caos en las calles, lo que oblig\u00f3 a cerrar el aeropuerto y los edificios gubernamentales.<\/p>\n<p>Pero esos episodios terminaron en pocos d\u00edas.<\/p>\n<p>En el sur de Sinaloa, muchos habitantes siguen atrapados en sus casas un mes despu\u00e9s del inicio del conflicto.<\/p>\n<p>\u201c\u00bfC\u00f3mo les voy a dar de comer a estas ni\u00f1as?\u201d, dijo Luis Sapiens, un pe\u00f3n agr\u00edcola de Elota.<\/p>\n<p>Sapiens, de 37 a\u00f1os, trabaja normalmente siete d\u00edas a la semana en un invernadero para mantener a su mujer y a sus dos hijas, de 5 y 7 a\u00f1os. Ahora solo acude cada pocos d\u00edas, cuando su jefe dice que es suficientemente seguro.<\/p>\n<p>El gobierno local distribuy\u00f3 alimentos en su barrio hace un par de semanas, pero aparte de eso, los residentes se las arreglan solos. La escuela local sigue cerrada, dijo Esmeralda, la mujer de Sapiens, porque los profesores tienen demasiado miedo para venir al municipio.<\/p>\n<p>\u201cSe est\u00e1n retrasado\u201d, dijo, mientras las dos ni\u00f1as ve\u00edan dibujos animados, \u201cy no hay nada que pueda hacer\u201d.<\/p>\n<\/div>\n<h1>Refuerzan Sinaloa<\/h1>\n<div class=\"article-snippet\">Los nuevos titulares de la SSC, Omar Garc\u00eda Harfuch, y de la Sedena, Ricardo Trevilla, realizaron un recorrido<\/div>\n<div><\/div>\n<div><img data-recalc-dims=\"1\" decoding=\"async\" src=\"https:\/\/i0.wp.com\/www.eldiariodechihuahua.mx\/core\/dch\/assets\/images\/2024\/10\/09\/sinaloa-vox7w9G0z.jpg?w=696&#038;ssl=1\" alt=\"Refuerzan Sinaloa\" \/><\/div>\n<div>\n<p>Los nuevos titulares de la SSC, Omar Garc\u00eda Harfuch, y de la Sedena, Ricardo Trevilla, realizaron un recorrido por la colonia Las Quintas, donde Ismael \u00abEl Mayo\u00bb Zambada Garc\u00eda ten\u00eda algunas propiedades y negocios.<\/p>\n<p>La caminata la hicieron escoltados por militares. Garc\u00eda Harfuch inform\u00f3 que reforzar\u00e1n la seguridad en Sinaloa.<\/p>\n<p><b>Y llegan m\u00e1s unidades&#8230;<\/b><\/p>\n<p>Tras casi un mes de confrontaci\u00f3n entre dos facciones del C\u00e1rtel de Sinaloa, que ha dejado al menos 192 asesinatos y 224 desapariciones, la Administraci\u00f3n de la Presidenta Claudia Sheinbaum anunci\u00f3 ayer el env\u00edo de m\u00e1s militares a Sinaloa para tratar de disminuir la violencia.<\/p>\n<p>\u00abNo hablamos de n\u00famero, pero se habl\u00f3 de (elementos de la) Guardia Nacional que vienen, se dio instrucciones ah\u00ed\u00bb, dijo el Gobernador Rub\u00e9n Rocha tras reunirse con el Secretario de la Defensa Nacional, General Ricardo Trevilla, y el Secretario de Seguridad y Protecci\u00f3n Ciudadana, Omar Garc\u00eda Harfuch, en la sede de la Novena Zona Militar.<\/p>\n<p>\u00abLa instrucci\u00f3n es que, de aqu\u00ed al s\u00e1bado siguiente, ya tenemos una concentraci\u00f3n y para entonces sabremos exactamente cu\u00e1ntos (elementos federales) vienen, pero van a estar viniendo. Van a venir nuevos elementos de las Fuerzas Especiales, ese es otro acuerdo, y que esos llegan de inmediato\u00bb.<\/p>\n<p>En la reuni\u00f3n se definieron ejes para atender la inseguridad en Culiac\u00e1n, Eldorado, Elota, Cosal\u00e1, San Ignacio, Mazatl\u00e1n y Concordia, municipios donde han ocurrido los hechos m\u00e1s violentos, entre ellos bloqueos de carreteras, afectaciones a veh\u00edculos con artefactos ponchallantas y se han dejado mensajes entre grupos criminales.<\/p>\n<p>El Gobernador morenista mencion\u00f3 adem\u00e1s la implementaci\u00f3n de estrategias de inteligencia e investigaci\u00f3n para atacar puntos claves, as\u00ed como la coordinaci\u00f3n de fuerzas y el env\u00edo de m\u00e1s personal de la Guardia Nacional de otros estados del Pa\u00eds.<\/p>\n<p>\u00abEs decir, el n\u00famero que tenemos ahora se va a incrementar para acercarlo a las escuelas, dar garant\u00eda de que las celebraciones, los eventos se puedan estar realizando a sabiendas de que va a haber cercan\u00eda, sobre todo de la polic\u00eda llamada Guardia Nacional\u00bb.<\/p>\n<p>El principal objetivo, dijo, es el de regresar la confianza a la ciudadan\u00eda para retomar sus actividades cotidianas a trav\u00e9s de una mayor presencia en el operativo de proximidad en las escuelas y en eventos masivos.<\/p>\n<\/div>\n<h1 class=\"titular\">Sheinbaum defiende al gobernador Rocha Moya y niega nexos con \u00abLos Chapitos\u00bb<\/h1>\n<p>\u201cNo hay ninguna prueba en contra del gobernador Rocha Moya \u201d, afirm\u00f3 la presidenta Claudia Sheinbaum por los presuntos nexos del gobernador sinaloense con la fracci\u00f3n de \u201cLos Chapitos\u201d del C\u00e1rtel de Sinaloa y que llev\u00f3 a la captura de Ismael \u201cEl Mayo\u201d Zambada.<\/p>\n<p>En la edici\u00f3n de octubre\u00a0<strong>Proceso<\/strong>\u00a0public\u00f3 un reportaje con\u00a0documentos obtenidos,\u00a0\u201catribuidos al Centro Nacional de Inteligencia y a servicios de vigilancia militar, que dan cuenta de una investigaci\u00f3n puntual contra el gobernador de Sinaloa, Rub\u00e9n Rocha Moya\u201d.<\/p>\n<p>Omar Garc\u00eda Harfuch, secretario de Seguridad y Protecci\u00f3n Ciudadana, incluso dijo que se acaba de reunir con el gobernador Rub\u00e9n Rocha para el fortalecimiento de las medidas aplicadas en la entidad para atender la violencia que se gener\u00f3 a partir de la captura de \u201cEl Mayo\u201d.<\/p>\n<p>Por instrucciones de la presidenta\u00a0se trasladar\u00e1 con los titulares de las Fuerzas Armadas y de Seguridad para hacer una evaluaci\u00f3n y buscar\u00e1n la coordinaci\u00f3n con el mandatario estatal.<\/p>\n<p>Aunque el funcionario no respondi\u00f3 al planteamiento escueto sobre v\u00ednculos de Rocha con el grupo criminal.<\/p>\n<p>Se insisti\u00f3 si entonces no se investiga al gobernador, la presidenta retom\u00f3 para responder que no se tienen pruebas en su contra, aunque no contest\u00f3 si, en efecto, se investiga el seguimiento y la actuaci\u00f3n del gobernador.<\/p>\n<p>Sheinbaum Pardo admiti\u00f3 que este lunes se registraron nueve homicidios en Culiac\u00e1n, por lo que acudir\u00e1n a esa zona para evaluar lo que ha sucedido con las acciones aplicados.<\/p>\n<p>En el caso de Sinaloa, dijo, se tiene el incremento de violencia en estas semanas, pero no dej\u00f3 de pedir que se recuerden las causas de ese tipo de violencia.<\/p>\n<p>\u201cTodav\u00eda no se recibe la informaci\u00f3n suficiente por parte de Estados Unidos\u201d y expuso la reuni\u00f3n del canciller mexicano, Juan Ram\u00f3n de la Fuente con el de Estados Unidos, Ken Salazar, uno de los temas pendientes es el informe sobre la llegada de Joaqu\u00edn Guzm\u00e1n L\u00f3pez y de Ismael Zambada.<\/p>\n<p>&nbsp;<\/p>\n","protected":false},"excerpt":{"rendered":"<p>Culiac\u00e1n, Sinaloa.-\u00a0Justo al amanecer\u00a0de este mi\u00e9rcoles 9 de octubre, fue\u00a0localizado asesinado un hombre\u00a0atr\u00e1s del\u00a0pante\u00f3n de la colonia 21 de Marzo, al sur de Culiac\u00e1n. La v\u00edctima fue identificado por un familiar en el lugar de los hechos con el nombre de Juan \u2018N\u2019 de entre 40 y 45 a\u00f1os de edad, con domicilio en la [&hellip;]<\/p>\n","protected":false},"author":5,"featured_media":62998,"comment_status":"open","ping_status":"open","sticky":false,"template":"","format":"standard","meta":{"_uf_show_specific_survey":0,"_uf_disable_surveys":false,"advanced_seo_description":"","jetpack_seo_html_title":"","jetpack_seo_noindex":false,"jetpack_post_was_ever_published":false,"_jetpack_newsletter_access":"","_jetpack_dont_email_post_to_subs":false,"_jetpack_newsletter_tier_id":0,"_jetpack_memberships_contains_paywalled_content":false,"_jetpack_memberships_contains_paid_content":false,"footnotes":"","jetpack_publicize_message":"","jetpack_publicize_feature_enabled":true,"jetpack_social_post_already_shared":true,"jetpack_social_options":{"image_generator_settings":{"template":"highway","default_image_id":0,"font":"","enabled":false},"version":2}},"categories":[1724,41],"tags":[858],"class_list":{"0":"post-62997","1":"post","2":"type-post","3":"status-publish","4":"format-standard","5":"has-post-thumbnail","7":"category-featured","8":"category-sinaloa","9":"tag-homicidio"},"jetpack_publicize_connections":[],"jetpack_featured_media_url":"https:\/\/i0.wp.com\/mexicocodigorojo.com.mx\/wp-content\/uploads\/2024\/10\/hallan-hombre-asesinado-en-el-panteon-de-la-21-de-marzo3.jpg?fit=1600%2C900&ssl=1","jetpack-related-posts":[{"id":40679,"url":"https:\/\/mexicocodigorojo.com.mx\/?p=40679","url_meta":{"origin":62997,"position":0},"title":"EJECUTAN EN CULIACAN SINALOA AL HERMANO DEL H-2 EX LIDER DEL CARTEL DE LOS BELTRAN LEYVA","author":"MexicoRojo","date":"julio 10, 2020","format":false,"excerpt":"Culiac\u00e1n, Sin.- El hombre que fue asesinado a mitad de una calle en la colonia Atonio Toledo Corro el pasado s\u00e1bado 4 de julio era hermano de Juan Francisco Patr\u00f3n S\u00e1nchez, alias \u201cEl H-2\u201d, quien fue abatido por la Marina usando un helic\u00f3ptero artillado en Tepic, Nayarit, en febrero de\u2026","rel":"","context":"En \u00abSinaloa\u00bb","block_context":{"text":"Sinaloa","link":"https:\/\/mexicocodigorojo.com.mx\/?cat=41"},"img":{"alt_text":"","src":"https:\/\/i0.wp.com\/secureservercdn.net\/166.62.108.22\/cg1.af3.myftpupload.com\/wp-content\/uploads\/2020\/07\/20200710_0108005302177369246199927.jpg?resize=350%2C200&ssl=1","width":350,"height":200,"srcset":"https:\/\/i0.wp.com\/secureservercdn.net\/166.62.108.22\/cg1.af3.myftpupload.com\/wp-content\/uploads\/2020\/07\/20200710_0108005302177369246199927.jpg?resize=350%2C200&ssl=1 1x, https:\/\/i0.wp.com\/secureservercdn.net\/166.62.108.22\/cg1.af3.myftpupload.com\/wp-content\/uploads\/2020\/07\/20200710_0108005302177369246199927.jpg?resize=525%2C300&ssl=1 1.5x, https:\/\/i0.wp.com\/secureservercdn.net\/166.62.108.22\/cg1.af3.myftpupload.com\/wp-content\/uploads\/2020\/07\/20200710_0108005302177369246199927.jpg?resize=700%2C400&ssl=1 2x"},"classes":[]},{"id":24479,"url":"https:\/\/mexicocodigorojo.com.mx\/?p=24479","url_meta":{"origin":62997,"position":1},"title":"Ejecutan a un hombre a balazos en Culiac\u00e1n","author":"Staff","date":"septiembre 30, 2019","format":false,"excerpt":"De al menos dos disparos asesinaron al hombre dentro de un auto en la colonia La Campi\u00f1a Culiac\u00e1n, Sinaloa.- Un hombre fue asesinado a balazos por calle Bugambilias entre Sauces y Jacarandas en la colonia La Campi\u00f1a, Culiac\u00e1n. Quedo en el interior de un Nissan Versa rojo con placas VSM\u2026","rel":"","context":"En \u00abSinaloa\u00bb","block_context":{"text":"Sinaloa","link":"https:\/\/mexicocodigorojo.com.mx\/?cat=41"},"img":{"alt_text":"","src":"https:\/\/i0.wp.com\/mexicocodigorojo.com.mx\/wp-content\/uploads\/2019\/09\/asesinan_a_un_hombre_a_balazos_en_la_campixax_culiacxn.jpeg_219914347.jpeg?fit=960%2C540&ssl=1&resize=350%2C200","width":350,"height":200,"srcset":"https:\/\/i0.wp.com\/mexicocodigorojo.com.mx\/wp-content\/uploads\/2019\/09\/asesinan_a_un_hombre_a_balazos_en_la_campixax_culiacxn.jpeg_219914347.jpeg?fit=960%2C540&ssl=1&resize=350%2C200 1x, https:\/\/i0.wp.com\/mexicocodigorojo.com.mx\/wp-content\/uploads\/2019\/09\/asesinan_a_un_hombre_a_balazos_en_la_campixax_culiacxn.jpeg_219914347.jpeg?fit=960%2C540&ssl=1&resize=525%2C300 1.5x, https:\/\/i0.wp.com\/mexicocodigorojo.com.mx\/wp-content\/uploads\/2019\/09\/asesinan_a_un_hombre_a_balazos_en_la_campixax_culiacxn.jpeg_219914347.jpeg?fit=960%2C540&ssl=1&resize=700%2C400 2x"},"classes":[]},{"id":35104,"url":"https:\/\/mexicocodigorojo.com.mx\/?p=35104","url_meta":{"origin":62997,"position":2},"title":"Hallan cad\u00e1ver en canal de Culiac\u00e1n, Sinaloa","author":"Staff","date":"marzo 19, 2020","format":false,"excerpt":"Culiac\u00e1n, Sin.- El cad\u00e1ver de un hombre fue localizado flotando en un canal de aguas negras ubicado en la colonia Villa Sat\u00e9lite al oriente de la ciudad. El occiso fue identificado como Jonathan de 33 a\u00f1os, con domicilio en la colonia Miguel Hidalgo. Por el momento se desconocen las causas\u2026","rel":"","context":"En \u00abSinaloa\u00bb","block_context":{"text":"Sinaloa","link":"https:\/\/mexicocodigorojo.com.mx\/?cat=41"},"img":{"alt_text":"","src":"https:\/\/i0.wp.com\/mexicocodigorojo.com.mx\/wp-content\/uploads\/2020\/03\/1-5-702x350-1.jpeg?fit=702%2C350&ssl=1&resize=350%2C200","width":350,"height":200,"srcset":"https:\/\/i0.wp.com\/mexicocodigorojo.com.mx\/wp-content\/uploads\/2020\/03\/1-5-702x350-1.jpeg?fit=702%2C350&ssl=1&resize=350%2C200 1x, https:\/\/i0.wp.com\/mexicocodigorojo.com.mx\/wp-content\/uploads\/2020\/03\/1-5-702x350-1.jpeg?fit=702%2C350&ssl=1&resize=525%2C300 1.5x, https:\/\/i0.wp.com\/mexicocodigorojo.com.mx\/wp-content\/uploads\/2020\/03\/1-5-702x350-1.jpeg?fit=702%2C350&ssl=1&resize=700%2C400 2x"},"classes":[]},{"id":26501,"url":"https:\/\/mexicocodigorojo.com.mx\/?p=26501","url_meta":{"origin":62997,"position":3},"title":"Con 155 balazos asesinaron a polic\u00eda en Culiac\u00e1n, Sinaloa","author":"Staff","date":"noviembre 6, 2019","format":false,"excerpt":"Luego de que se realizara el conteo oficial por parte de forenses de la Fiscal\u00eda en el an\u00e1lisis de la escena del crimen donde fue asesinado un polic\u00eda se confirm\u00f3 que hab\u00eda 155 casquillos de bala. Culiac\u00e1n, Sinaloa.- Luego de que forenses de la Fiscal\u00eda General del estado de Sinaloa,\u2026","rel":"","context":"En \u00abSinaloa\u00bb","block_context":{"text":"Sinaloa","link":"https:\/\/mexicocodigorojo.com.mx\/?cat=41"},"img":{"alt_text":"","src":"https:\/\/i0.wp.com\/mexicocodigorojo.com.mx\/wp-content\/uploads\/2019\/11\/no_fueron_50x_con_155_balazos_mataron_a_policxa_en_culiacxn.jpeg_219914347.jpeg?fit=960%2C540&ssl=1&resize=350%2C200","width":350,"height":200,"srcset":"https:\/\/i0.wp.com\/mexicocodigorojo.com.mx\/wp-content\/uploads\/2019\/11\/no_fueron_50x_con_155_balazos_mataron_a_policxa_en_culiacxn.jpeg_219914347.jpeg?fit=960%2C540&ssl=1&resize=350%2C200 1x, https:\/\/i0.wp.com\/mexicocodigorojo.com.mx\/wp-content\/uploads\/2019\/11\/no_fueron_50x_con_155_balazos_mataron_a_policxa_en_culiacxn.jpeg_219914347.jpeg?fit=960%2C540&ssl=1&resize=525%2C300 1.5x, https:\/\/i0.wp.com\/mexicocodigorojo.com.mx\/wp-content\/uploads\/2019\/11\/no_fueron_50x_con_155_balazos_mataron_a_policxa_en_culiacxn.jpeg_219914347.jpeg?fit=960%2C540&ssl=1&resize=700%2C400 2x"},"classes":[]},{"id":63332,"url":"https:\/\/mexicocodigorojo.com.mx\/?p=63332","url_meta":{"origin":62997,"position":4},"title":"Suspenden clases en Sinaloa tras hechos de violencia y masacres","author":"Staff","date":"noviembre 26, 2024","format":false,"excerpt":"Un fin de semana violento se vivi\u00f3 Sinaloa con nueve muertos en Culiac\u00e1n, y dos m\u00e1s en Mazatl\u00e1n y Navolato. El exsecretario de Seguridad P\u00fablica de Mazatl\u00e1n, Juan Ram\u00f3n Alfaro Gaxiola, fue asesinado por un grupo armado en su domicilio. Tambi\u00e9n fue localizado sin vida y con huellas de tortura\u2026","rel":"","context":"En \u00abFeatured\u00bb","block_context":{"text":"Featured","link":"https:\/\/mexicocodigorojo.com.mx\/?cat=1724"},"img":{"alt_text":"","src":"https:\/\/mexicocodigorojo.com.mx\/wp-content\/uploads\/2024\/11\/UD72WA77ERGJFGS2VTXEE2ADR4.avif","width":350,"height":200,"srcset":"https:\/\/mexicocodigorojo.com.mx\/wp-content\/uploads\/2024\/11\/UD72WA77ERGJFGS2VTXEE2ADR4.avif 1x, https:\/\/mexicocodigorojo.com.mx\/wp-content\/uploads\/2024\/11\/UD72WA77ERGJFGS2VTXEE2ADR4.avif 1.5x, https:\/\/mexicocodigorojo.com.mx\/wp-content\/uploads\/2024\/11\/UD72WA77ERGJFGS2VTXEE2ADR4.avif 2x, https:\/\/mexicocodigorojo.com.mx\/wp-content\/uploads\/2024\/11\/UD72WA77ERGJFGS2VTXEE2ADR4.avif 3x"},"classes":[]},{"id":12510,"url":"https:\/\/mexicocodigorojo.com.mx\/?p=12510","url_meta":{"origin":62997,"position":5},"title":"VIDEOS: Por radio aviso a sicarios que lo fueran a rescatar y llega un grupo armado del C\u00e1rtel de Sinaloa y se desata una balacera en Culiac\u00e1n Sinaloa","author":"Staff","date":"enero 19, 2019","format":false,"excerpt":"VIDEOS: Por radio aviso a sicarios que lo fueran a rescatar y llega un grupo armado del C\u00e1rtel de Sinaloa y se desata una balacera en Culiac\u00e1n Sinaloa Un joven sospechoso al que se le encontr\u00f3 un arma viajaba en una camioneta GMC cuando fue detenido por los polic\u00edas, durante\u2026","rel":"","context":"En \u00abFeatured\u00bb","block_context":{"text":"Featured","link":"https:\/\/mexicocodigorojo.com.mx\/?cat=1724"},"img":{"alt_text":"","src":"https:\/\/i0.wp.com\/mexicocodigorojo.com.mx\/wp-content\/uploads\/2019\/01\/photoeditor_20190119_062739486572430282.jpg?resize=350%2C200&ssl=1","width":350,"height":200,"srcset":"https:\/\/i0.wp.com\/mexicocodigorojo.com.mx\/wp-content\/uploads\/2019\/01\/photoeditor_20190119_062739486572430282.jpg?resize=350%2C200&ssl=1 1x, https:\/\/i0.wp.com\/mexicocodigorojo.com.mx\/wp-content\/uploads\/2019\/01\/photoeditor_20190119_062739486572430282.jpg?resize=525%2C300&ssl=1 1.5x, https:\/\/i0.wp.com\/mexicocodigorojo.com.mx\/wp-content\/uploads\/2019\/01\/photoeditor_20190119_062739486572430282.jpg?resize=700%2C400&ssl=1 2x, https:\/\/i0.wp.com\/mexicocodigorojo.com.mx\/wp-content\/uploads\/2019\/01\/photoeditor_20190119_062739486572430282.jpg?resize=1050%2C600&ssl=1 3x, https:\/\/i0.wp.com\/mexicocodigorojo.com.mx\/wp-content\/uploads\/2019\/01\/photoeditor_20190119_062739486572430282.jpg?resize=1400%2C800&ssl=1 4x"},"classes":[]}],"jetpack_sharing_enabled":true,"jetpack_likes_enabled":true,"jetpack_shortlink":"https:\/\/wp.me\/p9TedA-go5","_links":{"self":[{"href":"https:\/\/mexicocodigorojo.com.mx\/index.php?rest_route=\/wp\/v2\/posts\/62997","targetHints":{"allow":["GET"]}}],"collection":[{"href":"https:\/\/mexicocodigorojo.com.mx\/index.php?rest_route=\/wp\/v2\/posts"}],"about":[{"href":"https:\/\/mexicocodigorojo.com.mx\/index.php?rest_route=\/wp\/v2\/types\/post"}],"author":[{"embeddable":true,"href":"https:\/\/mexicocodigorojo.com.mx\/index.php?rest_route=\/wp\/v2\/users\/5"}],"replies":[{"embeddable":true,"href":"https:\/\/mexicocodigorojo.com.mx\/index.php?rest_route=%2Fwp%2Fv2%2Fcomments&post=62997"}],"version-history":[{"count":2,"href":"https:\/\/mexicocodigorojo.com.mx\/index.php?rest_route=\/wp\/v2\/posts\/62997\/revisions"}],"predecessor-version":[{"id":63000,"href":"https:\/\/mexicocodigorojo.com.mx\/index.php?rest_route=\/wp\/v2\/posts\/62997\/revisions\/63000"}],"wp:featuredmedia":[{"embeddable":true,"href":"https:\/\/mexicocodigorojo.com.mx\/index.php?rest_route=\/wp\/v2\/media\/62998"}],"wp:attachment":[{"href":"https:\/\/mexicocodigorojo.com.mx\/index.php?rest_route=%2Fwp%2Fv2%2Fmedia&parent=62997"}],"wp:term":[{"taxonomy":"category","embeddable":true,"href":"https:\/\/mexicocodigorojo.com.mx\/index.php?rest_route=%2Fwp%2Fv2%2Fcategories&post=62997"},{"taxonomy":"post_tag","embeddable":true,"href":"https:\/\/mexicocodigorojo.com.mx\/index.php?rest_route=%2Fwp%2Fv2%2Ftags&post=62997"}],"curies":[{"name":"wp","href":"https:\/\/api.w.org\/{rel}","templated":true}]}}