{"id":62850,"date":"2024-09-16T20:53:45","date_gmt":"2024-09-17T02:53:45","guid":{"rendered":"https:\/\/mexicocodigorojo.com.mx\/?p=62850"},"modified":"2024-09-16T20:53:45","modified_gmt":"2024-09-17T02:53:45","slug":"seguridad-garantizada-en-tamaulipas-saldo-blanco-en-las-celebraciones-del-grito-de-independencia","status":"publish","type":"post","link":"https:\/\/mexicocodigorojo.com.mx\/?p=62850","title":{"rendered":"Seguridad garantizada en Tamaulipas: Saldo blanco en las celebraciones del Grito de Independencia"},"content":{"rendered":"<p>CIUDAD VICTORIA, TAMAULIPAS \u2014 Las celebraciones del Grito de Independencia en Tamaulipas concluyeron sin incidentes graves, seg\u00fan inform\u00f3 la Secretar\u00eda de Seguridad P\u00fablica del estado. Gracias a un operativo coordinado entre la Guardia Estatal y diversas instituciones de seguridad a nivel federal, estatal y municipal, las festividades en los 43 municipios transcurrieron con saldo blanco.<\/p>\n<p>Sergio Hernando Ch\u00e1vez Garc\u00eda, titular de la SSPT, destac\u00f3 que m\u00e1s de 4 mil elementos de la Guardia Estatal fueron desplegados a trav\u00e9s de las 11 delegaciones regionales y 43 coordinaciones municipales para resguardar la seguridad de los ciudadanos durante los festejos patrios.<\/p>\n<p>\u00abToda la fuerza de la Guardia Estatal estuvo en el terreno. Si bien hay situaciones que son dif\u00edciles de prever, implementamos medidas adicionales tanto f\u00edsicas como tecnol\u00f3gicas para garantizar la paz. Los tamaulipecos han demostrado su deseo de vivir en armon\u00eda, y ese es el mejor mensaje para esta celebraci\u00f3n del D\u00eda de la Independencia\u00bb, afirm\u00f3 Ch\u00e1vez Garc\u00eda.<\/p>\n<p>El funcionario tambi\u00e9n subray\u00f3 la importancia de la colaboraci\u00f3n continua con las entidades vecinas del noreste del pa\u00eds, lo que permiti\u00f3 reforzar la seguridad en la regi\u00f3n, especialmente en un contexto de eventos masivos como el Grito de Independencia.<\/p>\n<p>Este operativo, que incluy\u00f3 la vigilancia en puntos estrat\u00e9gicos y un monitoreo constante con apoyo tecnol\u00f3gico, fue clave para evitar alteraciones del orden y garantizar la tranquilidad durante las fiestas patrias.<\/p>\n","protected":false},"excerpt":{"rendered":"<p>CIUDAD VICTORIA, TAMAULIPAS \u2014 Las celebraciones del Grito de Independencia en Tamaulipas concluyeron sin incidentes graves, seg\u00fan inform\u00f3 la Secretar\u00eda de Seguridad P\u00fablica del estado. Gracias a un operativo coordinado entre la Guardia Estatal y diversas instituciones de seguridad a nivel federal, estatal y municipal, las festividades en los 43 municipios transcurrieron con saldo blanco. [&hellip;]<\/p>\n","protected":false},"author":21,"featured_media":62851,"comment_status":"open","ping_status":"open","sticky":false,"template":"","format":"standard","meta":{"_uf_show_specific_survey":0,"_uf_disable_surveys":false,"advanced_seo_description":"","jetpack_seo_html_title":"","jetpack_seo_noindex":false,"jetpack_post_was_ever_published":false,"_jetpack_newsletter_access":"","_jetpack_dont_email_post_to_subs":false,"_jetpack_newsletter_tier_id":0,"_jetpack_memberships_contains_paywalled_content":false,"_jetpack_memberships_contains_paid_content":false,"footnotes":"","jetpack_publicize_message":"","jetpack_publicize_feature_enabled":true,"jetpack_social_post_already_shared":true,"jetpack_social_options":{"image_generator_settings":{"template":"highway","default_image_id":0,"font":"","enabled":false},"version":2}},"categories":[1724,2],"tags":[],"class_list":{"0":"post-62850","1":"post","2":"type-post","3":"status-publish","4":"format-standard","5":"has-post-thumbnail","7":"category-featured","8":"category-tamaulipas"},"jetpack_publicize_connections":[],"jetpack_featured_media_url":"https:\/\/i0.wp.com\/mexicocodigorojo.com.mx\/wp-content\/uploads\/2024\/09\/Captura-de-pantalla-2024-09-16-191343.jpg?fit=746%2C445&ssl=1","jetpack-related-posts":[{"id":64772,"url":"https:\/\/mexicocodigorojo.com.mx\/?p=64772","url_meta":{"origin":62850,"position":0},"title":"SSP refuerza operativos de seguridad por Fiestas Patrias en Chiapas","author":"MexicoRojoCvmx","date":"septiembre 12, 2025","format":false,"excerpt":"Tuxtla Guti\u00e9rrez, Chiapas \u2013 La Secretar\u00eda de Seguridad del Pueblo (SSP) anunci\u00f3 la puesta en marcha de un dispositivo integral de seguridad durante las celebraciones de las Fiestas Patrias en Chiapas, que se desarrollar\u00e1n del 13 al 16 de septiembre en todo el estado. El operativo tiene como objetivo salvaguardar\u2026","rel":"","context":"En \u00abChiapas\u00bb","block_context":{"text":"Chiapas","link":"https:\/\/mexicocodigorojo.com.mx\/?cat=75"},"img":{"alt_text":"","src":"https:\/\/i0.wp.com\/mexicocodigorojo.com.mx\/wp-content\/uploads\/2025\/09\/WhatsApp-Image-2025-09-12-at-1.06.48-PM.jpeg?fit=1200%2C875&ssl=1&resize=350%2C200","width":350,"height":200,"srcset":"https:\/\/i0.wp.com\/mexicocodigorojo.com.mx\/wp-content\/uploads\/2025\/09\/WhatsApp-Image-2025-09-12-at-1.06.48-PM.jpeg?fit=1200%2C875&ssl=1&resize=350%2C200 1x, https:\/\/i0.wp.com\/mexicocodigorojo.com.mx\/wp-content\/uploads\/2025\/09\/WhatsApp-Image-2025-09-12-at-1.06.48-PM.jpeg?fit=1200%2C875&ssl=1&resize=525%2C300 1.5x, https:\/\/i0.wp.com\/mexicocodigorojo.com.mx\/wp-content\/uploads\/2025\/09\/WhatsApp-Image-2025-09-12-at-1.06.48-PM.jpeg?fit=1200%2C875&ssl=1&resize=700%2C400 2x, https:\/\/i0.wp.com\/mexicocodigorojo.com.mx\/wp-content\/uploads\/2025\/09\/WhatsApp-Image-2025-09-12-at-1.06.48-PM.jpeg?fit=1200%2C875&ssl=1&resize=1050%2C600 3x"},"classes":[]},{"id":61840,"url":"https:\/\/mexicocodigorojo.com.mx\/?p=61840","url_meta":{"origin":62850,"position":1},"title":"Tamaulipas | FOTOS Un agresor abatido y un policia caido fue el saldo de la SDR en Matamoros","author":"MexicoRojo","date":"junio 23, 2024","format":false,"excerpt":"Tamaulipas | FOTOS Un agresor abatido y un policia caido fue el saldo de la SDR en Matamoros \u00a0 \u00a0 Un convoy de la Guardia Nacional fue emboscado; guardias estatales acudieron en su apoyo y al encontrarse de frente con los agresores y hacerles frente, un polic\u00eda recibi\u00f3 un disparo\u2026","rel":"","context":"En \u00abFeatured\u00bb","block_context":{"text":"Featured","link":"https:\/\/mexicocodigorojo.com.mx\/?cat=1724"},"img":{"alt_text":"","src":"https:\/\/i0.wp.com\/mexicocodigorojo.com.mx\/wp-content\/uploads\/2024\/06\/20240623_202806.jpg?fit=1200%2C900&ssl=1&resize=350%2C200","width":350,"height":200,"srcset":"https:\/\/i0.wp.com\/mexicocodigorojo.com.mx\/wp-content\/uploads\/2024\/06\/20240623_202806.jpg?fit=1200%2C900&ssl=1&resize=350%2C200 1x, https:\/\/i0.wp.com\/mexicocodigorojo.com.mx\/wp-content\/uploads\/2024\/06\/20240623_202806.jpg?fit=1200%2C900&ssl=1&resize=525%2C300 1.5x, https:\/\/i0.wp.com\/mexicocodigorojo.com.mx\/wp-content\/uploads\/2024\/06\/20240623_202806.jpg?fit=1200%2C900&ssl=1&resize=700%2C400 2x, https:\/\/i0.wp.com\/mexicocodigorojo.com.mx\/wp-content\/uploads\/2024\/06\/20240623_202806.jpg?fit=1200%2C900&ssl=1&resize=1050%2C600 3x"},"classes":[]},{"id":63278,"url":"https:\/\/mexicocodigorojo.com.mx\/?p=63278","url_meta":{"origin":62850,"position":2},"title":"Gobierno de Tamaulipas refuerza operativos y equipamiento para enfrentar la violencia en San Fernando","author":"MexicoRojoCvmx","date":"noviembre 20, 2024","format":false,"excerpt":"Ciudad Victoria, Tamaulipas. \u2013 Tras los enfrentamientos registrados en San Fernando, que dejaron un saldo de tres elementos de la Guardia Estatal fallecidos, el gobernador Am\u00e9rico Villarreal Anaya lament\u00f3 las p\u00e9rdidas y reiter\u00f3 su compromiso con la seguridad en la entidad. \u201cNos duele cada p\u00e9rdida de vida\u201d, expres\u00f3 el mandatario\u2026","rel":"","context":"En \u00abFeatured\u00bb","block_context":{"text":"Featured","link":"https:\/\/mexicocodigorojo.com.mx\/?cat=1724"},"img":{"alt_text":"","src":"https:\/\/i0.wp.com\/mexicocodigorojo.com.mx\/wp-content\/uploads\/2024\/11\/Captura-de-pantalla-2024-11-20-200959.png?fit=1094%2C655&ssl=1&resize=350%2C200","width":350,"height":200,"srcset":"https:\/\/i0.wp.com\/mexicocodigorojo.com.mx\/wp-content\/uploads\/2024\/11\/Captura-de-pantalla-2024-11-20-200959.png?fit=1094%2C655&ssl=1&resize=350%2C200 1x, https:\/\/i0.wp.com\/mexicocodigorojo.com.mx\/wp-content\/uploads\/2024\/11\/Captura-de-pantalla-2024-11-20-200959.png?fit=1094%2C655&ssl=1&resize=525%2C300 1.5x, https:\/\/i0.wp.com\/mexicocodigorojo.com.mx\/wp-content\/uploads\/2024\/11\/Captura-de-pantalla-2024-11-20-200959.png?fit=1094%2C655&ssl=1&resize=700%2C400 2x, https:\/\/i0.wp.com\/mexicocodigorojo.com.mx\/wp-content\/uploads\/2024\/11\/Captura-de-pantalla-2024-11-20-200959.png?fit=1094%2C655&ssl=1&resize=1050%2C600 3x"},"classes":[]},{"id":62158,"url":"https:\/\/mexicocodigorojo.com.mx\/?p=62158","url_meta":{"origin":62850,"position":3},"title":"Recibe Guardia Estatal a nuevos elementos de Fuerzas Especiales en Tamaulipas","author":"Staff","date":"julio 11, 2024","format":false,"excerpt":"Ciudad Victoria, Tamaulipas.-Con una ceremonia de graduaci\u00f3n celebrada en la explanada del Complejo Estatal de Seguridad P\u00fablica, la Guardia Estatal recibi\u00f3 a 11 nuevos integrantes egresados del sexto escal\u00f3n del curso de Fuerzas Especiales. \u201cEsperamos que este esfuerzo no haya sido en vano, sean ustedes bienvenidos a las Fuerzas Especiales\u2026","rel":"","context":"En \u00abFeatured\u00bb","block_context":{"text":"Featured","link":"https:\/\/mexicocodigorojo.com.mx\/?cat=1724"},"img":{"alt_text":"","src":"https:\/\/i0.wp.com\/mexicocodigorojo.com.mx\/wp-content\/uploads\/2024\/07\/dd23ebdf-3b95-49e0-935f-74f8a55ae4ac-1.jpg?fit=1200%2C833&ssl=1&resize=350%2C200","width":350,"height":200,"srcset":"https:\/\/i0.wp.com\/mexicocodigorojo.com.mx\/wp-content\/uploads\/2024\/07\/dd23ebdf-3b95-49e0-935f-74f8a55ae4ac-1.jpg?fit=1200%2C833&ssl=1&resize=350%2C200 1x, https:\/\/i0.wp.com\/mexicocodigorojo.com.mx\/wp-content\/uploads\/2024\/07\/dd23ebdf-3b95-49e0-935f-74f8a55ae4ac-1.jpg?fit=1200%2C833&ssl=1&resize=525%2C300 1.5x, https:\/\/i0.wp.com\/mexicocodigorojo.com.mx\/wp-content\/uploads\/2024\/07\/dd23ebdf-3b95-49e0-935f-74f8a55ae4ac-1.jpg?fit=1200%2C833&ssl=1&resize=700%2C400 2x, https:\/\/i0.wp.com\/mexicocodigorojo.com.mx\/wp-content\/uploads\/2024\/07\/dd23ebdf-3b95-49e0-935f-74f8a55ae4ac-1.jpg?fit=1200%2C833&ssl=1&resize=1050%2C600 3x"},"classes":[]},{"id":55952,"url":"https:\/\/mexicocodigorojo.com.mx\/?p=55952","url_meta":{"origin":62850,"position":4},"title":"Azotan terroristas a Tamaulipas; enfrentamientos violentos en carreteras","author":"MexicoRojoCvmx","date":"abril 28, 2023","format":false,"excerpt":"Ciudad de M\u00e9xico.- La inseguridad en Tamaulipas sigue siendo una amenaza constante para la poblaci\u00f3n y las autoridades encargadas de protegerla. En la madrugada del 28 de abril, la guerra terrorista regres\u00f3 a las carreteras del estado, cuando terroristas de las facciones del Cartel del Noreste (CDN) y Cartel del\u2026","rel":"","context":"En \u00abFeatured\u00bb","block_context":{"text":"Featured","link":"https:\/\/mexicocodigorojo.com.mx\/?cat=1724"},"img":{"alt_text":"","src":"https:\/\/i0.wp.com\/mexicocodigorojo.com.mx\/wp-content\/uploads\/2023\/04\/Sin-titulo-7.jpg?fit=1200%2C672&ssl=1&resize=350%2C200","width":350,"height":200,"srcset":"https:\/\/i0.wp.com\/mexicocodigorojo.com.mx\/wp-content\/uploads\/2023\/04\/Sin-titulo-7.jpg?fit=1200%2C672&ssl=1&resize=350%2C200 1x, https:\/\/i0.wp.com\/mexicocodigorojo.com.mx\/wp-content\/uploads\/2023\/04\/Sin-titulo-7.jpg?fit=1200%2C672&ssl=1&resize=525%2C300 1.5x, https:\/\/i0.wp.com\/mexicocodigorojo.com.mx\/wp-content\/uploads\/2023\/04\/Sin-titulo-7.jpg?fit=1200%2C672&ssl=1&resize=700%2C400 2x, https:\/\/i0.wp.com\/mexicocodigorojo.com.mx\/wp-content\/uploads\/2023\/04\/Sin-titulo-7.jpg?fit=1200%2C672&ssl=1&resize=1050%2C600 3x"},"classes":[]},{"id":63577,"url":"https:\/\/mexicocodigorojo.com.mx\/?p=63577","url_meta":{"origin":62850,"position":5},"title":"Ola de violencia en Tamaulipas: Guardia Estatal sufre dos ataques en 15 d\u00edas, deja v\u00edctimas civiles y policiales","author":"MexicoRojoCvmx","date":"enero 14, 2025","format":false,"excerpt":"En un preocupante incremento de la violencia en Tamaulipas, la Guardia Estatal ha sido objeto de dos ataques en menos de quince d\u00edas, dejando un saldo de una mujer civil muerta, otra lesionada, y tres polic\u00edas heridos. Seg\u00fan la Vocer\u00eda de Seguridad del estado, el incidente m\u00e1s reciente ocurri\u00f3 en\u2026","rel":"","context":"En \u00abTamaulipas\u00bb","block_context":{"text":"Tamaulipas","link":"https:\/\/mexicocodigorojo.com.mx\/?cat=2"},"img":{"alt_text":"","src":"https:\/\/i0.wp.com\/mexicocodigorojo.com.mx\/wp-content\/uploads\/2025\/01\/Captura-de-pantalla-2025-01-14-061331.png?fit=931%2C529&ssl=1&resize=350%2C200","width":350,"height":200,"srcset":"https:\/\/i0.wp.com\/mexicocodigorojo.com.mx\/wp-content\/uploads\/2025\/01\/Captura-de-pantalla-2025-01-14-061331.png?fit=931%2C529&ssl=1&resize=350%2C200 1x, https:\/\/i0.wp.com\/mexicocodigorojo.com.mx\/wp-content\/uploads\/2025\/01\/Captura-de-pantalla-2025-01-14-061331.png?fit=931%2C529&ssl=1&resize=525%2C300 1.5x, https:\/\/i0.wp.com\/mexicocodigorojo.com.mx\/wp-content\/uploads\/2025\/01\/Captura-de-pantalla-2025-01-14-061331.png?fit=931%2C529&ssl=1&resize=700%2C400 2x"},"classes":[]}],"jetpack_sharing_enabled":true,"jetpack_likes_enabled":true,"jetpack_shortlink":"https:\/\/wp.me\/p9TedA-glI","_links":{"self":[{"href":"https:\/\/mexicocodigorojo.com.mx\/index.php?rest_route=\/wp\/v2\/posts\/62850","targetHints":{"allow":["GET"]}}],"collection":[{"href":"https:\/\/mexicocodigorojo.com.mx\/index.php?rest_route=\/wp\/v2\/posts"}],"about":[{"href":"https:\/\/mexicocodigorojo.com.mx\/index.php?rest_route=\/wp\/v2\/types\/post"}],"author":[{"embeddable":true,"href":"https:\/\/mexicocodigorojo.com.mx\/index.php?rest_route=\/wp\/v2\/users\/21"}],"replies":[{"embeddable":true,"href":"https:\/\/mexicocodigorojo.com.mx\/index.php?rest_route=%2Fwp%2Fv2%2Fcomments&post=62850"}],"version-history":[{"count":1,"href":"https:\/\/mexicocodigorojo.com.mx\/index.php?rest_route=\/wp\/v2\/posts\/62850\/revisions"}],"predecessor-version":[{"id":62852,"href":"https:\/\/mexicocodigorojo.com.mx\/index.php?rest_route=\/wp\/v2\/posts\/62850\/revisions\/62852"}],"wp:featuredmedia":[{"embeddable":true,"href":"https:\/\/mexicocodigorojo.com.mx\/index.php?rest_route=\/wp\/v2\/media\/62851"}],"wp:attachment":[{"href":"https:\/\/mexicocodigorojo.com.mx\/index.php?rest_route=%2Fwp%2Fv2%2Fmedia&parent=62850"}],"wp:term":[{"taxonomy":"category","embeddable":true,"href":"https:\/\/mexicocodigorojo.com.mx\/index.php?rest_route=%2Fwp%2Fv2%2Fcategories&post=62850"},{"taxonomy":"post_tag","embeddable":true,"href":"https:\/\/mexicocodigorojo.com.mx\/index.php?rest_route=%2Fwp%2Fv2%2Ftags&post=62850"}],"curies":[{"name":"wp","href":"https:\/\/api.w.org\/{rel}","templated":true}]}}