{"id":62843,"date":"2024-09-14T10:19:31","date_gmt":"2024-09-14T16:19:31","guid":{"rendered":"https:\/\/mexicocodigorojo.com.mx\/?p=62843"},"modified":"2024-09-14T10:19:31","modified_gmt":"2024-09-14T16:19:31","slug":"narco-terroristas-desestabilizan-varios-estados-de-mexico","status":"publish","type":"post","link":"https:\/\/mexicocodigorojo.com.mx\/?p=62843","title":{"rendered":"Narco terroristas desestabilizan varios estados de M\u00e9xico"},"content":{"rendered":"\n<p>Aunque la presencia de militares se ha incrementado en varios estados, grupos de la delincuencia organizada han prendido alertas por la escalada de violencia en varias regiones del Pa\u00eds.<\/p>\n\n\n\n<p><br>En Tierra Caliente de Michoac\u00e1n, empacadores de lim\u00f3n pararon labores de manera indefinida en Buenavista en protesta por el asesinato de Jos\u00e9 Luis Agui\u00f1aga Escalera \u2013empresarios limonero\u2013, en un rancho de su propiedad, el pasado jueves.<\/p>\n\n\n\n<p><br>Pese al despliegue de elementos del Ej\u00e9rcito, la Guardia Nacional y la Guardia Civil estatal, ni un mes dur\u00f3 la paz a los limoneros.<br>El 19 de agosto, tras una semana de suspensi\u00f3n de labores, las empacadoras de Apatzing\u00e1n y Buenavista volvieron a operar luego de una serie de compromisos de los Gobiernos estatal y federal, que les aseguraron que garantizar\u00edan la seguridad del sector.<\/p>\n\n\n\n<p><br>En Sinaloa, los enfrentamientos entre c\u00e1rteles se extendieron por quinto d\u00eda consecutivo de Culiac\u00e1n a municipios rurales, as\u00ed como a Durango y Nayarit, con m\u00e1s de una docena de muertos.<br>En ese estado, hasta ayer en la tarde se hab\u00edan reportado 3 asesinatos durante el d\u00eda, as\u00ed como el ataque a un tren de carga dentro de Culiac\u00e1n y un bloqueo \u2013con veh\u00edculos incendiados\u2013 en la carretera Mazatl\u00e1n-Durango.<br>Desde el 9 de septiembre, cuando comenz\u00f3 la jornada de violencia por una pugna al interior del C\u00e1rtel de Sinaloa, se han registrado por lo menos 13 enfrentamientos, 15 personas asesinadas, 20 desapariciones forzadas y 32 veh\u00edculos robados, seg\u00fan datos de la Fiscal\u00eda General de Sinaloa.<\/p>\n\n\n\n<p><br>\u00abHa habido algunos problemas, est\u00e1 el Ej\u00e9rcito, est\u00e1 la Marina, la Guardia Nacional. Decirle a la gente de Culiac\u00e1n, que adem\u00e1s solo (es) Culiac\u00e1n, que estamos pendientes que se act\u00fae con precauci\u00f3n, pero sin alarmismos\u00bb, expres\u00f3 el Presidente L\u00f3pez Obrador ayer en su conferencia ma\u00f1anera.<br>En Nayarit, un enfrentamiento entre grupos delictivos dej\u00f3 el jueves un saldo de 11 muertos en el Municipio de Huajicori, inform\u00f3 la SSP estatal. De acuerdo con reportes locales, los delincuentes portaban equipo t\u00e1ctico y vestimenta tipo militar.<br>En Nuevo Le\u00f3n, ayer se registraron balaceras y un narcobloqueo en la Carretera Nacional, entre Montemorelos y Linares.<\/p>\n\n\n\n<p><br>En la Ciudad de M\u00e9xico, autoridades ministeriales indagan si el hombre asesinado a balazos en Polanco la noche del jueves era Manuel Beltr\u00e1n Quintero, \u00abEl 8\u00bb, l\u00edder del C\u00e1rtel de Caborca. Fuentes de la CDMX confirmaron que la v\u00edctima era parte del C\u00e1rtel de Sinaloa.<\/p>\n\n\n\n<p><br>En Tuxtla Guti\u00e9rrez, miles de personas se manifestaron para exigir un alto a la violencia en la frontera con Guatemala, que ha obligado a cientos de pobladores a huir de la zona que se disputan varios grupos criminales.<\/p>\n\n\n\n<p>Con informaci\u00f3n de Iris Vel\u00e1zquez, Marcos Vizcarra, Mariana Morales y Andrea Ahedo<\/p>\n","protected":false},"excerpt":{"rendered":"<p>Aunque la presencia de militares se ha incrementado en varios estados, grupos de la delincuencia organizada han prendido alertas por la escalada de violencia en varias regiones del Pa\u00eds. En Tierra Caliente de Michoac\u00e1n, empacadores de lim\u00f3n pararon labores de manera indefinida en Buenavista en protesta por el asesinato de Jos\u00e9 Luis Agui\u00f1aga Escalera \u2013empresarios [&hellip;]<\/p>\n","protected":false},"author":5,"featured_media":62842,"comment_status":"open","ping_status":"open","sticky":false,"template":"","format":"standard","meta":{"_uf_show_specific_survey":0,"_uf_disable_surveys":false,"advanced_seo_description":"","jetpack_seo_html_title":"","jetpack_seo_noindex":false,"jetpack_post_was_ever_published":false,"_jetpack_newsletter_access":"","_jetpack_dont_email_post_to_subs":false,"_jetpack_newsletter_tier_id":0,"_jetpack_memberships_contains_paywalled_content":false,"_jetpack_memberships_contains_paid_content":false,"footnotes":"","jetpack_publicize_message":"","jetpack_publicize_feature_enabled":true,"jetpack_social_post_already_shared":true,"jetpack_social_options":{"image_generator_settings":{"template":"highway","default_image_id":0,"font":"","enabled":false},"version":2}},"categories":[101,1724],"tags":[906],"class_list":{"0":"post-62843","1":"post","2":"type-post","3":"status-publish","4":"format-standard","5":"has-post-thumbnail","7":"category-ciudad-de-mexico","8":"category-featured","9":"tag-crimenorganizado"},"jetpack_publicize_connections":[],"jetpack_featured_media_url":"https:\/\/i0.wp.com\/mexicocodigorojo.com.mx\/wp-content\/uploads\/2024\/09\/img_6105.jpg?fit=768%2C504&ssl=1","jetpack-related-posts":[{"id":48420,"url":"https:\/\/mexicocodigorojo.com.mx\/?p=48420","url_meta":{"origin":62843,"position":0},"title":"Inicia SEGOB Y SSPC operativo de rescate en Ejido Buenavista; secuestrado por crimen organizado","author":"MexicoRojoCvmx","date":"abril 15, 2021","format":false,"excerpt":"Cd. de M\u00e9xico (15 abril 2021).- Funcionarios de la Secretar\u00eda de Gobernaci\u00f3n (Segob) visitaron y gestionaron apoyos m\u00e9dicos y alimentarios al Ejido Buenavista, ubicado en el Municipio de Hidalgo, en Tamaulipas, cuyos habitantes han denunciado que llevan m\u00e1s de dos a\u00f1os sitiados por un grupo del crimen organizado. En un\u2026","rel":"","context":"En \u00abFeatured\u00bb","block_context":{"text":"Featured","link":"https:\/\/mexicocodigorojo.com.mx\/?cat=1724"},"img":{"alt_text":"","src":"https:\/\/i0.wp.com\/mexicocodigorojo.com.mx\/wp-content\/uploads\/2021\/04\/5012504.jpg?fit=960%2C640&ssl=1&resize=350%2C200","width":350,"height":200,"srcset":"https:\/\/i0.wp.com\/mexicocodigorojo.com.mx\/wp-content\/uploads\/2021\/04\/5012504.jpg?fit=960%2C640&ssl=1&resize=350%2C200 1x, https:\/\/i0.wp.com\/mexicocodigorojo.com.mx\/wp-content\/uploads\/2021\/04\/5012504.jpg?fit=960%2C640&ssl=1&resize=525%2C300 1.5x, https:\/\/i0.wp.com\/mexicocodigorojo.com.mx\/wp-content\/uploads\/2021\/04\/5012504.jpg?fit=960%2C640&ssl=1&resize=700%2C400 2x"},"classes":[]},{"id":26097,"url":"https:\/\/mexicocodigorojo.com.mx\/?p=26097","url_meta":{"origin":62843,"position":1},"title":"Balacera en NLD deja una mujer muerta y su hijo lesionado","author":"Staff","date":"octubre 28, 2019","format":false,"excerpt":"Militares, elementos de la Guardia Nacional y agentes de la Polic\u00eda Estatal tuvieron un enfrentamiento contra civiles armados al poniente de la ciudad fronteriza. TAMAULIPAS.-\u00a0Una mujer muri\u00f3 de un balazo en la cabeza y un ni\u00f1o de siete a\u00f1os se debate entre la vida y la muerte, como resultado de\u2026","rel":"","context":"En \u00abTamaulipas\u00bb","block_context":{"text":"Tamaulipas","link":"https:\/\/mexicocodigorojo.com.mx\/?cat=2"},"img":{"alt_text":"","src":"https:\/\/i0.wp.com\/mexicocodigorojo.com.mx\/wp-content\/uploads\/2019\/10\/balacera-nld-675x405.jpeg?fit=675%2C405&ssl=1&resize=350%2C200","width":350,"height":200,"srcset":"https:\/\/i0.wp.com\/mexicocodigorojo.com.mx\/wp-content\/uploads\/2019\/10\/balacera-nld-675x405.jpeg?fit=675%2C405&ssl=1&resize=350%2C200 1x, https:\/\/i0.wp.com\/mexicocodigorojo.com.mx\/wp-content\/uploads\/2019\/10\/balacera-nld-675x405.jpeg?fit=675%2C405&ssl=1&resize=525%2C300 1.5x"},"classes":[]},{"id":20624,"url":"https:\/\/mexicocodigorojo.com.mx\/?p=20624","url_meta":{"origin":62843,"position":2},"title":"VIDEO Sicarios de Los Viagras ponen ret\u00e9n falso ala entrada de La Ruana en Buenavista Michoacan","author":"Staff","date":"julio 27, 2019","format":false,"excerpt":"El C\u00e1rtel de los Viagras sigue haciendo de las suyas y retando a los del C\u00e1rtel Jalisco Nueva Generaci\u00f3n (CJNG) y la Guardia Nacional del presidente Andr\u00e9s Manuel L\u00f3pez Obrador. En esta ocasi\u00f3n compartieron un video en donde se aprecia a varios hombres con armas de grueso calibre, presuntamente en\u2026","rel":"","context":"En \u00abFeatured\u00bb","block_context":{"text":"Featured","link":"https:\/\/mexicocodigorojo.com.mx\/?cat=1724"},"img":{"alt_text":"","src":"","width":0,"height":0},"classes":[]},{"id":41267,"url":"https:\/\/mexicocodigorojo.com.mx\/?p=41267","url_meta":{"origin":62843,"position":3},"title":"Atacan base de la Guardia Nacional en Michoac\u00e1n","author":"Staff","date":"agosto 6, 2020","format":false,"excerpt":"Sicarios llegaron a la base que la Guardia Nacional en La Ruana, en Buenavista Tomatl\u00e1n, y realizaros destrozos Una base de la\u00a0Guardia Nacional\u00a0en Michoac\u00e1n fue atacada este mi\u00e9rcoles por\u00a0sicarios apoyados\u00a0por simpatizantes de un\u00a0grupo criminal, informaron fuentes oficiales. Los sicarios y los simpatizantes de la llamada Nueva Familia Michoacana llegaron en\u2026","rel":"","context":"En \u00abMichoac\u00e1n\u00bb","block_context":{"text":"Michoac\u00e1n","link":"https:\/\/mexicocodigorojo.com.mx\/?cat=50"},"img":{"alt_text":"","src":"https:\/\/i0.wp.com\/mexicocodigorojo.com.mx\/wp-content\/uploads\/2020\/08\/michoacan-guardia-nacional-mexico.jpg?fit=980%2C550&ssl=1&resize=350%2C200","width":350,"height":200,"srcset":"https:\/\/i0.wp.com\/mexicocodigorojo.com.mx\/wp-content\/uploads\/2020\/08\/michoacan-guardia-nacional-mexico.jpg?fit=980%2C550&ssl=1&resize=350%2C200 1x, https:\/\/i0.wp.com\/mexicocodigorojo.com.mx\/wp-content\/uploads\/2020\/08\/michoacan-guardia-nacional-mexico.jpg?fit=980%2C550&ssl=1&resize=525%2C300 1.5x, https:\/\/i0.wp.com\/mexicocodigorojo.com.mx\/wp-content\/uploads\/2020\/08\/michoacan-guardia-nacional-mexico.jpg?fit=980%2C550&ssl=1&resize=700%2C400 2x"},"classes":[]},{"id":58698,"url":"https:\/\/mexicocodigorojo.com.mx\/?p=58698","url_meta":{"origin":62843,"position":4},"title":"CJNG y C\u00e1rteles Unidos se enfrentan en Tepalcatepec","author":"Staff","date":"diciembre 27, 2023","format":false,"excerpt":"Michoac\u00e1n.-Una serie de enfrentamientos a balazos entre sujetos armados y al menos dos bloqueos carreteros se registraron entre la noche del martes y los primeros minutos de este mi\u00e9rcoles, en los municipios de Tepalcatepec y Buenavista Tomatl\u00e1n, en la regi\u00f3n de Tierra Caliente. La 43\/a Zona Militar, con sede en\u2026","rel":"","context":"En \u00abFeatured\u00bb","block_context":{"text":"Featured","link":"https:\/\/mexicocodigorojo.com.mx\/?cat=1724"},"img":{"alt_text":"","src":"https:\/\/i0.wp.com\/mexicocodigorojo.com.mx\/wp-content\/uploads\/2023\/12\/tepalcatepec.jpg?fit=1200%2C704&ssl=1&resize=350%2C200","width":350,"height":200,"srcset":"https:\/\/i0.wp.com\/mexicocodigorojo.com.mx\/wp-content\/uploads\/2023\/12\/tepalcatepec.jpg?fit=1200%2C704&ssl=1&resize=350%2C200 1x, https:\/\/i0.wp.com\/mexicocodigorojo.com.mx\/wp-content\/uploads\/2023\/12\/tepalcatepec.jpg?fit=1200%2C704&ssl=1&resize=525%2C300 1.5x, https:\/\/i0.wp.com\/mexicocodigorojo.com.mx\/wp-content\/uploads\/2023\/12\/tepalcatepec.jpg?fit=1200%2C704&ssl=1&resize=700%2C400 2x, https:\/\/i0.wp.com\/mexicocodigorojo.com.mx\/wp-content\/uploads\/2023\/12\/tepalcatepec.jpg?fit=1200%2C704&ssl=1&resize=1050%2C600 3x"},"classes":[]},{"id":49082,"url":"https:\/\/mexicocodigorojo.com.mx\/?p=49082","url_meta":{"origin":62843,"position":5},"title":"Mueren baleados un beb\u00e9 y su padre en Fresnillo","author":"Staff","date":"mayo 19, 2021","format":false,"excerpt":"Un ataque armado en las inmediaciones de un centro de vacunaci\u00f3n contra la Covid-19 ubicado en el municipio de Fresnillo, Zacatecas, dej\u00f3 un hombre muerto junto a un beb\u00e9 de apenas 8 meses, aparentemente su hijo, informaron fuentes del Gobierno de Zacatecas. La agresi\u00f3n registrada en la comunidad Buenavista de\u2026","rel":"","context":"En \u00abFeatured\u00bb","block_context":{"text":"Featured","link":"https:\/\/mexicocodigorojo.com.mx\/?cat=1724"},"img":{"alt_text":"","src":"https:\/\/i0.wp.com\/mexicocodigorojo.com.mx\/wp-content\/uploads\/2021\/05\/mipais2021051001-focus-0.16-min0.19-628-524.jpg?fit=628%2C524&ssl=1&resize=350%2C200","width":350,"height":200,"srcset":"https:\/\/i0.wp.com\/mexicocodigorojo.com.mx\/wp-content\/uploads\/2021\/05\/mipais2021051001-focus-0.16-min0.19-628-524.jpg?fit=628%2C524&ssl=1&resize=350%2C200 1x, https:\/\/i0.wp.com\/mexicocodigorojo.com.mx\/wp-content\/uploads\/2021\/05\/mipais2021051001-focus-0.16-min0.19-628-524.jpg?fit=628%2C524&ssl=1&resize=525%2C300 1.5x"},"classes":[]}],"jetpack_sharing_enabled":true,"jetpack_likes_enabled":true,"jetpack_shortlink":"https:\/\/wp.me\/p9TedA-glB","_links":{"self":[{"href":"https:\/\/mexicocodigorojo.com.mx\/index.php?rest_route=\/wp\/v2\/posts\/62843","targetHints":{"allow":["GET"]}}],"collection":[{"href":"https:\/\/mexicocodigorojo.com.mx\/index.php?rest_route=\/wp\/v2\/posts"}],"about":[{"href":"https:\/\/mexicocodigorojo.com.mx\/index.php?rest_route=\/wp\/v2\/types\/post"}],"author":[{"embeddable":true,"href":"https:\/\/mexicocodigorojo.com.mx\/index.php?rest_route=\/wp\/v2\/users\/5"}],"replies":[{"embeddable":true,"href":"https:\/\/mexicocodigorojo.com.mx\/index.php?rest_route=%2Fwp%2Fv2%2Fcomments&post=62843"}],"version-history":[{"count":0,"href":"https:\/\/mexicocodigorojo.com.mx\/index.php?rest_route=\/wp\/v2\/posts\/62843\/revisions"}],"wp:featuredmedia":[{"embeddable":true,"href":"https:\/\/mexicocodigorojo.com.mx\/index.php?rest_route=\/wp\/v2\/media\/62842"}],"wp:attachment":[{"href":"https:\/\/mexicocodigorojo.com.mx\/index.php?rest_route=%2Fwp%2Fv2%2Fmedia&parent=62843"}],"wp:term":[{"taxonomy":"category","embeddable":true,"href":"https:\/\/mexicocodigorojo.com.mx\/index.php?rest_route=%2Fwp%2Fv2%2Fcategories&post=62843"},{"taxonomy":"post_tag","embeddable":true,"href":"https:\/\/mexicocodigorojo.com.mx\/index.php?rest_route=%2Fwp%2Fv2%2Ftags&post=62843"}],"curies":[{"name":"wp","href":"https:\/\/api.w.org\/{rel}","templated":true}]}}