{"id":62839,"date":"2024-09-13T17:16:05","date_gmt":"2024-09-13T23:16:05","guid":{"rendered":"https:\/\/mexicocodigorojo.com.mx\/?p=62839"},"modified":"2024-09-13T17:16:05","modified_gmt":"2024-09-13T23:16:05","slug":"falsas-acusaciones-y-manipulacion-mediatica-la-verdad-detras-del-caso-de-vicente-guillen-espinosa-el-cholula","status":"publish","type":"post","link":"https:\/\/mexicocodigorojo.com.mx\/?p=62839","title":{"rendered":"Falsas Acusaciones y Manipulaci\u00f3n Medi\u00e1tica: La Verdad Detr\u00e1s del Caso de Vicente Guill\u00e9n Espinosa \u00abEl Cholula\u00bb"},"content":{"rendered":"<p><strong>Tamaulipas.-<\/strong> Portales dedicados a la manipulaci\u00f3n medi\u00e1tica y a la explotaci\u00f3n econ\u00f3mica han orquestado una campa\u00f1a de difamaci\u00f3n contra Vicente Guill\u00e9n Espinosa, funcionario de la Universidad Aut\u00f3noma de Tamaulipas (UAT) y conocido por su experiencia como entrenador de perros K9. Guill\u00e9n Espinosa, quien fue detenido en 2004 por su presunta implicaci\u00f3n en un caso de secuestro, fue exonerado por un Tribunal de Apelaciones que dict\u00f3 una sentencia absolutoria tras un juicio que demostr\u00f3 su inocencia. Sin embargo, medios sensacionalistas y figuras como la titular de la Seguridad P\u00fablica y Ciudadan\u00eda, Rosa Icela Rodr\u00edguez Vel\u00e1zquez, han perpetuado la difusi\u00f3n de informaci\u00f3n falsa, culpando injustamente a Guill\u00e9n de hechos por los que ya fue absuelto.<\/p>\n<p>La sentencia del Tribunal Colegiado Penal (Toca Penal 188\/2022) estableci\u00f3 claramente que Guill\u00e9n Espinosa no era penalmente responsable de los delitos imputados, y por tanto, se le concedi\u00f3 su libertad absoluta. El juez penal Andr\u00e9s Escamilla se limit\u00f3 a ejecutar dicha resoluci\u00f3n, desmintiendo cualquier v\u00ednculo con la decisi\u00f3n de liberarlo, contrariamente a lo afirmado en la conferencia matutina mencionada por Rodr\u00edguez Vel\u00e1zquez, por un tema politico.<\/p>\n<p>Aunque Guill\u00e9n ha mostrado un compromiso con la legalidad despu\u00e9s de su liberaci\u00f3n, trabajando en la UAT, varios bloggers han continuado difam\u00e1ndolo sin justificaci\u00f3n. El blog de Tampico &#8216;Valor por Tamaulipas&#8217; y usuarios an\u00f3nimos de Matamoros y Victoria, como @MennyValdz en \u00abX\u00bb anteriormente en Twitter, sin seguir el rigor period\u00edstico ni aportar evidencia, han iniciado una campa\u00f1a de difamaci\u00f3n intentando influir en las autoridades universitarias para lograr beneficios econ\u00f3micos. Estas acusaciones, carentes de base period\u00edstica, se fundamentan en especulaciones de la conferencia matutina del palacio nacional, en el contexto de una campa\u00f1a de criminalizaci\u00f3n pol\u00edtica en el marco de la Reforma Judicial, la cual ha sido criticada por fomentar debates pol\u00edticos contra ciudadanos, infringiendo seriamente los derechos constitucionales de Guill\u00e9n Espinosa, quien ha pedido a trav\u00e9s de un amparo la correcci\u00f3n de la informaci\u00f3n difundida en dicha conferencia.<\/p>\n<p>Este tipo de publicaciones no solo atentan contra el derecho al debido proceso y la presunci\u00f3n de inocencia, sino que tambi\u00e9n constituyen una grave violaci\u00f3n a los derechos fundamentales, al perpetuar una criminalizaci\u00f3n injusta en contra de una persona que ha sido exonerada judicialmente. Vicente Guill\u00e9n Espinosa, tras m\u00e1s de un a\u00f1o de actividades l\u00edcitas, ha visto c\u00f3mo su reputaci\u00f3n es mancillada por una campa\u00f1a orquestada para obtener fines il\u00edcitos, en un claro abuso del periodismo como herramienta de extorsi\u00f3n.<\/p>\n","protected":false},"excerpt":{"rendered":"<p>Tamaulipas.- Portales dedicados a la manipulaci\u00f3n medi\u00e1tica y a la explotaci\u00f3n econ\u00f3mica han orquestado una campa\u00f1a de difamaci\u00f3n contra Vicente Guill\u00e9n Espinosa, funcionario de la Universidad Aut\u00f3noma de Tamaulipas (UAT) y conocido por su experiencia como entrenador de perros K9. Guill\u00e9n Espinosa, quien fue detenido en 2004 por su presunta implicaci\u00f3n en un caso de [&hellip;]<\/p>\n","protected":false},"author":21,"featured_media":62840,"comment_status":"open","ping_status":"open","sticky":false,"template":"","format":"standard","meta":{"_uf_show_specific_survey":0,"_uf_disable_surveys":false,"advanced_seo_description":"","jetpack_seo_html_title":"","jetpack_seo_noindex":false,"jetpack_post_was_ever_published":false,"_jetpack_newsletter_access":"","_jetpack_dont_email_post_to_subs":false,"_jetpack_newsletter_tier_id":0,"_jetpack_memberships_contains_paywalled_content":false,"_jetpack_memberships_contains_paid_content":false,"footnotes":"","jetpack_publicize_message":"","jetpack_publicize_feature_enabled":true,"jetpack_social_post_already_shared":true,"jetpack_social_options":{"image_generator_settings":{"template":"highway","default_image_id":0,"font":"","enabled":false},"version":2}},"categories":[1724,2],"tags":[],"class_list":{"0":"post-62839","1":"post","2":"type-post","3":"status-publish","4":"format-standard","5":"has-post-thumbnail","7":"category-featured","8":"category-tamaulipas"},"jetpack_publicize_connections":[],"jetpack_featured_media_url":"https:\/\/i0.wp.com\/mexicocodigorojo.com.mx\/wp-content\/uploads\/2024\/09\/Captura-de-pantalla-2024-09-13-171530.jpg?fit=1018%2C723&ssl=1","jetpack-related-posts":[{"id":48537,"url":"https:\/\/mexicocodigorojo.com.mx\/?p=48537","url_meta":{"origin":62839,"position":0},"title":"20 a\u00f1os de prisi\u00f3n a Mario C\u00e1rdenas Guill\u00e9n","author":"Staff","date":"abril 18, 2021","format":false,"excerpt":"CIUDAD DE M\u00c9XICO (apro).\u00ad\u2013 Mario C\u00e1rdenas Guillen, quien asumi\u00f3 el liderazgo del C\u00e1rtel del Golfo (CDG) \u00ad\u2013el cual fue fundado y dirigido por sus hermanos Ezequiel y Osiel\u2013, fue sentenciado a 20 a\u00f1os de prisi\u00f3n por el delito de delincuencia organizada con funciones de administraci\u00f3n, supervisi\u00f3n o direcci\u00f3n. En un\u2026","rel":"","context":"En \u00abFeatured\u00bb","block_context":{"text":"Featured","link":"https:\/\/mexicocodigorojo.com.mx\/?cat=1724"},"img":{"alt_text":"","src":"https:\/\/i0.wp.com\/mexicocodigorojo.com.mx\/wp-content\/uploads\/2021\/04\/f800x450-133683_185129_5216.jpg?fit=800%2C450&ssl=1&resize=350%2C200","width":350,"height":200,"srcset":"https:\/\/i0.wp.com\/mexicocodigorojo.com.mx\/wp-content\/uploads\/2021\/04\/f800x450-133683_185129_5216.jpg?fit=800%2C450&ssl=1&resize=350%2C200 1x, https:\/\/i0.wp.com\/mexicocodigorojo.com.mx\/wp-content\/uploads\/2021\/04\/f800x450-133683_185129_5216.jpg?fit=800%2C450&ssl=1&resize=525%2C300 1.5x, https:\/\/i0.wp.com\/mexicocodigorojo.com.mx\/wp-content\/uploads\/2021\/04\/f800x450-133683_185129_5216.jpg?fit=800%2C450&ssl=1&resize=700%2C400 2x"},"classes":[]},{"id":6766,"url":"https:\/\/mexicocodigorojo.com.mx\/?p=6766","url_meta":{"origin":62839,"position":1},"title":"M-100 o Panilo El l\u00edder rebelde del C\u00e1rtel del Golfo que se cre\u00eda muerto","author":"Staff","date":"octubre 20, 2018","format":false,"excerpt":"Uno de los principales pilares de la violencia en Tamaulipas cay\u00f3. Se trata de Petronilo Moreno Flores, alias \"El Panilo\", uno de los l\u00edderes del C\u00e1rtel del Golfo identificados por autoridades mexicanas y estadunidenses,Apodado tambi\u00e9n como el \"Metro 100\", fue capturado por elementos de la Secretar\u00eda de la Defensa Nacional\u2026","rel":"","context":"En \u00abInternacional\u00bb","block_context":{"text":"Internacional","link":"https:\/\/mexicocodigorojo.com.mx\/?cat=14"},"img":{"alt_text":"","src":"https:\/\/i0.wp.com\/mexicocodigorojo.com.mx\/wp-content\/uploads\/2018\/10\/panilocdg1-1.jpg?resize=350%2C200&ssl=1","width":350,"height":200,"srcset":"https:\/\/i0.wp.com\/mexicocodigorojo.com.mx\/wp-content\/uploads\/2018\/10\/panilocdg1-1.jpg?resize=350%2C200&ssl=1 1x, https:\/\/i0.wp.com\/mexicocodigorojo.com.mx\/wp-content\/uploads\/2018\/10\/panilocdg1-1.jpg?resize=525%2C300&ssl=1 1.5x, https:\/\/i0.wp.com\/mexicocodigorojo.com.mx\/wp-content\/uploads\/2018\/10\/panilocdg1-1.jpg?resize=700%2C400&ssl=1 2x"},"classes":[]},{"id":43735,"url":"https:\/\/mexicocodigorojo.com.mx\/?p=43735","url_meta":{"origin":62839,"position":2},"title":"Juez autorizo extradici\u00f3n de Mario C\u00e1rdenas Guill\u00e9n, alias el \u201cM1\u201d","author":"Staff","date":"octubre 9, 2020","format":false,"excerpt":"El violento l\u00edder del C\u00e1rtel del Golfo, Mario C\u00e1rdenas Guill\u00e9n, alias el \u201cM1\u201d, encara ahora su mayor miedo: la posibilidad de ser juzgado por las autoridades estadounidenses. Este mi\u00e9rcoles, la juez federal, Abigail Ocampo \u00c1lvarez, autoriz\u00f3 al gobierno de M\u00e9xico proceder en la extradici\u00f3n del narco mexicano, acusado de delincuencia\u2026","rel":"","context":"En \u00abFeatured\u00bb","block_context":{"text":"Featured","link":"https:\/\/mexicocodigorojo.com.mx\/?cat=1724"},"img":{"alt_text":"","src":"https:\/\/i0.wp.com\/mexicocodigorojo.com.mx\/wp-content\/uploads\/2020\/10\/0013729e431911b133b00e.jpg?fit=400%2C512&ssl=1&resize=350%2C200","width":350,"height":200},"classes":[]},{"id":54084,"url":"https:\/\/mexicocodigorojo.com.mx\/?p=54084","url_meta":{"origin":62839,"position":3},"title":"EU sentencia a cadena perpetua a Jorge Costilla \u00abEl Coss\u00bb, exl\u00edder del &#8216;CDG&#8217;","author":"Staff","date":"septiembre 19, 2022","format":false,"excerpt":"La justicia de Estados Unidos conden\u00f3 hoy a cadena perpetua al mexicano Jorge Costilla S\u00e1nchez, apodado \u201cEl Coss\u201d o \u201cDos Equis\u201d, quien dirigi\u00f3 el C\u00e1rtel del Golfo a partir de la detenci\u00f3n de Osiel C\u00e1rdenas Guill\u00e9n, en 2003, hasta su arresto en 2012. El juez Fernando Rodr\u00edguez determin\u00f3 que Costilla\u2026","rel":"","context":"En \u00abFeatured\u00bb","block_context":{"text":"Featured","link":"https:\/\/mexicocodigorojo.com.mx\/?cat=1724"},"img":{"alt_text":"","src":"https:\/\/i0.wp.com\/mexicocodigorojo.com.mx\/wp-content\/uploads\/2022\/09\/narcos_cartel_del_golfo.jpg_1902800913.webp?fit=1200%2C900&ssl=1&resize=350%2C200","width":350,"height":200,"srcset":"https:\/\/i0.wp.com\/mexicocodigorojo.com.mx\/wp-content\/uploads\/2022\/09\/narcos_cartel_del_golfo.jpg_1902800913.webp?fit=1200%2C900&ssl=1&resize=350%2C200 1x, https:\/\/i0.wp.com\/mexicocodigorojo.com.mx\/wp-content\/uploads\/2022\/09\/narcos_cartel_del_golfo.jpg_1902800913.webp?fit=1200%2C900&ssl=1&resize=525%2C300 1.5x, https:\/\/i0.wp.com\/mexicocodigorojo.com.mx\/wp-content\/uploads\/2022\/09\/narcos_cartel_del_golfo.jpg_1902800913.webp?fit=1200%2C900&ssl=1&resize=700%2C400 2x, https:\/\/i0.wp.com\/mexicocodigorojo.com.mx\/wp-content\/uploads\/2022\/09\/narcos_cartel_del_golfo.jpg_1902800913.webp?fit=1200%2C900&ssl=1&resize=1050%2C600 3x"},"classes":[]},{"id":64595,"url":"https:\/\/mexicocodigorojo.com.mx\/?p=64595","url_meta":{"origin":62839,"position":4},"title":"Cae \u201cTormenta Junior\u201d en Matamoros","author":"MexicoRojoCvmx","date":"agosto 17, 2025","format":false,"excerpt":"Guardia Estatal de Tamaulipas captura a Ezequiel C\u00e1rdenas Rivera, hijo del exl\u00edder del C\u00e1rtel del Golfo Matamoros, Tamps.\u2014La Guardia Estatal de Tamaulipas detuvo en Matamoros a Ezequiel C\u00e1rdenas Rivera, alias \u201cTormenta Junior\u201d, identificado como hijo de Antonio C\u00e1rdenas Guill\u00e9n, ex jefe del C\u00e1rtel del Golfo (CDG). La aprehensi\u00f3n ocurri\u00f3 durante\u2026","rel":"","context":"En \u00abFeatured\u00bb","block_context":{"text":"Featured","link":"https:\/\/mexicocodigorojo.com.mx\/?cat=1724"},"img":{"alt_text":"","src":"https:\/\/i0.wp.com\/mexicocodigorojo.com.mx\/wp-content\/uploads\/2025\/08\/Captura-de-pantalla-2025-08-17-170005.jpg?fit=575%2C327&ssl=1&resize=350%2C200","width":350,"height":200,"srcset":"https:\/\/i0.wp.com\/mexicocodigorojo.com.mx\/wp-content\/uploads\/2025\/08\/Captura-de-pantalla-2025-08-17-170005.jpg?fit=575%2C327&ssl=1&resize=350%2C200 1x, https:\/\/i0.wp.com\/mexicocodigorojo.com.mx\/wp-content\/uploads\/2025\/08\/Captura-de-pantalla-2025-08-17-170005.jpg?fit=575%2C327&ssl=1&resize=525%2C300 1.5x"},"classes":[]},{"id":9779,"url":"https:\/\/mexicocodigorojo.com.mx\/?p=9779","url_meta":{"origin":62839,"position":5},"title":"El sanguinario final de \u201cEl Z-12\u201d, l\u00edder fundador de \u201cLos Zetas\u201d en Tamaulipas","author":"Staff","date":"diciembre 1, 2018","format":false,"excerpt":"Luis Reyes Enr\u00edquez, uno de los hombres m\u00e1s cercanos a Osiel C\u00e1rdenas Guill\u00e9n, tuvo uno de los finales m\u00e1s oscuros que la vida criminal te puede dar. Luis Reyes Enr\u00edquez, alias \u201cEl Z-12\u201d o \u201cEl Rex\u201d, fue uno de los l\u00edderes fundadores de \u201cLos Zetas\u201d, su muerte pasar\u00e1 como una\u2026","rel":"","context":"En \u00abTamaulipas\u00bb","block_context":{"text":"Tamaulipas","link":"https:\/\/mexicocodigorojo.com.mx\/?cat=2"},"img":{"alt_text":"","src":"https:\/\/i0.wp.com\/mexicocodigorojo.com.mx\/wp-content\/uploads\/2018\/12\/z12_31856328687.jpg?resize=350%2C200&ssl=1","width":350,"height":200},"classes":[]}],"jetpack_sharing_enabled":true,"jetpack_likes_enabled":true,"jetpack_shortlink":"https:\/\/wp.me\/p9TedA-glx","_links":{"self":[{"href":"https:\/\/mexicocodigorojo.com.mx\/index.php?rest_route=\/wp\/v2\/posts\/62839","targetHints":{"allow":["GET"]}}],"collection":[{"href":"https:\/\/mexicocodigorojo.com.mx\/index.php?rest_route=\/wp\/v2\/posts"}],"about":[{"href":"https:\/\/mexicocodigorojo.com.mx\/index.php?rest_route=\/wp\/v2\/types\/post"}],"author":[{"embeddable":true,"href":"https:\/\/mexicocodigorojo.com.mx\/index.php?rest_route=\/wp\/v2\/users\/21"}],"replies":[{"embeddable":true,"href":"https:\/\/mexicocodigorojo.com.mx\/index.php?rest_route=%2Fwp%2Fv2%2Fcomments&post=62839"}],"version-history":[{"count":1,"href":"https:\/\/mexicocodigorojo.com.mx\/index.php?rest_route=\/wp\/v2\/posts\/62839\/revisions"}],"predecessor-version":[{"id":62841,"href":"https:\/\/mexicocodigorojo.com.mx\/index.php?rest_route=\/wp\/v2\/posts\/62839\/revisions\/62841"}],"wp:featuredmedia":[{"embeddable":true,"href":"https:\/\/mexicocodigorojo.com.mx\/index.php?rest_route=\/wp\/v2\/media\/62840"}],"wp:attachment":[{"href":"https:\/\/mexicocodigorojo.com.mx\/index.php?rest_route=%2Fwp%2Fv2%2Fmedia&parent=62839"}],"wp:term":[{"taxonomy":"category","embeddable":true,"href":"https:\/\/mexicocodigorojo.com.mx\/index.php?rest_route=%2Fwp%2Fv2%2Fcategories&post=62839"},{"taxonomy":"post_tag","embeddable":true,"href":"https:\/\/mexicocodigorojo.com.mx\/index.php?rest_route=%2Fwp%2Fv2%2Ftags&post=62839"}],"curies":[{"name":"wp","href":"https:\/\/api.w.org\/{rel}","templated":true}]}}