{"id":62832,"date":"2024-09-13T13:20:43","date_gmt":"2024-09-13T19:20:43","guid":{"rendered":"https:\/\/mexicocodigorojo.com.mx\/?p=62832"},"modified":"2024-09-13T13:20:43","modified_gmt":"2024-09-13T19:20:43","slug":"asesinan-en-guadalajara-a-francisco-javier-quijada-pancholin","status":"publish","type":"post","link":"https:\/\/mexicocodigorojo.com.mx\/?p=62832","title":{"rendered":"Asesinan en Guadalajara a Francisco Javier Quijada \u201cPanchol\u00edn\u201d"},"content":{"rendered":"<p>El cantante grupero Francisco Javier Quijada, mejor conocido como \u201cPanchol\u00edn\u201d, fue asesinado a tiros el pasado mi\u00e9rcoles 11 de septiembre, en la colonia Providencia, de Guadalajara, Jalisco.<\/p>\n<p>De acuerdo con reportes de medios locales, Quijada regresaba a su casa, acompa\u00f1ado de su esposa, de una tienda de conveniencia, donde hab\u00edan realizado compras, cuando un sujeto se acerc\u00f3 a la pareja y dispar\u00f3 contra \u201cPanchol\u00edn\u201d en m\u00e1s de una ocasi\u00f3n, de los cuales dos fueron a la cabeza, mat\u00e1ndolo. El homicida huy\u00f3 de la escena.<\/p>\n<p>Tras los hechos, vecinos del lugar llamaron a los servicios de emergencia. Hasta el momento las autoridades no han dado m\u00e1s detalles del asesinato, ni se ha detenido a nadie en relaci\u00f3n con el homicidio.<\/p>\n<p>\u201cPanchol\u00edn\u201d gan\u00f3 notoriedad entre las d\u00e9cadas del 90 y el 2000, como cantante infantil, con canciones como \u201cOjitos verdes\u201d, \u201cAmor perd\u00f3name\u201d y \u201cPista a la sierra\u201d. Su carrera se detuvo cuando, en 2013, fue detenido por elementos del ej\u00e9rcito en Ciudad Obreg\u00f3n, Sonora, por el asesinato de un joven, despu\u00e9s de pasar 3 a\u00f1os pr\u00f3fugo de la justicia. El cantante sali\u00f3 de prisi\u00f3n apenas en abril pasado, seg\u00fan reportes.<\/p>\n<p>Despu\u00e9s de haber sido puesto en libertad, Quijada hab\u00eda tratado de recuperar su carrera musical, publicando videos de \u00e9l cantando con su guitara, en redes sociales.<\/p>\n<div class=\"fb-video\" data-allowfullscreen=\"true\" data-href=\"https:\/\/www.facebook.com\/61559199052847\/videos\/1609134989649797\" style=\"background-color: #fff; display: inline-block;\"><\/div>\n<p>En la \u00faltima publicaci\u00f3n del int\u00e9rprete en Instagram, su hija Dayana Quijada Serrano escribi\u00f3 un mensaje de despedida para tu padre. \u201cTe amo pap\u00e1, siempre ser\u00e1s el amor de mi vida. Te amo y siempre te amar\u00e9 hasta el fin del mundo (\u2026) quisiera haber pasado m\u00e1s tiempo contigo, pero me quedo con los pocos recuerdos que pas\u00e9 a tu lado, pap\u00e1\u201d.<\/p>\n<p><img decoding=\"async\" src=\"https:\/\/scontent-dfw5-2.xx.fbcdn.net\/v\/t39.30808-6\/459483668_1035704774600529_4131071877846899089_n.jpg?_nc_cat=107&amp;ccb=1-7&amp;_nc_sid=94e2a3&amp;_nc_eui2=AeHcKCrXK3nDqrUQme7WctGESTzRmqwxUEdJPNGarDFQRzdCRfVE2b_bLhNfFcL9pADgRUD46ydA1ZD31sMi-gig&amp;_nc_ohc=3E_0tuOQ5FcQ7kNvgHYJApF&amp;_nc_ht=scontent-dfw5-2.xx&amp;_nc_gid=ActP8P7aBYc4UQvPusr0cbY&amp;oh=00_AYD7KhEsGaDPH6dBDVOiI57x-3HuksQSLqf38KIHiZzPMQ&amp;oe=66EA4B76\" alt=\"Puede ser una imagen de 2 personas y texto\" \/><\/p>\n","protected":false},"excerpt":{"rendered":"<p>El cantante grupero Francisco Javier Quijada, mejor conocido como \u201cPanchol\u00edn\u201d, fue asesinado a tiros el pasado mi\u00e9rcoles 11 de septiembre, en la colonia Providencia, de Guadalajara, Jalisco. De acuerdo con reportes de medios locales, Quijada regresaba a su casa, acompa\u00f1ado de su esposa, de una tienda de conveniencia, donde hab\u00edan realizado compras, cuando un sujeto [&hellip;]<\/p>\n","protected":false},"author":5,"featured_media":62833,"comment_status":"open","ping_status":"open","sticky":false,"template":"","format":"standard","meta":{"_uf_show_specific_survey":0,"_uf_disable_surveys":false,"advanced_seo_description":"","jetpack_seo_html_title":"","jetpack_seo_noindex":false,"jetpack_post_was_ever_published":false,"_jetpack_newsletter_access":"","_jetpack_dont_email_post_to_subs":false,"_jetpack_newsletter_tier_id":0,"_jetpack_memberships_contains_paywalled_content":false,"_jetpack_memberships_contains_paid_content":false,"footnotes":"","jetpack_publicize_message":"","jetpack_publicize_feature_enabled":true,"jetpack_social_post_already_shared":true,"jetpack_social_options":{"image_generator_settings":{"template":"highway","default_image_id":0,"font":"","enabled":false},"version":2}},"categories":[1724,8],"tags":[858],"class_list":{"0":"post-62832","1":"post","2":"type-post","3":"status-publish","4":"format-standard","5":"has-post-thumbnail","7":"category-featured","8":"category-jalisco","9":"tag-homicidio"},"jetpack_publicize_connections":[],"jetpack_featured_media_url":"https:\/\/i0.wp.com\/mexicocodigorojo.com.mx\/wp-content\/uploads\/2024\/09\/asesinan-pancholin-cantante-guadalajara-sonora.jpg?fit=1920%2C1080&ssl=1","jetpack-related-posts":[{"id":14746,"url":"https:\/\/mexicocodigorojo.com.mx\/?p=14746","url_meta":{"origin":62832,"position":0},"title":"MURI\u00d3 PRIMO DE EL MONARCA DE SINALOA TRAS SER BALEADOS","author":"Staff","date":"febrero 27, 2019","format":false,"excerpt":"El cantante de corridos Francisco Javier Ruiz Zavala alias \u201cEl Monarca de Sinaloa\u201d fue dado de alta la ma\u00f1ana de este domingo de la cl\u00ednica en la que se encontraba internado. El int\u00e9rprete result\u00f3 con tres heridas de bala en diferentes partes de cuerpo en un atentado registrado durante la\u2026","rel":"","context":"En \u00abSinaloa\u00bb","block_context":{"text":"Sinaloa","link":"https:\/\/mexicocodigorojo.com.mx\/?cat=41"},"img":{"alt_text":"","src":"https:\/\/i0.wp.com\/mexicocodigorojo.com.mx\/wp-content\/uploads\/2019\/02\/Sin-t%C3%ADtulo-7.jpg?fit=640%2C506&ssl=1&resize=350%2C200","width":350,"height":200,"srcset":"https:\/\/i0.wp.com\/mexicocodigorojo.com.mx\/wp-content\/uploads\/2019\/02\/Sin-t%C3%ADtulo-7.jpg?fit=640%2C506&ssl=1&resize=350%2C200 1x, https:\/\/i0.wp.com\/mexicocodigorojo.com.mx\/wp-content\/uploads\/2019\/02\/Sin-t%C3%ADtulo-7.jpg?fit=640%2C506&ssl=1&resize=525%2C300 1.5x"},"classes":[]},{"id":10582,"url":"https:\/\/mexicocodigorojo.com.mx\/?p=10582","url_meta":{"origin":62832,"position":1},"title":"BALACERA ENTRE SICARIOS Y DOS ESCOLTAS DE EL CANTANTE ALFREDO OLIVAS EN GUADALAJARA","author":"Staff","date":"diciembre 15, 2018","format":false,"excerpt":"BALACERA ENTRE SICARIOS Y DOS ESCOLTAS DE EL CANTANTE ALFREDO OLIVAS EN GUADALAJARA SE SALVO GRACIAS A LA REACCION OPORTUNA DE SUS DOS GUARDAESPALDAS La tarde de ayer viernes Alfredo Olivas, cantante de corridos, sufr\u00edo un atentado a balazos en Guadalajara, Jalisco. Un reconocido locutor de radio dio la noticia,\u2026","rel":"","context":"En \u00abFeatured\u00bb","block_context":{"text":"Featured","link":"https:\/\/mexicocodigorojo.com.mx\/?cat=1724"},"img":{"alt_text":"","src":"https:\/\/i0.wp.com\/mexicocodigorojo.com.mx\/wp-content\/uploads\/2018\/12\/fb_img_1544860146591769961656.jpg?resize=350%2C200&ssl=1","width":350,"height":200},"classes":[]},{"id":13908,"url":"https:\/\/mexicocodigorojo.com.mx\/?p=13908","url_meta":{"origin":62832,"position":2},"title":"COMANDO ARMADO LO INTERCEPTA &#038; DISPARAN MAS DE 20 BALAZOS A CANTANTE DE NARCOCORRIDOS EN GUAYMAS SONORA","author":"Staff","date":"febrero 10, 2019","format":false,"excerpt":"COMANDO ARMADO LO INTERCEPTA & DISPARAN MAS DE 20 BALAZOS A CANTANTE DE NARCOCORRIDOS EN GUAYMAS SONORA Francisco Javier Fourcade Romo, de 24 a\u00f1os y cantante de narcocorridos, fue ejecutado de carro a carro en Guaymas, Sonora de donde era originario. Al llegar al entronque con calle \u00d3scar Ruiz Almeida,\u2026","rel":"","context":"En \u00abSonora\u00bb","block_context":{"text":"Sonora","link":"https:\/\/mexicocodigorojo.com.mx\/?cat=115"},"img":{"alt_text":"","src":"https:\/\/i0.wp.com\/mexicocodigorojo.com.mx\/wp-content\/uploads\/2019\/02\/51346442_320102548711384_4526697720970215424_n.jpg?resize=350%2C200&ssl=1","width":350,"height":200},"classes":[]},{"id":21275,"url":"https:\/\/mexicocodigorojo.com.mx\/?p=21275","url_meta":{"origin":62832,"position":3},"title":"Tras muerte del jefe de polic\u00eda, aumenta inseguridad en Jalisco","author":"Staff","date":"agosto 5, 2019","format":false,"excerpt":"Ante los recientes atentados contra autoridades, aumenta la inseguridad y la violencia en Jalisco con 17 asesinatos de oficiales Guadalajara.- El asesinato este viernes del director de polic\u00eda de Tepatitl\u00e1n, dos d\u00edas despu\u00e9s del homicidio de un fundador del Cartel Jalisco Nueva Generaci\u00f3n de las drogas, profundiza la crisis de\u2026","rel":"","context":"En \u00abJalisco\u00bb","block_context":{"text":"Jalisco","link":"https:\/\/mexicocodigorojo.com.mx\/?cat=8"},"img":{"alt_text":"","src":"https:\/\/i0.wp.com\/mexicocodigorojo.com.mx\/wp-content\/uploads\/2019\/08\/tras_muerte_del_jefe_de_policxax_aumenta_la_inseguridad_en_jalisco_3x_crop1564858450527.jpg_1727466156.jpg?fit=960%2C540&ssl=1&resize=350%2C200","width":350,"height":200,"srcset":"https:\/\/i0.wp.com\/mexicocodigorojo.com.mx\/wp-content\/uploads\/2019\/08\/tras_muerte_del_jefe_de_policxax_aumenta_la_inseguridad_en_jalisco_3x_crop1564858450527.jpg_1727466156.jpg?fit=960%2C540&ssl=1&resize=350%2C200 1x, https:\/\/i0.wp.com\/mexicocodigorojo.com.mx\/wp-content\/uploads\/2019\/08\/tras_muerte_del_jefe_de_policxax_aumenta_la_inseguridad_en_jalisco_3x_crop1564858450527.jpg_1727466156.jpg?fit=960%2C540&ssl=1&resize=525%2C300 1.5x, https:\/\/i0.wp.com\/mexicocodigorojo.com.mx\/wp-content\/uploads\/2019\/08\/tras_muerte_del_jefe_de_policxax_aumenta_la_inseguridad_en_jalisco_3x_crop1564858450527.jpg_1727466156.jpg?fit=960%2C540&ssl=1&resize=700%2C400 2x"},"classes":[]},{"id":27649,"url":"https:\/\/mexicocodigorojo.com.mx\/?p=27649","url_meta":{"origin":62832,"position":4},"title":"Balean a juez en Guadalajara y a dos abogados","author":"Staff","date":"noviembre 25, 2019","format":false,"excerpt":"El juez segundo de primera instancia civil con sede en Tlajomulco de Z\u00fa\u00f1iga fue baleado cuando se encontraba en compa\u00f1\u00eda de dos abogados m\u00e1s La noche de este domingo fue asesinado a balazos un\u00a0juez\u00a0en Guadalajara, Jalisco. En el ataque tambi\u00e9n fue asesinado un presunto empleado de la\u00a0Secretar\u00eda General del Gobierno\u2026","rel":"","context":"En \u00abJalisco\u00bb","block_context":{"text":"Jalisco","link":"https:\/\/mexicocodigorojo.com.mx\/?cat=8"},"img":{"alt_text":"","src":"https:\/\/i0.wp.com\/mexicocodigorojo.com.mx\/wp-content\/uploads\/2019\/11\/EKPjZXyWkAAAC96.jpg?fit=720%2C445&ssl=1&resize=350%2C200","width":350,"height":200,"srcset":"https:\/\/i0.wp.com\/mexicocodigorojo.com.mx\/wp-content\/uploads\/2019\/11\/EKPjZXyWkAAAC96.jpg?fit=720%2C445&ssl=1&resize=350%2C200 1x, https:\/\/i0.wp.com\/mexicocodigorojo.com.mx\/wp-content\/uploads\/2019\/11\/EKPjZXyWkAAAC96.jpg?fit=720%2C445&ssl=1&resize=525%2C300 1.5x, https:\/\/i0.wp.com\/mexicocodigorojo.com.mx\/wp-content\/uploads\/2019\/11\/EKPjZXyWkAAAC96.jpg?fit=720%2C445&ssl=1&resize=700%2C400 2x"},"classes":[]},{"id":25725,"url":"https:\/\/mexicocodigorojo.com.mx\/?p=25725","url_meta":{"origin":62832,"position":5},"title":"Autorizan extradici\u00f3n de \u2018El T\u00edo\u2019; trabajaba para \u2018El Chapo\u2019 y \u2018El Mencho\u2019","author":"Staff","date":"octubre 21, 2019","format":false,"excerpt":"El Departamento del Tesoro de Estados Unidos se\u00f1alan a \u2018El T\u00edo\u2019 como uno de los operadores del C\u00e1rtel de Sinaloa y del C\u00e1rtel Jalisco Nueva Generaci\u00f3n. Luego de que el Primer Tribunal Colegiado Penal en la Ciudad de M\u00e9xico negara amparar a Ra\u00fal Flores Hern\u00e1ndez, alias \u2018El T\u00edo\u2019, el presunto\u2026","rel":"","context":"En \u00abJalisco\u00bb","block_context":{"text":"Jalisco","link":"https:\/\/mexicocodigorojo.com.mx\/?cat=8"},"img":{"alt_text":"","src":"https:\/\/i0.wp.com\/mexicocodigorojo.com.mx\/wp-content\/uploads\/2019\/10\/mipais112-focus-min0.09-0.42-628-524.jpg?fit=628%2C524&ssl=1&resize=350%2C200","width":350,"height":200,"srcset":"https:\/\/i0.wp.com\/mexicocodigorojo.com.mx\/wp-content\/uploads\/2019\/10\/mipais112-focus-min0.09-0.42-628-524.jpg?fit=628%2C524&ssl=1&resize=350%2C200 1x, https:\/\/i0.wp.com\/mexicocodigorojo.com.mx\/wp-content\/uploads\/2019\/10\/mipais112-focus-min0.09-0.42-628-524.jpg?fit=628%2C524&ssl=1&resize=525%2C300 1.5x"},"classes":[]}],"jetpack_sharing_enabled":true,"jetpack_likes_enabled":true,"jetpack_shortlink":"https:\/\/wp.me\/p9TedA-glq","_links":{"self":[{"href":"https:\/\/mexicocodigorojo.com.mx\/index.php?rest_route=\/wp\/v2\/posts\/62832","targetHints":{"allow":["GET"]}}],"collection":[{"href":"https:\/\/mexicocodigorojo.com.mx\/index.php?rest_route=\/wp\/v2\/posts"}],"about":[{"href":"https:\/\/mexicocodigorojo.com.mx\/index.php?rest_route=\/wp\/v2\/types\/post"}],"author":[{"embeddable":true,"href":"https:\/\/mexicocodigorojo.com.mx\/index.php?rest_route=\/wp\/v2\/users\/5"}],"replies":[{"embeddable":true,"href":"https:\/\/mexicocodigorojo.com.mx\/index.php?rest_route=%2Fwp%2Fv2%2Fcomments&post=62832"}],"version-history":[{"count":1,"href":"https:\/\/mexicocodigorojo.com.mx\/index.php?rest_route=\/wp\/v2\/posts\/62832\/revisions"}],"predecessor-version":[{"id":62834,"href":"https:\/\/mexicocodigorojo.com.mx\/index.php?rest_route=\/wp\/v2\/posts\/62832\/revisions\/62834"}],"wp:featuredmedia":[{"embeddable":true,"href":"https:\/\/mexicocodigorojo.com.mx\/index.php?rest_route=\/wp\/v2\/media\/62833"}],"wp:attachment":[{"href":"https:\/\/mexicocodigorojo.com.mx\/index.php?rest_route=%2Fwp%2Fv2%2Fmedia&parent=62832"}],"wp:term":[{"taxonomy":"category","embeddable":true,"href":"https:\/\/mexicocodigorojo.com.mx\/index.php?rest_route=%2Fwp%2Fv2%2Fcategories&post=62832"},{"taxonomy":"post_tag","embeddable":true,"href":"https:\/\/mexicocodigorojo.com.mx\/index.php?rest_route=%2Fwp%2Fv2%2Ftags&post=62832"}],"curies":[{"name":"wp","href":"https:\/\/api.w.org\/{rel}","templated":true}]}}