{"id":62752,"date":"2024-09-07T12:21:42","date_gmt":"2024-09-07T18:21:42","guid":{"rendered":"https:\/\/mexicocodigorojo.com.mx\/?p=62752"},"modified":"2024-09-09T09:06:07","modified_gmt":"2024-09-09T15:06:07","slug":"chavez-garcia-desmiente-rumores-de-renuncia-y-acusa-campana-de-panico-del-pan","status":"publish","type":"post","link":"https:\/\/mexicocodigorojo.com.mx\/?p=62752","title":{"rendered":"Ch\u00e1vez Garc\u00eda desmiente rumores de renuncia y acusa campa\u00f1a de p\u00e1nico del PAN"},"content":{"rendered":"<p><strong>Tamaulipas.-<\/strong> El Secretario de Seguridad P\u00fablica del estado, Sergio Hernando Ch\u00e1vez Garc\u00eda, ha desmentido categ\u00f3ricamente los rumores sobre su supuesta renuncia, se\u00f1alando que se trata de una campa\u00f1a de desestabilizaci\u00f3n impulsada por grupos vinculados al Partido Acci\u00f3n Nacional (PAN). \u00abEs una t\u00e1ctica desesperada por parte de algunos panistas. Estamos firmes en nuestra misi\u00f3n y no nos vamos a mover\u00bb, afirm\u00f3 en una entrevista telef\u00f3nica.<\/p>\n<p>Ch\u00e1vez Garc\u00eda vincul\u00f3 la difusi\u00f3n de estos rumores con el supuesto atentado contra el hijo del exgobernador Francisco Garc\u00eda Cabeza de Vaca, incidente que calific\u00f3 como una distracci\u00f3n. \u00abNuestro enfoque est\u00e1 en garantizar la seguridad de los tamaulipecos, cumpliendo con las instrucciones del gobernador Am\u00e9rico Villarreal\u00bb, asegur\u00f3 el funcionario, reiterando que su equipo no se dejar\u00e1 desviar por este tipo de maniobras.<\/p>\n<p>Asimismo, destac\u00f3 la reciente reuni\u00f3n con Omar Garc\u00eda Harfuch, el pr\u00f3ximo secretario de Seguridad Ciudadana, donde se delinearon estrategias para fortalecer la seguridad en Tamaulipas. Entre las medidas acordadas, se priorizar\u00e1 el combate a objetivos criminales clave, con el objetivo de reforzar el estado de derecho y reducir la criminalidad en la regi\u00f3n.<\/p>\n<p>Con esta declaraci\u00f3n, Ch\u00e1vez Garc\u00eda busca disipar la incertidumbre generada en torno a su continuidad al frente de la Secretar\u00eda de Seguridad, reafirmando el compromiso de la administraci\u00f3n estatal con la protecci\u00f3n de la poblaci\u00f3n.<\/p>\n","protected":false},"excerpt":{"rendered":"<p>Tamaulipas.- El Secretario de Seguridad P\u00fablica del estado, Sergio Hernando Ch\u00e1vez Garc\u00eda, ha desmentido categ\u00f3ricamente los rumores sobre su supuesta renuncia, se\u00f1alando que se trata de una campa\u00f1a de desestabilizaci\u00f3n impulsada por grupos vinculados al Partido Acci\u00f3n Nacional (PAN). \u00abEs una t\u00e1ctica desesperada por parte de algunos panistas. Estamos firmes en nuestra misi\u00f3n y no [&hellip;]<\/p>\n","protected":false},"author":21,"featured_media":62753,"comment_status":"open","ping_status":"open","sticky":false,"template":"","format":"standard","meta":{"_uf_show_specific_survey":0,"_uf_disable_surveys":false,"advanced_seo_description":"","jetpack_seo_html_title":"","jetpack_seo_noindex":false,"jetpack_post_was_ever_published":false,"_jetpack_newsletter_access":"","_jetpack_dont_email_post_to_subs":false,"_jetpack_newsletter_tier_id":0,"_jetpack_memberships_contains_paywalled_content":false,"_jetpack_memberships_contains_paid_content":false,"footnotes":"","jetpack_publicize_message":"","jetpack_publicize_feature_enabled":true,"jetpack_social_post_already_shared":true,"jetpack_social_options":{"image_generator_settings":{"template":"highway","default_image_id":0,"font":"","enabled":false},"version":2}},"categories":[1724,2],"tags":[],"class_list":{"0":"post-62752","1":"post","2":"type-post","3":"status-publish","4":"format-standard","5":"has-post-thumbnail","7":"category-featured","8":"category-tamaulipas"},"jetpack_publicize_connections":[],"jetpack_featured_media_url":"https:\/\/i0.wp.com\/mexicocodigorojo.com.mx\/wp-content\/uploads\/2024\/09\/Secretario-de-Seguridad-Tamaulipas-780x470-1.jpeg?fit=780%2C470&ssl=1","jetpack-related-posts":[{"id":62704,"url":"https:\/\/mexicocodigorojo.com.mx\/?p=62704","url_meta":{"origin":62752,"position":0},"title":"Con Harfuch al mando, Tamaulipas se prepara para un cambio dr\u00e1stico en seguridad, afirma Am\u00e9rico Villarreal","author":"MexicoRojoCvmx","date":"septiembre 2, 2024","format":false,"excerpt":"Ciudad de M\u00e9xico.- En un esfuerzo por transformar la seguridad en Tamaulipas, el gobernador Am\u00e9rico Villarreal Anaya sostuvo una reuni\u00f3n clave con Omar Garc\u00eda Harfuch, quien asumir\u00e1 el cargo de secretario de Seguridad Ciudadana a partir de octubre. En este encuentro, ambos delinearon una serie de estrategias orientadas a combatir\u2026","rel":"","context":"En \u00abFeatured\u00bb","block_context":{"text":"Featured","link":"https:\/\/mexicocodigorojo.com.mx\/?cat=1724"},"img":{"alt_text":"","src":"https:\/\/i0.wp.com\/mexicocodigorojo.com.mx\/wp-content\/uploads\/2024\/09\/WhatsApp-Image-2024-09-02-at-7.18.16-PM.jpeg?fit=1200%2C801&ssl=1&resize=350%2C200","width":350,"height":200,"srcset":"https:\/\/i0.wp.com\/mexicocodigorojo.com.mx\/wp-content\/uploads\/2024\/09\/WhatsApp-Image-2024-09-02-at-7.18.16-PM.jpeg?fit=1200%2C801&ssl=1&resize=350%2C200 1x, https:\/\/i0.wp.com\/mexicocodigorojo.com.mx\/wp-content\/uploads\/2024\/09\/WhatsApp-Image-2024-09-02-at-7.18.16-PM.jpeg?fit=1200%2C801&ssl=1&resize=525%2C300 1.5x, https:\/\/i0.wp.com\/mexicocodigorojo.com.mx\/wp-content\/uploads\/2024\/09\/WhatsApp-Image-2024-09-02-at-7.18.16-PM.jpeg?fit=1200%2C801&ssl=1&resize=700%2C400 2x, https:\/\/i0.wp.com\/mexicocodigorojo.com.mx\/wp-content\/uploads\/2024\/09\/WhatsApp-Image-2024-09-02-at-7.18.16-PM.jpeg?fit=1200%2C801&ssl=1&resize=1050%2C600 3x"},"classes":[]},{"id":46397,"url":"https:\/\/mexicocodigorojo.com.mx\/?p=46397","url_meta":{"origin":62752,"position":1},"title":"Los nuevos 10 objetivos del gobierno de Tamaulipas","author":"Staff","date":"enero 26, 2021","format":false,"excerpt":"Enero 26 del 2021 Ciudad Victoria, Tamaulipas.- El Gobernador Francisco Garc\u00eda Cabeza de Vaca y el Jefe del Sector R\u00edo Grande de la Patrulla Fronteriza, Brian Hastings, anunciaron hoy la continuidad de la campa\u00f1a \u201cSe Busca\u201d, y han identificado nuevamente a los 10 l\u00edderes criminales que amenazan el desarrollo y\u2026","rel":"","context":"En \u00abFeatured\u00bb","block_context":{"text":"Featured","link":"https:\/\/mexicocodigorojo.com.mx\/?cat=1724"},"img":{"alt_text":"","src":"https:\/\/i0.wp.com\/secureservercdn.net\/166.62.108.22\/cg1.af3.myftpupload.com\/wp-content\/uploads\/2021\/01\/img-20210126-wa0163640926200.jpg?resize=350%2C200&ssl=1","width":350,"height":200,"srcset":"https:\/\/i0.wp.com\/secureservercdn.net\/166.62.108.22\/cg1.af3.myftpupload.com\/wp-content\/uploads\/2021\/01\/img-20210126-wa0163640926200.jpg?resize=350%2C200&ssl=1 1x, https:\/\/i0.wp.com\/secureservercdn.net\/166.62.108.22\/cg1.af3.myftpupload.com\/wp-content\/uploads\/2021\/01\/img-20210126-wa0163640926200.jpg?resize=525%2C300&ssl=1 1.5x, https:\/\/i0.wp.com\/secureservercdn.net\/166.62.108.22\/cg1.af3.myftpupload.com\/wp-content\/uploads\/2021\/01\/img-20210126-wa0163640926200.jpg?resize=700%2C400&ssl=1 2x"},"classes":[]},{"id":62850,"url":"https:\/\/mexicocodigorojo.com.mx\/?p=62850","url_meta":{"origin":62752,"position":2},"title":"Seguridad garantizada en Tamaulipas: Saldo blanco en las celebraciones del Grito de Independencia","author":"MexicoRojoCvmx","date":"septiembre 16, 2024","format":false,"excerpt":"CIUDAD VICTORIA, TAMAULIPAS \u2014 Las celebraciones del Grito de Independencia en Tamaulipas concluyeron sin incidentes graves, seg\u00fan inform\u00f3 la Secretar\u00eda de Seguridad P\u00fablica del estado. Gracias a un operativo coordinado entre la Guardia Estatal y diversas instituciones de seguridad a nivel federal, estatal y municipal, las festividades en los 43\u2026","rel":"","context":"En \u00abFeatured\u00bb","block_context":{"text":"Featured","link":"https:\/\/mexicocodigorojo.com.mx\/?cat=1724"},"img":{"alt_text":"","src":"https:\/\/i0.wp.com\/mexicocodigorojo.com.mx\/wp-content\/uploads\/2024\/09\/Captura-de-pantalla-2024-09-16-191343.jpg?fit=746%2C445&ssl=1&resize=350%2C200","width":350,"height":200,"srcset":"https:\/\/i0.wp.com\/mexicocodigorojo.com.mx\/wp-content\/uploads\/2024\/09\/Captura-de-pantalla-2024-09-16-191343.jpg?fit=746%2C445&ssl=1&resize=350%2C200 1x, https:\/\/i0.wp.com\/mexicocodigorojo.com.mx\/wp-content\/uploads\/2024\/09\/Captura-de-pantalla-2024-09-16-191343.jpg?fit=746%2C445&ssl=1&resize=525%2C300 1.5x, https:\/\/i0.wp.com\/mexicocodigorojo.com.mx\/wp-content\/uploads\/2024\/09\/Captura-de-pantalla-2024-09-16-191343.jpg?fit=746%2C445&ssl=1&resize=700%2C400 2x"},"classes":[]},{"id":551,"url":"https:\/\/mexicocodigorojo.com.mx\/?p=551","url_meta":{"origin":62752,"position":3},"title":"Diputados PRIistas de Tamaulipas votan contra la paz","author":"Staff","date":"junio 14, 2018","format":false,"excerpt":"INCLUIDA LA HERMANA DE EUGENIO HERN\u00c1NDEZ, DIPUTADOS DEL PRI RECHAZAN COMBATE A LA INSEGURIDAD Ciudad Victoria, Tamaulipas.- Diputados del PRI votaron en contra del programa binacional \u201cCampa\u00f1a de Seguridad y Prosperidad\u201d con el que el Gobierno de Tamaulipas junto con 7 agencias federales de Estados Unidos pretende capturar a los\u2026","rel":"","context":"En \u00abTamaulipas\u00bb","block_context":{"text":"Tamaulipas","link":"https:\/\/mexicocodigorojo.com.mx\/?cat=2"},"img":{"alt_text":"","src":"https:\/\/i0.wp.com\/mexicocodigorojo.com.mx\/wp-content\/uploads\/2018\/06\/eu.jpg?fit=850%2C622&ssl=1&resize=350%2C200","width":350,"height":200,"srcset":"https:\/\/i0.wp.com\/mexicocodigorojo.com.mx\/wp-content\/uploads\/2018\/06\/eu.jpg?fit=850%2C622&ssl=1&resize=350%2C200 1x, https:\/\/i0.wp.com\/mexicocodigorojo.com.mx\/wp-content\/uploads\/2018\/06\/eu.jpg?fit=850%2C622&ssl=1&resize=525%2C300 1.5x, https:\/\/i0.wp.com\/mexicocodigorojo.com.mx\/wp-content\/uploads\/2018\/06\/eu.jpg?fit=850%2C622&ssl=1&resize=700%2C400 2x"},"classes":[]},{"id":2571,"url":"https:\/\/mexicocodigorojo.com.mx\/?p=2571","url_meta":{"origin":62752,"position":4},"title":"Da inicio Campa\u00f1a de Seguridad y Prosperidad en el \u00e1rea de los 2 Laredos","author":"Staff","date":"septiembre 11, 2018","format":false,"excerpt":"La Campa\u00f1a iniciada en junio pasado fue extendida con objetivos clave de las autoridades de ambos lados de la frontera en la zona de los dos Laredos. Estuvo presente el Almirante, Marco Antonio Ortega Siu, Comandante de la Unidad de Operaciones Especiales de la Armada de M\u00e9xico. Septiembre 10 del\u2026","rel":"","context":"En \u00abInternacional\u00bb","block_context":{"text":"Internacional","link":"https:\/\/mexicocodigorojo.com.mx\/?cat=14"},"img":{"alt_text":"","src":"https:\/\/i0.wp.com\/mexicocodigorojo.com.mx\/wp-content\/uploads\/2018\/09\/F20B1281-D601-49E2-86F6-84BCD5F50F69.jpeg?fit=1200%2C1200&ssl=1&resize=350%2C200","width":350,"height":200,"srcset":"https:\/\/i0.wp.com\/mexicocodigorojo.com.mx\/wp-content\/uploads\/2018\/09\/F20B1281-D601-49E2-86F6-84BCD5F50F69.jpeg?fit=1200%2C1200&ssl=1&resize=350%2C200 1x, https:\/\/i0.wp.com\/mexicocodigorojo.com.mx\/wp-content\/uploads\/2018\/09\/F20B1281-D601-49E2-86F6-84BCD5F50F69.jpeg?fit=1200%2C1200&ssl=1&resize=525%2C300 1.5x, https:\/\/i0.wp.com\/mexicocodigorojo.com.mx\/wp-content\/uploads\/2018\/09\/F20B1281-D601-49E2-86F6-84BCD5F50F69.jpeg?fit=1200%2C1200&ssl=1&resize=700%2C400 2x, https:\/\/i0.wp.com\/mexicocodigorojo.com.mx\/wp-content\/uploads\/2018\/09\/F20B1281-D601-49E2-86F6-84BCD5F50F69.jpeg?fit=1200%2C1200&ssl=1&resize=1050%2C600 3x"},"classes":[]},{"id":42211,"url":"https:\/\/mexicocodigorojo.com.mx\/?p=42211","url_meta":{"origin":62752,"position":5},"title":"Tamaulipas: Cabeza de Vaca, sujeto a 2 investigaciones","author":"Staff","date":"agosto 25, 2020","format":false,"excerpt":"REYNOSA, TAMPS.\u2013 El gobernador de Tamaulipas, Francisco Javier Garc\u00eda Cabeza de Vaca, est\u00e1 sujeto hoy a dos investigaciones legales: una en M\u00e9xico, relacionada con el caso Lozoya; la segunda, en Estados Unidos y la lleva la Oficina de Investigaciones de Seguridad Nacional (HSI), especializada en cr\u00edmenes trasnacionales. En M\u00e9xico, al\u2026","rel":"","context":"En \u00abFeatured\u00bb","block_context":{"text":"Featured","link":"https:\/\/mexicocodigorojo.com.mx\/?cat=1724"},"img":{"alt_text":"","src":"https:\/\/i0.wp.com\/mexicocodigorojo.com.mx\/wp-content\/uploads\/2020\/08\/Tamaulipas-Cabeza-de-Vaca-investigaciones-870x522-1.jpeg?fit=870%2C522&ssl=1&resize=350%2C200","width":350,"height":200,"srcset":"https:\/\/i0.wp.com\/mexicocodigorojo.com.mx\/wp-content\/uploads\/2020\/08\/Tamaulipas-Cabeza-de-Vaca-investigaciones-870x522-1.jpeg?fit=870%2C522&ssl=1&resize=350%2C200 1x, https:\/\/i0.wp.com\/mexicocodigorojo.com.mx\/wp-content\/uploads\/2020\/08\/Tamaulipas-Cabeza-de-Vaca-investigaciones-870x522-1.jpeg?fit=870%2C522&ssl=1&resize=525%2C300 1.5x, https:\/\/i0.wp.com\/mexicocodigorojo.com.mx\/wp-content\/uploads\/2020\/08\/Tamaulipas-Cabeza-de-Vaca-investigaciones-870x522-1.jpeg?fit=870%2C522&ssl=1&resize=700%2C400 2x"},"classes":[]}],"jetpack_sharing_enabled":true,"jetpack_likes_enabled":true,"jetpack_shortlink":"https:\/\/wp.me\/p9TedA-gk8","_links":{"self":[{"href":"https:\/\/mexicocodigorojo.com.mx\/index.php?rest_route=\/wp\/v2\/posts\/62752","targetHints":{"allow":["GET"]}}],"collection":[{"href":"https:\/\/mexicocodigorojo.com.mx\/index.php?rest_route=\/wp\/v2\/posts"}],"about":[{"href":"https:\/\/mexicocodigorojo.com.mx\/index.php?rest_route=\/wp\/v2\/types\/post"}],"author":[{"embeddable":true,"href":"https:\/\/mexicocodigorojo.com.mx\/index.php?rest_route=\/wp\/v2\/users\/21"}],"replies":[{"embeddable":true,"href":"https:\/\/mexicocodigorojo.com.mx\/index.php?rest_route=%2Fwp%2Fv2%2Fcomments&post=62752"}],"version-history":[{"count":1,"href":"https:\/\/mexicocodigorojo.com.mx\/index.php?rest_route=\/wp\/v2\/posts\/62752\/revisions"}],"predecessor-version":[{"id":62754,"href":"https:\/\/mexicocodigorojo.com.mx\/index.php?rest_route=\/wp\/v2\/posts\/62752\/revisions\/62754"}],"wp:featuredmedia":[{"embeddable":true,"href":"https:\/\/mexicocodigorojo.com.mx\/index.php?rest_route=\/wp\/v2\/media\/62753"}],"wp:attachment":[{"href":"https:\/\/mexicocodigorojo.com.mx\/index.php?rest_route=%2Fwp%2Fv2%2Fmedia&parent=62752"}],"wp:term":[{"taxonomy":"category","embeddable":true,"href":"https:\/\/mexicocodigorojo.com.mx\/index.php?rest_route=%2Fwp%2Fv2%2Fcategories&post=62752"},{"taxonomy":"post_tag","embeddable":true,"href":"https:\/\/mexicocodigorojo.com.mx\/index.php?rest_route=%2Fwp%2Fv2%2Ftags&post=62752"}],"curies":[{"name":"wp","href":"https:\/\/api.w.org\/{rel}","templated":true}]}}