{"id":62748,"date":"2024-09-06T14:26:27","date_gmt":"2024-09-06T20:26:27","guid":{"rendered":"https:\/\/mexicocodigorojo.com.mx\/?p=62748"},"modified":"2024-09-06T14:26:27","modified_gmt":"2024-09-06T20:26:27","slug":"nombra-claudia-sheinbaum-a-proximos-titulares-de-sedena-y-semar","status":"publish","type":"post","link":"https:\/\/mexicocodigorojo.com.mx\/?p=62748","title":{"rendered":"NOMBRA CLAUDIA SHEINBAUM A PR\u00d3XIMOS TITULARES DE SEDENA Y SEMAR"},"content":{"rendered":"\n<p>De conformidad con la Constituci\u00f3n y las leyes, y en uso de sus futuras facultades nombr\u00f3 a los secretarios de la Defensa Nacional y de Marina.<\/p>\n\n\n\n<p>La Presidenta electa de M\u00e9xico, Dra. Claudia Sheinbaum Pardo reconoce el trabajo y entrega del General Luis Cresencio Sandoval Gonz\u00e1lez al frente de la Secretar\u00eda de la Defensa Nacional (SEDENA), as\u00ed como del Almirante Jos\u00e9 Rafael Ojeda Dur\u00e1n, actual titular de la Secretar\u00eda de Marina (SEMAR), e informa que tras una revisi\u00f3n exhaustiva de los mejores perfiles para ocupar la titularidad de dichas dependencias y luego de sostener reuniones con los antes mencionados, anuncia los siguientes nombramientos:<\/p>\n\n\n\n<p>El pr\u00f3ximo secretario de la Defensa Nacional ser\u00e1 el General de Divisi\u00f3n Diplomado de Estado Mayor, Ricardo Trevilla Trejo, lo anterior de conformidad con el Art\u00edculo 14, fracci\u00f3n 1, de la Ley Org\u00e1nica del Ej\u00e9rcito y Fuerza A\u00e9rea Mexicanos. Se anexa semblanza.<\/p>\n\n\n\n<p>El pr\u00f3ximo secretario de Marina ser\u00e1 el Almirante CG. DEM. Raymundo Pedro Morales \u00c1ngeles, de acuerdo con el Art\u00edculo 6, fracci\u00f3n Il, de la Ley Org\u00e1nica de la Armada de M\u00e9xico. Se anexa semblanza.<\/p>\n\n\n\n<p>La presidenta electa, Claudia Sheinbaum reconoce en ambos su vocaci\u00f3n de servicio y su lealtad a la patria.<\/p>\n\n\n\n<p>Semblanzas<\/p>\n\n\n\n<p>Genero de vi Es Driginaid de uda de Mar, Ri, Camp cei agresio. eN acer el 8 Colegio Militar como Subteniente de Caballer\u00eda; su formaci\u00f3n profesional incluye el Curso de Mando y Estado Mayor General y la Licenciatura en Administraci\u00f3n Militar en la Escuela Superior de Guerra; as\u00ed como, las Maestr\u00edas en Administraci\u00f3n Militar para la Seguridad Interior y Defensa Nacional en el Colegio de Defensa Nacional y en Administraci\u00f3n P\u00fablica en la Universidad del Valle de M\u00e9xico. Con fecha de alta en el servicio activo: 1 de septiembre de 1978.<\/p>\n\n\n\n<p>Como oficial subalterno y hasta Teniente Coronel ejerci\u00f3 el mando de unidades de nivel secci\u00f3n y escuadr\u00f3n en regimientos de caballer\u00eda y se desempe\u00f1\u00f3 en Estados Mayores de zona militar y en el \u00e1rea fronteriza del estado de Chiapas. Sobresale su designaci\u00f3n como Agregado Militar y A\u00e9reo adjunto a las Embajadas de M\u00e9xico en Alemania y Polonia con sede en la Ciudad de Bonn, Alemania.<\/p>\n\n\n\n<p>Como Coronel y General destacan los cargos siguientes: Jefe del Grupo de Seguimiento, Coordinaci\u00f3n y Estad\u00edstica del Estado Mayor de la Defensa Nacional; Comandante del 16\/0. Regimiento de Caballer\u00eda Motorizado en Atlixco, Puebla; Director General de Comunicaci\u00f3n Social de la Secretar\u00eda de la Defensa Nacional; Jefe del Estado Mayor de la 6\/a. Zona Militar en Saltillo, Coahuila; Comandante del Criadero Militar de Ganado en Santa Gertrudis, Chihuahua; Comandante de la Guarnici\u00f3n de Piedras Negras, Coahuila; Comandante de la 43\/a. Zona Militar en Apatzing\u00e1n, Michoac\u00e1n; Subjefe Administrativo y Log\u00edstico del Estado Mayor de la Defensa Nacional y su actual cargo como Jefe del Estado Mayor Conjunto de la Defensa Nacional.<\/p>\n\n\n\n<p>Ha recibido las siguientes condecoraciones: M\u00e9rito Militar en grado de Banda; M\u00e9rito T\u00e9cnico de 1\/a. clase; M\u00e9rito en la Campa\u00f1a Contra el Narcotr\u00e1fico de 2\/a. Clase en dos ocasiones; Perseverancia de 5\/a., 4\/a., 3\/a., 2\/a. y 1\/a. clases, Especial, Extraordinaria e Institucional por 45 a\u00f1os de servicio ininterrumpidos en el activo;Servicios Distinguidos; Legi\u00f3n de Honor Mexicana; Distinci\u00f3n Militar; Distinci\u00f3n de desempe\u00f1o del Plan DN-III-E; Distinci\u00f3n Especial por COVID-19; Distinci\u00f3n de Estado Mayor Conjunto de la Defensa Nacional y Presea Bicentenario del Heroico Colegio Militar 1823-2023.<\/p>\n\n\n\n<p>Se anexa liga de curr\u00edculum vitae: <a href=\"https:\/\/bit.ly\/47gdq24\">https:\/\/bit.ly\/47gdq24<\/a><\/p>\n\n\n\n<p>Almirante CG. DEM. Raymundo Pedro Morales \u00c1ngeles. Naci\u00f3 en la Ciudad de San Ildefonso, Sola de Vega, Oaxaca, el 4 de julio de 1966. Ingres\u00f3 a la Armada de M\u00e9xico como Cadete en la Heroica Escuela Naval el 1\u00b0 de agosto de 1983, egresando en 1987 con el grado de Guardiamarina; en 1989 obtuvo el t\u00edtulo de Ingeniero en Ciencias Navales, con una menci\u00f3n honor\u00edfica.<\/p>\n\n\n\n<p>Su formaci\u00f3n acad\u00e9mica incluye diversos estudios en instituciones nacionales y extranjeras, entre los que destacan: las Maestr\u00edas en Seguridad Nacional y en Administraci\u00f3n Naval, as\u00ed como el Diplomado de Estado Mayor y las especialidades de Mando Naval y de Comunicaciones Navales, en el Centro de Estudios Superiores Navales; los diplomados en Educaci\u00f3n con Tecnolog\u00edas Telem\u00e1tica, en Evaluaci\u00f3n de la Educaci\u00f3n y en Seguridad Inform\u00e1tica, en la Universidad Nacional Aut\u00f3noma de M\u00e9xico (UNAM), instituci\u00f3n en la que concluy\u00f3 los cr\u00e9ditos en la Maestr\u00eda en Ingenier\u00eda de Sistemas.<\/p>\n\n\n\n<p>Asimismo realiz\u00f3 los cursos de Pol\u00edticas y Estrategias de Defensa en el Centro de Estudios Hemisf\u00e9ricos de Defensa en la Universidad Nacional de Defensa de los Estados Unidos de Am\u00e9rica, Curso para el Oficial de Inspecci\u00f3n y el de Instructor en la Aplicaci\u00f3n de la Leyes Mar\u00edtimas, por la US Coast Guard. Ha desempe\u00f1ado cargos relevantes como Comandante de la Novena Zona Naval;Comandante de la D\u00e9cima Tercera Zona Naval; Director del Centro de Estudios Superiores Navales; Agregado Naval Adjunto a la Embajada de M\u00e9xico en los Estados Unidos de Am\u00e9rica, por mencionar algunos y actualmente es director general del Corredor Interoce\u00e1nico del Istmo de Tehuantepec.<\/p>\n\n\n\n<p>Ascendi\u00f3 a Almirante el 20 de noviembre de 2023.<\/p>\n\n\n\n<p>Se anexa liga de curr\u00edculum vitae: <a href=\"https:\/\/bit.ly\/47iX0pH\">https:\/\/bit.ly\/47iX0pH<\/a><\/p>\n\n\n\n<figure class=\"wp-block-gallery has-nested-images columns-default is-cropped wp-block-gallery-1 is-layout-flex wp-block-gallery-is-layout-flex\">\n<figure class=\"wp-block-image size-large\"><img data-recalc-dims=\"1\" loading=\"lazy\" decoding=\"async\" width=\"696\" height=\"907\" data-attachment-id=\"62746\" data-permalink=\"https:\/\/mexicocodigorojo.com.mx\/?attachment_id=62746\" data-orig-file=\"https:\/\/i0.wp.com\/mexicocodigorojo.com.mx\/wp-content\/uploads\/2024\/09\/img_5507-1-1.jpg?fit=1141%2C1487&amp;ssl=1\" data-orig-size=\"1141,1487\" data-comments-opened=\"1\" data-image-meta=\"{&quot;aperture&quot;:&quot;0&quot;,&quot;credit&quot;:&quot;&quot;,&quot;camera&quot;:&quot;&quot;,&quot;caption&quot;:&quot;&quot;,&quot;created_timestamp&quot;:&quot;0&quot;,&quot;copyright&quot;:&quot;&quot;,&quot;focal_length&quot;:&quot;0&quot;,&quot;iso&quot;:&quot;0&quot;,&quot;shutter_speed&quot;:&quot;0&quot;,&quot;title&quot;:&quot;&quot;,&quot;orientation&quot;:&quot;1&quot;}\" data-image-title=\"img_5507-1-1\" data-image-description=\"\" data-image-caption=\"\" data-large-file=\"https:\/\/i0.wp.com\/mexicocodigorojo.com.mx\/wp-content\/uploads\/2024\/09\/img_5507-1-1.jpg?fit=696%2C907&amp;ssl=1\" data-id=\"62746\" src=\"https:\/\/i0.wp.com\/mexicocodigorojo.com.mx\/wp-content\/uploads\/2024\/09\/img_5507-1-1.jpg?resize=696%2C907&#038;ssl=1\" alt=\"\" class=\"wp-image-62746\" srcset=\"https:\/\/i0.wp.com\/mexicocodigorojo.com.mx\/wp-content\/uploads\/2024\/09\/img_5507-1-1.jpg?resize=786%2C1024&amp;ssl=1 786w, https:\/\/i0.wp.com\/mexicocodigorojo.com.mx\/wp-content\/uploads\/2024\/09\/img_5507-1-1.jpg?resize=230%2C300&amp;ssl=1 230w, https:\/\/i0.wp.com\/mexicocodigorojo.com.mx\/wp-content\/uploads\/2024\/09\/img_5507-1-1.jpg?resize=768%2C1001&amp;ssl=1 768w, https:\/\/i0.wp.com\/mexicocodigorojo.com.mx\/wp-content\/uploads\/2024\/09\/img_5507-1-1.jpg?resize=322%2C420&amp;ssl=1 322w, https:\/\/i0.wp.com\/mexicocodigorojo.com.mx\/wp-content\/uploads\/2024\/09\/img_5507-1-1.jpg?resize=150%2C195&amp;ssl=1 150w, https:\/\/i0.wp.com\/mexicocodigorojo.com.mx\/wp-content\/uploads\/2024\/09\/img_5507-1-1.jpg?resize=300%2C391&amp;ssl=1 300w, https:\/\/i0.wp.com\/mexicocodigorojo.com.mx\/wp-content\/uploads\/2024\/09\/img_5507-1-1.jpg?resize=696%2C907&amp;ssl=1 696w, https:\/\/i0.wp.com\/mexicocodigorojo.com.mx\/wp-content\/uploads\/2024\/09\/img_5507-1-1.jpg?resize=1068%2C1392&amp;ssl=1 1068w, https:\/\/i0.wp.com\/mexicocodigorojo.com.mx\/wp-content\/uploads\/2024\/09\/img_5507-1-1.jpg?w=1141&amp;ssl=1 1141w\" sizes=\"auto, (max-width: 696px) 100vw, 696px\" \/><\/figure>\n\n\n\n<figure class=\"wp-block-image size-large\"><img data-recalc-dims=\"1\" loading=\"lazy\" decoding=\"async\" width=\"696\" height=\"900\" data-attachment-id=\"62747\" data-permalink=\"https:\/\/mexicocodigorojo.com.mx\/?attachment_id=62747\" data-orig-file=\"https:\/\/i0.wp.com\/mexicocodigorojo.com.mx\/wp-content\/uploads\/2024\/09\/img_5508-1.jpg?fit=1154%2C1492&amp;ssl=1\" data-orig-size=\"1154,1492\" data-comments-opened=\"1\" data-image-meta=\"{&quot;aperture&quot;:&quot;0&quot;,&quot;credit&quot;:&quot;&quot;,&quot;camera&quot;:&quot;&quot;,&quot;caption&quot;:&quot;&quot;,&quot;created_timestamp&quot;:&quot;0&quot;,&quot;copyright&quot;:&quot;&quot;,&quot;focal_length&quot;:&quot;0&quot;,&quot;iso&quot;:&quot;0&quot;,&quot;shutter_speed&quot;:&quot;0&quot;,&quot;title&quot;:&quot;&quot;,&quot;orientation&quot;:&quot;1&quot;}\" data-image-title=\"img_5508-1\" data-image-description=\"\" data-image-caption=\"\" data-large-file=\"https:\/\/i0.wp.com\/mexicocodigorojo.com.mx\/wp-content\/uploads\/2024\/09\/img_5508-1.jpg?fit=696%2C900&amp;ssl=1\" data-id=\"62747\" src=\"https:\/\/i0.wp.com\/mexicocodigorojo.com.mx\/wp-content\/uploads\/2024\/09\/img_5508-1.jpg?resize=696%2C900&#038;ssl=1\" alt=\"\" class=\"wp-image-62747\" srcset=\"https:\/\/i0.wp.com\/mexicocodigorojo.com.mx\/wp-content\/uploads\/2024\/09\/img_5508-1.jpg?resize=792%2C1024&amp;ssl=1 792w, https:\/\/i0.wp.com\/mexicocodigorojo.com.mx\/wp-content\/uploads\/2024\/09\/img_5508-1.jpg?resize=232%2C300&amp;ssl=1 232w, https:\/\/i0.wp.com\/mexicocodigorojo.com.mx\/wp-content\/uploads\/2024\/09\/img_5508-1.jpg?resize=768%2C993&amp;ssl=1 768w, https:\/\/i0.wp.com\/mexicocodigorojo.com.mx\/wp-content\/uploads\/2024\/09\/img_5508-1.jpg?resize=325%2C420&amp;ssl=1 325w, https:\/\/i0.wp.com\/mexicocodigorojo.com.mx\/wp-content\/uploads\/2024\/09\/img_5508-1.jpg?resize=150%2C194&amp;ssl=1 150w, https:\/\/i0.wp.com\/mexicocodigorojo.com.mx\/wp-content\/uploads\/2024\/09\/img_5508-1.jpg?resize=300%2C388&amp;ssl=1 300w, https:\/\/i0.wp.com\/mexicocodigorojo.com.mx\/wp-content\/uploads\/2024\/09\/img_5508-1.jpg?resize=696%2C900&amp;ssl=1 696w, https:\/\/i0.wp.com\/mexicocodigorojo.com.mx\/wp-content\/uploads\/2024\/09\/img_5508-1.jpg?resize=1068%2C1381&amp;ssl=1 1068w, https:\/\/i0.wp.com\/mexicocodigorojo.com.mx\/wp-content\/uploads\/2024\/09\/img_5508-1.jpg?w=1154&amp;ssl=1 1154w\" sizes=\"auto, (max-width: 696px) 100vw, 696px\" \/><\/figure>\n\n\n\n<figure class=\"wp-block-image size-large\"><img data-recalc-dims=\"1\" loading=\"lazy\" decoding=\"async\" width=\"696\" height=\"908\" data-attachment-id=\"62745\" data-permalink=\"https:\/\/mexicocodigorojo.com.mx\/?attachment_id=62745\" data-orig-file=\"https:\/\/i0.wp.com\/mexicocodigorojo.com.mx\/wp-content\/uploads\/2024\/09\/img_5509-1.jpg?fit=1142%2C1489&amp;ssl=1\" data-orig-size=\"1142,1489\" data-comments-opened=\"1\" data-image-meta=\"{&quot;aperture&quot;:&quot;0&quot;,&quot;credit&quot;:&quot;&quot;,&quot;camera&quot;:&quot;&quot;,&quot;caption&quot;:&quot;&quot;,&quot;created_timestamp&quot;:&quot;0&quot;,&quot;copyright&quot;:&quot;&quot;,&quot;focal_length&quot;:&quot;0&quot;,&quot;iso&quot;:&quot;0&quot;,&quot;shutter_speed&quot;:&quot;0&quot;,&quot;title&quot;:&quot;&quot;,&quot;orientation&quot;:&quot;1&quot;}\" data-image-title=\"img_5509-1\" data-image-description=\"\" data-image-caption=\"\" data-large-file=\"https:\/\/i0.wp.com\/mexicocodigorojo.com.mx\/wp-content\/uploads\/2024\/09\/img_5509-1.jpg?fit=696%2C908&amp;ssl=1\" data-id=\"62745\" src=\"https:\/\/i0.wp.com\/mexicocodigorojo.com.mx\/wp-content\/uploads\/2024\/09\/img_5509-1.jpg?resize=696%2C908&#038;ssl=1\" alt=\"\" class=\"wp-image-62745\" srcset=\"https:\/\/i0.wp.com\/mexicocodigorojo.com.mx\/wp-content\/uploads\/2024\/09\/img_5509-1.jpg?resize=785%2C1024&amp;ssl=1 785w, https:\/\/i0.wp.com\/mexicocodigorojo.com.mx\/wp-content\/uploads\/2024\/09\/img_5509-1.jpg?resize=230%2C300&amp;ssl=1 230w, https:\/\/i0.wp.com\/mexicocodigorojo.com.mx\/wp-content\/uploads\/2024\/09\/img_5509-1.jpg?resize=768%2C1001&amp;ssl=1 768w, https:\/\/i0.wp.com\/mexicocodigorojo.com.mx\/wp-content\/uploads\/2024\/09\/img_5509-1.jpg?resize=322%2C420&amp;ssl=1 322w, https:\/\/i0.wp.com\/mexicocodigorojo.com.mx\/wp-content\/uploads\/2024\/09\/img_5509-1.jpg?resize=150%2C196&amp;ssl=1 150w, https:\/\/i0.wp.com\/mexicocodigorojo.com.mx\/wp-content\/uploads\/2024\/09\/img_5509-1.jpg?resize=300%2C391&amp;ssl=1 300w, https:\/\/i0.wp.com\/mexicocodigorojo.com.mx\/wp-content\/uploads\/2024\/09\/img_5509-1.jpg?resize=696%2C907&amp;ssl=1 696w, https:\/\/i0.wp.com\/mexicocodigorojo.com.mx\/wp-content\/uploads\/2024\/09\/img_5509-1.jpg?resize=1068%2C1393&amp;ssl=1 1068w, https:\/\/i0.wp.com\/mexicocodigorojo.com.mx\/wp-content\/uploads\/2024\/09\/img_5509-1.jpg?w=1142&amp;ssl=1 1142w\" sizes=\"auto, (max-width: 696px) 100vw, 696px\" \/><\/figure>\n<\/figure>\n","protected":false},"excerpt":{"rendered":"<p>De conformidad con la Constituci\u00f3n y las leyes, y en uso de sus futuras facultades nombr\u00f3 a los secretarios de la Defensa Nacional y de Marina. La Presidenta electa de M\u00e9xico, Dra. Claudia Sheinbaum Pardo reconoce el trabajo y entrega del General Luis Cresencio Sandoval Gonz\u00e1lez al frente de la Secretar\u00eda de la Defensa Nacional [&hellip;]<\/p>\n","protected":false},"author":5,"featured_media":62743,"comment_status":"open","ping_status":"open","sticky":false,"template":"","format":"standard","meta":{"_uf_show_specific_survey":0,"_uf_disable_surveys":false,"advanced_seo_description":"","jetpack_seo_html_title":"","jetpack_seo_noindex":false,"jetpack_post_was_ever_published":false,"_jetpack_newsletter_access":"","_jetpack_dont_email_post_to_subs":false,"_jetpack_newsletter_tier_id":0,"_jetpack_memberships_contains_paywalled_content":false,"_jetpack_memberships_contains_paid_content":false,"footnotes":"","jetpack_publicize_message":"","jetpack_publicize_feature_enabled":true,"jetpack_social_post_already_shared":true,"jetpack_social_options":{"image_generator_settings":{"template":"highway","default_image_id":0,"font":"","enabled":false},"version":2}},"categories":[101,1724],"tags":[20,91],"class_list":{"0":"post-62748","1":"post","2":"type-post","3":"status-publish","4":"format-standard","5":"has-post-thumbnail","7":"category-ciudad-de-mexico","8":"category-featured","9":"tag-sedena","10":"tag-semar"},"jetpack_publicize_connections":[],"jetpack_featured_media_url":"https:\/\/i0.wp.com\/mexicocodigorojo.com.mx\/wp-content\/uploads\/2024\/09\/img_5510-1.jpg?fit=700%2C430&ssl=1","jetpack-related-posts":[{"id":62668,"url":"https:\/\/mexicocodigorojo.com.mx\/?p=62668","url_meta":{"origin":62748,"position":0},"title":"Ellos ser\u00edan los elegidos por Sheinbaum como titulares de la Sedena y la Marina","author":"Staff","date":"agosto 25, 2024","format":false,"excerpt":"Nos cuentan que al nombramiento casi inminente de\u00a0Victor Rodr\u00edguez Padilla al frente de Pemex, que se realizar\u00eda este mismo lunes,\u00a0Claudia Sheinbaum, presidenta electa, podr\u00eda sumar tambi\u00e9n los tan guardados nombres de quienes encabezar\u00e1n las Secretar\u00edas de la Defensa y Marina.\u00a0 Nos hacen ver que, aunque el anuncio de estos dos\u2026","rel":"","context":"En \u00abCiudad de M\u00e9xico\u00bb","block_context":{"text":"Ciudad de M\u00e9xico","link":"https:\/\/mexicocodigorojo.com.mx\/?cat=101"},"img":{"alt_text":"","src":"https:\/\/i0.wp.com\/mexicocodigorojo.com.mx\/wp-content\/uploads\/2024\/08\/775cb52e-bd8a-4ef9-a5b6-b424bbf4dfae-1.jpg?fit=1200%2C714&ssl=1&resize=350%2C200","width":350,"height":200,"srcset":"https:\/\/i0.wp.com\/mexicocodigorojo.com.mx\/wp-content\/uploads\/2024\/08\/775cb52e-bd8a-4ef9-a5b6-b424bbf4dfae-1.jpg?fit=1200%2C714&ssl=1&resize=350%2C200 1x, https:\/\/i0.wp.com\/mexicocodigorojo.com.mx\/wp-content\/uploads\/2024\/08\/775cb52e-bd8a-4ef9-a5b6-b424bbf4dfae-1.jpg?fit=1200%2C714&ssl=1&resize=525%2C300 1.5x, https:\/\/i0.wp.com\/mexicocodigorojo.com.mx\/wp-content\/uploads\/2024\/08\/775cb52e-bd8a-4ef9-a5b6-b424bbf4dfae-1.jpg?fit=1200%2C714&ssl=1&resize=700%2C400 2x, https:\/\/i0.wp.com\/mexicocodigorojo.com.mx\/wp-content\/uploads\/2024\/08\/775cb52e-bd8a-4ef9-a5b6-b424bbf4dfae-1.jpg?fit=1200%2C714&ssl=1&resize=1050%2C600 3x"},"classes":[]},{"id":62460,"url":"https:\/\/mexicocodigorojo.com.mx\/?p=62460","url_meta":{"origin":62748,"position":1},"title":"Sucesi\u00f3n politizada en Fuerzas Armadas","author":"Staff","date":"julio 31, 2024","format":false,"excerpt":"En el verano del 2021 se efectu\u00f3 en Colorado Springs la V Mesa Redonda de Cooperaci\u00f3n Militar Bilateral entre altos mandos del Comando Norte (USNORTHCOM) de los Estados Unidos y sus hom\u00f3logos de la Armada de M\u00e9xico y la Secretar\u00eda de la Defensa Nacional. La cita en la sede del\u2026","rel":"","context":"En \u00abCiudad de M\u00e9xico\u00bb","block_context":{"text":"Ciudad de M\u00e9xico","link":"https:\/\/mexicocodigorojo.com.mx\/?cat=101"},"img":{"alt_text":"","src":"https:\/\/i0.wp.com\/mexicocodigorojo.com.mx\/wp-content\/uploads\/2024\/07\/img_2595-1.jpg?fit=701%2C437&ssl=1&resize=350%2C200","width":350,"height":200,"srcset":"https:\/\/i0.wp.com\/mexicocodigorojo.com.mx\/wp-content\/uploads\/2024\/07\/img_2595-1.jpg?fit=701%2C437&ssl=1&resize=350%2C200 1x, https:\/\/i0.wp.com\/mexicocodigorojo.com.mx\/wp-content\/uploads\/2024\/07\/img_2595-1.jpg?fit=701%2C437&ssl=1&resize=525%2C300 1.5x, https:\/\/i0.wp.com\/mexicocodigorojo.com.mx\/wp-content\/uploads\/2024\/07\/img_2595-1.jpg?fit=701%2C437&ssl=1&resize=700%2C400 2x"},"classes":[]},{"id":31665,"url":"https:\/\/mexicocodigorojo.com.mx\/?p=31665","url_meta":{"origin":62748,"position":2},"title":"Detienen al sobrino de Caro Quintero en Sinaloa","author":"Staff","date":"enero 29, 2020","format":false,"excerpt":"FGR, EN COLABORACI\u00d3N CON SEDENA Y SEMAR, DETIENE A INTEGRANTE DE ORGANIZACI\u00d3N CRIMINAL Elementos de la Fiscal\u00eda General de la Rep\u00fablica (FGR), en coordinaci\u00f3n con la Secretar\u00eda de la Defensa Nacional (SEDENA) y con la Secretar\u00eda de Marina (SEMAR), dieron cumplimiento a una orden de aprehensi\u00f3n en contra de Ismael\u2026","rel":"","context":"En \u00abSinaloa\u00bb","block_context":{"text":"Sinaloa","link":"https:\/\/mexicocodigorojo.com.mx\/?cat=41"},"img":{"alt_text":"","src":"https:\/\/i0.wp.com\/secureservercdn.net\/166.62.108.22\/cg1.af3.myftpupload.com\/wp-content\/uploads\/2020\/01\/154b1e5c-fcec-4868-87ae-93c613e923b1.jpg?resize=350%2C200&ssl=1","width":350,"height":200,"srcset":"https:\/\/i0.wp.com\/secureservercdn.net\/166.62.108.22\/cg1.af3.myftpupload.com\/wp-content\/uploads\/2020\/01\/154b1e5c-fcec-4868-87ae-93c613e923b1.jpg?resize=350%2C200&ssl=1 1x, https:\/\/i0.wp.com\/secureservercdn.net\/166.62.108.22\/cg1.af3.myftpupload.com\/wp-content\/uploads\/2020\/01\/154b1e5c-fcec-4868-87ae-93c613e923b1.jpg?resize=525%2C300&ssl=1 1.5x, https:\/\/i0.wp.com\/secureservercdn.net\/166.62.108.22\/cg1.af3.myftpupload.com\/wp-content\/uploads\/2020\/01\/154b1e5c-fcec-4868-87ae-93c613e923b1.jpg?resize=700%2C400&ssl=1 2x"},"classes":[]},{"id":6967,"url":"https:\/\/mexicocodigorojo.com.mx\/?p=6967","url_meta":{"origin":62748,"position":3},"title":"AMLO designa a Luis C. Sandoval como futuro titular de la Secretar\u00eda de la Defensa Nacional","author":"Staff","date":"octubre 22, 2018","format":false,"excerpt":"Andr\u00e9s Manuel L\u00f3pez Obrador, presidente electo, inform\u00f3 que decidi\u00f3 invitar al general Luis C. Sandoval para ser pr\u00f3ximo titular de la Secretar\u00eda de la Defensa Nacional (Sedena). Esto, luego de la reuni\u00f3n que sostuvo este lunes con el actual titular de diche dependencia, Salvador Cienfuegos. \"Reconozco en \u00e9l su lealtad\u2026","rel":"","context":"En \u00abFeatured\u00bb","block_context":{"text":"Featured","link":"https:\/\/mexicocodigorojo.com.mx\/?cat=1724"},"img":{"alt_text":"","src":"https:\/\/i0.wp.com\/mexicocodigorojo.com.mx\/wp-content\/uploads\/2018\/10\/sedena-SL-debe-atender.jpg?fit=680%2C330&ssl=1&resize=350%2C200","width":350,"height":200,"srcset":"https:\/\/i0.wp.com\/mexicocodigorojo.com.mx\/wp-content\/uploads\/2018\/10\/sedena-SL-debe-atender.jpg?fit=680%2C330&ssl=1&resize=350%2C200 1x, https:\/\/i0.wp.com\/mexicocodigorojo.com.mx\/wp-content\/uploads\/2018\/10\/sedena-SL-debe-atender.jpg?fit=680%2C330&ssl=1&resize=525%2C300 1.5x"},"classes":[]},{"id":44584,"url":"https:\/\/mexicocodigorojo.com.mx\/?p=44584","url_meta":{"origin":62748,"position":4},"title":"Revientan narco laboratorio en Sinaloa","author":"Staff","date":"octubre 23, 2020","format":false,"excerpt":"Base de Operaciones Interinstitucionales asegura laboratorio que era utilizado en la elaboraci\u00f3n de drogas \u2022 El hecho se registr\u00f3 en las inmediaciones de los poblados Chiqueritos y Estaci\u00f3n Abuya Culiac\u00e1n, Sinaloa, 18 de octubre de 2020.- El aseguramiento de un laboratorio activo utilizado presuntamente para la elaboraci\u00f3n de drogas sint\u00e9ticas\u2026","rel":"","context":"En \u00abFeatured\u00bb","block_context":{"text":"Featured","link":"https:\/\/mexicocodigorojo.com.mx\/?cat=1724"},"img":{"alt_text":"","src":"https:\/\/i0.wp.com\/secureservercdn.net\/166.62.108.22\/cg1.af3.myftpupload.com\/wp-content\/uploads\/2020\/10\/img-20201023-wa00062003955139049616094.jpg?resize=350%2C200&ssl=1","width":350,"height":200,"srcset":"https:\/\/i0.wp.com\/secureservercdn.net\/166.62.108.22\/cg1.af3.myftpupload.com\/wp-content\/uploads\/2020\/10\/img-20201023-wa00062003955139049616094.jpg?resize=350%2C200&ssl=1 1x, https:\/\/i0.wp.com\/secureservercdn.net\/166.62.108.22\/cg1.af3.myftpupload.com\/wp-content\/uploads\/2020\/10\/img-20201023-wa00062003955139049616094.jpg?resize=525%2C300&ssl=1 1.5x, https:\/\/i0.wp.com\/secureservercdn.net\/166.62.108.22\/cg1.af3.myftpupload.com\/wp-content\/uploads\/2020\/10\/img-20201023-wa00062003955139049616094.jpg?resize=700%2C400&ssl=1 2x, https:\/\/i0.wp.com\/secureservercdn.net\/166.62.108.22\/cg1.af3.myftpupload.com\/wp-content\/uploads\/2020\/10\/img-20201023-wa00062003955139049616094.jpg?resize=1050%2C600&ssl=1 3x"},"classes":[]},{"id":16255,"url":"https:\/\/mexicocodigorojo.com.mx\/?p=16255","url_meta":{"origin":62748,"position":5},"title":"Detienen SEMAR y SSP a presunto integrante del c\u00e1rtel de Los Zetas, en el sur","author":"Staff","date":"abril 13, 2019","format":false,"excerpt":"*Operaba en Agua Dulce, es se\u00f1alado como responsable de ejecuciones y secuestros Xalapa, Ver., 13 de abril de 2019.- La Secretar\u00eda de Seguridad P\u00fablica (SSP), en coordinaci\u00f3n con la Secretar\u00eda de Marina-Armada de M\u00e9xico (SEMAR) y la Polic\u00eda Naval, detuvieron a Frank Ar\u00e9valo Alvarado, alias \u201cEl Frank\u201d, perteneciente al c\u00e1rtel\u2026","rel":"","context":"En \u00abVeracruz\u00bb","block_context":{"text":"Veracruz","link":"https:\/\/mexicocodigorojo.com.mx\/?cat=22"},"img":{"alt_text":"","src":"https:\/\/i0.wp.com\/mexicocodigorojo.com.mx\/wp-content\/uploads\/2019\/04\/img-20190413-wa00782005455594862905493.jpg?resize=350%2C200&ssl=1","width":350,"height":200,"srcset":"https:\/\/i0.wp.com\/mexicocodigorojo.com.mx\/wp-content\/uploads\/2019\/04\/img-20190413-wa00782005455594862905493.jpg?resize=350%2C200&ssl=1 1x, https:\/\/i0.wp.com\/mexicocodigorojo.com.mx\/wp-content\/uploads\/2019\/04\/img-20190413-wa00782005455594862905493.jpg?resize=525%2C300&ssl=1 1.5x, https:\/\/i0.wp.com\/mexicocodigorojo.com.mx\/wp-content\/uploads\/2019\/04\/img-20190413-wa00782005455594862905493.jpg?resize=700%2C400&ssl=1 2x, https:\/\/i0.wp.com\/mexicocodigorojo.com.mx\/wp-content\/uploads\/2019\/04\/img-20190413-wa00782005455594862905493.jpg?resize=1050%2C600&ssl=1 3x"},"classes":[]}],"jetpack_sharing_enabled":true,"jetpack_likes_enabled":true,"jetpack_shortlink":"https:\/\/wp.me\/p9TedA-gk4","_links":{"self":[{"href":"https:\/\/mexicocodigorojo.com.mx\/index.php?rest_route=\/wp\/v2\/posts\/62748","targetHints":{"allow":["GET"]}}],"collection":[{"href":"https:\/\/mexicocodigorojo.com.mx\/index.php?rest_route=\/wp\/v2\/posts"}],"about":[{"href":"https:\/\/mexicocodigorojo.com.mx\/index.php?rest_route=\/wp\/v2\/types\/post"}],"author":[{"embeddable":true,"href":"https:\/\/mexicocodigorojo.com.mx\/index.php?rest_route=\/wp\/v2\/users\/5"}],"replies":[{"embeddable":true,"href":"https:\/\/mexicocodigorojo.com.mx\/index.php?rest_route=%2Fwp%2Fv2%2Fcomments&post=62748"}],"version-history":[{"count":1,"href":"https:\/\/mexicocodigorojo.com.mx\/index.php?rest_route=\/wp\/v2\/posts\/62748\/revisions"}],"predecessor-version":[{"id":62749,"href":"https:\/\/mexicocodigorojo.com.mx\/index.php?rest_route=\/wp\/v2\/posts\/62748\/revisions\/62749"}],"wp:featuredmedia":[{"embeddable":true,"href":"https:\/\/mexicocodigorojo.com.mx\/index.php?rest_route=\/wp\/v2\/media\/62743"}],"wp:attachment":[{"href":"https:\/\/mexicocodigorojo.com.mx\/index.php?rest_route=%2Fwp%2Fv2%2Fmedia&parent=62748"}],"wp:term":[{"taxonomy":"category","embeddable":true,"href":"https:\/\/mexicocodigorojo.com.mx\/index.php?rest_route=%2Fwp%2Fv2%2Fcategories&post=62748"},{"taxonomy":"post_tag","embeddable":true,"href":"https:\/\/mexicocodigorojo.com.mx\/index.php?rest_route=%2Fwp%2Fv2%2Ftags&post=62748"}],"curies":[{"name":"wp","href":"https:\/\/api.w.org\/{rel}","templated":true}]}}