{"id":62742,"date":"2024-09-06T10:39:49","date_gmt":"2024-09-06T16:39:49","guid":{"rendered":"https:\/\/mexicocodigorojo.com.mx\/?p=62742"},"modified":"2024-09-06T10:39:49","modified_gmt":"2024-09-06T16:39:49","slug":"proteccion-del-hijo-de-cabeza-de-vaca-bajo-escoltas-no-certificados-desata-investigacion-estatal","status":"publish","type":"post","link":"https:\/\/mexicocodigorojo.com.mx\/?p=62742","title":{"rendered":"Protecci\u00f3n del hijo de Cabeza de Vaca bajo escoltas no certificados desata investigaci\u00f3n estatal"},"content":{"rendered":"\n<p>El Gobernador de Tamaulipas, Am\u00e9rico Villarreal Anaya, ha instruido una investigaci\u00f3n sobre el incidente que involucra a uno de los hijos del ex gobernador Francisco Javier Garc\u00eda Cabeza de Vaca, tras los hechos de violencia denunciados por el ex mandatario en redes sociales. <\/p>\n\n\n\n<p>Hasta el momento, Cabeza de Vaca no ha presentado una denuncia formal ante la Fiscal\u00eda General de Justicia del Estado, a pesar de haber anunciado lo contrario en sus plataformas.<\/p>\n\n\n\n<p>El pasado 3 de septiembre, un incidente ocurrido en una brecha entre Aldama y Soto La Marina, que supuestamente involucr\u00f3 al menor de edad, ha generado un debate sobre su seguridad y la idoneidad de su protecci\u00f3n. Seg\u00fan informes, el menor se encontraba sin la compa\u00f1\u00eda de sus padres y bajo la custodia de escoltas contratados durante la administraci\u00f3n de Garc\u00eda Cabeza de Vaca, cuya capacidad para desempe\u00f1ar funciones de protecci\u00f3n ha sido cuestionada por el gobierno actual.<\/p>\n\n\n\n<p>Cabe recordar que, antes de concluir su mandato, el ex gobernador se asegur\u00f3 m\u00e1s de 30 escoltas, quienes no han sido evaluados ni certificados por los controles de confianza establecidos. No obstante, una suspensi\u00f3n de amparo obtenida por Cabeza de Vaca ha impedido que estos escoltas sean sustituidos por personal calificado, generando preocupaci\u00f3n sobre la vulnerabilidad en la protecci\u00f3n del menor.<\/p>\n\n\n\n<p>El gobierno estatal ha puesto el caso en manos de la Fiscal\u00eda para que se realicen las investigaciones necesarias y se esclarezcan los hechos, reiterando la prioridad de salvaguardar la integridad del menor, quien ha sido lamentablemente involucrado en este evento.<\/p>\n","protected":false},"excerpt":{"rendered":"<p>El Gobernador de Tamaulipas, Am\u00e9rico Villarreal Anaya, ha instruido una investigaci\u00f3n sobre el incidente que involucra a uno de los hijos del ex gobernador Francisco Javier Garc\u00eda Cabeza de Vaca, tras los hechos de violencia denunciados por el ex mandatario en redes sociales. Hasta el momento, Cabeza de Vaca no ha presentado una denuncia formal [&hellip;]<\/p>\n","protected":false},"author":5,"featured_media":62741,"comment_status":"open","ping_status":"open","sticky":false,"template":"","format":"standard","meta":{"_uf_show_specific_survey":0,"_uf_disable_surveys":false,"advanced_seo_description":"","jetpack_seo_html_title":"","jetpack_seo_noindex":false,"jetpack_post_was_ever_published":false,"_jetpack_newsletter_access":"","_jetpack_dont_email_post_to_subs":false,"_jetpack_newsletter_tier_id":0,"_jetpack_memberships_contains_paywalled_content":false,"_jetpack_memberships_contains_paid_content":false,"footnotes":"","jetpack_publicize_message":"","jetpack_publicize_feature_enabled":true,"jetpack_social_post_already_shared":true,"jetpack_social_options":{"image_generator_settings":{"template":"highway","default_image_id":0,"font":"","enabled":false},"version":2}},"categories":[1724,2],"tags":[58],"class_list":{"0":"post-62742","1":"post","2":"type-post","3":"status-publish","4":"format-standard","5":"has-post-thumbnail","7":"category-featured","8":"category-tamaulipas","9":"tag-frontera"},"jetpack_publicize_connections":[],"jetpack_featured_media_url":"https:\/\/i0.wp.com\/mexicocodigorojo.com.mx\/wp-content\/uploads\/2024\/09\/0b241f19-cd11-4f5e-b7b7-02af34d91f29-1.jpg?fit=683%2C449&ssl=1","jetpack-related-posts":[{"id":53255,"url":"https:\/\/mexicocodigorojo.com.mx\/?p=53255","url_meta":{"origin":62742,"position":0},"title":"Caso Cabeza de Vaca cumple un a\u00f1o sin resolverse","author":"Staff","date":"julio 7, 2022","format":false,"excerpt":"Este 7 de junio se cumple un a\u00f1o de que la Suprema Corte de Justicia de la Naci\u00f3n (SCJN)\u00a0acept\u00f3 resolver la controversia constitucional\u00a0sobre si el gobernador de Tamaulipas,\u00a0Francisco Javier Garc\u00eda Cabeza de Vaca, tiene fuero o no. A\u00fan no ha dado una resoluci\u00f3n y el gobernador est\u00e1 a menos de\u2026","rel":"","context":"En \u00abFeatured\u00bb","block_context":{"text":"Featured","link":"https:\/\/mexicocodigorojo.com.mx\/?cat=1724"},"img":{"alt_text":"","src":"https:\/\/i0.wp.com\/mexicocodigorojo.com.mx\/wp-content\/uploads\/2022\/07\/cabeza-de-vaca.webp?fit=1200%2C800&ssl=1&resize=350%2C200","width":350,"height":200,"srcset":"https:\/\/i0.wp.com\/mexicocodigorojo.com.mx\/wp-content\/uploads\/2022\/07\/cabeza-de-vaca.webp?fit=1200%2C800&ssl=1&resize=350%2C200 1x, https:\/\/i0.wp.com\/mexicocodigorojo.com.mx\/wp-content\/uploads\/2022\/07\/cabeza-de-vaca.webp?fit=1200%2C800&ssl=1&resize=525%2C300 1.5x, https:\/\/i0.wp.com\/mexicocodigorojo.com.mx\/wp-content\/uploads\/2022\/07\/cabeza-de-vaca.webp?fit=1200%2C800&ssl=1&resize=700%2C400 2x, https:\/\/i0.wp.com\/mexicocodigorojo.com.mx\/wp-content\/uploads\/2022\/07\/cabeza-de-vaca.webp?fit=1200%2C800&ssl=1&resize=1050%2C600 3x"},"classes":[]},{"id":56716,"url":"https:\/\/mexicocodigorojo.com.mx\/?p=56716","url_meta":{"origin":62742,"position":1},"title":"Escolta de actual GOBTAM asesinado en Reynosa en atroz crimen; dejan cartulina y la ocultan","author":"MexicoRojoCvmx","date":"agosto 14, 2023","format":false,"excerpt":"Reynosa.- En un espeluznante episodio, Arturo G\u00f3mez Mendoza, oficial en activo encargado de protecci\u00f3n de funcionarios del gobierno de Tamaulipas y con experiencia en diversas administraciones, fue brutalmente asesinado en la ciudad de Reynosa. El cuerpo de G\u00f3mez Mendoza fue encontrado en el sector Paseo de las Flores, amordazado, ensabanado,\u2026","rel":"","context":"En \u00abFeatured\u00bb","block_context":{"text":"Featured","link":"https:\/\/mexicocodigorojo.com.mx\/?cat=1724"},"img":{"alt_text":"","src":"https:\/\/i0.wp.com\/mexicocodigorojo.com.mx\/wp-content\/uploads\/2023\/08\/ARTURO-2.jpg?fit=960%2C664&ssl=1&resize=350%2C200","width":350,"height":200,"srcset":"https:\/\/i0.wp.com\/mexicocodigorojo.com.mx\/wp-content\/uploads\/2023\/08\/ARTURO-2.jpg?fit=960%2C664&ssl=1&resize=350%2C200 1x, https:\/\/i0.wp.com\/mexicocodigorojo.com.mx\/wp-content\/uploads\/2023\/08\/ARTURO-2.jpg?fit=960%2C664&ssl=1&resize=525%2C300 1.5x, https:\/\/i0.wp.com\/mexicocodigorojo.com.mx\/wp-content\/uploads\/2023\/08\/ARTURO-2.jpg?fit=960%2C664&ssl=1&resize=700%2C400 2x"},"classes":[]},{"id":23471,"url":"https:\/\/mexicocodigorojo.com.mx\/?p=23471","url_meta":{"origin":62742,"position":2},"title":"PARTICIPA GOBERNADOR DE TAMAULIPAS EN WASHINGTON EN PANEL DE SEGURIDAD Y DESARROLLO ECON\u00d3MICO FRONTERIZO","author":"Staff","date":"septiembre 11, 2019","format":false,"excerpt":"El mandatario estatal tambi\u00e9n sostuvo reuniones de trabajo con autoridades del Departamento de Aduanas y Protecci\u00f3n Fronteriza, as\u00ed como congresistas norteamericanos. Ciudad Victoria, Tamaulipas.- En su segundo d\u00eda de gira de trabajo en Washington D.C., el gobernador Francisco Garc\u00eda Cabeza de Vaca particip\u00f3 junto a Anthony Wayne, ex Embajador de\u2026","rel":"","context":"En \u00abTamaulipas\u00bb","block_context":{"text":"Tamaulipas","link":"https:\/\/mexicocodigorojo.com.mx\/?cat=2"},"img":{"alt_text":"","src":"https:\/\/i0.wp.com\/mexicocodigorojo.com.mx\/wp-content\/uploads\/2019\/09\/Gobernador-de-Tamaulipas.jpg?fit=795%2C529&ssl=1&resize=350%2C200","width":350,"height":200,"srcset":"https:\/\/i0.wp.com\/mexicocodigorojo.com.mx\/wp-content\/uploads\/2019\/09\/Gobernador-de-Tamaulipas.jpg?fit=795%2C529&ssl=1&resize=350%2C200 1x, https:\/\/i0.wp.com\/mexicocodigorojo.com.mx\/wp-content\/uploads\/2019\/09\/Gobernador-de-Tamaulipas.jpg?fit=795%2C529&ssl=1&resize=525%2C300 1.5x, https:\/\/i0.wp.com\/mexicocodigorojo.com.mx\/wp-content\/uploads\/2019\/09\/Gobernador-de-Tamaulipas.jpg?fit=795%2C529&ssl=1&resize=700%2C400 2x"},"classes":[]},{"id":41604,"url":"https:\/\/mexicocodigorojo.com.mx\/?p=41604","url_meta":{"origin":62742,"position":3},"title":"Alejandro Rojas D\u00edaz Dur\u00e1n denuncia ante la FGR al gobernador de Tamaulipas","author":"Staff","date":"agosto 11, 2020","format":false,"excerpt":"Ciudad de M\u00e9xico.\u00a0El aspirante a la dirigencia nacional de Morena, Alejandro Rojas D\u00edaz Dur\u00e1n, present\u00f3 ante la Fiscal\u00eda General de la Rep\u00fablica (FGR) una denuncia penal en contra del gobernador de Tamaulipas, Francisco Javier Garc\u00eda Cabeza de Vaca. Acusa al mandatario, de extracci\u00f3n panista, de haberse enriquecido, desde que era\u2026","rel":"","context":"En \u00abFeatured\u00bb","block_context":{"text":"Featured","link":"https:\/\/mexicocodigorojo.com.mx\/?cat=1724"},"img":{"alt_text":"","src":"https:\/\/i0.wp.com\/mexicocodigorojo.com.mx\/wp-content\/uploads\/2020\/08\/image_large-4.jpg?fit=660%2C440&ssl=1&resize=350%2C200","width":350,"height":200,"srcset":"https:\/\/i0.wp.com\/mexicocodigorojo.com.mx\/wp-content\/uploads\/2020\/08\/image_large-4.jpg?fit=660%2C440&ssl=1&resize=350%2C200 1x, https:\/\/i0.wp.com\/mexicocodigorojo.com.mx\/wp-content\/uploads\/2020\/08\/image_large-4.jpg?fit=660%2C440&ssl=1&resize=525%2C300 1.5x"},"classes":[]},{"id":23576,"url":"https:\/\/mexicocodigorojo.com.mx\/?p=23576","url_meta":{"origin":62742,"position":4},"title":"Gobernador de Tamaulipas solicita ayuda del FBI para investigar ejecuci\u00f3n","author":"Staff","date":"septiembre 12, 2019","format":false,"excerpt":"El gobernador de Tamaulipas, Francisco Garc\u00eda Cabeza de Vaca, inform\u00f3 que pedir\u00e1 el apoyo del FBI\u00a0para realizar las investigaciones de la presunta ejecuci\u00f3n extrajudicial de ocho personas Nuevo Laredo, Tamaulipas.-\u00a0Francisco Garc\u00eda Cabeza de Vaca, el actual gobernador de\u00a0Tamaulipas, inform\u00f3 que solicitar\u00e1 el apoyo de la\u00a0Fiscal\u00eda General del Estado, para que\u2026","rel":"","context":"En \u00abTamaulipas\u00bb","block_context":{"text":"Tamaulipas","link":"https:\/\/mexicocodigorojo.com.mx\/?cat=2"},"img":{"alt_text":"","src":"https:\/\/i0.wp.com\/mexicocodigorojo.com.mx\/wp-content\/uploads\/2019\/09\/nuevo_laredo_2.jpg_112278454.jpg?fit=1069%2C563&ssl=1&resize=350%2C200","width":350,"height":200,"srcset":"https:\/\/i0.wp.com\/mexicocodigorojo.com.mx\/wp-content\/uploads\/2019\/09\/nuevo_laredo_2.jpg_112278454.jpg?fit=1069%2C563&ssl=1&resize=350%2C200 1x, https:\/\/i0.wp.com\/mexicocodigorojo.com.mx\/wp-content\/uploads\/2019\/09\/nuevo_laredo_2.jpg_112278454.jpg?fit=1069%2C563&ssl=1&resize=525%2C300 1.5x, https:\/\/i0.wp.com\/mexicocodigorojo.com.mx\/wp-content\/uploads\/2019\/09\/nuevo_laredo_2.jpg_112278454.jpg?fit=1069%2C563&ssl=1&resize=700%2C400 2x, https:\/\/i0.wp.com\/mexicocodigorojo.com.mx\/wp-content\/uploads\/2019\/09\/nuevo_laredo_2.jpg_112278454.jpg?fit=1069%2C563&ssl=1&resize=1050%2C600 3x"},"classes":[]},{"id":42211,"url":"https:\/\/mexicocodigorojo.com.mx\/?p=42211","url_meta":{"origin":62742,"position":5},"title":"Tamaulipas: Cabeza de Vaca, sujeto a 2 investigaciones","author":"Staff","date":"agosto 25, 2020","format":false,"excerpt":"REYNOSA, TAMPS.\u2013 El gobernador de Tamaulipas, Francisco Javier Garc\u00eda Cabeza de Vaca, est\u00e1 sujeto hoy a dos investigaciones legales: una en M\u00e9xico, relacionada con el caso Lozoya; la segunda, en Estados Unidos y la lleva la Oficina de Investigaciones de Seguridad Nacional (HSI), especializada en cr\u00edmenes trasnacionales. En M\u00e9xico, al\u2026","rel":"","context":"En \u00abFeatured\u00bb","block_context":{"text":"Featured","link":"https:\/\/mexicocodigorojo.com.mx\/?cat=1724"},"img":{"alt_text":"","src":"https:\/\/i0.wp.com\/mexicocodigorojo.com.mx\/wp-content\/uploads\/2020\/08\/Tamaulipas-Cabeza-de-Vaca-investigaciones-870x522-1.jpeg?fit=870%2C522&ssl=1&resize=350%2C200","width":350,"height":200,"srcset":"https:\/\/i0.wp.com\/mexicocodigorojo.com.mx\/wp-content\/uploads\/2020\/08\/Tamaulipas-Cabeza-de-Vaca-investigaciones-870x522-1.jpeg?fit=870%2C522&ssl=1&resize=350%2C200 1x, https:\/\/i0.wp.com\/mexicocodigorojo.com.mx\/wp-content\/uploads\/2020\/08\/Tamaulipas-Cabeza-de-Vaca-investigaciones-870x522-1.jpeg?fit=870%2C522&ssl=1&resize=525%2C300 1.5x, https:\/\/i0.wp.com\/mexicocodigorojo.com.mx\/wp-content\/uploads\/2020\/08\/Tamaulipas-Cabeza-de-Vaca-investigaciones-870x522-1.jpeg?fit=870%2C522&ssl=1&resize=700%2C400 2x"},"classes":[]}],"jetpack_sharing_enabled":true,"jetpack_likes_enabled":true,"jetpack_shortlink":"https:\/\/wp.me\/p9TedA-gjY","_links":{"self":[{"href":"https:\/\/mexicocodigorojo.com.mx\/index.php?rest_route=\/wp\/v2\/posts\/62742","targetHints":{"allow":["GET"]}}],"collection":[{"href":"https:\/\/mexicocodigorojo.com.mx\/index.php?rest_route=\/wp\/v2\/posts"}],"about":[{"href":"https:\/\/mexicocodigorojo.com.mx\/index.php?rest_route=\/wp\/v2\/types\/post"}],"author":[{"embeddable":true,"href":"https:\/\/mexicocodigorojo.com.mx\/index.php?rest_route=\/wp\/v2\/users\/5"}],"replies":[{"embeddable":true,"href":"https:\/\/mexicocodigorojo.com.mx\/index.php?rest_route=%2Fwp%2Fv2%2Fcomments&post=62742"}],"version-history":[{"count":0,"href":"https:\/\/mexicocodigorojo.com.mx\/index.php?rest_route=\/wp\/v2\/posts\/62742\/revisions"}],"wp:featuredmedia":[{"embeddable":true,"href":"https:\/\/mexicocodigorojo.com.mx\/index.php?rest_route=\/wp\/v2\/media\/62741"}],"wp:attachment":[{"href":"https:\/\/mexicocodigorojo.com.mx\/index.php?rest_route=%2Fwp%2Fv2%2Fmedia&parent=62742"}],"wp:term":[{"taxonomy":"category","embeddable":true,"href":"https:\/\/mexicocodigorojo.com.mx\/index.php?rest_route=%2Fwp%2Fv2%2Fcategories&post=62742"},{"taxonomy":"post_tag","embeddable":true,"href":"https:\/\/mexicocodigorojo.com.mx\/index.php?rest_route=%2Fwp%2Fv2%2Ftags&post=62742"}],"curies":[{"name":"wp","href":"https:\/\/api.w.org\/{rel}","templated":true}]}}