{"id":62734,"date":"2024-09-06T06:59:37","date_gmt":"2024-09-06T12:59:37","guid":{"rendered":"https:\/\/mexicocodigorojo.com.mx\/?p=62734"},"modified":"2024-09-06T06:59:37","modified_gmt":"2024-09-06T12:59:37","slug":"vinculan-a-ex-delegado-manuel-de-los-reyes-de-la-guardia-estatal-de-matamoros-por-secuestro","status":"publish","type":"post","link":"https:\/\/mexicocodigorojo.com.mx\/?p=62734","title":{"rendered":"Vinculan a ex delegado Manuel de los Reyes de la Guardia Estatal de Matamoros por secuestro"},"content":{"rendered":"\n<p>Matamoros, Tamaulipas.\u2013 La Fiscal\u00eda General de Justicia del Estado de Tamaulipas informa que, el Agente del Ministerio P\u00fablico, adscrito a la Unidad Especializada en Combate al Secuestro (UECS), obtuvo la vinculaci\u00f3n a proceso de Juan Manuel \u201cD\u201d por el delito de Secuestro Agravado.<\/p>\n\n\n\n<p>Un Juez de Control emiti\u00f3 la resoluci\u00f3n despu\u00e9s de que el Representante Social presentara elementos de prueba que acreditan la probable participaci\u00f3n del imputado, en el citado delito, registrado el d\u00eda 19 de diciembre de 2017, en el poniente de este municipio.<\/p>\n\n\n\n<p>Con este tipo de acciones, la Fiscal\u00eda General de Justicia del Estado de Tamaulipas refrenda su compromiso de utilizar los medios jur\u00eddicos a su alcance para llevar ante la justicia a todos aquellos que atenten contra el patrimonio, la libertad y la integridad de los tamaulipecos.<\/p>\n\n\n\n<p>Apenas el d\u00eda ocho de agosto una cuenta ligada a la polic\u00eda estatal filtr\u00f3 informaci\u00f3n sobre su detenci\u00f3n por parte de elementos del ej\u00e9rcito con radios, cartuchos.<\/p>\n\n\n\n<p>Adem\u00e1s es investigado por la muerte de un coordinador de la Guardia Estatal asesinado en Ciudad Victoria en su domicilio y por v\u00ednculos con el narco en Jim\u00e9nez cuando durante campa\u00f1a fueron atacados pol\u00edticos de movimiento ciudadano.<\/p>\n\n\n\n<figure class=\"wp-block-embed is-type-rich is-provider-twitter wp-block-embed-twitter\"><div class=\"wp-block-embed__wrapper\">\n<blockquote class=\"twitter-tweet\" data-width=\"550\" data-dnt=\"true\"><p lang=\"es\" dir=\"ltr\">Con atenci\u00f3n a asuntos internos de la <a href=\"https:\/\/twitter.com\/SSP_GobTam?ref_src=twsrc%5Etfw\">@SSP_GobTam<\/a> e investigaciones que se desarrollen entorno al caso en <a href=\"https:\/\/twitter.com\/hashtag\/Tamaulipas?src=hash&amp;ref_src=twsrc%5Etfw\">#Tamaulipas<\/a>. <a href=\"https:\/\/t.co\/aQTkHqdxqH\">pic.twitter.com\/aQTkHqdxqH<\/a><\/p>&mdash; ElGuzman (@FuriaNegra77) <a href=\"https:\/\/twitter.com\/FuriaNegra77\/status\/1805615954820317647?ref_src=twsrc%5Etfw\">June 25, 2024<\/a><\/blockquote><script async src=\"https:\/\/platform.twitter.com\/widgets.js\" charset=\"utf-8\"><\/script>\n<\/div><\/figure>\n\n\n\n<figure class=\"wp-block-embed is-type-rich is-provider-twitter wp-block-embed-twitter\"><div class=\"wp-block-embed__wrapper\">\n<blockquote class=\"twitter-tweet\" data-width=\"550\" data-dnt=\"true\"><p lang=\"es\" dir=\"ltr\">Descanse en Paz Jos\u00e9 Alfredo Ortiz Guevara, mando policiaco en <a href=\"https:\/\/twitter.com\/hashtag\/CdMante?src=hash&amp;ref_src=twsrc%5Etfw\">#CdMante<\/a> como coordinador de <a href=\"https:\/\/twitter.com\/SSP_GobTam?ref_src=twsrc%5Etfw\">@SSP_GobTam<\/a> y asesinado cobardemente afuera de su domicilio frente a su esposa e hija en <a href=\"https:\/\/twitter.com\/hashtag\/CdVictoria?src=hash&amp;ref_src=twsrc%5Etfw\">#CdVictoria<\/a> de un balazo en la cabeza. Pronta resignaci\u00f3n para sus familiares, amigos y compa\u00f1eros. <a href=\"https:\/\/t.co\/AnteLH6jlS\">pic.twitter.com\/AnteLH6jlS<\/a><\/p>&mdash; ElGuzman (@FuriaNegra77) <a href=\"https:\/\/twitter.com\/FuriaNegra77\/status\/1722260246259994973?ref_src=twsrc%5Etfw\">November 8, 2023<\/a><\/blockquote><script async src=\"https:\/\/platform.twitter.com\/widgets.js\" charset=\"utf-8\"><\/script>\n<\/div><\/figure>\n\n\n\n<figure class=\"wp-block-embed is-type-rich is-provider-twitter wp-block-embed-twitter\"><div class=\"wp-block-embed__wrapper\">\n<blockquote class=\"twitter-tweet\" data-width=\"550\" data-dnt=\"true\"><p lang=\"es\" dir=\"ltr\">Ya lo tra\u00edan \ud83e\udd37\ud83c\udffb\u200d\u2642\ufe0f <a href=\"https:\/\/t.co\/WqtSQa9Ece\">pic.twitter.com\/WqtSQa9Ece<\/a><\/p>&mdash; LINCESSP (@lincessp1) <a href=\"https:\/\/twitter.com\/lincessp1\/status\/1821764248827052068?ref_src=twsrc%5Etfw\">August 9, 2024<\/a><\/blockquote><script async src=\"https:\/\/platform.twitter.com\/widgets.js\" charset=\"utf-8\"><\/script>\n<\/div><\/figure>\n\n\n\n<p>Hecho su carrera policiaca en ascenso a la basura en poco tiempo.<\/p>\n\n\n\n<figure class=\"wp-block-embed is-type-rich is-provider-twitter wp-block-embed-twitter\"><div class=\"wp-block-embed__wrapper\">\n<blockquote class=\"twitter-tweet\" data-width=\"550\" data-dnt=\"true\"><p lang=\"es\" dir=\"ltr\">Se lamenta el fallecimiento del polic\u00eda Omar Hern\u00e1ndez Villegas quien sufri\u00f3 un ataque en el municipio de <a href=\"https:\/\/twitter.com\/hashtag\/Jimenez?src=hash&amp;ref_src=twsrc%5Etfw\">#Jimenez<\/a>. <a href=\"https:\/\/t.co\/Ur6TqW5jff\">pic.twitter.com\/Ur6TqW5jff<\/a><\/p>&mdash; ElGuzman (@FuriaNegra77) <a href=\"https:\/\/twitter.com\/FuriaNegra77\/status\/1796270758517149872?ref_src=twsrc%5Etfw\">May 30, 2024<\/a><\/blockquote><script async src=\"https:\/\/platform.twitter.com\/widgets.js\" charset=\"utf-8\"><\/script>\n<\/div><\/figure>\n\n\n\n<p>En Reynosa se report\u00f3 el secuestro de un hijo de un empresario por parte de otro mando policiaco de nombre Rene Santiago Rodriguez quien es investigado y se espera que pr\u00f3ximamente sea ordenada su captura. <\/p>\n\n\n\n<figure class=\"wp-block-embed is-type-rich is-provider-twitter wp-block-embed-twitter\"><div class=\"wp-block-embed__wrapper\">\n<blockquote class=\"twitter-tweet\" data-width=\"550\" data-dnt=\"true\"><p lang=\"es\" dir=\"ltr\">Algo que agregar colegas \ud83e\udd13<br>Culpable o inocente?<a href=\"https:\/\/twitter.com\/sincensuratamps?ref_src=twsrc%5Etfw\">@sincensuratamps<\/a> <a href=\"https:\/\/twitter.com\/lycanthropuss?ref_src=twsrc%5Etfw\">@lycanthropuss<\/a> <a href=\"https:\/\/twitter.com\/hashtag\/GuardiaEstatal?src=hash&amp;ref_src=twsrc%5Etfw\">#GuardiaEstatal<\/a> <a href=\"https:\/\/twitter.com\/hashtag\/Tamaulipas?src=hash&amp;ref_src=twsrc%5Etfw\">#Tamaulipas<\/a> <a href=\"https:\/\/twitter.com\/hashtag\/Camargo?src=hash&amp;ref_src=twsrc%5Etfw\">#Camargo<\/a> <a href=\"https:\/\/twitter.com\/hashtag\/Reynosa?src=hash&amp;ref_src=twsrc%5Etfw\">#Reynosa<\/a> <a href=\"https:\/\/twitter.com\/hashtag\/MiguelAleman?src=hash&amp;ref_src=twsrc%5Etfw\">#MiguelAleman<\/a> <a href=\"https:\/\/twitter.com\/hashtag\/Matamoros?src=hash&amp;ref_src=twsrc%5Etfw\">#Matamoros<\/a> <a href=\"https:\/\/twitter.com\/hashtag\/CiudadVictoria?src=hash&amp;ref_src=twsrc%5Etfw\">#CiudadVictoria<\/a> <a href=\"https:\/\/twitter.com\/hashtag\/Tampico?src=hash&amp;ref_src=twsrc%5Etfw\">#Tampico<\/a> <a href=\"https:\/\/twitter.com\/hashtag\/NuevoLaredo?src=hash&amp;ref_src=twsrc%5Etfw\">#NuevoLaredo<\/a> <a href=\"https:\/\/t.co\/vMTuEFG3Fw\">https:\/\/t.co\/vMTuEFG3Fw<\/a> <a href=\"https:\/\/t.co\/lcVMtOHdPp\">pic.twitter.com\/lcVMtOHdPp<\/a><\/p>&mdash; VendettaTamaulipas (@VendettaTamaul1) <a href=\"https:\/\/twitter.com\/VendettaTamaul1\/status\/1756890625712988502?ref_src=twsrc%5Etfw\">February 12, 2024<\/a><\/blockquote><script async src=\"https:\/\/platform.twitter.com\/widgets.js\" charset=\"utf-8\"><\/script>\n<\/div><\/figure>\n\n\n\n<figure class=\"wp-block-embed is-type-rich is-provider-twitter wp-block-embed-twitter\"><div class=\"wp-block-embed__wrapper\">\n<blockquote class=\"twitter-tweet\" data-width=\"550\" data-dnt=\"true\"><p lang=\"es\" dir=\"ltr\">Creo la esposa es familiar de los cardenas de all\u00e1.<\/p>&mdash; VendettaTamaulipas (@VendettaTamaul1) <a href=\"https:\/\/twitter.com\/VendettaTamaul1\/status\/1756907139774181827?ref_src=twsrc%5Etfw\">February 12, 2024<\/a><\/blockquote><script async src=\"https:\/\/platform.twitter.com\/widgets.js\" charset=\"utf-8\"><\/script>\n<\/div><\/figure>\n\n\n\n<p>En Reynosa la complicidad de mandos del ej\u00e9rcito es muy notoria. Exhiben al General Juan Jos\u00e9 Gomez Ruiz por corrupto y no permitir a los militares patrullar.<\/p>\n\n\n\n<figure class=\"wp-block-embed is-type-rich is-provider-twitter wp-block-embed-twitter\"><div class=\"wp-block-embed__wrapper\">\n<blockquote class=\"twitter-tweet\" data-width=\"550\" data-dnt=\"true\"><p lang=\"es\" dir=\"ltr\">El 19 regimiento de caballer\u00eda que estaba el la n\u00f3mina del Toro en la Octava Zona Militar, hoy al mando del General de Brigada DEM, Juan Jos\u00e9 G\u00f3mez Ruiz quien no permite patrullar despu\u00e9s de media noche en colonias y brechas por sus acuerdos con grupos criminales. <a href=\"https:\/\/t.co\/TgUiwroLa0\">pic.twitter.com\/TgUiwroLa0<\/a><\/p>&mdash; ElGuzman (@FuriaNegra77) <a href=\"https:\/\/twitter.com\/FuriaNegra77\/status\/1796709606414229552?ref_src=twsrc%5Etfw\">June 1, 2024<\/a><\/blockquote><script async src=\"https:\/\/platform.twitter.com\/widgets.js\" charset=\"utf-8\"><\/script>\n<\/div><\/figure>\n\n\n\n<p>Funcionarios de la Fiscal\u00eda General de la Rep\u00fablica con cede en Reynosa tambi\u00e9n est\u00e1n en la mira.<\/p>\n\n\n\n<figure class=\"wp-block-embed is-type-rich is-provider-twitter wp-block-embed-twitter\"><div class=\"wp-block-embed__wrapper\">\n<blockquote class=\"twitter-tweet\" data-width=\"550\" data-dnt=\"true\"><p lang=\"es\" dir=\"ltr\">Agencia del Ministerio P\u00fablico de la Federaci\u00f3n.<br><br>Lic. Jaime Quiroga Urbina de la <a href=\"https:\/\/twitter.com\/FGRMexico?ref_src=twsrc%5Etfw\">@FGRMexico<\/a> libero a otros dos responsables del homicidio y a Ulises Raga Ortiz alias \u201cLa Fayuka o Metro 40\u201d<br><br>Es el que le hace el trabajo sucio al Delegado Ernesto Cuitl\u00e1huac V\u00e1squez Reyna. <a href=\"https:\/\/t.co\/ll1gzY2Zf8\">pic.twitter.com\/ll1gzY2Zf8<\/a><\/p>&mdash; ElGuzman (@FuriaNegra77) <a href=\"https:\/\/twitter.com\/FuriaNegra77\/status\/1793684962249425060?ref_src=twsrc%5Etfw\">May 23, 2024<\/a><\/blockquote><script async src=\"https:\/\/platform.twitter.com\/widgets.js\" charset=\"utf-8\"><\/script>\n<\/div><\/figure>\n\n\n\n<p>Personal naval tambi\u00e9n son exhibidos por entrarle al aro de la corrupci\u00f3n en Tamaulipas.<\/p>\n\n\n\n<figure class=\"wp-block-embed is-type-rich is-provider-twitter wp-block-embed-twitter\"><div class=\"wp-block-embed__wrapper\">\n<blockquote class=\"twitter-tweet\" data-width=\"550\" data-dnt=\"true\"><p lang=\"es\" dir=\"ltr\">Se ha detectado que el Capit\u00e1n Sergio Monroy Dom\u00ednguez mantiene estrecha relaci\u00f3n con Ricardo Alberto Ram\u00edrez Guerrero, alias \u201cel Inge\u201d o \u201cel Lic\u201d, reconocido como coordinador log\u00edstico del C\u00e1rtel de Jalisco Nueva Generaci\u00f3n por lo que ese grupo estar\u00eda apoyando a \u201cEl Primito\u201d. <a href=\"https:\/\/t.co\/WN3oCEfHSH\">pic.twitter.com\/WN3oCEfHSH<\/a><\/p>&mdash; ElGuzman (@FuriaNegra77) <a href=\"https:\/\/twitter.com\/FuriaNegra77\/status\/1793628437820629346?ref_src=twsrc%5Etfw\">May 23, 2024<\/a><\/blockquote><script async src=\"https:\/\/platform.twitter.com\/widgets.js\" charset=\"utf-8\"><\/script>\n<\/div><\/figure>\n","protected":false},"excerpt":{"rendered":"<p>Matamoros, Tamaulipas.\u2013 La Fiscal\u00eda General de Justicia del Estado de Tamaulipas informa que, el Agente del Ministerio P\u00fablico, adscrito a la Unidad Especializada en Combate al Secuestro (UECS), obtuvo la vinculaci\u00f3n a proceso de Juan Manuel \u201cD\u201d por el delito de Secuestro Agravado. Un Juez de Control emiti\u00f3 la resoluci\u00f3n despu\u00e9s de que el Representante [&hellip;]<\/p>\n","protected":false},"author":5,"featured_media":62733,"comment_status":"open","ping_status":"open","sticky":false,"template":"","format":"standard","meta":{"_uf_show_specific_survey":0,"_uf_disable_surveys":false,"advanced_seo_description":"","jetpack_seo_html_title":"","jetpack_seo_noindex":false,"jetpack_post_was_ever_published":false,"_jetpack_newsletter_access":"","_jetpack_dont_email_post_to_subs":false,"_jetpack_newsletter_tier_id":0,"_jetpack_memberships_contains_paywalled_content":false,"_jetpack_memberships_contains_paid_content":false,"footnotes":"","jetpack_publicize_message":"","jetpack_publicize_feature_enabled":true,"jetpack_social_post_already_shared":true,"jetpack_social_options":{"image_generator_settings":{"template":"highway","default_image_id":0,"font":"","enabled":false},"version":2}},"categories":[1724,2],"tags":[30],"class_list":{"0":"post-62734","1":"post","2":"type-post","3":"status-publish","4":"format-standard","5":"has-post-thumbnail","7":"category-featured","8":"category-tamaulipas","9":"tag-secuestro"},"jetpack_publicize_connections":[],"jetpack_featured_media_url":"https:\/\/i0.wp.com\/mexicocodigorojo.com.mx\/wp-content\/uploads\/2024\/09\/img_5455-1.jpg?fit=392%2C569&ssl=1","jetpack-related-posts":[{"id":62735,"url":"https:\/\/mexicocodigorojo.com.mx\/?p=62735","url_meta":{"origin":62734,"position":0},"title":"Vinculan a ex delegado Manuel de los Reyes de la Guardia Estatal de Matamoros por secuestro","author":"Staff","date":"septiembre 6, 2024","format":false,"excerpt":"Matamoros, Tamaulipas.\u2013 La Fiscal\u00eda General de Justicia del Estado de Tamaulipas informa que, el Agente del Ministerio P\u00fablico, adscrito a la Unidad Especializada en Combate al Secuestro (UECS), obtuvo la vinculaci\u00f3n a proceso de Juan Manuel \u201cD\u201d por el delito de Secuestro Agravado. Un Juez de Control emiti\u00f3 la resoluci\u00f3n\u2026","rel":"","context":"En \u00abFeatured\u00bb","block_context":{"text":"Featured","link":"https:\/\/mexicocodigorojo.com.mx\/?cat=1724"},"img":{"alt_text":"","src":"https:\/\/i0.wp.com\/mexicocodigorojo.com.mx\/wp-content\/uploads\/2024\/09\/img_5455-1.jpg?fit=392%2C569&ssl=1&resize=350%2C200","width":350,"height":200},"classes":[]},{"id":45245,"url":"https:\/\/mexicocodigorojo.com.mx\/?p=45245","url_meta":{"origin":62734,"position":1},"title":"Tres detenidos por secuestrar a empresario de Matamoros","author":"Staff","date":"noviembre 23, 2020","format":false,"excerpt":"Matamoros, Tamaulipas.- La Fiscal\u00eda General de Justicia del Estado de Tamaulipas informa que, el Agente del Ministerio P\u00fablico realiz\u00f3 las acciones necesarias para lograr que fuera decretada la vinculaci\u00f3n a proceso en contra de Jos\u00e9 Luis \u201dM\u201d, alias \u201cWiki\u201d, Miguel \u00c1ngel \u201cE\u201d y Judith Deyanira \u201cM\u201d por el delito de\u2026","rel":"","context":"En \u00abFeatured\u00bb","block_context":{"text":"Featured","link":"https:\/\/mexicocodigorojo.com.mx\/?cat=1724"},"img":{"alt_text":"","src":"https:\/\/i0.wp.com\/mexicocodigorojo.com.mx\/wp-content\/uploads\/2020\/11\/secuestro-matamoros.jpg?fit=618%2C618&ssl=1&resize=350%2C200","width":350,"height":200,"srcset":"https:\/\/i0.wp.com\/mexicocodigorojo.com.mx\/wp-content\/uploads\/2020\/11\/secuestro-matamoros.jpg?fit=618%2C618&ssl=1&resize=350%2C200 1x, https:\/\/i0.wp.com\/mexicocodigorojo.com.mx\/wp-content\/uploads\/2020\/11\/secuestro-matamoros.jpg?fit=618%2C618&ssl=1&resize=525%2C300 1.5x"},"classes":[]},{"id":22908,"url":"https:\/\/mexicocodigorojo.com.mx\/?p=22908","url_meta":{"origin":62734,"position":2},"title":"PGJT VINCULA A PROCESO A TRES POR SECUESTRO EN TAMAULIPAS","author":"Staff","date":"septiembre 1, 2019","format":false,"excerpt":"Matamoros, Tamaulipas.- La Procuradur\u00eda General de Justicia de Tamaulipas informa que fueron vinculados a proceso Delfino Ulises \u201cN\u201d, Luis Oraldo \"N\", Axel Arnulfo \"N\", Edgar Alejandro \"N\", Arturo \"N\" y Anastasio \"N\" por el delito de secuestro agravado. El agente del Ministerio P\u00fablico present\u00f3 ante la autoridad judicial, elementos que\u2026","rel":"","context":"En \u00abTamaulipas\u00bb","block_context":{"text":"Tamaulipas","link":"https:\/\/mexicocodigorojo.com.mx\/?cat=2"},"img":{"alt_text":"","src":"https:\/\/i0.wp.com\/mexicocodigorojo.com.mx\/wp-content\/uploads\/2019\/09\/43333d18-b2e7-4209-aa82-bc1692a7cf7d.jpg?resize=350%2C200&ssl=1","width":350,"height":200},"classes":[]},{"id":35655,"url":"https:\/\/mexicocodigorojo.com.mx\/?p=35655","url_meta":{"origin":62734,"position":3},"title":"Lo vinculan a proceso por el delito de secuestro en Tamaulipas","author":"Staff","date":"marzo 27, 2020","format":false,"excerpt":"Ciudad Victoria, Tamaulipas.- La Fiscal\u00eda General de Justicia del Estado de Tamaulipas informa que fue vinculado a proceso L\u00e1zaro Alberto \u201cE\u201d, por el delito de secuestro. Un Juez de Control decret\u00f3 la medida, despu\u00e9s de que el Agente del Ministerio P\u00fablico presentara elementos que implican al imputado en el delito\u2026","rel":"","context":"En \u00abTamaulipas\u00bb","block_context":{"text":"Tamaulipas","link":"https:\/\/mexicocodigorojo.com.mx\/?cat=2"},"img":{"alt_text":"","src":"","width":0,"height":0},"classes":[]},{"id":37943,"url":"https:\/\/mexicocodigorojo.com.mx\/?p=37943","url_meta":{"origin":62734,"position":4},"title":"A proceso Blanca Esthela \u201cH\u201d, por el delito de secuestro agravado","author":"Staff","date":"mayo 15, 2020","format":false,"excerpt":"Ciudad Victoria, Tamaulipas. - A solicitud de La Fiscal\u00eda General de Justicia del Estado de Tamaulipas un Juez de Control vincul\u00f3 a proceso a Blanca Esthela \u201cH\u201d, por el delito de secuestro agravado. El Agente del Ministerio P\u00fablico present\u00f3 ante un Juez de Control elementos que implican a la acusada\u2026","rel":"","context":"En \u00abFeatured\u00bb","block_context":{"text":"Featured","link":"https:\/\/mexicocodigorojo.com.mx\/?cat=1724"},"img":{"alt_text":"","src":"","width":0,"height":0},"classes":[]},{"id":37501,"url":"https:\/\/mexicocodigorojo.com.mx\/?p=37501","url_meta":{"origin":62734,"position":5},"title":"Detenido Juan Francisco \u201cR\u201d por secuestro","author":"Staff","date":"abril 28, 2020","format":false,"excerpt":"Reynosa, Tamaulipas.- La Fiscal\u00eda General de Justicia del Estado de Tamaulipas, firme en su compromiso de combatir el delito, obtuvo la vinculaci\u00f3n a proceso de Juan Francisco \u201cR\u201d quien fue imputado por el delito de secuestro agravado. El Agente del Ministerio P\u00fablico present\u00f3 ante un Juez de Control elementos que\u2026","rel":"","context":"En \u00abTamaulipas\u00bb","block_context":{"text":"Tamaulipas","link":"https:\/\/mexicocodigorojo.com.mx\/?cat=2"},"img":{"alt_text":"","src":"","width":0,"height":0},"classes":[]}],"jetpack_sharing_enabled":true,"jetpack_likes_enabled":true,"jetpack_shortlink":"https:\/\/wp.me\/p9TedA-gjQ","_links":{"self":[{"href":"https:\/\/mexicocodigorojo.com.mx\/index.php?rest_route=\/wp\/v2\/posts\/62734","targetHints":{"allow":["GET"]}}],"collection":[{"href":"https:\/\/mexicocodigorojo.com.mx\/index.php?rest_route=\/wp\/v2\/posts"}],"about":[{"href":"https:\/\/mexicocodigorojo.com.mx\/index.php?rest_route=\/wp\/v2\/types\/post"}],"author":[{"embeddable":true,"href":"https:\/\/mexicocodigorojo.com.mx\/index.php?rest_route=\/wp\/v2\/users\/5"}],"replies":[{"embeddable":true,"href":"https:\/\/mexicocodigorojo.com.mx\/index.php?rest_route=%2Fwp%2Fv2%2Fcomments&post=62734"}],"version-history":[{"count":0,"href":"https:\/\/mexicocodigorojo.com.mx\/index.php?rest_route=\/wp\/v2\/posts\/62734\/revisions"}],"wp:featuredmedia":[{"embeddable":true,"href":"https:\/\/mexicocodigorojo.com.mx\/index.php?rest_route=\/wp\/v2\/media\/62733"}],"wp:attachment":[{"href":"https:\/\/mexicocodigorojo.com.mx\/index.php?rest_route=%2Fwp%2Fv2%2Fmedia&parent=62734"}],"wp:term":[{"taxonomy":"category","embeddable":true,"href":"https:\/\/mexicocodigorojo.com.mx\/index.php?rest_route=%2Fwp%2Fv2%2Fcategories&post=62734"},{"taxonomy":"post_tag","embeddable":true,"href":"https:\/\/mexicocodigorojo.com.mx\/index.php?rest_route=%2Fwp%2Fv2%2Ftags&post=62734"}],"curies":[{"name":"wp","href":"https:\/\/api.w.org\/{rel}","templated":true}]}}