{"id":62704,"date":"2024-09-02T20:13:14","date_gmt":"2024-09-03T02:13:14","guid":{"rendered":"https:\/\/mexicocodigorojo.com.mx\/?p=62704"},"modified":"2024-09-02T20:18:36","modified_gmt":"2024-09-03T02:18:36","slug":"con-harfuch-al-mando-tamaulipas-se-prepara-para-un-cambio-drastico-en-seguridad-afirma-americo-villarreal","status":"publish","type":"post","link":"https:\/\/mexicocodigorojo.com.mx\/?p=62704","title":{"rendered":"Con Harfuch al mando, Tamaulipas se prepara para un cambio dr\u00e1stico en seguridad, afirma Am\u00e9rico Villarreal"},"content":{"rendered":"<p><strong>Ciudad de M\u00e9xico.-<\/strong> En un esfuerzo por transformar la seguridad en Tamaulipas, el gobernador Am\u00e9rico Villarreal Anaya sostuvo una reuni\u00f3n clave con Omar Garc\u00eda Harfuch, quien asumir\u00e1 el cargo de secretario de Seguridad Ciudadana a partir de octubre. En este encuentro, ambos delinearon una serie de estrategias orientadas a combatir delitos de alto impacto que han causado preocupaci\u00f3n entre los tamaulipecos, tales como la extorsi\u00f3n, el cobro de piso y los secuestros.<\/p>\n<p>A la reuni\u00f3n, que tuvo lugar en la Ciudad de M\u00e9xico, tambi\u00e9n asistieron H\u00e9ctor Joel Villegas Gonz\u00e1lez, secretario general de Gobierno de Tamaulipas, y el general Sergio Hernando Ch\u00e1vez Garc\u00eda, comandante de la Guardia Estatal. Estos funcionarios aportaron su experiencia y perspectiva para afinar las estrategias que se implementar\u00e1n en el estado, con un enfoque en la cooperaci\u00f3n entre las autoridades locales y federales.<\/p>\n<p>Villarreal enfatiz\u00f3 la importancia de esta alianza, destacando la experiencia de Garc\u00eda Harfuch como un factor determinante para enfrentar los retos que la seguridad p\u00fablica presenta en la entidad. Subray\u00f3 que, aunque los homicidios dolosos han disminuido considerablemente en los \u00faltimos meses, es necesario continuar con medidas m\u00e1s agresivas y coordinadas para erradicar los delitos que afectan directamente la vida diaria de los ciudadanos.<\/p>\n<p>Garc\u00eda Harfuch, conocido por su firmeza y capacidad operativa, reafirm\u00f3 su disposici\u00f3n a trabajar de la mano con el gobierno estatal y con todas las instancias federales involucradas, incluyendo la Guardia Nacional. La presencia de Villegas Gonz\u00e1lez y Ch\u00e1vez Garc\u00eda en esta reuni\u00f3n subraya el compromiso integral del gobierno estatal en asegurar un ambiente de paz y seguridad para todos los tamaulipecos<\/p>\n","protected":false},"excerpt":{"rendered":"<p>Ciudad de M\u00e9xico.- En un esfuerzo por transformar la seguridad en Tamaulipas, el gobernador Am\u00e9rico Villarreal Anaya sostuvo una reuni\u00f3n clave con Omar Garc\u00eda Harfuch, quien asumir\u00e1 el cargo de secretario de Seguridad Ciudadana a partir de octubre. En este encuentro, ambos delinearon una serie de estrategias orientadas a combatir delitos de alto impacto que [&hellip;]<\/p>\n","protected":false},"author":21,"featured_media":62705,"comment_status":"open","ping_status":"open","sticky":false,"template":"","format":"standard","meta":{"_uf_show_specific_survey":0,"_uf_disable_surveys":false,"advanced_seo_description":"","jetpack_seo_html_title":"","jetpack_seo_noindex":false,"jetpack_post_was_ever_published":false,"_jetpack_newsletter_access":"","_jetpack_dont_email_post_to_subs":false,"_jetpack_newsletter_tier_id":0,"_jetpack_memberships_contains_paywalled_content":false,"_jetpack_memberships_contains_paid_content":false,"footnotes":"","jetpack_publicize_message":"","jetpack_publicize_feature_enabled":true,"jetpack_social_post_already_shared":true,"jetpack_social_options":{"image_generator_settings":{"template":"highway","default_image_id":0,"font":"","enabled":false},"version":2}},"categories":[1724,2],"tags":[],"class_list":{"0":"post-62704","1":"post","2":"type-post","3":"status-publish","4":"format-standard","5":"has-post-thumbnail","7":"category-featured","8":"category-tamaulipas"},"jetpack_publicize_connections":[],"jetpack_featured_media_url":"https:\/\/i0.wp.com\/mexicocodigorojo.com.mx\/wp-content\/uploads\/2024\/09\/WhatsApp-Image-2024-09-02-at-7.18.16-PM.jpeg?fit=1600%2C1068&ssl=1","jetpack-related-posts":[{"id":62752,"url":"https:\/\/mexicocodigorojo.com.mx\/?p=62752","url_meta":{"origin":62704,"position":0},"title":"Ch\u00e1vez Garc\u00eda desmiente rumores de renuncia y acusa campa\u00f1a de p\u00e1nico del PAN","author":"MexicoRojoCvmx","date":"septiembre 7, 2024","format":false,"excerpt":"Tamaulipas.- El Secretario de Seguridad P\u00fablica del estado, Sergio Hernando Ch\u00e1vez Garc\u00eda, ha desmentido categ\u00f3ricamente los rumores sobre su supuesta renuncia, se\u00f1alando que se trata de una campa\u00f1a de desestabilizaci\u00f3n impulsada por grupos vinculados al Partido Acci\u00f3n Nacional (PAN). \"Es una t\u00e1ctica desesperada por parte de algunos panistas. Estamos firmes\u2026","rel":"","context":"En \u00abFeatured\u00bb","block_context":{"text":"Featured","link":"https:\/\/mexicocodigorojo.com.mx\/?cat=1724"},"img":{"alt_text":"","src":"https:\/\/i0.wp.com\/mexicocodigorojo.com.mx\/wp-content\/uploads\/2024\/09\/Secretario-de-Seguridad-Tamaulipas-780x470-1.jpeg?fit=780%2C470&ssl=1&resize=350%2C200","width":350,"height":200,"srcset":"https:\/\/i0.wp.com\/mexicocodigorojo.com.mx\/wp-content\/uploads\/2024\/09\/Secretario-de-Seguridad-Tamaulipas-780x470-1.jpeg?fit=780%2C470&ssl=1&resize=350%2C200 1x, https:\/\/i0.wp.com\/mexicocodigorojo.com.mx\/wp-content\/uploads\/2024\/09\/Secretario-de-Seguridad-Tamaulipas-780x470-1.jpeg?fit=780%2C470&ssl=1&resize=525%2C300 1.5x, https:\/\/i0.wp.com\/mexicocodigorojo.com.mx\/wp-content\/uploads\/2024\/09\/Secretario-de-Seguridad-Tamaulipas-780x470-1.jpeg?fit=780%2C470&ssl=1&resize=700%2C400 2x"},"classes":[]},{"id":55977,"url":"https:\/\/mexicocodigorojo.com.mx\/?p=55977","url_meta":{"origin":62704,"position":1},"title":"Reforzar\u00e1 SEDENA seguridad en Tamaulipas con 700 elementos","author":"Staff","date":"mayo 3, 2023","format":false,"excerpt":"TAMAULIPAS, M\u00e9xico.- Luego de los bloqueos y balaceras registrados en municipios de Tamaulipas durante el fin de semana, el Secretario de la Defensa Nacional, Luis Crescencio Sandoval anunci\u00f3 el reforzamiento en la zona con m\u00e1s de 700 elementos. El anuncio lo hizo durante la conferencia ma\u00f1anera, donde explic\u00f3 que se\u2026","rel":"","context":"En \u00abFeatured\u00bb","block_context":{"text":"Featured","link":"https:\/\/mexicocodigorojo.com.mx\/?cat=1724"},"img":{"alt_text":"","src":"https:\/\/i0.wp.com\/mexicocodigorojo.com.mx\/wp-content\/uploads\/2023\/05\/img_2321.jpg?fit=1024%2C510&ssl=1&resize=350%2C200","width":350,"height":200,"srcset":"https:\/\/i0.wp.com\/mexicocodigorojo.com.mx\/wp-content\/uploads\/2023\/05\/img_2321.jpg?fit=1024%2C510&ssl=1&resize=350%2C200 1x, https:\/\/i0.wp.com\/mexicocodigorojo.com.mx\/wp-content\/uploads\/2023\/05\/img_2321.jpg?fit=1024%2C510&ssl=1&resize=525%2C300 1.5x, https:\/\/i0.wp.com\/mexicocodigorojo.com.mx\/wp-content\/uploads\/2023\/05\/img_2321.jpg?fit=1024%2C510&ssl=1&resize=700%2C400 2x"},"classes":[]},{"id":62951,"url":"https:\/\/mexicocodigorojo.com.mx\/?p=62951","url_meta":{"origin":62704,"position":2},"title":"Nuevo Comandante de la IV Regi\u00f3n Militar: Am\u00e9rico Villarreal apuesta por la Coordinaci\u00f3n para Combatir la Violencia en Tamaulipas","author":"MexicoRojoCvmx","date":"octubre 4, 2024","format":false,"excerpt":"Tamaulipas, 4 de octubre de 2024 \u2013 En un evento trascendental para la seguridad en la regi\u00f3n, el gobernador de Tamaulipas, Am\u00e9rico Villarreal Anaya, asisti\u00f3 a la Toma de Posesi\u00f3n y Protesta de Bandera del General de Brigada Diplomado Estado Mayor, Juan Jos\u00e9 G\u00f3mez Ruiz, como nuevo comandante de la\u2026","rel":"","context":"En \u00abFeatured\u00bb","block_context":{"text":"Featured","link":"https:\/\/mexicocodigorojo.com.mx\/?cat=1724"},"img":{"alt_text":"","src":"https:\/\/i0.wp.com\/mexicocodigorojo.com.mx\/wp-content\/uploads\/2024\/10\/462192299_952244103600789_6705981469530900842_n-1.jpg?fit=1200%2C800&ssl=1&resize=350%2C200","width":350,"height":200,"srcset":"https:\/\/i0.wp.com\/mexicocodigorojo.com.mx\/wp-content\/uploads\/2024\/10\/462192299_952244103600789_6705981469530900842_n-1.jpg?fit=1200%2C800&ssl=1&resize=350%2C200 1x, https:\/\/i0.wp.com\/mexicocodigorojo.com.mx\/wp-content\/uploads\/2024\/10\/462192299_952244103600789_6705981469530900842_n-1.jpg?fit=1200%2C800&ssl=1&resize=525%2C300 1.5x, https:\/\/i0.wp.com\/mexicocodigorojo.com.mx\/wp-content\/uploads\/2024\/10\/462192299_952244103600789_6705981469530900842_n-1.jpg?fit=1200%2C800&ssl=1&resize=700%2C400 2x, https:\/\/i0.wp.com\/mexicocodigorojo.com.mx\/wp-content\/uploads\/2024\/10\/462192299_952244103600789_6705981469530900842_n-1.jpg?fit=1200%2C800&ssl=1&resize=1050%2C600 3x"},"classes":[]},{"id":56092,"url":"https:\/\/mexicocodigorojo.com.mx\/?p=56092","url_meta":{"origin":62704,"position":3},"title":"Operaci\u00f3n \u00abCentinela Noreste\u00bb desmantela al \u201cCDG grupo Ciclones\u00bb; traici\u00f3n de Am\u00e9rico Villarreal abre paso al CJNG","author":"MexicoRojoCvmx","date":"mayo 10, 2023","format":false,"excerpt":"Ciudad de M\u00e9xico.- La operaci\u00f3n encubierta \"Centinela Noreste\" llevada a cabo por la Secretar\u00eda de la Defensa Nacional (SEDENA) y la Guardia Estatal de Tamaulipas, logr\u00f3 desmantelar una estructura del Cartel del Golfo (conocido como Los Ciclones y su brazo armado Los Escorpiones) en cuatro ciudades del estado, que habr\u00eda\u2026","rel":"","context":"En \u00abFeatured\u00bb","block_context":{"text":"Featured","link":"https:\/\/mexicocodigorojo.com.mx\/?cat=1724"},"img":{"alt_text":"","src":"https:\/\/i0.wp.com\/mexicocodigorojo.com.mx\/wp-content\/uploads\/2023\/05\/cartel-del-golfo-cdg-los-escorpiones-guanajuato-2023-4.jpg?fit=1200%2C675&ssl=1&resize=350%2C200","width":350,"height":200,"srcset":"https:\/\/i0.wp.com\/mexicocodigorojo.com.mx\/wp-content\/uploads\/2023\/05\/cartel-del-golfo-cdg-los-escorpiones-guanajuato-2023-4.jpg?fit=1200%2C675&ssl=1&resize=350%2C200 1x, https:\/\/i0.wp.com\/mexicocodigorojo.com.mx\/wp-content\/uploads\/2023\/05\/cartel-del-golfo-cdg-los-escorpiones-guanajuato-2023-4.jpg?fit=1200%2C675&ssl=1&resize=525%2C300 1.5x, https:\/\/i0.wp.com\/mexicocodigorojo.com.mx\/wp-content\/uploads\/2023\/05\/cartel-del-golfo-cdg-los-escorpiones-guanajuato-2023-4.jpg?fit=1200%2C675&ssl=1&resize=700%2C400 2x, https:\/\/i0.wp.com\/mexicocodigorojo.com.mx\/wp-content\/uploads\/2023\/05\/cartel-del-golfo-cdg-los-escorpiones-guanajuato-2023-4.jpg?fit=1200%2C675&ssl=1&resize=1050%2C600 3x"},"classes":[]},{"id":52823,"url":"https:\/\/mexicocodigorojo.com.mx\/?p=52823","url_meta":{"origin":62704,"position":4},"title":"Desaparecer GOPES, compromiso de Am\u00e9rico Villarreal con Ovidio","author":"MexicoRojoCvmx","date":"abril 30, 2022","format":false,"excerpt":"Ciudad de M\u00e9xico.- El Senador con licencia y candidato a la Gubernatura de Tamaulipas, Am\u00e9rico Villarreal Anaya ofreci\u00f3 a la facci\u00f3n de \u201clos chapitos\u201d desaparecer al Grupo de Operaciones Especiales de la Secretar\u00eda de Seguridad P\u00fablica de Tamaulipas a cambio de su apoyo financiero, revela Informe de Inteligencia al que\u2026","rel":"","context":"En \u00abFeatured\u00bb","block_context":{"text":"Featured","link":"https:\/\/mexicocodigorojo.com.mx\/?cat=1724"},"img":{"alt_text":"","src":"https:\/\/i0.wp.com\/mexicocodigorojo.com.mx\/wp-content\/uploads\/2022\/04\/Captura-de-pantalla-2022-04-30-090257.jpg?fit=954%2C636&ssl=1&resize=350%2C200","width":350,"height":200,"srcset":"https:\/\/i0.wp.com\/mexicocodigorojo.com.mx\/wp-content\/uploads\/2022\/04\/Captura-de-pantalla-2022-04-30-090257.jpg?fit=954%2C636&ssl=1&resize=350%2C200 1x, https:\/\/i0.wp.com\/mexicocodigorojo.com.mx\/wp-content\/uploads\/2022\/04\/Captura-de-pantalla-2022-04-30-090257.jpg?fit=954%2C636&ssl=1&resize=525%2C300 1.5x, https:\/\/i0.wp.com\/mexicocodigorojo.com.mx\/wp-content\/uploads\/2022\/04\/Captura-de-pantalla-2022-04-30-090257.jpg?fit=954%2C636&ssl=1&resize=700%2C400 2x"},"classes":[]},{"id":52838,"url":"https:\/\/mexicocodigorojo.com.mx\/?p=52838","url_meta":{"origin":62704,"position":5},"title":"Am\u00e9rico; pura narcopol\u00edtica","author":"MexicoRojoCvmx","date":"mayo 2, 2022","format":false,"excerpt":"Ciudad de M\u00e9xico.- A Tamaulipas le espera un gobierno infestado de narcopol\u00edticos en manos de Movimiento de Regeneraci\u00f3n Nacional; el hijo del candidato Am\u00e9rico Villarreal Anaya, Am\u00e9rico Villarreal Santiago, apareci\u00f3 en una fotograf\u00eda con el Diputado, Jos\u00e9 Alberto Granados F\u00e1bila quien fue exhibido usando la camioneta del narcotraficante, Rodrigo Iv\u00e1n\u2026","rel":"","context":"En \u00abFeatured\u00bb","block_context":{"text":"Featured","link":"https:\/\/mexicocodigorojo.com.mx\/?cat=1724"},"img":{"alt_text":"","src":"https:\/\/i0.wp.com\/mexicocodigorojo.com.mx\/wp-content\/uploads\/2022\/05\/Captura-de-pantalla-2022-05-02-104245.jpg?fit=978%2C701&ssl=1&resize=350%2C200","width":350,"height":200,"srcset":"https:\/\/i0.wp.com\/mexicocodigorojo.com.mx\/wp-content\/uploads\/2022\/05\/Captura-de-pantalla-2022-05-02-104245.jpg?fit=978%2C701&ssl=1&resize=350%2C200 1x, https:\/\/i0.wp.com\/mexicocodigorojo.com.mx\/wp-content\/uploads\/2022\/05\/Captura-de-pantalla-2022-05-02-104245.jpg?fit=978%2C701&ssl=1&resize=525%2C300 1.5x, https:\/\/i0.wp.com\/mexicocodigorojo.com.mx\/wp-content\/uploads\/2022\/05\/Captura-de-pantalla-2022-05-02-104245.jpg?fit=978%2C701&ssl=1&resize=700%2C400 2x"},"classes":[]}],"jetpack_sharing_enabled":true,"jetpack_likes_enabled":true,"jetpack_shortlink":"https:\/\/wp.me\/p9TedA-gjm","_links":{"self":[{"href":"https:\/\/mexicocodigorojo.com.mx\/index.php?rest_route=\/wp\/v2\/posts\/62704","targetHints":{"allow":["GET"]}}],"collection":[{"href":"https:\/\/mexicocodigorojo.com.mx\/index.php?rest_route=\/wp\/v2\/posts"}],"about":[{"href":"https:\/\/mexicocodigorojo.com.mx\/index.php?rest_route=\/wp\/v2\/types\/post"}],"author":[{"embeddable":true,"href":"https:\/\/mexicocodigorojo.com.mx\/index.php?rest_route=\/wp\/v2\/users\/21"}],"replies":[{"embeddable":true,"href":"https:\/\/mexicocodigorojo.com.mx\/index.php?rest_route=%2Fwp%2Fv2%2Fcomments&post=62704"}],"version-history":[{"count":1,"href":"https:\/\/mexicocodigorojo.com.mx\/index.php?rest_route=\/wp\/v2\/posts\/62704\/revisions"}],"predecessor-version":[{"id":62706,"href":"https:\/\/mexicocodigorojo.com.mx\/index.php?rest_route=\/wp\/v2\/posts\/62704\/revisions\/62706"}],"wp:featuredmedia":[{"embeddable":true,"href":"https:\/\/mexicocodigorojo.com.mx\/index.php?rest_route=\/wp\/v2\/media\/62705"}],"wp:attachment":[{"href":"https:\/\/mexicocodigorojo.com.mx\/index.php?rest_route=%2Fwp%2Fv2%2Fmedia&parent=62704"}],"wp:term":[{"taxonomy":"category","embeddable":true,"href":"https:\/\/mexicocodigorojo.com.mx\/index.php?rest_route=%2Fwp%2Fv2%2Fcategories&post=62704"},{"taxonomy":"post_tag","embeddable":true,"href":"https:\/\/mexicocodigorojo.com.mx\/index.php?rest_route=%2Fwp%2Fv2%2Ftags&post=62704"}],"curies":[{"name":"wp","href":"https:\/\/api.w.org\/{rel}","templated":true}]}}