{"id":62668,"date":"2024-08-25T19:10:01","date_gmt":"2024-08-26T01:10:01","guid":{"rendered":"https:\/\/mexicocodigorojo.com.mx\/?p=62668"},"modified":"2024-08-25T19:10:01","modified_gmt":"2024-08-26T01:10:01","slug":"ellos-serian-los-elegidos-por-sheinbaum-como-titulares-de-la-sedena-y-la-marina","status":"publish","type":"post","link":"https:\/\/mexicocodigorojo.com.mx\/?p=62668","title":{"rendered":"Ellos ser\u00edan los elegidos por Sheinbaum como titulares de la Sedena y la Marina"},"content":{"rendered":"\n<p>Nos cuentan que al nombramiento casi inminente de<strong>&nbsp;Victor Rodr\u00edguez Padilla al frente de Pemex<\/strong>, que se realizar\u00eda este mismo lunes,<a href=\"https:\/\/politico.mx\/gabinete-ampliado-de-sheinbaum-ellos-suenan-para-dirigir-el-infonavit\">&nbsp;<\/a>Claudia Sheinbaum, presidenta electa, podr\u00eda sumar tambi\u00e9n los tan guardados nombres de quienes encabezar\u00e1n las Secretar\u00edas de la Defensa y Marina.&nbsp;<\/p>\n\n\n\n<p>Nos hacen ver que, aunque el anuncio de estos dos \u00faltimos sigue en vilo por la&nbsp;<strong>tensa relaci\u00f3n con Estados Unidos<\/strong>&nbsp;tras la&nbsp;captura de Ismael \u201cel Mayo\u201d Zambada, es casi seguro que a la Marina la dirigir\u00eda el actual encargado del Corredor Interoce\u00e1nico, el Almirante&nbsp;<strong>Raymundo Pedro Morales.<\/strong><\/p>\n\n\n\n<p>Mientras nos dicen que la Secretar\u00eda de Defensa (Sedena) recaer\u00eda en el actual subsecretario de la dependencia, el General&nbsp;<strong>Gabriel Garc\u00eda Rinc\u00f3n<\/strong>.<\/p>\n\n\n\n<p>Con informaci\u00f3n de Pol\u00edticoMx<\/p>\n","protected":false},"excerpt":{"rendered":"<p>Nos cuentan que al nombramiento casi inminente de&nbsp;Victor Rodr\u00edguez Padilla al frente de Pemex, que se realizar\u00eda este mismo lunes,&nbsp;Claudia Sheinbaum, presidenta electa, podr\u00eda sumar tambi\u00e9n los tan guardados nombres de quienes encabezar\u00e1n las Secretar\u00edas de la Defensa y Marina.&nbsp; Nos hacen ver que, aunque el anuncio de estos dos \u00faltimos sigue en vilo por [&hellip;]<\/p>\n","protected":false},"author":5,"featured_media":62667,"comment_status":"open","ping_status":"open","sticky":false,"template":"","format":"standard","meta":{"_uf_show_specific_survey":0,"_uf_disable_surveys":false,"advanced_seo_description":"","jetpack_seo_html_title":"","jetpack_seo_noindex":false,"jetpack_post_was_ever_published":false,"_jetpack_newsletter_access":"","_jetpack_dont_email_post_to_subs":false,"_jetpack_newsletter_tier_id":0,"_jetpack_memberships_contains_paywalled_content":false,"_jetpack_memberships_contains_paid_content":false,"footnotes":"","jetpack_publicize_message":"","jetpack_publicize_feature_enabled":true,"jetpack_social_post_already_shared":true,"jetpack_social_options":{"image_generator_settings":{"template":"highway","default_image_id":0,"font":"","enabled":false},"version":2}},"categories":[101,1724],"tags":[20,91],"class_list":{"0":"post-62668","1":"post","2":"type-post","3":"status-publish","4":"format-standard","5":"has-post-thumbnail","7":"category-ciudad-de-mexico","8":"category-featured","9":"tag-sedena","10":"tag-semar"},"jetpack_publicize_connections":[],"jetpack_featured_media_url":"https:\/\/i0.wp.com\/mexicocodigorojo.com.mx\/wp-content\/uploads\/2024\/08\/775cb52e-bd8a-4ef9-a5b6-b424bbf4dfae-1.jpg?fit=1520%2C904&ssl=1","jetpack-related-posts":[{"id":62460,"url":"https:\/\/mexicocodigorojo.com.mx\/?p=62460","url_meta":{"origin":62668,"position":0},"title":"Sucesi\u00f3n politizada en Fuerzas Armadas","author":"Staff","date":"julio 31, 2024","format":false,"excerpt":"En el verano del 2021 se efectu\u00f3 en Colorado Springs la V Mesa Redonda de Cooperaci\u00f3n Militar Bilateral entre altos mandos del Comando Norte (USNORTHCOM) de los Estados Unidos y sus hom\u00f3logos de la Armada de M\u00e9xico y la Secretar\u00eda de la Defensa Nacional. La cita en la sede del\u2026","rel":"","context":"En \u00abCiudad de M\u00e9xico\u00bb","block_context":{"text":"Ciudad de M\u00e9xico","link":"https:\/\/mexicocodigorojo.com.mx\/?cat=101"},"img":{"alt_text":"","src":"https:\/\/i0.wp.com\/mexicocodigorojo.com.mx\/wp-content\/uploads\/2024\/07\/img_2595-1.jpg?fit=701%2C437&ssl=1&resize=350%2C200","width":350,"height":200,"srcset":"https:\/\/i0.wp.com\/mexicocodigorojo.com.mx\/wp-content\/uploads\/2024\/07\/img_2595-1.jpg?fit=701%2C437&ssl=1&resize=350%2C200 1x, https:\/\/i0.wp.com\/mexicocodigorojo.com.mx\/wp-content\/uploads\/2024\/07\/img_2595-1.jpg?fit=701%2C437&ssl=1&resize=525%2C300 1.5x, https:\/\/i0.wp.com\/mexicocodigorojo.com.mx\/wp-content\/uploads\/2024\/07\/img_2595-1.jpg?fit=701%2C437&ssl=1&resize=700%2C400 2x"},"classes":[]},{"id":6967,"url":"https:\/\/mexicocodigorojo.com.mx\/?p=6967","url_meta":{"origin":62668,"position":1},"title":"AMLO designa a Luis C. Sandoval como futuro titular de la Secretar\u00eda de la Defensa Nacional","author":"Staff","date":"octubre 22, 2018","format":false,"excerpt":"Andr\u00e9s Manuel L\u00f3pez Obrador, presidente electo, inform\u00f3 que decidi\u00f3 invitar al general Luis C. Sandoval para ser pr\u00f3ximo titular de la Secretar\u00eda de la Defensa Nacional (Sedena). Esto, luego de la reuni\u00f3n que sostuvo este lunes con el actual titular de diche dependencia, Salvador Cienfuegos. \"Reconozco en \u00e9l su lealtad\u2026","rel":"","context":"En \u00abFeatured\u00bb","block_context":{"text":"Featured","link":"https:\/\/mexicocodigorojo.com.mx\/?cat=1724"},"img":{"alt_text":"","src":"https:\/\/i0.wp.com\/mexicocodigorojo.com.mx\/wp-content\/uploads\/2018\/10\/sedena-SL-debe-atender.jpg?fit=680%2C330&ssl=1&resize=350%2C200","width":350,"height":200,"srcset":"https:\/\/i0.wp.com\/mexicocodigorojo.com.mx\/wp-content\/uploads\/2018\/10\/sedena-SL-debe-atender.jpg?fit=680%2C330&ssl=1&resize=350%2C200 1x, https:\/\/i0.wp.com\/mexicocodigorojo.com.mx\/wp-content\/uploads\/2018\/10\/sedena-SL-debe-atender.jpg?fit=680%2C330&ssl=1&resize=525%2C300 1.5x"},"classes":[]},{"id":62748,"url":"https:\/\/mexicocodigorojo.com.mx\/?p=62748","url_meta":{"origin":62668,"position":2},"title":"NOMBRA CLAUDIA SHEINBAUM A PR\u00d3XIMOS TITULARES DE SEDENA Y SEMAR","author":"Staff","date":"septiembre 6, 2024","format":false,"excerpt":"De conformidad con la Constituci\u00f3n y las leyes, y en uso de sus futuras facultades nombr\u00f3 a los secretarios de la Defensa Nacional y de Marina. La Presidenta electa de M\u00e9xico, Dra. Claudia Sheinbaum Pardo reconoce el trabajo y entrega del General Luis Cresencio Sandoval Gonz\u00e1lez al frente de la\u2026","rel":"","context":"En \u00abCiudad de M\u00e9xico\u00bb","block_context":{"text":"Ciudad de M\u00e9xico","link":"https:\/\/mexicocodigorojo.com.mx\/?cat=101"},"img":{"alt_text":"","src":"https:\/\/i0.wp.com\/mexicocodigorojo.com.mx\/wp-content\/uploads\/2024\/09\/img_5510-1.jpg?fit=700%2C430&ssl=1&resize=350%2C200","width":350,"height":200,"srcset":"https:\/\/i0.wp.com\/mexicocodigorojo.com.mx\/wp-content\/uploads\/2024\/09\/img_5510-1.jpg?fit=700%2C430&ssl=1&resize=350%2C200 1x, https:\/\/i0.wp.com\/mexicocodigorojo.com.mx\/wp-content\/uploads\/2024\/09\/img_5510-1.jpg?fit=700%2C430&ssl=1&resize=525%2C300 1.5x, https:\/\/i0.wp.com\/mexicocodigorojo.com.mx\/wp-content\/uploads\/2024\/09\/img_5510-1.jpg?fit=700%2C430&ssl=1&resize=700%2C400 2x"},"classes":[]},{"id":55869,"url":"https:\/\/mexicocodigorojo.com.mx\/?p=55869","url_meta":{"origin":62668,"position":3},"title":"Tensi\u00f3n entre FAM se intensifica por asignaci\u00f3n de funciones civiles, seg\u00fan informe del Pent\u00e1gono","author":"MexicoRojoCvmx","date":"abril 16, 2023","format":false,"excerpt":"M\u00e9xico.- La tensi\u00f3n entre las fuerzas armadas de M\u00e9xico ha llegado a un nivel cr\u00edtico debido al aumento de funciones civiles que el gobierno ha asignado al Ej\u00e9rcito, seg\u00fan documentos ultrasecretos del Pent\u00e1gono filtrados a The Washington Post. La reciente ley que permite a la Secretar\u00eda de la Defensa Nacional\u2026","rel":"","context":"En \u00abFeatured\u00bb","block_context":{"text":"Featured","link":"https:\/\/mexicocodigorojo.com.mx\/?cat=1724"},"img":{"alt_text":"","src":"https:\/\/i0.wp.com\/mexicocodigorojo.com.mx\/wp-content\/uploads\/2023\/04\/719604E4-52F2-4896-A087-EDB35A661561.jpeg?fit=750%2C500&ssl=1&resize=350%2C200","width":350,"height":200,"srcset":"https:\/\/i0.wp.com\/mexicocodigorojo.com.mx\/wp-content\/uploads\/2023\/04\/719604E4-52F2-4896-A087-EDB35A661561.jpeg?fit=750%2C500&ssl=1&resize=350%2C200 1x, https:\/\/i0.wp.com\/mexicocodigorojo.com.mx\/wp-content\/uploads\/2023\/04\/719604E4-52F2-4896-A087-EDB35A661561.jpeg?fit=750%2C500&ssl=1&resize=525%2C300 1.5x, https:\/\/i0.wp.com\/mexicocodigorojo.com.mx\/wp-content\/uploads\/2023\/04\/719604E4-52F2-4896-A087-EDB35A661561.jpeg?fit=750%2C500&ssl=1&resize=700%2C400 2x"},"classes":[]},{"id":51061,"url":"https:\/\/mexicocodigorojo.com.mx\/?p=51061","url_meta":{"origin":62668,"position":4},"title":"Siguen las masacres en Nuevo Laredo; van m\u00e1s de 13 muertos en las \u00faltimas horas","author":"MexicoRojoCvmx","date":"septiembre 9, 2021","format":false,"excerpt":"Al menos 13 muertos, entre ellos 11 presuntos delincuentes y dos civiles, dej\u00f3 una serie de enfrentamientos entre civiles armados y agentes del Ej\u00e9rcito mexicano, en Nuevo Laredo, inform\u00f3 la Secretar\u00eda de la Defensa Nacional (Sedena). Seg\u00fan la Sedena, los presuntos delincuentes armados usaban uniformes clonados de la Marina y\u2026","rel":"","context":"En \u00abFeatured\u00bb","block_context":{"text":"Featured","link":"https:\/\/mexicocodigorojo.com.mx\/?cat=1724"},"img":{"alt_text":"","src":"https:\/\/i0.wp.com\/mexicocodigorojo.com.mx\/wp-content\/uploads\/2021\/09\/enfrentamientos-en-nuevo-laredo.jpg?fit=1200%2C675&ssl=1&resize=350%2C200","width":350,"height":200,"srcset":"https:\/\/i0.wp.com\/mexicocodigorojo.com.mx\/wp-content\/uploads\/2021\/09\/enfrentamientos-en-nuevo-laredo.jpg?fit=1200%2C675&ssl=1&resize=350%2C200 1x, https:\/\/i0.wp.com\/mexicocodigorojo.com.mx\/wp-content\/uploads\/2021\/09\/enfrentamientos-en-nuevo-laredo.jpg?fit=1200%2C675&ssl=1&resize=525%2C300 1.5x, https:\/\/i0.wp.com\/mexicocodigorojo.com.mx\/wp-content\/uploads\/2021\/09\/enfrentamientos-en-nuevo-laredo.jpg?fit=1200%2C675&ssl=1&resize=700%2C400 2x, https:\/\/i0.wp.com\/mexicocodigorojo.com.mx\/wp-content\/uploads\/2021\/09\/enfrentamientos-en-nuevo-laredo.jpg?fit=1200%2C675&ssl=1&resize=1050%2C600 3x"},"classes":[]},{"id":52680,"url":"https:\/\/mexicocodigorojo.com.mx\/?p=52680","url_meta":{"origin":62668,"position":5},"title":"AMLO deslinda al almirante Ojeda del caso Ayotzinapa","author":"Staff","date":"marzo 31, 2022","format":false,"excerpt":"El presidente de M\u00e9xico,\u00a0Andr\u00e9s Manuel L\u00f3pez Obrador, deslind\u00f3 este mi\u00e9rcoles al almirante\u00a0Rafael Ojeda, actual secretario de Marina, de la desaparici\u00f3n de los 43 normalistas de\u00a0Ayotzinapa, ocurrida el 26 de septiembre de 2014. \u201cLos adversarios quieren hacernos quedar mal a nosotros, incluso si nos pudieran echar la culpa a nosotros de\u2026","rel":"","context":"En \u00abFeatured\u00bb","block_context":{"text":"Featured","link":"https:\/\/mexicocodigorojo.com.mx\/?cat=1724"},"img":{"alt_text":"","src":"https:\/\/i0.wp.com\/mexicocodigorojo.com.mx\/wp-content\/uploads\/2022\/03\/amlo-almirante-ojeda-caso-ayotzinapa-alteracion-cocula-central.jpg?fit=1200%2C620&ssl=1&resize=350%2C200","width":350,"height":200,"srcset":"https:\/\/i0.wp.com\/mexicocodigorojo.com.mx\/wp-content\/uploads\/2022\/03\/amlo-almirante-ojeda-caso-ayotzinapa-alteracion-cocula-central.jpg?fit=1200%2C620&ssl=1&resize=350%2C200 1x, https:\/\/i0.wp.com\/mexicocodigorojo.com.mx\/wp-content\/uploads\/2022\/03\/amlo-almirante-ojeda-caso-ayotzinapa-alteracion-cocula-central.jpg?fit=1200%2C620&ssl=1&resize=525%2C300 1.5x, https:\/\/i0.wp.com\/mexicocodigorojo.com.mx\/wp-content\/uploads\/2022\/03\/amlo-almirante-ojeda-caso-ayotzinapa-alteracion-cocula-central.jpg?fit=1200%2C620&ssl=1&resize=700%2C400 2x, https:\/\/i0.wp.com\/mexicocodigorojo.com.mx\/wp-content\/uploads\/2022\/03\/amlo-almirante-ojeda-caso-ayotzinapa-alteracion-cocula-central.jpg?fit=1200%2C620&ssl=1&resize=1050%2C600 3x"},"classes":[]}],"jetpack_sharing_enabled":true,"jetpack_likes_enabled":true,"jetpack_shortlink":"https:\/\/wp.me\/p9TedA-giM","_links":{"self":[{"href":"https:\/\/mexicocodigorojo.com.mx\/index.php?rest_route=\/wp\/v2\/posts\/62668","targetHints":{"allow":["GET"]}}],"collection":[{"href":"https:\/\/mexicocodigorojo.com.mx\/index.php?rest_route=\/wp\/v2\/posts"}],"about":[{"href":"https:\/\/mexicocodigorojo.com.mx\/index.php?rest_route=\/wp\/v2\/types\/post"}],"author":[{"embeddable":true,"href":"https:\/\/mexicocodigorojo.com.mx\/index.php?rest_route=\/wp\/v2\/users\/5"}],"replies":[{"embeddable":true,"href":"https:\/\/mexicocodigorojo.com.mx\/index.php?rest_route=%2Fwp%2Fv2%2Fcomments&post=62668"}],"version-history":[{"count":0,"href":"https:\/\/mexicocodigorojo.com.mx\/index.php?rest_route=\/wp\/v2\/posts\/62668\/revisions"}],"wp:featuredmedia":[{"embeddable":true,"href":"https:\/\/mexicocodigorojo.com.mx\/index.php?rest_route=\/wp\/v2\/media\/62667"}],"wp:attachment":[{"href":"https:\/\/mexicocodigorojo.com.mx\/index.php?rest_route=%2Fwp%2Fv2%2Fmedia&parent=62668"}],"wp:term":[{"taxonomy":"category","embeddable":true,"href":"https:\/\/mexicocodigorojo.com.mx\/index.php?rest_route=%2Fwp%2Fv2%2Fcategories&post=62668"},{"taxonomy":"post_tag","embeddable":true,"href":"https:\/\/mexicocodigorojo.com.mx\/index.php?rest_route=%2Fwp%2Fv2%2Ftags&post=62668"}],"curies":[{"name":"wp","href":"https:\/\/api.w.org\/{rel}","templated":true}]}}