{"id":62608,"date":"2024-08-19T15:12:45","date_gmt":"2024-08-19T21:12:45","guid":{"rendered":"https:\/\/mexicocodigorojo.com.mx\/?p=62608"},"modified":"2024-08-19T15:12:45","modified_gmt":"2024-08-19T21:12:45","slug":"capturan-en-yucatan-a-el-chaparrito-lider-del-cjng-en-colima","status":"publish","type":"post","link":"https:\/\/mexicocodigorojo.com.mx\/?p=62608","title":{"rendered":"Capturan en Yucat\u00e1n a \u00abEl Chaparrito\u00bb, l\u00edder del &#8216;CJNG&#8217; en Colima"},"content":{"rendered":"<p class=\"sc__font-paragraph\"><b>M\u00e9rida, Yucat\u00e1n.<\/b>&#8211;\u00a0 Un detenido en Yucat\u00e1n era Jefe de la Plaza en Colima del\u00a0<b>Cartel de Jalisco Nueva Generaci\u00f3n<\/b>, y fue identificado como Aldrin Miguel Jarqu\u00edn Jarqu\u00edn alias\u00a0<b>\u00abEl Chaparrito\u00bb<\/b>, quien este mismo lunes fue trasladado a la ciudad de M\u00e9xico por la FGR.<\/p>\n<p class=\"sc__font-paragraph\">Jarqu\u00edn Jarqu\u00edn se desenvolv\u00eda como presunto l\u00edder del CJNG en el puerto de Manzanillo Colima, d\u00f3nde controlaba la introducci\u00f3n de drogas y precursores qu\u00edmicos para esa\u00a0<b>organizaci\u00f3n criminal.<\/b><\/p>\n<p>Se dijo que el Jefe de la Plaza Regional fue detenido en Zapopan Jalisco el 13 de marzo del a\u00f1o 2022, pero un juez decret\u00f3 la libertad el 4 de junio bajo el exhorto a que se presentara a la audiencia de imputaci\u00f3n por el cargo de\u00a0<b>delincuencia organizada<\/b>, pero jam\u00e1s lo hizo y huy\u00f3 con direcci\u00f3n a Yucat\u00e1n.<\/p>\n<p class=\"sc__font-paragraph\">Al estar sustra\u00eddo de la justicia los\u00a0<b>grupos de inteligencia de la FGR<\/b>, lograron ubicarlo dos a\u00f1os despu\u00e9s en el norte de M\u00e9rida d\u00f3nde ten\u00eda su residencia, sitio donde fue detenido mediante una orden de cateo y sin que los federales realizar\u00e1n ning\u00fan disparo.<\/p>\n<p class=\"sc__font-paragraph\">Se supo que El \u00abChaparrito\u00bb junto a su hermano Jos\u00e9 de Jes\u00fas Jarqu\u00edn Jarqu\u00edn, llamado<b>\u00a0el R32<\/b>, as\u00ed como C\u00e9sar Enrique D\u00edaz De Le\u00f3n Sauceda, El Lobito, y Fernando Zagal Ant\u00f3n, tambi\u00e9n presuntos miembros del CJNG, fueron incluidos en la\u00a0<b>lista negra del Departamento del Tesoro de Estados Unidos<\/b>.<\/p>\n<div id=\"browsi_adWrapper_ai_2_ati_1_rc_0\">\n<div id=\"browsi_adContainer_ai_2_ati_1_rc_0\" data-google-query-id=\"CO2O_JH6gYgDFeWEpgQdc5sZoQ\">\n<p class=\"sc__font-paragraph\">De acuerdo con informaci\u00f3n de inteligencia proporcionada por la Administraci\u00f3n para el Control de Drogas (DEA, por sus siglas en ingl\u00e9s) el detenido est\u00e1 entre los integrantes de la organizaci\u00f3n criminal con mayor rango.<\/p>\n<p class=\"sc__font-paragraph\">Es m\u00e1s, sus cuentas bancarias fueron bloqueadas por la Unidad de Inteligencia Financiera (UIF).<\/p>\n<p class=\"sc__font-paragraph\">Aldrin Miguel Jarqu\u00edn Jarqu\u00edn naci\u00f3 el 18 de noviembre de 1976, es oriundo del municipio de Nezahualc\u00f3yotl en el Estado de M\u00e9xico e identificado por las autoridades federales como uno de los principales generadores de violencia en el estado de Colima.<\/p>\n<p class=\"sc__font-paragraph\">Fue en un operativo de la FGR y la Secretaria de Marina realizado ayer domingo\u00a0 en el norte de M\u00e9rida d\u00f3nde se logr\u00f3 la aprehensi\u00f3n de este individuo considerado como un objetivo prioritario de las autoridades federales.<\/p>\n<p class=\"sc__font-paragraph\">Tambi\u00e9n se averigu\u00f3 que el l\u00edder criminal se llevaba con empresarios yucatecos y era socio mayoritario de la\u00a0<b>Plaza\u00a0comercial La Isla.<\/b><\/p>\n<p><img decoding=\"async\" src=\"https:\/\/pbs.twimg.com\/media\/GVXamqLaMAINVkX?format=jpg&amp;name=large\" alt=\"Imagen\" \/><\/p>\n<p><img loading=\"lazy\" decoding=\"async\" class=\"aligncenter\" src=\"https:\/\/pbs.twimg.com\/media\/GVXcBvWW4AAio3t?format=png&amp;name=360x360\" alt=\"Imagen\" width=\"505\" height=\"336\" \/><\/p>\n<p><img data-recalc-dims=\"1\" decoding=\"async\" src=\"https:\/\/i0.wp.com\/www.milenio.com\/uploads\/media\/2021\/10\/06\/los-estan-ligados-al-yerno.jpg?w=696&#038;ssl=1\" \/><\/p>\n<p><img decoding=\"async\" src=\"https:\/\/pbs.twimg.com\/media\/FN0FFmTXoAMxFBD?format=jpg&amp;name=large\" alt=\"Imagen\" \/><\/p>\n<\/div>\n<\/div>\n","protected":false},"excerpt":{"rendered":"<p>M\u00e9rida, Yucat\u00e1n.&#8211;\u00a0 Un detenido en Yucat\u00e1n era Jefe de la Plaza en Colima del\u00a0Cartel de Jalisco Nueva Generaci\u00f3n, y fue identificado como Aldrin Miguel Jarqu\u00edn Jarqu\u00edn alias\u00a0\u00abEl Chaparrito\u00bb, quien este mismo lunes fue trasladado a la ciudad de M\u00e9xico por la FGR. Jarqu\u00edn Jarqu\u00edn se desenvolv\u00eda como presunto l\u00edder del CJNG en el puerto de [&hellip;]<\/p>\n","protected":false},"author":5,"featured_media":62609,"comment_status":"open","ping_status":"open","sticky":false,"template":"","format":"standard","meta":{"_uf_show_specific_survey":0,"_uf_disable_surveys":false,"advanced_seo_description":"","jetpack_seo_html_title":"","jetpack_seo_noindex":false,"jetpack_post_was_ever_published":false,"_jetpack_newsletter_access":"","_jetpack_dont_email_post_to_subs":false,"_jetpack_newsletter_tier_id":0,"_jetpack_memberships_contains_paywalled_content":false,"_jetpack_memberships_contains_paid_content":false,"footnotes":"","jetpack_publicize_message":"","jetpack_publicize_feature_enabled":true,"jetpack_social_post_already_shared":true,"jetpack_social_options":{"image_generator_settings":{"template":"highway","default_image_id":0,"font":"","enabled":false},"version":2}},"categories":[104,1724],"tags":[2068,2173],"class_list":{"0":"post-62608","1":"post","2":"type-post","3":"status-publish","4":"format-standard","5":"has-post-thumbnail","7":"category-colima","8":"category-featured","9":"tag-cjng-2","10":"tag-narcotrafico-2"},"jetpack_publicize_connections":[],"jetpack_featured_media_url":"https:\/\/mexicocodigorojo.com.mx\/wp-content\/uploads\/2024\/08\/HQQMABMLTZBTFEFN4IGONFIMWA.avif","jetpack-related-posts":[{"id":52583,"url":"https:\/\/mexicocodigorojo.com.mx\/?p=52583","url_meta":{"origin":62608,"position":0},"title":"Cae en Zapopan el \u201cChaparrito\u201d, lugarteniente del CJNG","author":"Staff","date":"marzo 14, 2022","format":false,"excerpt":"Uno de los presuntos responsables por la ola de violencia en Colima fue detenido este domingo por elementos de la Secretar\u00eda de Marina y la Fiscal\u00eda General de la Rep\u00fablica en Zapopan; se trata de Aldrin Miguel Jarqu\u00edn Jarqu\u00edn, alias \u201cChaparrito\u201d, lugarteniente del C\u00e1rtel Jalisco Nueva Generaci\u00f3n, quien seg\u00fan las\u2026","rel":"","context":"En \u00abFeatured\u00bb","block_context":{"text":"Featured","link":"https:\/\/mexicocodigorojo.com.mx\/?cat=1724"},"img":{"alt_text":"","src":"https:\/\/i0.wp.com\/mexicocodigorojo.com.mx\/wp-content\/uploads\/2022\/03\/el-chaparrito-cjng.jpg?fit=1200%2C600&ssl=1&resize=350%2C200","width":350,"height":200,"srcset":"https:\/\/i0.wp.com\/mexicocodigorojo.com.mx\/wp-content\/uploads\/2022\/03\/el-chaparrito-cjng.jpg?fit=1200%2C600&ssl=1&resize=350%2C200 1x, https:\/\/i0.wp.com\/mexicocodigorojo.com.mx\/wp-content\/uploads\/2022\/03\/el-chaparrito-cjng.jpg?fit=1200%2C600&ssl=1&resize=525%2C300 1.5x, https:\/\/i0.wp.com\/mexicocodigorojo.com.mx\/wp-content\/uploads\/2022\/03\/el-chaparrito-cjng.jpg?fit=1200%2C600&ssl=1&resize=700%2C400 2x, https:\/\/i0.wp.com\/mexicocodigorojo.com.mx\/wp-content\/uploads\/2022\/03\/el-chaparrito-cjng.jpg?fit=1200%2C600&ssl=1&resize=1050%2C600 3x"},"classes":[]},{"id":10049,"url":"https:\/\/mexicocodigorojo.com.mx\/?p=10049","url_meta":{"origin":62608,"position":1},"title":"Detienen a l\u00edder del C\u00e1rtel del Golfo en Yucat\u00e1n era jefe de plaza en Nuevo Le\u00f3n.","author":"Staff","date":"diciembre 7, 2018","format":false,"excerpt":"Detienen a l\u00edder del C\u00e1rtel del Golfo en Yucat\u00e1n era jefe de plaza en Nuevo Le\u00f3n. M\u00e9rida Yucat\u00e1n 6 Diciembre de 2018 (ACOM).-Eleazar Medina Rojas alias \u201cEl Chelelo\u201d l\u00edder del C\u00e1rtel del Golfo y quien manten\u00eda el control de la plaza de Nuevo Le\u00f3n, habr\u00eda sido detenido en Yucat\u00e1n de\u2026","rel":"","context":"En \u00abNuevo Le\u00f3n\u00bb","block_context":{"text":"Nuevo Le\u00f3n","link":"https:\/\/mexicocodigorojo.com.mx\/?cat=29"},"img":{"alt_text":"","src":"https:\/\/i0.wp.com\/mexicocodigorojo.com.mx\/wp-content\/uploads\/2018\/12\/img_20181206_210638_0381741294485.jpg?resize=350%2C200&ssl=1","width":350,"height":200},"classes":[]},{"id":53760,"url":"https:\/\/mexicocodigorojo.com.mx\/?p=53760","url_meta":{"origin":62608,"position":2},"title":"Cae en CDMX el l\u00edder criminal \u201cLa Vaca\u201d; reportan quema de autos en Colima","author":"MexicoRojoCvmx","date":"agosto 19, 2022","format":false,"excerpt":"La Secretar\u00eda de Seguridad Ciudadana en coordinaci\u00f3n con la Secretar\u00eda de la Defensa Nacional, detuvieron a Jos\u00e9 Bernab\u00e9 Brizuela Meraz, alias \"La Vaca\" o \"La Bestia\u201c, l\u00edder del C\u00e1rtel Independiente de Colima, en las inmediaciones de un hotel ubicado en la colonia Anzures, en la alcald\u00eda Miguel Hidalgo. El l\u00edder\u2026","rel":"","context":"En \u00abCiudad de M\u00e9xico\u00bb","block_context":{"text":"Ciudad de M\u00e9xico","link":"https:\/\/mexicocodigorojo.com.mx\/?cat=101"},"img":{"alt_text":"","src":"https:\/\/i0.wp.com\/mexicocodigorojo.com.mx\/wp-content\/uploads\/2022\/08\/Captura-de-pantalla-2022-08-19-094421.jpg?fit=1171%2C720&ssl=1&resize=350%2C200","width":350,"height":200,"srcset":"https:\/\/i0.wp.com\/mexicocodigorojo.com.mx\/wp-content\/uploads\/2022\/08\/Captura-de-pantalla-2022-08-19-094421.jpg?fit=1171%2C720&ssl=1&resize=350%2C200 1x, https:\/\/i0.wp.com\/mexicocodigorojo.com.mx\/wp-content\/uploads\/2022\/08\/Captura-de-pantalla-2022-08-19-094421.jpg?fit=1171%2C720&ssl=1&resize=525%2C300 1.5x, https:\/\/i0.wp.com\/mexicocodigorojo.com.mx\/wp-content\/uploads\/2022\/08\/Captura-de-pantalla-2022-08-19-094421.jpg?fit=1171%2C720&ssl=1&resize=700%2C400 2x, https:\/\/i0.wp.com\/mexicocodigorojo.com.mx\/wp-content\/uploads\/2022\/08\/Captura-de-pantalla-2022-08-19-094421.jpg?fit=1171%2C720&ssl=1&resize=1050%2C600 3x"},"classes":[]},{"id":53757,"url":"https:\/\/mexicocodigorojo.com.mx\/?p=53757","url_meta":{"origin":62608,"position":3},"title":"Los Mezcales vs CJNG: La ruptura entre c\u00e1rteles que gener\u00f3 la ola de violencia en Colima","author":"MexicoRojoCvmx","date":"agosto 19, 2022","format":false,"excerpt":"Jos\u00e9 Bernab\u00e9 Brizuela alias \u201cLa Vaca\u201d, l\u00edder de Los Mezcales aliados al C\u00e1rtel Jalisco Nueva Generaci\u00f3n (CJNG) en Colima, fue detenido en un operativo en la Ciudad de M\u00e9xico, as\u00ed lo inform\u00f3 el jefe de la polic\u00eda capitalina, Omar Garc\u00eda Harfuch. El operativo se realiz\u00f3 entre la SSC y la\u2026","rel":"","context":"En \u00abFeatured\u00bb","block_context":{"text":"Featured","link":"https:\/\/mexicocodigorojo.com.mx\/?cat=1724"},"img":{"alt_text":"","src":"https:\/\/i0.wp.com\/mexicocodigorojo.com.mx\/wp-content\/uploads\/2022\/08\/Captura-de-pantalla-2022-08-19-094005.jpg?fit=1102%2C714&ssl=1&resize=350%2C200","width":350,"height":200,"srcset":"https:\/\/i0.wp.com\/mexicocodigorojo.com.mx\/wp-content\/uploads\/2022\/08\/Captura-de-pantalla-2022-08-19-094005.jpg?fit=1102%2C714&ssl=1&resize=350%2C200 1x, https:\/\/i0.wp.com\/mexicocodigorojo.com.mx\/wp-content\/uploads\/2022\/08\/Captura-de-pantalla-2022-08-19-094005.jpg?fit=1102%2C714&ssl=1&resize=525%2C300 1.5x, https:\/\/i0.wp.com\/mexicocodigorojo.com.mx\/wp-content\/uploads\/2022\/08\/Captura-de-pantalla-2022-08-19-094005.jpg?fit=1102%2C714&ssl=1&resize=700%2C400 2x, https:\/\/i0.wp.com\/mexicocodigorojo.com.mx\/wp-content\/uploads\/2022\/08\/Captura-de-pantalla-2022-08-19-094005.jpg?fit=1102%2C714&ssl=1&resize=1050%2C600 3x"},"classes":[]},{"id":14075,"url":"https:\/\/mexicocodigorojo.com.mx\/?p=14075","url_meta":{"origin":62608,"position":4},"title":"4 CARTELES SE DISPUTAN AGUASCALIENTES,PERO SOLO DOS TIENEN MAYOR PRESENCIA SEGUN FGR,MARINA &#038; SEDENA","author":"Staff","date":"febrero 14, 2019","format":false,"excerpt":"4 CARTELES SE DISPUTAN AGUASCALIENTES,PERO SOLO DOS TIENEN MAYOR PRESENCIA SEGUN FGR,MARINA & SEDENA La declaraci\u00f3n de culpabilidad fue para Joaqu\u00edn \u201cEl Chapo\u201d Guzm\u00e1n Loera, que no para el narcotr\u00e1fico en M\u00e9xico. Con o sin el narcotraficante originario de Badiraguato, Sinaloa, operan nueve c\u00e1rteles divididas en m\u00e1s de 80 c\u00e9lulas.\u2026","rel":"","context":"En \u00abAguascalientes\u00bb","block_context":{"text":"Aguascalientes","link":"https:\/\/mexicocodigorojo.com.mx\/?cat=287"},"img":{"alt_text":"","src":"https:\/\/i0.wp.com\/mexicocodigorojo.com.mx\/wp-content\/uploads\/2019\/02\/droga-en-mexico-384x1024.jpg?resize=350%2C200&ssl=1","width":350,"height":200},"classes":[]},{"id":3218,"url":"https:\/\/mexicocodigorojo.com.mx\/?p=3218","url_meta":{"origin":62608,"position":5},"title":"C\u00c1RTEL NUEVA PLAZA Y CDS BUSCAN ARREBATAR AL CJNG EL CONTROL DE LAS DROGAS EN EL OCCIDENTE DEL PA\u00cdS","author":"Staff","date":"septiembre 17, 2018","format":false,"excerpt":"De acuerdo con informaci\u00f3n oficial Carlos S\u00e1nchez Mart\u00ednez, \u201dEl Cholo\u201d, fundador del C\u00e1rtel Nueva Plaza y Erick Valencia, \u201dEl 85\u201d se habr\u00edan aliado contra \u201dEl Mencho\u201d. La zona occidente del pa\u00eds conformada por Colima, Jalisco, Nayarit, Michoac\u00e1n y Guanajuato, se ha convertido en la manzana de la discordia entre los\u2026","rel":"","context":"En \u00abFeatured\u00bb","block_context":{"text":"Featured","link":"https:\/\/mexicocodigorojo.com.mx\/?cat=1724"},"img":{"alt_text":"","src":"https:\/\/i0.wp.com\/mexicocodigorojo.com.mx\/wp-content\/uploads\/2018\/09\/images.jpeg?resize=350%2C200&ssl=1","width":350,"height":200},"classes":[]}],"jetpack_sharing_enabled":true,"jetpack_likes_enabled":true,"jetpack_shortlink":"https:\/\/wp.me\/p9TedA-ghO","_links":{"self":[{"href":"https:\/\/mexicocodigorojo.com.mx\/index.php?rest_route=\/wp\/v2\/posts\/62608","targetHints":{"allow":["GET"]}}],"collection":[{"href":"https:\/\/mexicocodigorojo.com.mx\/index.php?rest_route=\/wp\/v2\/posts"}],"about":[{"href":"https:\/\/mexicocodigorojo.com.mx\/index.php?rest_route=\/wp\/v2\/types\/post"}],"author":[{"embeddable":true,"href":"https:\/\/mexicocodigorojo.com.mx\/index.php?rest_route=\/wp\/v2\/users\/5"}],"replies":[{"embeddable":true,"href":"https:\/\/mexicocodigorojo.com.mx\/index.php?rest_route=%2Fwp%2Fv2%2Fcomments&post=62608"}],"version-history":[{"count":1,"href":"https:\/\/mexicocodigorojo.com.mx\/index.php?rest_route=\/wp\/v2\/posts\/62608\/revisions"}],"predecessor-version":[{"id":62610,"href":"https:\/\/mexicocodigorojo.com.mx\/index.php?rest_route=\/wp\/v2\/posts\/62608\/revisions\/62610"}],"wp:featuredmedia":[{"embeddable":true,"href":"https:\/\/mexicocodigorojo.com.mx\/index.php?rest_route=\/wp\/v2\/media\/62609"}],"wp:attachment":[{"href":"https:\/\/mexicocodigorojo.com.mx\/index.php?rest_route=%2Fwp%2Fv2%2Fmedia&parent=62608"}],"wp:term":[{"taxonomy":"category","embeddable":true,"href":"https:\/\/mexicocodigorojo.com.mx\/index.php?rest_route=%2Fwp%2Fv2%2Fcategories&post=62608"},{"taxonomy":"post_tag","embeddable":true,"href":"https:\/\/mexicocodigorojo.com.mx\/index.php?rest_route=%2Fwp%2Fv2%2Ftags&post=62608"}],"curies":[{"name":"wp","href":"https:\/\/api.w.org\/{rel}","templated":true}]}}