{"id":62585,"date":"2024-08-18T11:21:23","date_gmt":"2024-08-18T17:21:23","guid":{"rendered":"https:\/\/mexicocodigorojo.com.mx\/?p=62585"},"modified":"2024-08-18T11:21:23","modified_gmt":"2024-08-18T17:21:23","slug":"violencia-militar-en-nuevo-laredo-deja-dos-civiles-heridos-en-incidentes-separados","status":"publish","type":"post","link":"https:\/\/mexicocodigorojo.com.mx\/?p=62585","title":{"rendered":"Violencia militar en Nuevo Laredo deja dos civiles heridos en incidentes separados"},"content":{"rendered":"<p>Nuevo Laredo, Tamaulipas, 18 de agosto de 2024 \u2014 Dos civiles inocentes resultaron heridos de bala en incidentes distintos, ambos presuntamente causados por elementos de la Secretar\u00eda de la Defensa Nacional (SEDENA). Los ataques, que ocurrieron el s\u00e1bado 17 de agosto, subrayan la creciente preocupaci\u00f3n sobre el uso indiscriminado de la fuerza por parte de personal militar en esta frontera.<\/p>\n<p>El primer caso tuvo lugar a las 12:30 horas en la colonia La Uni\u00f3n, donde Jos\u00e9 Silvano V\u00e1zquez Gonz\u00e1lez, de 37 a\u00f1os, recibi\u00f3 un disparo en la cabeza mientras esperaba su transporte para dirigirse al trabajo. Fue trasladado al IMSS de \u201cLa Bandera\u201d, donde su esposa, Paola Roc\u00edo Ram\u00edrez, relat\u00f3 c\u00f3mo, tras escuchar disparos, descubri\u00f3 que su esposo hab\u00eda sido alcanzado por una bala perdida. Los testigos se\u00f1alaron a personal militar como responsables del disparo. Jos\u00e9 Silvano fue sedado debido a la gravedad de su herida, que dej\u00f3 expuesto el tejido subd\u00e9rmico.<\/p>\n<p>Horas m\u00e1s tarde, alrededor de las 21:00, otro incidente dej\u00f3 gravemente herido a un joven de 16 a\u00f1os en la carretera An\u00e1huac, cerca de Los Dos Puentes. Armando, quien estaba limpiando un terreno junto a otros dos adolescentes, fue alcanzado por una bala en el gl\u00fateo izquierdo que sali\u00f3 por su abdomen. Su madre, Alma Karina Gallardo Rodr\u00edguez, denunci\u00f3 que los soldados dispararon indiscriminadamente sin preocuparse por la presencia de civiles, y que tras herir a su hijo, no ofrecieron ayuda alguna. Armando fue trasladado de urgencia al Hospital San Gerardo debido a la gravedad de sus lesiones.<\/p>\n<p>Estos incidentes reflejan una alarmante tendencia de violencia por parte del personal militar en Nuevo Laredo, generando un clima de inseguridad entre la poblaci\u00f3n civil. Los familiares de las v\u00edctimas exigen justicia y una revisi\u00f3n exhaustiva de las pr\u00e1cticas operativas de la SEDENA, para evitar que estos abusos se repitan. Las autoridades deben investigar con celeridad estos hechos y tomar medidas inmediatas para garantizar la protecci\u00f3n de los ciudadanos.<\/p>\n","protected":false},"excerpt":{"rendered":"<p>Nuevo Laredo, Tamaulipas, 18 de agosto de 2024 \u2014 Dos civiles inocentes resultaron heridos de bala en incidentes distintos, ambos presuntamente causados por elementos de la Secretar\u00eda de la Defensa Nacional (SEDENA). Los ataques, que ocurrieron el s\u00e1bado 17 de agosto, subrayan la creciente preocupaci\u00f3n sobre el uso indiscriminado de la fuerza por parte de [&hellip;]<\/p>\n","protected":false},"author":21,"featured_media":62586,"comment_status":"open","ping_status":"open","sticky":false,"template":"","format":"standard","meta":{"_uf_show_specific_survey":0,"_uf_disable_surveys":false,"advanced_seo_description":"","jetpack_seo_html_title":"","jetpack_seo_noindex":false,"jetpack_post_was_ever_published":false,"_jetpack_newsletter_access":"","_jetpack_dont_email_post_to_subs":false,"_jetpack_newsletter_tier_id":0,"_jetpack_memberships_contains_paywalled_content":false,"_jetpack_memberships_contains_paid_content":false,"footnotes":"","jetpack_publicize_message":"","jetpack_publicize_feature_enabled":true,"jetpack_social_post_already_shared":true,"jetpack_social_options":{"image_generator_settings":{"template":"highway","default_image_id":0,"font":"","enabled":false},"version":2}},"categories":[2],"tags":[],"class_list":{"0":"post-62585","1":"post","2":"type-post","3":"status-publish","4":"format-standard","5":"has-post-thumbnail","7":"category-tamaulipas"},"jetpack_publicize_connections":[],"jetpack_featured_media_url":"https:\/\/i0.wp.com\/mexicocodigorojo.com.mx\/wp-content\/uploads\/2024\/08\/Screenshot_20240818-110652-660x330-1.png?fit=660%2C330&ssl=1","jetpack-related-posts":[{"id":51061,"url":"https:\/\/mexicocodigorojo.com.mx\/?p=51061","url_meta":{"origin":62585,"position":0},"title":"Siguen las masacres en Nuevo Laredo; van m\u00e1s de 13 muertos en las \u00faltimas horas","author":"MexicoRojoCvmx","date":"septiembre 9, 2021","format":false,"excerpt":"Al menos 13 muertos, entre ellos 11 presuntos delincuentes y dos civiles, dej\u00f3 una serie de enfrentamientos entre civiles armados y agentes del Ej\u00e9rcito mexicano, en Nuevo Laredo, inform\u00f3 la Secretar\u00eda de la Defensa Nacional (Sedena). Seg\u00fan la Sedena, los presuntos delincuentes armados usaban uniformes clonados de la Marina y\u2026","rel":"","context":"En \u00abFeatured\u00bb","block_context":{"text":"Featured","link":"https:\/\/mexicocodigorojo.com.mx\/?cat=1724"},"img":{"alt_text":"","src":"https:\/\/i0.wp.com\/mexicocodigorojo.com.mx\/wp-content\/uploads\/2021\/09\/enfrentamientos-en-nuevo-laredo.jpg?fit=1200%2C675&ssl=1&resize=350%2C200","width":350,"height":200,"srcset":"https:\/\/i0.wp.com\/mexicocodigorojo.com.mx\/wp-content\/uploads\/2021\/09\/enfrentamientos-en-nuevo-laredo.jpg?fit=1200%2C675&ssl=1&resize=350%2C200 1x, https:\/\/i0.wp.com\/mexicocodigorojo.com.mx\/wp-content\/uploads\/2021\/09\/enfrentamientos-en-nuevo-laredo.jpg?fit=1200%2C675&ssl=1&resize=525%2C300 1.5x, https:\/\/i0.wp.com\/mexicocodigorojo.com.mx\/wp-content\/uploads\/2021\/09\/enfrentamientos-en-nuevo-laredo.jpg?fit=1200%2C675&ssl=1&resize=700%2C400 2x, https:\/\/i0.wp.com\/mexicocodigorojo.com.mx\/wp-content\/uploads\/2021\/09\/enfrentamientos-en-nuevo-laredo.jpg?fit=1200%2C675&ssl=1&resize=1050%2C600 3x"},"classes":[]},{"id":63782,"url":"https:\/\/mexicocodigorojo.com.mx\/?p=63782","url_meta":{"origin":62585,"position":1},"title":"Amanecer de fuego en Nuevo Laredo: Capturan a l\u00edder del C\u00e1rtel del Noreste en operativo inter-agencial","author":"MexicoRojoCvmx","date":"febrero 3, 2025","format":false,"excerpt":"La calma del amanecer en Nuevo Laredo, Tamaulipas, fue abruptamente interrumpida este lunes 3 de febrero por el estruendo de una intensa balacera. La operaci\u00f3n, ejecutada por fuerzas combinadas de la SEDENA, la Secretar\u00eda de Marina y la Secretar\u00eda de Seguridad P\u00fablica bajo la direcci\u00f3n de Omar Garc\u00eda Harfuch, culmin\u00f3\u2026","rel":"","context":"En \u00abFeatured\u00bb","block_context":{"text":"Featured","link":"https:\/\/mexicocodigorojo.com.mx\/?cat=1724"},"img":{"alt_text":"","src":"https:\/\/i0.wp.com\/mexicocodigorojo.com.mx\/wp-content\/uploads\/2025\/02\/Captura-de-pantalla-2025-02-03-124124.png?fit=1200%2C703&ssl=1&resize=350%2C200","width":350,"height":200,"srcset":"https:\/\/i0.wp.com\/mexicocodigorojo.com.mx\/wp-content\/uploads\/2025\/02\/Captura-de-pantalla-2025-02-03-124124.png?fit=1200%2C703&ssl=1&resize=350%2C200 1x, https:\/\/i0.wp.com\/mexicocodigorojo.com.mx\/wp-content\/uploads\/2025\/02\/Captura-de-pantalla-2025-02-03-124124.png?fit=1200%2C703&ssl=1&resize=525%2C300 1.5x, https:\/\/i0.wp.com\/mexicocodigorojo.com.mx\/wp-content\/uploads\/2025\/02\/Captura-de-pantalla-2025-02-03-124124.png?fit=1200%2C703&ssl=1&resize=700%2C400 2x, https:\/\/i0.wp.com\/mexicocodigorojo.com.mx\/wp-content\/uploads\/2025\/02\/Captura-de-pantalla-2025-02-03-124124.png?fit=1200%2C703&ssl=1&resize=1050%2C600 3x"},"classes":[]},{"id":9467,"url":"https:\/\/mexicocodigorojo.com.mx\/?p=9467","url_meta":{"origin":62585,"position":2},"title":"BALACERAS en Nuevo Laredo en Dos d\u00edas deja al menos 11 muertos entre MILITARES y SICARIOS del CDN en Tamaulipas","author":"Staff","date":"noviembre 25, 2018","format":false,"excerpt":"BALACERAS en Nuevo Laredo en Dos d\u00edas deja al menos 11 muertos entre MILITARES y SICARIOS del CDN en Tamaulipas Nuevo Laredo, Tam.-Por segundo d\u00eda consecutivo se reportaron ayer enfrentamientos en la ciudad de Nuevo Laredo, que habr\u00edan dejado de manera extraoficial cuatro delincuentes y tres soldados muertos, lo que\u2026","rel":"","context":"En \u00abTamaulipas\u00bb","block_context":{"text":"Tamaulipas","link":"https:\/\/mexicocodigorojo.com.mx\/?cat=2"},"img":{"alt_text":"","src":"https:\/\/i0.wp.com\/mexicocodigorojo.com.mx\/wp-content\/uploads\/2018\/11\/dsxx9o0vsaaefrp83707734.jpg?resize=350%2C200&ssl=1","width":350,"height":200},"classes":[]},{"id":22577,"url":"https:\/\/mexicocodigorojo.com.mx\/?p=22577","url_meta":{"origin":62585,"position":3},"title":"VIDEO; OPERATIVO ZETA \u201cLA TROPA DEL INFIERNO\u201d DEL \u201cCDN\u201d ATAC\u00d3 A POLIC\u00cdAS ESTATALES, UN MUERTO Y DOS HERIDOS EN NUEVO LAREDO, TAMAULIPAS","author":"Staff","date":"agosto 23, 2019","format":false,"excerpt":"Nuevo Laredo, Tamaulipas.- La Secretar\u00eda de Seguridad P\u00fablica de Tamaulipas informa que alrededor de las 02:45 horas, civiles armados realizaron detonaciones contra las instalaciones del Hotel Teresa de este municipio donde pernoctan Polic\u00edas Estatales asignados a la seguridad en esa ciudad. Un elemento muri\u00f3 y dos m\u00e1s resultaron lesionados. \u00a0\u2026","rel":"","context":"En \u00abTamaulipas\u00bb","block_context":{"text":"Tamaulipas","link":"https:\/\/mexicocodigorojo.com.mx\/?cat=2"},"img":{"alt_text":"","src":"https:\/\/i0.wp.com\/mexicocodigorojo.com.mx\/wp-content\/uploads\/2019\/08\/b834debb-9194-4c9d-a046-5bc495ec134d.jpg?resize=350%2C200&ssl=1","width":350,"height":200,"srcset":"https:\/\/i0.wp.com\/mexicocodigorojo.com.mx\/wp-content\/uploads\/2019\/08\/b834debb-9194-4c9d-a046-5bc495ec134d.jpg?resize=350%2C200&ssl=1 1x, https:\/\/i0.wp.com\/mexicocodigorojo.com.mx\/wp-content\/uploads\/2019\/08\/b834debb-9194-4c9d-a046-5bc495ec134d.jpg?resize=525%2C300&ssl=1 1.5x"},"classes":[]},{"id":54495,"url":"https:\/\/mexicocodigorojo.com.mx\/?p=54495","url_meta":{"origin":62585,"position":4},"title":"Enfrentamiento en Nuevo Laredo deja cinco muertos","author":"Staff","date":"diciembre 6, 2022","format":false,"excerpt":"NUEVO LAREDO TAMAULIPAS. Esta tarde Elementos del Ej\u00e9rcito Mexicano (SEDENA) al efectuar reconocimientos terrestres en las colonias Infonavit y benito ju\u00e1rez fueron agredidos por civiles armados del grupo delictivo C\u00e1rtel Del Noreste desde varios veh\u00edculos en movimiento por lo que el personal castrense en defensa de su integridad y de\u2026","rel":"","context":"En \u00abFeatured\u00bb","block_context":{"text":"Featured","link":"https:\/\/mexicocodigorojo.com.mx\/?cat=1724"},"img":{"alt_text":"","src":"https:\/\/i0.wp.com\/mexicocodigorojo.com.mx\/wp-content\/uploads\/2022\/12\/11ec90a9-1442-46ab-a405-2aad8fd8b6b8-scaled.jpg?fit=1200%2C1200&ssl=1&resize=350%2C200","width":350,"height":200,"srcset":"https:\/\/i0.wp.com\/mexicocodigorojo.com.mx\/wp-content\/uploads\/2022\/12\/11ec90a9-1442-46ab-a405-2aad8fd8b6b8-scaled.jpg?fit=1200%2C1200&ssl=1&resize=350%2C200 1x, https:\/\/i0.wp.com\/mexicocodigorojo.com.mx\/wp-content\/uploads\/2022\/12\/11ec90a9-1442-46ab-a405-2aad8fd8b6b8-scaled.jpg?fit=1200%2C1200&ssl=1&resize=525%2C300 1.5x, https:\/\/i0.wp.com\/mexicocodigorojo.com.mx\/wp-content\/uploads\/2022\/12\/11ec90a9-1442-46ab-a405-2aad8fd8b6b8-scaled.jpg?fit=1200%2C1200&ssl=1&resize=700%2C400 2x, https:\/\/i0.wp.com\/mexicocodigorojo.com.mx\/wp-content\/uploads\/2022\/12\/11ec90a9-1442-46ab-a405-2aad8fd8b6b8-scaled.jpg?fit=1200%2C1200&ssl=1&resize=1050%2C600 3x"},"classes":[]},{"id":62589,"url":"https:\/\/mexicocodigorojo.com.mx\/?p=62589","url_meta":{"origin":62585,"position":5},"title":"Coahuila blindo su frontera tras enfrentamientos en Nuevo Laredo","author":"Staff","date":"agosto 19, 2024","format":false,"excerpt":"Ante los enfrentamientos registrados en Nuevo Laredo, Tamaulipas, el Gobierno de Coahuila a trav\u00e9s de la Secretar\u00eda de Seguridad P\u00fablica blind\u00f3 sus l\u00edmites en la Regi\u00f3n Centro, Carbon\u00edfera y sobre todo en la Norte, por la cercan\u00eda a los sucesos del d\u00eda. Mediante labores de coordinaci\u00f3n entre la Secretar\u00eda de\u2026","rel":"","context":"En \u00abCoahuila\u00bb","block_context":{"text":"Coahuila","link":"https:\/\/mexicocodigorojo.com.mx\/?cat=27"},"img":{"alt_text":"","src":"https:\/\/i0.wp.com\/mexicocodigorojo.com.mx\/wp-content\/uploads\/2024\/08\/ff146ea4_9b73_47cf_b276_d9c9658b0cfc_8806144fdc.jpeg?fit=1200%2C806&ssl=1&resize=350%2C200","width":350,"height":200,"srcset":"https:\/\/i0.wp.com\/mexicocodigorojo.com.mx\/wp-content\/uploads\/2024\/08\/ff146ea4_9b73_47cf_b276_d9c9658b0cfc_8806144fdc.jpeg?fit=1200%2C806&ssl=1&resize=350%2C200 1x, https:\/\/i0.wp.com\/mexicocodigorojo.com.mx\/wp-content\/uploads\/2024\/08\/ff146ea4_9b73_47cf_b276_d9c9658b0cfc_8806144fdc.jpeg?fit=1200%2C806&ssl=1&resize=525%2C300 1.5x, https:\/\/i0.wp.com\/mexicocodigorojo.com.mx\/wp-content\/uploads\/2024\/08\/ff146ea4_9b73_47cf_b276_d9c9658b0cfc_8806144fdc.jpeg?fit=1200%2C806&ssl=1&resize=700%2C400 2x, https:\/\/i0.wp.com\/mexicocodigorojo.com.mx\/wp-content\/uploads\/2024\/08\/ff146ea4_9b73_47cf_b276_d9c9658b0cfc_8806144fdc.jpeg?fit=1200%2C806&ssl=1&resize=1050%2C600 3x"},"classes":[]}],"jetpack_sharing_enabled":true,"jetpack_likes_enabled":true,"jetpack_shortlink":"https:\/\/wp.me\/p9TedA-ghr","_links":{"self":[{"href":"https:\/\/mexicocodigorojo.com.mx\/index.php?rest_route=\/wp\/v2\/posts\/62585","targetHints":{"allow":["GET"]}}],"collection":[{"href":"https:\/\/mexicocodigorojo.com.mx\/index.php?rest_route=\/wp\/v2\/posts"}],"about":[{"href":"https:\/\/mexicocodigorojo.com.mx\/index.php?rest_route=\/wp\/v2\/types\/post"}],"author":[{"embeddable":true,"href":"https:\/\/mexicocodigorojo.com.mx\/index.php?rest_route=\/wp\/v2\/users\/21"}],"replies":[{"embeddable":true,"href":"https:\/\/mexicocodigorojo.com.mx\/index.php?rest_route=%2Fwp%2Fv2%2Fcomments&post=62585"}],"version-history":[{"count":1,"href":"https:\/\/mexicocodigorojo.com.mx\/index.php?rest_route=\/wp\/v2\/posts\/62585\/revisions"}],"predecessor-version":[{"id":62587,"href":"https:\/\/mexicocodigorojo.com.mx\/index.php?rest_route=\/wp\/v2\/posts\/62585\/revisions\/62587"}],"wp:featuredmedia":[{"embeddable":true,"href":"https:\/\/mexicocodigorojo.com.mx\/index.php?rest_route=\/wp\/v2\/media\/62586"}],"wp:attachment":[{"href":"https:\/\/mexicocodigorojo.com.mx\/index.php?rest_route=%2Fwp%2Fv2%2Fmedia&parent=62585"}],"wp:term":[{"taxonomy":"category","embeddable":true,"href":"https:\/\/mexicocodigorojo.com.mx\/index.php?rest_route=%2Fwp%2Fv2%2Fcategories&post=62585"},{"taxonomy":"post_tag","embeddable":true,"href":"https:\/\/mexicocodigorojo.com.mx\/index.php?rest_route=%2Fwp%2Fv2%2Ftags&post=62585"}],"curies":[{"name":"wp","href":"https:\/\/api.w.org\/{rel}","templated":true}]}}