{"id":62553,"date":"2024-08-13T21:58:15","date_gmt":"2024-08-14T03:58:15","guid":{"rendered":"https:\/\/mexicocodigorojo.com.mx\/?p=62553"},"modified":"2024-08-13T21:58:15","modified_gmt":"2024-08-14T03:58:15","slug":"policias-investigadores-y-ejercito-aseguran-cocaina-en-camargo","status":"publish","type":"post","link":"https:\/\/mexicocodigorojo.com.mx\/?p=62553","title":{"rendered":"Polic\u00edas investigadores y ej\u00e9rcito aseguran coca\u00edna en Camargo"},"content":{"rendered":"\n<p>Reynosa, Tamaulipas.- Derivado de las acciones coordinadas desarrolladas por Policias de Investigaci\u00f3n de la Fiscal\u00eda General de Justicia del Estado de Tamaulipas y elementos del Ej\u00e9rcito Mexicano, de la 8va. Zona Militar, como parte de las acciones contra el narco menudeo, se realizaron investigaciones que llevaron al aseguramiento de 84 paquetes con sustancia blanca, que se encontraban escondidas dentro de blocks de cemento en una plataforma, cerca del Puente Internacional de Camargo.<\/p>\n\n\n\n<p>Despues del an\u00e1lisis quimico, se obtuvo que el polvo correspond\u00eda a coca\u00edna, por lo que fue puesto a disposici\u00f3n del Ministerio P\u00fablico de la Federaci\u00f3n para las acciones correspondientes.<\/p>\n\n\n\n<p>La Fiscal\u00eda General de Justicia del Estado de Tamaulipas refrenda su compromiso de trabajar en conjunto con las instituciones de seguridad del Estado Mexicano para combatir los delitos que atentan contra la salud de las familias tamaulipecas.<\/p>\n\n\n\n<figure class=\"wp-block-embed is-type-rich is-provider-twitter wp-block-embed-twitter\"><div class=\"wp-block-embed__wrapper\">\n<blockquote class=\"twitter-tweet\" data-width=\"550\" data-dnt=\"true\"><p lang=\"es\" dir=\"ltr\">Policias de Investigaci\u00f3n de la <a href=\"https:\/\/twitter.com\/FGJ_Tam?ref_src=twsrc%5Etfw\">@FGJ_Tam<\/a> y elementos del Ej\u00e9rcito Mexicano, de la 8va. Zona Militar <a href=\"https:\/\/twitter.com\/SEDENAmx?ref_src=twsrc%5Etfw\">@SEDENAmx<\/a>, aseguraron 84 paquetes con coca\u00edna, se encontraban escondidas dentro de blocks de cemento en una plataforma, cerca del Puente Internacional de <a href=\"https:\/\/twitter.com\/hashtag\/Camargo?src=hash&amp;ref_src=twsrc%5Etfw\">#Camargo<\/a>. <a href=\"https:\/\/t.co\/Kghpg9gjCH\">pic.twitter.com\/Kghpg9gjCH<\/a><\/p>&mdash; ElGuzman (@FuriaNegra77) <a href=\"https:\/\/twitter.com\/FuriaNegra77\/status\/1823569199383327176?ref_src=twsrc%5Etfw\">August 14, 2024<\/a><\/blockquote><script async src=\"https:\/\/platform.twitter.com\/widgets.js\" charset=\"utf-8\"><\/script>\n<\/div><\/figure>\n","protected":false},"excerpt":{"rendered":"<p>Reynosa, Tamaulipas.- Derivado de las acciones coordinadas desarrolladas por Policias de Investigaci\u00f3n de la Fiscal\u00eda General de Justicia del Estado de Tamaulipas y elementos del Ej\u00e9rcito Mexicano, de la 8va. Zona Militar, como parte de las acciones contra el narco menudeo, se realizaron investigaciones que llevaron al aseguramiento de 84 paquetes con sustancia blanca, que [&hellip;]<\/p>\n","protected":false},"author":5,"featured_media":62552,"comment_status":"open","ping_status":"open","sticky":false,"template":"","format":"standard","meta":{"_uf_show_specific_survey":0,"_uf_disable_surveys":false,"advanced_seo_description":"","jetpack_seo_html_title":"","jetpack_seo_noindex":false,"jetpack_post_was_ever_published":false,"_jetpack_newsletter_access":"","_jetpack_dont_email_post_to_subs":false,"_jetpack_newsletter_tier_id":0,"_jetpack_memberships_contains_paywalled_content":false,"_jetpack_memberships_contains_paid_content":false,"footnotes":"","jetpack_publicize_message":"","jetpack_publicize_feature_enabled":true,"jetpack_social_post_already_shared":true,"jetpack_social_options":{"image_generator_settings":{"template":"highway","default_image_id":0,"font":"","enabled":false},"version":2}},"categories":[1724,2],"tags":[225],"class_list":{"0":"post-62553","1":"post","2":"type-post","3":"status-publish","4":"format-standard","5":"has-post-thumbnail","7":"category-featured","8":"category-tamaulipas","9":"tag-narcotrafico"},"jetpack_publicize_connections":[],"jetpack_featured_media_url":"https:\/\/i0.wp.com\/mexicocodigorojo.com.mx\/wp-content\/uploads\/2024\/08\/4ef1633c-68aa-4270-aed1-65deaf450287-1.jpg?fit=1280%2C960&ssl=1","jetpack-related-posts":[{"id":8072,"url":"https:\/\/mexicocodigorojo.com.mx\/?p=8072","url_meta":{"origin":62553,"position":0},"title":"TAMAULIPAS; SEDENA REALIZA MILLONARIO DECOMISO EN CAMARGO","author":"Staff","date":"noviembre 7, 2018","format":false,"excerpt":"Reynosa, Tamaulipas. - A 6 de Noviembre de 2018, dentro de las actividades que se realizan para reducir la violencia en el Estado de Tamaulipas, tropas del Ej\u00e9rcito Mexicano, pertenecientes a la Octava Zona Militar y IV Regi\u00f3n Militar, al realizar reconocimientos terrestres durante las primeras horas del 6 Noviembre\u2026","rel":"","context":"En \u00abTamaulipas\u00bb","block_context":{"text":"Tamaulipas","link":"https:\/\/mexicocodigorojo.com.mx\/?cat=2"},"img":{"alt_text":"","src":"https:\/\/i0.wp.com\/mexicocodigorojo.com.mx\/wp-content\/uploads\/2018\/11\/img-20181106-wa01954775534730627749235.jpg?resize=350%2C200&ssl=1","width":350,"height":200,"srcset":"https:\/\/i0.wp.com\/mexicocodigorojo.com.mx\/wp-content\/uploads\/2018\/11\/img-20181106-wa01954775534730627749235.jpg?resize=350%2C200&ssl=1 1x, https:\/\/i0.wp.com\/mexicocodigorojo.com.mx\/wp-content\/uploads\/2018\/11\/img-20181106-wa01954775534730627749235.jpg?resize=525%2C300&ssl=1 1.5x, https:\/\/i0.wp.com\/mexicocodigorojo.com.mx\/wp-content\/uploads\/2018\/11\/img-20181106-wa01954775534730627749235.jpg?resize=700%2C400&ssl=1 2x"},"classes":[]},{"id":48385,"url":"https:\/\/mexicocodigorojo.com.mx\/?p=48385","url_meta":{"origin":62553,"position":1},"title":"RESCATAN POLIC\u00cdAS DE TAMAULIPAS A 260 MIGRANTES EN LAS ULTIMAS 48 HORAS","author":"Staff","date":"abril 13, 2021","format":false,"excerpt":"Reynosa, Tamaulipas 14 de abril 2021.- Polic\u00edas de la Secretar\u00eda de Seguridad P\u00fablica y de la Fiscal\u00eda General de Justicia de Tamaulipas rescataron en las \u00faltimas 48 horas a 260 personas, en condici\u00f3n de migrantes en la zona fronteriza del estado. Antier por la tarde dentro del hotel El Dorado,\u2026","rel":"","context":"En \u00abFeatured\u00bb","block_context":{"text":"Featured","link":"https:\/\/mexicocodigorojo.com.mx\/?cat=1724"},"img":{"alt_text":"","src":"https:\/\/i0.wp.com\/secureservercdn.net\/166.62.108.22\/cg1.af3.myftpupload.com\/wp-content\/uploads\/2021\/04\/img-20210413-wa01431740140304.jpg?resize=350%2C200&ssl=1","width":350,"height":200,"srcset":"https:\/\/i0.wp.com\/secureservercdn.net\/166.62.108.22\/cg1.af3.myftpupload.com\/wp-content\/uploads\/2021\/04\/img-20210413-wa01431740140304.jpg?resize=350%2C200&ssl=1 1x, https:\/\/i0.wp.com\/secureservercdn.net\/166.62.108.22\/cg1.af3.myftpupload.com\/wp-content\/uploads\/2021\/04\/img-20210413-wa01431740140304.jpg?resize=525%2C300&ssl=1 1.5x, https:\/\/i0.wp.com\/secureservercdn.net\/166.62.108.22\/cg1.af3.myftpupload.com\/wp-content\/uploads\/2021\/04\/img-20210413-wa01431740140304.jpg?resize=700%2C400&ssl=1 2x, https:\/\/i0.wp.com\/secureservercdn.net\/166.62.108.22\/cg1.af3.myftpupload.com\/wp-content\/uploads\/2021\/04\/img-20210413-wa01431740140304.jpg?resize=1050%2C600&ssl=1 3x"},"classes":[]},{"id":47607,"url":"https:\/\/mexicocodigorojo.com.mx\/?p=47607","url_meta":{"origin":62553,"position":2},"title":"REPATRIADOS LOS RESTOS DE 16 GUATEMALTECOS ASESINADOS EN CAMARGO","author":"Staff","date":"marzo 12, 2021","format":false,"excerpt":"Ciudad de Guatemala, 11 de marzo 2021.- Este viernes fueron repatriados los restos de los 16 guatemaltecos cuyos cuerpos fueron encontrados en el ejido Santa Anita, del municipio de Camargo. Desde inicios de esta semana, servidores p\u00fablicos del Gobierno de Tamaulipas y de la Fiscal\u00eda General de Justicia del Estado\u2026","rel":"","context":"En \u00abFeatured\u00bb","block_context":{"text":"Featured","link":"https:\/\/mexicocodigorojo.com.mx\/?cat=1724"},"img":{"alt_text":"","src":"https:\/\/i0.wp.com\/secureservercdn.net\/166.62.108.22\/cg1.af3.myftpupload.com\/wp-content\/uploads\/2021\/03\/img_20210312_08252156783086.jpg?resize=350%2C200&ssl=1","width":350,"height":200,"srcset":"https:\/\/i0.wp.com\/secureservercdn.net\/166.62.108.22\/cg1.af3.myftpupload.com\/wp-content\/uploads\/2021\/03\/img_20210312_08252156783086.jpg?resize=350%2C200&ssl=1 1x, https:\/\/i0.wp.com\/secureservercdn.net\/166.62.108.22\/cg1.af3.myftpupload.com\/wp-content\/uploads\/2021\/03\/img_20210312_08252156783086.jpg?resize=525%2C300&ssl=1 1.5x, https:\/\/i0.wp.com\/secureservercdn.net\/166.62.108.22\/cg1.af3.myftpupload.com\/wp-content\/uploads\/2021\/03\/img_20210312_08252156783086.jpg?resize=700%2C400&ssl=1 2x"},"classes":[]},{"id":63861,"url":"https:\/\/mexicocodigorojo.com.mx\/?p=63861","url_meta":{"origin":62553,"position":3},"title":"Aseguran 22 mil dosis de coca\u00edna y m\u00e1s de 600 dosis de metanfetaminas en Altamira","author":"Staff","date":"febrero 20, 2025","format":false,"excerpt":"Tampico, Tamaulipas.- La Fiscal\u00eda General de Justicia del Estado de Tamaulipas informa que, en acciones coordinadas con la Secretar\u00eda de Marina (SEMAR), Agentes de Investigaci\u00f3n cumplimentaron dos \u00f3rdenes de cateo por Delitos contra la Salud en su modalidad de Narcomenudeo y Portaci\u00f3n de Armas de Fuego, que permitieron el aseguramiento\u2026","rel":"","context":"En \u00abFeatured\u00bb","block_context":{"text":"Featured","link":"https:\/\/mexicocodigorojo.com.mx\/?cat=1724"},"img":{"alt_text":"","src":"https:\/\/i0.wp.com\/mexicocodigorojo.com.mx\/wp-content\/uploads\/2025\/02\/241c6409-43ec-4be3-971e-b21e5fbabec7-1.jpg?fit=1080%2C566&ssl=1&resize=350%2C200","width":350,"height":200,"srcset":"https:\/\/i0.wp.com\/mexicocodigorojo.com.mx\/wp-content\/uploads\/2025\/02\/241c6409-43ec-4be3-971e-b21e5fbabec7-1.jpg?fit=1080%2C566&ssl=1&resize=350%2C200 1x, https:\/\/i0.wp.com\/mexicocodigorojo.com.mx\/wp-content\/uploads\/2025\/02\/241c6409-43ec-4be3-971e-b21e5fbabec7-1.jpg?fit=1080%2C566&ssl=1&resize=525%2C300 1.5x, https:\/\/i0.wp.com\/mexicocodigorojo.com.mx\/wp-content\/uploads\/2025\/02\/241c6409-43ec-4be3-971e-b21e5fbabec7-1.jpg?fit=1080%2C566&ssl=1&resize=700%2C400 2x, https:\/\/i0.wp.com\/mexicocodigorojo.com.mx\/wp-content\/uploads\/2025\/02\/241c6409-43ec-4be3-971e-b21e5fbabec7-1.jpg?fit=1080%2C566&ssl=1&resize=1050%2C600 3x"},"classes":[]},{"id":7030,"url":"https:\/\/mexicocodigorojo.com.mx\/?p=7030","url_meta":{"origin":62553,"position":4},"title":"REYNOSA; EMBOSCADA A POLIC\u00cdAS ESTATALES FINALIZA EN ASEGURAMIENTOS CON APOYO DE POLIC\u00cdA INVESTIGADORA","author":"Staff","date":"octubre 23, 2018","format":false,"excerpt":"Reynosa, Tamaulipas.- El Grupo de Coordinaci\u00f3n Tamaulipas informa que fue asegurado un inmueble en el que se almacenaban armas de fuego de uso exclusivo del Ej\u00e9rcito, as\u00ed como municiones, equipo t\u00e1ctico y sustancias con las caracter\u00edsticas propias de un narc\u00f3tico.La tarde de este lunes, elementos de la Polic\u00eda Estatal fueron\u2026","rel":"","context":"En \u00abTamaulipas\u00bb","block_context":{"text":"Tamaulipas","link":"https:\/\/mexicocodigorojo.com.mx\/?cat=2"},"img":{"alt_text":"","src":"https:\/\/i0.wp.com\/mexicocodigorojo.com.mx\/wp-content\/uploads\/2018\/10\/img-20181022-wa00666494537762832164152.jpg?resize=350%2C200&ssl=1","width":350,"height":200,"srcset":"https:\/\/i0.wp.com\/mexicocodigorojo.com.mx\/wp-content\/uploads\/2018\/10\/img-20181022-wa00666494537762832164152.jpg?resize=350%2C200&ssl=1 1x, https:\/\/i0.wp.com\/mexicocodigorojo.com.mx\/wp-content\/uploads\/2018\/10\/img-20181022-wa00666494537762832164152.jpg?resize=525%2C300&ssl=1 1.5x"},"classes":[]},{"id":17526,"url":"https:\/\/mexicocodigorojo.com.mx\/?p=17526","url_meta":{"origin":62553,"position":5},"title":"DESTRUYEN 1,687 ARMAS DECOMISADAS EN REYNOSA","author":"Staff","date":"mayo 23, 2019","format":false,"excerpt":"Presiden Gobernador y autoridades militares ceremonia de destrucci\u00f3n de armamento Se destruyeron mil 687 armas de fuego decomisadas en diferentes operativos realizados por la SEDENA, Polic\u00eda Federal y Polic\u00eda Estatal en Tamaulipas. TAM-096-2019 Mayo 23 del 2019 Reynosa, Tamaulipas.- El Gobernador, Francisco Garc\u00eda Cabeza de Vaca, presidi\u00f3 junto al Comandante\u2026","rel":"","context":"En \u00abTamaulipas\u00bb","block_context":{"text":"Tamaulipas","link":"https:\/\/mexicocodigorojo.com.mx\/?cat=2"},"img":{"alt_text":"","src":"https:\/\/i0.wp.com\/mexicocodigorojo.com.mx\/wp-content\/uploads\/2019\/05\/img-20190523-wa00554189525917256681920.jpg?resize=350%2C200&ssl=1","width":350,"height":200,"srcset":"https:\/\/i0.wp.com\/mexicocodigorojo.com.mx\/wp-content\/uploads\/2019\/05\/img-20190523-wa00554189525917256681920.jpg?resize=350%2C200&ssl=1 1x, https:\/\/i0.wp.com\/mexicocodigorojo.com.mx\/wp-content\/uploads\/2019\/05\/img-20190523-wa00554189525917256681920.jpg?resize=525%2C300&ssl=1 1.5x, https:\/\/i0.wp.com\/mexicocodigorojo.com.mx\/wp-content\/uploads\/2019\/05\/img-20190523-wa00554189525917256681920.jpg?resize=700%2C400&ssl=1 2x, https:\/\/i0.wp.com\/mexicocodigorojo.com.mx\/wp-content\/uploads\/2019\/05\/img-20190523-wa00554189525917256681920.jpg?resize=1050%2C600&ssl=1 3x"},"classes":[]}],"jetpack_sharing_enabled":true,"jetpack_likes_enabled":true,"jetpack_shortlink":"https:\/\/wp.me\/p9TedA-ggV","_links":{"self":[{"href":"https:\/\/mexicocodigorojo.com.mx\/index.php?rest_route=\/wp\/v2\/posts\/62553","targetHints":{"allow":["GET"]}}],"collection":[{"href":"https:\/\/mexicocodigorojo.com.mx\/index.php?rest_route=\/wp\/v2\/posts"}],"about":[{"href":"https:\/\/mexicocodigorojo.com.mx\/index.php?rest_route=\/wp\/v2\/types\/post"}],"author":[{"embeddable":true,"href":"https:\/\/mexicocodigorojo.com.mx\/index.php?rest_route=\/wp\/v2\/users\/5"}],"replies":[{"embeddable":true,"href":"https:\/\/mexicocodigorojo.com.mx\/index.php?rest_route=%2Fwp%2Fv2%2Fcomments&post=62553"}],"version-history":[{"count":0,"href":"https:\/\/mexicocodigorojo.com.mx\/index.php?rest_route=\/wp\/v2\/posts\/62553\/revisions"}],"wp:featuredmedia":[{"embeddable":true,"href":"https:\/\/mexicocodigorojo.com.mx\/index.php?rest_route=\/wp\/v2\/media\/62552"}],"wp:attachment":[{"href":"https:\/\/mexicocodigorojo.com.mx\/index.php?rest_route=%2Fwp%2Fv2%2Fmedia&parent=62553"}],"wp:term":[{"taxonomy":"category","embeddable":true,"href":"https:\/\/mexicocodigorojo.com.mx\/index.php?rest_route=%2Fwp%2Fv2%2Fcategories&post=62553"},{"taxonomy":"post_tag","embeddable":true,"href":"https:\/\/mexicocodigorojo.com.mx\/index.php?rest_route=%2Fwp%2Fv2%2Ftags&post=62553"}],"curies":[{"name":"wp","href":"https:\/\/api.w.org\/{rel}","templated":true}]}}