{"id":62548,"date":"2024-08-11T17:43:28","date_gmt":"2024-08-11T23:43:28","guid":{"rendered":"https:\/\/mexicocodigorojo.com.mx\/?p=62548"},"modified":"2024-08-11T17:43:28","modified_gmt":"2024-08-11T23:43:28","slug":"estrategia-en-operativo-de-tres-ordenes-de-gobierno-da-buenos-resultados-en-reynosa","status":"publish","type":"post","link":"https:\/\/mexicocodigorojo.com.mx\/?p=62548","title":{"rendered":"Estrategia en Operativo de tres \u00d3rdenes de gobierno da buenos resultados en Reynosa"},"content":{"rendered":"\n<p>Primer operativo conjunto convocado por la Secretar\u00eda de Seguridad P\u00fablica, Tr\u00e1nsito y Vialidad de Reynosa satisface a reynosenses.<\/p>\n\n\n\n<ul class=\"wp-block-list\"><\/ul>\n\n\n\n<p>La Estrategia de Seguridad para la Prevenci\u00f3n de Accidentes, del Gobierno del Presidente Carlos Pe\u00f1a Ortiz, arroj\u00f3 cerca de 100 faltas al Reglamento de Tr\u00e1nsito, resultados positivos para las familias reynosenses al detectar conductores con distintos grados de ebriedad, que al ser puestos fuera del volante dejaron de ser un riesgo para otras personas.<\/p>\n\n\n\n<p>Enfocado en la reducci\u00f3n y la erradicaci\u00f3n de accidentes de tr\u00e1fico, en el primer operativo se inspeccion\u00f3 de manera aleatoria a los automovilistas a fin de evitar la posibilidad de causar accidentes; estrategia que est\u00e1 siendo supervisada por el \u00d3rgano de Contraloria Municipal, para cerciorar que los derechos de los ciudadanos son respetados.<\/p>\n\n\n\n<p>Datos generales de los resultados obtenidos por la Direcci\u00f3n de Tr\u00e1nsito y Vialidad en el operativo del cintur\u00f3n, d\u00eda viernes 9 de agosto en bulevar Hidalgo con bulevar Del Maestro:<br><\/p>\n\n\n\n<ul class=\"wp-block-list\">\n<li>32 multas conmutadas con el formato para participar en el taller Cond\u00facete Bien.<\/li>\n\n\n\n<li>13 multas por estado de ebriedad.<\/li>\n\n\n\n<li>49 multas por no usar el cintur\u00f3n de seguridad Art\u00edculo 29, y falta de placas y falta de licencia Art\u00edculo 47.<\/li>\n<\/ul>\n\n\n\n<p>La implementaci\u00f3n de este formato de acci\u00f3n gubernamental se dio en respuesta a la exigencia de la Mesa de Seguridad P\u00fablica Ciudadana Reynosa y cuenta con el apoyo de la poblaci\u00f3n al ser un operativo que previene accidentes.<\/p>\n\n\n\n<p>Gracias a la participaci\u00f3n de la SEDENA, Fiscal\u00eda General de la Rep\u00fablica y Guardia Estatal, enfocados en la persecuci\u00f3n de delitos, trabajaron en la detecci\u00f3n de veh\u00edculos robados y ejecuci\u00f3n de \u00f3rdenes de aprehensi\u00f3n para lograr un municipio de paz.<\/p>\n\n\n\n<figure class=\"wp-block-embed is-type-rich is-provider-twitter wp-block-embed-twitter\"><div class=\"wp-block-embed__wrapper\">\n<blockquote class=\"twitter-tweet\" data-width=\"550\" data-dnt=\"true\"><p lang=\"es\" dir=\"ltr\">El operativo conjunto de los 3 \u00f3rdenes de gobierno en <a href=\"https:\/\/twitter.com\/hashtag\/Reynosa?src=hash&amp;ref_src=twsrc%5Etfw\">#Reynosa<\/a> arroj\u00f3 cerca de 100 faltas al Reglamento de Tr\u00e1nsito, se detect\u00f3 a conductores con distintos grados de ebriedad, que al ser puestos fuera del volante dejaron de ser un riesgo previniendo accidentes. <a href=\"https:\/\/t.co\/nAbZPqgq4h\">pic.twitter.com\/nAbZPqgq4h<\/a><\/p>&mdash; ElGuzman (@FuriaNegra77) <a href=\"https:\/\/twitter.com\/FuriaNegra77\/status\/1822779466721976418?ref_src=twsrc%5Etfw\">August 11, 2024<\/a><\/blockquote><script async src=\"https:\/\/platform.twitter.com\/widgets.js\" charset=\"utf-8\"><\/script>\n<\/div><\/figure>\n","protected":false},"excerpt":{"rendered":"<p>Primer operativo conjunto convocado por la Secretar\u00eda de Seguridad P\u00fablica, Tr\u00e1nsito y Vialidad de Reynosa satisface a reynosenses. La Estrategia de Seguridad para la Prevenci\u00f3n de Accidentes, del Gobierno del Presidente Carlos Pe\u00f1a Ortiz, arroj\u00f3 cerca de 100 faltas al Reglamento de Tr\u00e1nsito, resultados positivos para las familias reynosenses al detectar conductores con distintos grados [&hellip;]<\/p>\n","protected":false},"author":5,"featured_media":62547,"comment_status":"open","ping_status":"open","sticky":false,"template":"","format":"standard","meta":{"_uf_show_specific_survey":0,"_uf_disable_surveys":false,"advanced_seo_description":"","jetpack_seo_html_title":"","jetpack_seo_noindex":false,"jetpack_post_was_ever_published":false,"_jetpack_newsletter_access":"","_jetpack_dont_email_post_to_subs":false,"_jetpack_newsletter_tier_id":0,"_jetpack_memberships_contains_paywalled_content":false,"_jetpack_memberships_contains_paid_content":false,"footnotes":"","jetpack_publicize_message":"","jetpack_publicize_feature_enabled":true,"jetpack_social_post_already_shared":true,"jetpack_social_options":{"image_generator_settings":{"template":"highway","default_image_id":0,"font":"","enabled":false},"version":2}},"categories":[1724,2],"tags":[58,59],"class_list":{"0":"post-62548","1":"post","2":"type-post","3":"status-publish","4":"format-standard","5":"has-post-thumbnail","7":"category-featured","8":"category-tamaulipas","9":"tag-frontera","10":"tag-seguridad"},"jetpack_publicize_connections":[],"jetpack_featured_media_url":"https:\/\/i0.wp.com\/mexicocodigorojo.com.mx\/wp-content\/uploads\/2024\/08\/84871230-04b6-4043-83c4-c9a51fa3d78d-1.jpg?fit=1599%2C1200&ssl=1","jetpack-related-posts":[{"id":65091,"url":"https:\/\/mexicocodigorojo.com.mx\/?p=65091","url_meta":{"origin":62548,"position":0},"title":"Gobierno Federal intensifica ofensiva contra la extorsi\u00f3n en Tamaulipas: Caen objetivos clave","author":"Staff","date":"febrero 28, 2026","format":false,"excerpt":"Por: M\u00e9xico Rojo| Ciudad de M\u00e9xico El Gobierno de M\u00e9xico, a trav\u00e9s de la Secretar\u00eda de Seguridad y Protecci\u00f3n Ciudadana (SSPC), ha ratificado su compromiso de erradicar el delito de extorsi\u00f3n en el estado de Tamaulipas. Como parte de la Estrategia Nacional de Seguridad, se han desplegado operativos de inteligencia\u2026","rel":"","context":"En \u00abFeatured\u00bb","block_context":{"text":"Featured","link":"https:\/\/mexicocodigorojo.com.mx\/?cat=1724"},"img":{"alt_text":"","src":"https:\/\/i0.wp.com\/mexicocodigorojo.com.mx\/wp-content\/uploads\/2026\/02\/75ca1f89-6d71-4206-a518-47d0c4c80192.png?fit=1200%2C800&ssl=1&resize=350%2C200","width":350,"height":200,"srcset":"https:\/\/i0.wp.com\/mexicocodigorojo.com.mx\/wp-content\/uploads\/2026\/02\/75ca1f89-6d71-4206-a518-47d0c4c80192.png?fit=1200%2C800&ssl=1&resize=350%2C200 1x, https:\/\/i0.wp.com\/mexicocodigorojo.com.mx\/wp-content\/uploads\/2026\/02\/75ca1f89-6d71-4206-a518-47d0c4c80192.png?fit=1200%2C800&ssl=1&resize=525%2C300 1.5x, https:\/\/i0.wp.com\/mexicocodigorojo.com.mx\/wp-content\/uploads\/2026\/02\/75ca1f89-6d71-4206-a518-47d0c4c80192.png?fit=1200%2C800&ssl=1&resize=700%2C400 2x, https:\/\/i0.wp.com\/mexicocodigorojo.com.mx\/wp-content\/uploads\/2026\/02\/75ca1f89-6d71-4206-a518-47d0c4c80192.png?fit=1200%2C800&ssl=1&resize=1050%2C600 3x"},"classes":[]},{"id":25910,"url":"https:\/\/mexicocodigorojo.com.mx\/?p=25910","url_meta":{"origin":62548,"position":1},"title":"Durazo comparecer\u00e1 el lunes en el Senado por operativo en Culiac\u00e1n, Sinaloa","author":"Staff","date":"octubre 23, 2019","format":false,"excerpt":"Ricardo Monreal indic\u00f3 que el 28 de octubre el titular de la Secretar\u00eda de Seguridad y Protecci\u00f3n Ciudadana comparecer\u00e1 en el Senado El presidente de la\u00a0Junta de Coordinaci\u00f3n Pol\u00edtica,\u00a0Ricardo Monreal \u00c1vila,\u00a0indic\u00f3 que el\u00a028 de octubre\u00a0el titular de la\u00a0Secretar\u00eda de Seguridad y Protecci\u00f3n Ciudadana,\u00a0Alfonso Durazo, comparecer\u00e1 en el\u00a0Senado\u00a0para explicar el operativo\u2026","rel":"","context":"En \u00abCiudad de M\u00e9xico\u00bb","block_context":{"text":"Ciudad de M\u00e9xico","link":"https:\/\/mexicocodigorojo.com.mx\/?cat=101"},"img":{"alt_text":"","src":"https:\/\/i0.wp.com\/mexicocodigorojo.com.mx\/wp-content\/uploads\/2019\/10\/Gabinete-de-seguridad_Fotor-696x464.jpg?fit=696%2C464&ssl=1&resize=350%2C200","width":350,"height":200,"srcset":"https:\/\/i0.wp.com\/mexicocodigorojo.com.mx\/wp-content\/uploads\/2019\/10\/Gabinete-de-seguridad_Fotor-696x464.jpg?fit=696%2C464&ssl=1&resize=350%2C200 1x, https:\/\/i0.wp.com\/mexicocodigorojo.com.mx\/wp-content\/uploads\/2019\/10\/Gabinete-de-seguridad_Fotor-696x464.jpg?fit=696%2C464&ssl=1&resize=525%2C300 1.5x"},"classes":[]},{"id":64234,"url":"https:\/\/mexicocodigorojo.com.mx\/?p=64234","url_meta":{"origin":62548,"position":2},"title":"Operativo interinstitucional libera a 23 migrantes en Chiapas","author":"MexicoRojoCvmx","date":"mayo 2, 2025","format":false,"excerpt":"En un operativo coordinado de alto impacto, autoridades estatales y federales rescataron a 23 migrantes en el municipio de Tuxtla Chico, Chiapas, como parte de las acciones para combatir el tr\u00e1fico de personas y proteger los derechos humanos de quienes transitan por territorio mexicano. La acci\u00f3n fue liderada por la\u2026","rel":"","context":"En \u00abChiapas\u00bb","block_context":{"text":"Chiapas","link":"https:\/\/mexicocodigorojo.com.mx\/?cat=75"},"img":{"alt_text":"","src":"https:\/\/i0.wp.com\/mexicocodigorojo.com.mx\/wp-content\/uploads\/2025\/06\/nn113.jpg?fit=1200%2C628&ssl=1&resize=350%2C200","width":350,"height":200,"srcset":"https:\/\/i0.wp.com\/mexicocodigorojo.com.mx\/wp-content\/uploads\/2025\/06\/nn113.jpg?fit=1200%2C628&ssl=1&resize=350%2C200 1x, https:\/\/i0.wp.com\/mexicocodigorojo.com.mx\/wp-content\/uploads\/2025\/06\/nn113.jpg?fit=1200%2C628&ssl=1&resize=525%2C300 1.5x, https:\/\/i0.wp.com\/mexicocodigorojo.com.mx\/wp-content\/uploads\/2025\/06\/nn113.jpg?fit=1200%2C628&ssl=1&resize=700%2C400 2x, https:\/\/i0.wp.com\/mexicocodigorojo.com.mx\/wp-content\/uploads\/2025\/06\/nn113.jpg?fit=1200%2C628&ssl=1&resize=1050%2C600 3x"},"classes":[]},{"id":54250,"url":"https:\/\/mexicocodigorojo.com.mx\/?p=54250","url_meta":{"origin":62548,"position":3},"title":"Revientan militares Ciudad Mier y Miguel Aleman","author":"Staff","date":"octubre 5, 2022","format":false,"excerpt":"Durante un recorrido de vigilancia y persuasi\u00f3n del delito, elementos del ej\u00e9rcito mexicano decomisaron en distintos operativos 3 veh\u00edculos, uno de ellos con blindaje artesanal y una gran cantidad de armas y municiones. En el marco de la Estrategia Nacional de Seguridad P\u00fablica y la Pol\u00edtica de Cero Impunidad del\u2026","rel":"","context":"En \u00abFeatured\u00bb","block_context":{"text":"Featured","link":"https:\/\/mexicocodigorojo.com.mx\/?cat=1724"},"img":{"alt_text":"","src":"https:\/\/i0.wp.com\/mexicocodigorojo.com.mx\/wp-content\/uploads\/2022\/10\/310996085_538252598301179_1475251403718584559_n.jpg?fit=960%2C720&ssl=1&resize=350%2C200","width":350,"height":200,"srcset":"https:\/\/i0.wp.com\/mexicocodigorojo.com.mx\/wp-content\/uploads\/2022\/10\/310996085_538252598301179_1475251403718584559_n.jpg?fit=960%2C720&ssl=1&resize=350%2C200 1x, https:\/\/i0.wp.com\/mexicocodigorojo.com.mx\/wp-content\/uploads\/2022\/10\/310996085_538252598301179_1475251403718584559_n.jpg?fit=960%2C720&ssl=1&resize=525%2C300 1.5x, https:\/\/i0.wp.com\/mexicocodigorojo.com.mx\/wp-content\/uploads\/2022\/10\/310996085_538252598301179_1475251403718584559_n.jpg?fit=960%2C720&ssl=1&resize=700%2C400 2x"},"classes":[]},{"id":25999,"url":"https:\/\/mexicocodigorojo.com.mx\/?p=25999","url_meta":{"origin":62548,"position":4},"title":"EU pide a M\u00e9xico compartir su estrategia anticrimen","author":"Staff","date":"octubre 24, 2019","format":false,"excerpt":"Funcionarios dicen que es necesario para la cooperaci\u00f3n bilateral; AMLO responde que es \u201cde mal gusto\u201d Tras el operativo fallido de la semana pasada en Culiac\u00e1n, el Departamento de Estado de Estados Unidos urgi\u00f3 a M\u00e9xico a presentar una estrategia anticrimen. Durante su comparecencia ante el Subcomit\u00e9 para Am\u00e9rica Latina\u2026","rel":"","context":"En \u00abCiudad de M\u00e9xico\u00bb","block_context":{"text":"Ciudad de M\u00e9xico","link":"https:\/\/mexicocodigorojo.com.mx\/?cat=101"},"img":{"alt_text":"","src":"https:\/\/i0.wp.com\/mexicocodigorojo.com.mx\/wp-content\/uploads\/2019\/10\/Militares_Paracaidistas_Culiacn-6_Fotor-696x442.jpg?fit=696%2C442&ssl=1&resize=350%2C200","width":350,"height":200,"srcset":"https:\/\/i0.wp.com\/mexicocodigorojo.com.mx\/wp-content\/uploads\/2019\/10\/Militares_Paracaidistas_Culiacn-6_Fotor-696x442.jpg?fit=696%2C442&ssl=1&resize=350%2C200 1x, https:\/\/i0.wp.com\/mexicocodigorojo.com.mx\/wp-content\/uploads\/2019\/10\/Militares_Paracaidistas_Culiacn-6_Fotor-696x442.jpg?fit=696%2C442&ssl=1&resize=525%2C300 1.5x"},"classes":[]},{"id":22577,"url":"https:\/\/mexicocodigorojo.com.mx\/?p=22577","url_meta":{"origin":62548,"position":5},"title":"VIDEO; OPERATIVO ZETA \u201cLA TROPA DEL INFIERNO\u201d DEL \u201cCDN\u201d ATAC\u00d3 A POLIC\u00cdAS ESTATALES, UN MUERTO Y DOS HERIDOS EN NUEVO LAREDO, TAMAULIPAS","author":"Staff","date":"agosto 23, 2019","format":false,"excerpt":"Nuevo Laredo, Tamaulipas.- La Secretar\u00eda de Seguridad P\u00fablica de Tamaulipas informa que alrededor de las 02:45 horas, civiles armados realizaron detonaciones contra las instalaciones del Hotel Teresa de este municipio donde pernoctan Polic\u00edas Estatales asignados a la seguridad en esa ciudad. Un elemento muri\u00f3 y dos m\u00e1s resultaron lesionados. \u00a0\u2026","rel":"","context":"En \u00abTamaulipas\u00bb","block_context":{"text":"Tamaulipas","link":"https:\/\/mexicocodigorojo.com.mx\/?cat=2"},"img":{"alt_text":"","src":"https:\/\/i0.wp.com\/mexicocodigorojo.com.mx\/wp-content\/uploads\/2019\/08\/b834debb-9194-4c9d-a046-5bc495ec134d.jpg?resize=350%2C200&ssl=1","width":350,"height":200,"srcset":"https:\/\/i0.wp.com\/mexicocodigorojo.com.mx\/wp-content\/uploads\/2019\/08\/b834debb-9194-4c9d-a046-5bc495ec134d.jpg?resize=350%2C200&ssl=1 1x, https:\/\/i0.wp.com\/mexicocodigorojo.com.mx\/wp-content\/uploads\/2019\/08\/b834debb-9194-4c9d-a046-5bc495ec134d.jpg?resize=525%2C300&ssl=1 1.5x"},"classes":[]}],"jetpack_sharing_enabled":true,"jetpack_likes_enabled":true,"jetpack_shortlink":"https:\/\/wp.me\/p9TedA-ggQ","_links":{"self":[{"href":"https:\/\/mexicocodigorojo.com.mx\/index.php?rest_route=\/wp\/v2\/posts\/62548","targetHints":{"allow":["GET"]}}],"collection":[{"href":"https:\/\/mexicocodigorojo.com.mx\/index.php?rest_route=\/wp\/v2\/posts"}],"about":[{"href":"https:\/\/mexicocodigorojo.com.mx\/index.php?rest_route=\/wp\/v2\/types\/post"}],"author":[{"embeddable":true,"href":"https:\/\/mexicocodigorojo.com.mx\/index.php?rest_route=\/wp\/v2\/users\/5"}],"replies":[{"embeddable":true,"href":"https:\/\/mexicocodigorojo.com.mx\/index.php?rest_route=%2Fwp%2Fv2%2Fcomments&post=62548"}],"version-history":[{"count":0,"href":"https:\/\/mexicocodigorojo.com.mx\/index.php?rest_route=\/wp\/v2\/posts\/62548\/revisions"}],"wp:featuredmedia":[{"embeddable":true,"href":"https:\/\/mexicocodigorojo.com.mx\/index.php?rest_route=\/wp\/v2\/media\/62547"}],"wp:attachment":[{"href":"https:\/\/mexicocodigorojo.com.mx\/index.php?rest_route=%2Fwp%2Fv2%2Fmedia&parent=62548"}],"wp:term":[{"taxonomy":"category","embeddable":true,"href":"https:\/\/mexicocodigorojo.com.mx\/index.php?rest_route=%2Fwp%2Fv2%2Fcategories&post=62548"},{"taxonomy":"post_tag","embeddable":true,"href":"https:\/\/mexicocodigorojo.com.mx\/index.php?rest_route=%2Fwp%2Fv2%2Ftags&post=62548"}],"curies":[{"name":"wp","href":"https:\/\/api.w.org\/{rel}","templated":true}]}}