{"id":62542,"date":"2024-08-09T00:00:49","date_gmt":"2024-08-09T06:00:49","guid":{"rendered":"https:\/\/mexicocodigorojo.com.mx\/?p=62542"},"modified":"2024-08-09T00:00:49","modified_gmt":"2024-08-09T06:00:49","slug":"rescatan-a-mujer-secuestrada-en-reynosa-hay-seis-detenidos","status":"publish","type":"post","link":"https:\/\/mexicocodigorojo.com.mx\/?p=62542","title":{"rendered":"Rescatan a mujer secuestrada en Reynosa; hay seis detenidos"},"content":{"rendered":"\n<p>Reynosa, Tamaulipas.- Elementos de la Polic\u00eda Investigadora, adscritos a la Unidad Especializada en Combate al Secuestro, rescataron a una persona privada de su libertad y detuvieron a 6 personas en el momento en el que la manten\u00edan retenida en un domicilio en la colonia Balcones de Alcal\u00e1 de este municipio.<\/p>\n\n\n\n<p>Derivado de la denuncia interpuesta por el secuestro de una mujer, los Agentes de Investigaci\u00f3n realizaron labores que permitieron ubicar a la v\u00edctima, por lo que se mont\u00f3 un operativo que permiti\u00f3 rescatar en excelente estado de salud a la persona privada de su libertad y detener a Ana Karen \u00abD\u00bb, Leslie Yamileth \u00abA\u00bb, Jorge \u00abV\u00bb, Erick \u00abR\u00bb, Jorge Armando \u00abD\u00bb y Karlo Israel \u00abG\u00bb.<\/p>\n\n\n\n<p>Los detenidos ser\u00e1n puestos a disposici\u00f3n de la autoridad competente, que resolver\u00e1 su situaci\u00f3n jur\u00eddica conforme a derecho.<\/p>\n\n\n\n<p>La Fiscal\u00eda General de Justicia del Estado de Tamaulipas refrenda su compromiso de trabajar para no dejar impunes los delitos que atentan contra la libertad de las y los tamaulipecos.<\/p>\n\n\n\n<figure class=\"wp-block-embed is-type-rich is-provider-twitter wp-block-embed-twitter\"><div class=\"wp-block-embed__wrapper\">\n<blockquote class=\"twitter-tweet\" data-width=\"550\" data-dnt=\"true\"><p lang=\"es\" dir=\"ltr\">La Unidad Especializada en Combate al Secuestro de la <a href=\"https:\/\/twitter.com\/FGJ_Tam?ref_src=twsrc%5Etfw\">@FGJ_Tam<\/a> rescat\u00f3 a una v\u00edctima privada de su libertad en <a href=\"https:\/\/twitter.com\/hashtag\/Reynosa?src=hash&amp;ref_src=twsrc%5Etfw\">#Reynosa<\/a> y detuvieron en flagrancia a Ana Karen \u201cD\u201d, Leslie Yamileth \u201cA\u201d, Jorge \u201cV\u201d, Erick \u201cR\u201d, Jorge Armando \u201cD\u201d y Karlo Israel \u201cG\u201d quienes ped\u00edan rescate. <a href=\"https:\/\/t.co\/CixYbg91wO\">pic.twitter.com\/CixYbg91wO<\/a><\/p>&mdash; ElGuzman (@FuriaNegra77) <a href=\"https:\/\/twitter.com\/FuriaNegra77\/status\/1821759685365789164?ref_src=twsrc%5Etfw\">August 9, 2024<\/a><\/blockquote><script async src=\"https:\/\/platform.twitter.com\/widgets.js\" charset=\"utf-8\"><\/script>\n<\/div><\/figure>\n","protected":false},"excerpt":{"rendered":"<p>Reynosa, Tamaulipas.- Elementos de la Polic\u00eda Investigadora, adscritos a la Unidad Especializada en Combate al Secuestro, rescataron a una persona privada de su libertad y detuvieron a 6 personas en el momento en el que la manten\u00edan retenida en un domicilio en la colonia Balcones de Alcal\u00e1 de este municipio. Derivado de la denuncia interpuesta [&hellip;]<\/p>\n","protected":false},"author":5,"featured_media":62541,"comment_status":"open","ping_status":"open","sticky":false,"template":"","format":"standard","meta":{"_uf_show_specific_survey":0,"_uf_disable_surveys":false,"advanced_seo_description":"","jetpack_seo_html_title":"","jetpack_seo_noindex":false,"jetpack_post_was_ever_published":false,"_jetpack_newsletter_access":"","_jetpack_dont_email_post_to_subs":false,"_jetpack_newsletter_tier_id":0,"_jetpack_memberships_contains_paywalled_content":false,"_jetpack_memberships_contains_paid_content":false,"footnotes":"","jetpack_publicize_message":"","jetpack_publicize_feature_enabled":true,"jetpack_social_post_already_shared":true,"jetpack_social_options":{"image_generator_settings":{"template":"highway","default_image_id":0,"font":"","enabled":false},"version":2}},"categories":[1724,2],"tags":[30],"class_list":{"0":"post-62542","1":"post","2":"type-post","3":"status-publish","4":"format-standard","5":"has-post-thumbnail","7":"category-featured","8":"category-tamaulipas","9":"tag-secuestro"},"jetpack_publicize_connections":[],"jetpack_featured_media_url":"https:\/\/i0.wp.com\/mexicocodigorojo.com.mx\/wp-content\/uploads\/2024\/08\/img_3263-1.jpg?fit=1600%2C1550&ssl=1","jetpack-related-posts":[{"id":22807,"url":"https:\/\/mexicocodigorojo.com.mx\/?p=22807","url_meta":{"origin":62542,"position":0},"title":"Rescatan a secuestrado; arrestan a tres plagiarios en Reynosa","author":"Staff","date":"agosto 31, 2019","format":false,"excerpt":"Reynosa, Tamaulipas. \u00a0La Procuradur\u00eda General de Justicia de Tamaulipas, informa que fue liberada una persona y detenidos tres de sus captores identificados como Juan \"N\", Tomas \"N\" y Jorge Adalberto \"N\" por el delito de secuestro. Derivado de la oportuna denuncia sobre el secuestro de una persona, ocurrido el pasado\u2026","rel":"","context":"En \u00abTamaulipas\u00bb","block_context":{"text":"Tamaulipas","link":"https:\/\/mexicocodigorojo.com.mx\/?cat=2"},"img":{"alt_text":"","src":"","width":0,"height":0},"classes":[]},{"id":23152,"url":"https:\/\/mexicocodigorojo.com.mx\/?p=23152","url_meta":{"origin":62542,"position":1},"title":"90 a\u00f1os por el delito de secuestro a Jorge Enrique en Reynosa","author":"Staff","date":"septiembre 5, 2019","format":false,"excerpt":"Reynosa, Tamaulipas.- La Procuradur\u00eda General de Justicia informa que fue dictada sentencia de 90 a\u00f1os de prisi\u00f3n en contra de Jorge Enrique \u201cN\u201d por el delito de secuestro agravado. El Agente del Ministerio P\u00fablico demostr\u00f3 fehacientemente la responsabilidad del hoy sentenciado, ante un Tribunal de Enjuiciamiento, por el secuestro de\u2026","rel":"","context":"En \u00abTamaulipas\u00bb","block_context":{"text":"Tamaulipas","link":"https:\/\/mexicocodigorojo.com.mx\/?cat=2"},"img":{"alt_text":"","src":"https:\/\/i0.wp.com\/mexicocodigorojo.com.mx\/wp-content\/uploads\/2019\/09\/c4188381-c081-446b-9e24-2be5146eb9b1.jpg?fit=744%2C938&ssl=1&resize=350%2C200","width":350,"height":200,"srcset":"https:\/\/i0.wp.com\/mexicocodigorojo.com.mx\/wp-content\/uploads\/2019\/09\/c4188381-c081-446b-9e24-2be5146eb9b1.jpg?fit=744%2C938&ssl=1&resize=350%2C200 1x, https:\/\/i0.wp.com\/mexicocodigorojo.com.mx\/wp-content\/uploads\/2019\/09\/c4188381-c081-446b-9e24-2be5146eb9b1.jpg?fit=744%2C938&ssl=1&resize=525%2C300 1.5x, https:\/\/i0.wp.com\/mexicocodigorojo.com.mx\/wp-content\/uploads\/2019\/09\/c4188381-c081-446b-9e24-2be5146eb9b1.jpg?fit=744%2C938&ssl=1&resize=700%2C400 2x"},"classes":[]},{"id":46809,"url":"https:\/\/mexicocodigorojo.com.mx\/?p=46809","url_meta":{"origin":62542,"position":2},"title":"Capturan a tres secuestradores en Reynosa","author":"Staff","date":"febrero 4, 2021","format":false,"excerpt":"Al darle cumplimiento a las l\u00edneas de investigaci\u00f3n, elementos de la Polic\u00eda Investigadora asignados a la Unidad Antisecuestros de la Fiscal\u00eda General de Justicia de Tamaulipas (FGJT), detuvieron a una mujer y dos hombres y liberaron a un menor de 17 a\u00f1os quien ten\u00eda desde el pasado fin de semana\u2026","rel":"","context":"En \u00abFeatured\u00bb","block_context":{"text":"Featured","link":"https:\/\/mexicocodigorojo.com.mx\/?cat=1724"},"img":{"alt_text":"","src":"https:\/\/i0.wp.com\/mexicocodigorojo.com.mx\/wp-content\/uploads\/2021\/02\/quefue2021020404-focus-0.03-0.39-628-524.jpg?fit=628%2C524&ssl=1&resize=350%2C200","width":350,"height":200,"srcset":"https:\/\/i0.wp.com\/mexicocodigorojo.com.mx\/wp-content\/uploads\/2021\/02\/quefue2021020404-focus-0.03-0.39-628-524.jpg?fit=628%2C524&ssl=1&resize=350%2C200 1x, https:\/\/i0.wp.com\/mexicocodigorojo.com.mx\/wp-content\/uploads\/2021\/02\/quefue2021020404-focus-0.03-0.39-628-524.jpg?fit=628%2C524&ssl=1&resize=525%2C300 1.5x"},"classes":[]},{"id":11058,"url":"https:\/\/mexicocodigorojo.com.mx\/?p=11058","url_meta":{"origin":62542,"position":3},"title":"Vinculan a proceso a 4 sujetos que cometieron secuestro agravado en Reynosa","author":"Staff","date":"diciembre 21, 2018","format":false,"excerpt":"Reynosa, Tamaulipas.- La Procuradur\u00eda General de Justicia de Tamaulipas informa que fueron vinculados a proceso tres menores de edad por los delitos de secuestro agravado, atentados a la seguridad de la comunidad y portaci\u00f3n de arma de uso exclusivo del Ej\u00e9rcito, Armada y Fuerza \u00c1rea. Un Juez de Control Vincul\u00f3\u2026","rel":"","context":"En \u00abTamaulipas\u00bb","block_context":{"text":"Tamaulipas","link":"https:\/\/mexicocodigorojo.com.mx\/?cat=2"},"img":{"alt_text":"","src":"https:\/\/i0.wp.com\/mexicocodigorojo.com.mx\/wp-content\/uploads\/2018\/12\/2debc7073beb495a8823f2904ae41209_1-focus-033809449433243949405339658036876044401.jpg?resize=350%2C200&ssl=1","width":350,"height":200,"srcset":"https:\/\/i0.wp.com\/mexicocodigorojo.com.mx\/wp-content\/uploads\/2018\/12\/2debc7073beb495a8823f2904ae41209_1-focus-033809449433243949405339658036876044401.jpg?resize=350%2C200&ssl=1 1x, https:\/\/i0.wp.com\/mexicocodigorojo.com.mx\/wp-content\/uploads\/2018\/12\/2debc7073beb495a8823f2904ae41209_1-focus-033809449433243949405339658036876044401.jpg?resize=525%2C300&ssl=1 1.5x"},"classes":[]},{"id":1420,"url":"https:\/\/mexicocodigorojo.com.mx\/?p=1420","url_meta":{"origin":62542,"position":4},"title":"Dictan sentencia de 60 a\u00f1os a dos secuestradores, la m\u00e1s alta en Tamaulipas","author":"Staff","date":"agosto 7, 2018","format":false,"excerpt":"La Procuradur\u00eda General de Justicia de Tamaulipas inform\u00f3 hoy que fue dictada sentencia condenatoria de 60 a\u00f1os de prisi\u00f3n, a cada uno, por el delito de secuestro en contra de Jes\u00fas \u201cN\u201d y Antonio \u201cN\u201d. Esta es la sentencia m\u00e1s alta dictada a trav\u00e9s del mecanismo de procedimiento abreviado, contemplado\u2026","rel":"","context":"En \u00abTamaulipas\u00bb","block_context":{"text":"Tamaulipas","link":"https:\/\/mexicocodigorojo.com.mx\/?cat=2"},"img":{"alt_text":"","src":"https:\/\/i0.wp.com\/mexicocodigorojo.com.mx\/wp-content\/uploads\/2018\/08\/675182C8-BEF3-4283-BC73-BE8947250B2F.jpeg?fit=1200%2C1200&ssl=1&resize=350%2C200","width":350,"height":200,"srcset":"https:\/\/i0.wp.com\/mexicocodigorojo.com.mx\/wp-content\/uploads\/2018\/08\/675182C8-BEF3-4283-BC73-BE8947250B2F.jpeg?fit=1200%2C1200&ssl=1&resize=350%2C200 1x, https:\/\/i0.wp.com\/mexicocodigorojo.com.mx\/wp-content\/uploads\/2018\/08\/675182C8-BEF3-4283-BC73-BE8947250B2F.jpeg?fit=1200%2C1200&ssl=1&resize=525%2C300 1.5x, https:\/\/i0.wp.com\/mexicocodigorojo.com.mx\/wp-content\/uploads\/2018\/08\/675182C8-BEF3-4283-BC73-BE8947250B2F.jpeg?fit=1200%2C1200&ssl=1&resize=700%2C400 2x, https:\/\/i0.wp.com\/mexicocodigorojo.com.mx\/wp-content\/uploads\/2018\/08\/675182C8-BEF3-4283-BC73-BE8947250B2F.jpeg?fit=1200%2C1200&ssl=1&resize=1050%2C600 3x"},"classes":[]},{"id":21670,"url":"https:\/\/mexicocodigorojo.com.mx\/?p=21670","url_meta":{"origin":62542,"position":5},"title":"Rescatan a un secuestrado en Reynosa","author":"Staff","date":"agosto 9, 2019","format":false,"excerpt":"TAMAULIPAS.-\u00a0Elementos de la Polic\u00eda Estatal rescat\u00f3 a una persona que se encontraba privada de su libertad, adem\u00e1s de detener a dos personas en Reynosa. Los hechos se registraron alrededor de las 10:45 horas, cuando elementos realizaban recorridos de seguridad y vigilancia en la colonia Villas de la Joya, fueron abordados\u2026","rel":"","context":"En \u00abTamaulipas\u00bb","block_context":{"text":"Tamaulipas","link":"https:\/\/mexicocodigorojo.com.mx\/?cat=2"},"img":{"alt_text":"","src":"https:\/\/i0.wp.com\/mexicocodigorojo.com.mx\/wp-content\/uploads\/2019\/08\/rescatan-secuestrado-reynosa.jpg?fit=620%2C374&ssl=1&resize=350%2C200","width":350,"height":200,"srcset":"https:\/\/i0.wp.com\/mexicocodigorojo.com.mx\/wp-content\/uploads\/2019\/08\/rescatan-secuestrado-reynosa.jpg?fit=620%2C374&ssl=1&resize=350%2C200 1x, https:\/\/i0.wp.com\/mexicocodigorojo.com.mx\/wp-content\/uploads\/2019\/08\/rescatan-secuestrado-reynosa.jpg?fit=620%2C374&ssl=1&resize=525%2C300 1.5x"},"classes":[]}],"jetpack_sharing_enabled":true,"jetpack_likes_enabled":true,"jetpack_shortlink":"https:\/\/wp.me\/p9TedA-ggK","_links":{"self":[{"href":"https:\/\/mexicocodigorojo.com.mx\/index.php?rest_route=\/wp\/v2\/posts\/62542","targetHints":{"allow":["GET"]}}],"collection":[{"href":"https:\/\/mexicocodigorojo.com.mx\/index.php?rest_route=\/wp\/v2\/posts"}],"about":[{"href":"https:\/\/mexicocodigorojo.com.mx\/index.php?rest_route=\/wp\/v2\/types\/post"}],"author":[{"embeddable":true,"href":"https:\/\/mexicocodigorojo.com.mx\/index.php?rest_route=\/wp\/v2\/users\/5"}],"replies":[{"embeddable":true,"href":"https:\/\/mexicocodigorojo.com.mx\/index.php?rest_route=%2Fwp%2Fv2%2Fcomments&post=62542"}],"version-history":[{"count":0,"href":"https:\/\/mexicocodigorojo.com.mx\/index.php?rest_route=\/wp\/v2\/posts\/62542\/revisions"}],"wp:featuredmedia":[{"embeddable":true,"href":"https:\/\/mexicocodigorojo.com.mx\/index.php?rest_route=\/wp\/v2\/media\/62541"}],"wp:attachment":[{"href":"https:\/\/mexicocodigorojo.com.mx\/index.php?rest_route=%2Fwp%2Fv2%2Fmedia&parent=62542"}],"wp:term":[{"taxonomy":"category","embeddable":true,"href":"https:\/\/mexicocodigorojo.com.mx\/index.php?rest_route=%2Fwp%2Fv2%2Fcategories&post=62542"},{"taxonomy":"post_tag","embeddable":true,"href":"https:\/\/mexicocodigorojo.com.mx\/index.php?rest_route=%2Fwp%2Fv2%2Ftags&post=62542"}],"curies":[{"name":"wp","href":"https:\/\/api.w.org\/{rel}","templated":true}]}}